{"id":50673,"date":"2020-06-12T10:26:13","date_gmt":"2020-06-12T15:26:13","guid":{"rendered":"http:\/\/www.grieta.org.mx\/?p=50673"},"modified":"2020-06-12T10:26:13","modified_gmt":"2020-06-12T15:26:13","slug":"jovenes-del-pueblo-donde-murio-alexander-estan-hartos-del-hostigamiento-de-la-policia-oaxaca","status":"publish","type":"post","link":"https:\/\/www.grieta.org.mx\/index.php\/2020\/06\/12\/jovenes-del-pueblo-donde-murio-alexander-estan-hartos-del-hostigamiento-de-la-policia-oaxaca\/","title":{"rendered":"J\u00f3venes del pueblo donde muri\u00f3 Alexander est\u00e1n hartos del hostigamiento de la polic\u00eda (Oaxaca)"},"content":{"rendered":"<p>Animal Pol\u00edtico \/ Ana Alicia Osorio.<\/p>\n<p><img loading=\"lazy\" decoding=\"async\" data-attachment-id=\"50674\" data-permalink=\"https:\/\/www.grieta.org.mx\/index.php\/2020\/06\/12\/jovenes-del-pueblo-donde-murio-alexander-estan-hartos-del-hostigamiento-de-la-policia-oaxaca\/funeral-alexander\/\" data-orig-file=\"https:\/\/www.grieta.org.mx\/wp-content\/uploads\/2020\/06\/funeral-alexander.jpg\" data-orig-size=\"959,499\" data-comments-opened=\"0\" data-image-meta=\"{&quot;aperture&quot;:&quot;0&quot;,&quot;credit&quot;:&quot;&quot;,&quot;camera&quot;:&quot;&quot;,&quot;caption&quot;:&quot;&quot;,&quot;created_timestamp&quot;:&quot;0&quot;,&quot;copyright&quot;:&quot;&quot;,&quot;focal_length&quot;:&quot;0&quot;,&quot;iso&quot;:&quot;0&quot;,&quot;shutter_speed&quot;:&quot;0&quot;,&quot;title&quot;:&quot;&quot;,&quot;orientation&quot;:&quot;1&quot;}\" data-image-title=\"funeral-alexander\" data-image-description=\"\" data-image-caption=\"\" data-medium-file=\"https:\/\/www.grieta.org.mx\/wp-content\/uploads\/2020\/06\/funeral-alexander-300x156.jpg\" data-large-file=\"https:\/\/www.grieta.org.mx\/wp-content\/uploads\/2020\/06\/funeral-alexander.jpg\" class=\"aligncenter wp-image-50674\" src=\"http:\/\/www.grieta.org.mx\/wp-content\/uploads\/2020\/06\/funeral-alexander.jpg\" alt=\"\" width=\"800\" height=\"416\" srcset=\"https:\/\/www.grieta.org.mx\/wp-content\/uploads\/2020\/06\/funeral-alexander.jpg 959w, https:\/\/www.grieta.org.mx\/wp-content\/uploads\/2020\/06\/funeral-alexander-300x156.jpg 300w, https:\/\/www.grieta.org.mx\/wp-content\/uploads\/2020\/06\/funeral-alexander-768x400.jpg 768w\" sizes=\"auto, (max-width: 800px) 100vw, 800px\" \/><br \/>\nFoto: Ana Luisa Osorio.<\/p>\n<p>\u201cWelcome to the infierno\u201d, as\u00ed dice un letrero que da la bienvenida al poblado de Vicente Camalote en Oaxaca, donde el joven Alexander Mart\u00ednez muri\u00f3 a manos de la polic\u00eda municipal y otro joven permanece gravemente herido. All\u00ed donde los j\u00f3venes relatan que la polic\u00eda los hostiga de manera constante.<\/p>\n<p>Muestra de este hostigamiento, denunci\u00f3 uno de los vecinos que fue testigo del crimen, es que el d\u00eda que asesinaron a Alexander uno de los polic\u00edas le puso un arma en la mano al muchacho cuando \u00e9ste ya estaba inconsciente en el suelo.<\/p>\n<p>Ent\u00e9rate: Alexander, el adolescente que so\u00f1aba con ser futbolista profesional, y que polic\u00edas mataron \u201cpor accidente\u201d<\/p>\n<p>El letrero en esa comunidad de Acatl\u00e1n de P\u00e9rez Figueroa no es nuevo, como tampoco lo es -seg\u00fan cuentan sus habitantes- que frecuentemente detengan a los j\u00f3venes arriba de sus motos o cuando caminan por la plaza principal del poblado a unos 30 minutos de la cabecera municipal.<\/p>\n<p>Acatl\u00e1n de P\u00e9rez Figueroa es una comunidad de poco m\u00e1s de 44 mil personas, donde 7 de cada 10 habitantes se encuentra en situaci\u00f3n de pobreza (4 de ellos de manera moderada y 3 en extrema).<\/p>\n<p>Durante la tarde de este jueves el pueblo luce tranquilo. A pesar de la contingencia sanitaria las personas de la comunidad se dieron cita para darle el \u00faltimo adi\u00f3s al jugador de futbol de 16 a\u00f1os que le fue arrebatada la vida, por un supuesto \u201cerror\u201d de la polic\u00eda.<\/p>\n<p>La calle que se encuentra frente a la casa de Alexander, donde este jueves lo velaron, era la ruta habitual de los rondines policiacos pero ahora ninguna patrulla pasa por all\u00ed, narran los familiares y amigos del joven asesinado.<\/p>\n<p>En caso de que lo hagan, los vecinos est\u00e1n convencidos que retendr\u00e1n a los polic\u00edas, porque \u201ces lo \u00fanico que nos queda por hacer\u201d, dice uno de los entrevistados, quienes por temor a represalias hablaron de manera an\u00f3nima en la mayor\u00eda de los casos.<\/p>\n<p>All\u00ed entre las altas temperaturas de la Cuenca del Papaloapan y el f\u00e9retro de Alexander esperando a que le digan adi\u00f3s, los vecinos y amigos del joven se arman de valor y empiezan a contar las an\u00e9cdotas en las que los polic\u00edas les detuvieron, persiguieron o extorsionaron, pero que nunca denunciaron por temor a una agresi\u00f3n.<\/p>\n<blockquote class=\"wp-embedded-content\" data-secret=\"36xgAzRZjf\"><p><a href=\"https:\/\/www.animalpolitico.com\/2020\/06\/jovenes-pueblo-muerte-alexander-hostigamiento-policial\/\">J\u00f3venes del pueblo donde muri\u00f3 Alexander est\u00e1n hartos del hostigamiento de la polic\u00eda<\/a><\/p><\/blockquote>\n<p><iframe loading=\"lazy\" class=\"wp-embedded-content\" sandbox=\"allow-scripts\" security=\"restricted\" style=\"position: absolute; clip: rect(1px, 1px, 1px, 1px);\" title=\"&#8220;J\u00f3venes del pueblo donde muri\u00f3 Alexander est\u00e1n hartos del hostigamiento de la polic\u00eda&#8221; &#8212; Animal Pol\u00edtico\" src=\"https:\/\/www.animalpolitico.com\/2020\/06\/jovenes-pueblo-muerte-alexander-hostigamiento-policial\/embed\/#?secret=36xgAzRZjf\" data-secret=\"36xgAzRZjf\" width=\"600\" height=\"338\" frameborder=\"0\" marginwidth=\"0\" marginheight=\"0\" scrolling=\"no\"><\/iframe><\/p>\n","protected":false},"excerpt":{"rendered":"<p>Animal Pol\u00edtico \/ Ana Alicia Osorio. Foto: Ana Luisa Osorio. \u201cWelcome to the infierno\u201d, as\u00ed dice un letrero que da la bienvenida al poblado de Vicente Camalote en Oaxaca, donde &hellip; <a href=\"https:\/\/www.grieta.org.mx\/index.php\/2020\/06\/12\/jovenes-del-pueblo-donde-murio-alexander-estan-hartos-del-hostigamiento-de-la-policia-oaxaca\/\" class=\"more-link\">Leer m\u00e1s<\/a><\/p>\n","protected":false},"author":2,"featured_media":50674,"comment_status":"closed","ping_status":"closed","sticky":false,"template":"","format":"standard","meta":{"ngg_post_thumbnail":0,"_jetpack_newsletter_access":"","_jetpack_dont_email_post_to_subs":false,"_jetpack_newsletter_tier_id":0,"_jetpack_memberships_contains_paywalled_content":false,"_jetpack_memberships_contains_paid_content":false,"footnotes":""},"categories":[2242,80,2,25],"tags":[],"class_list":["post-50673","post","type-post","status-publish","format-standard","has-post-thumbnail","hentry","category-brutalidad-policiaca-en-oaxaca","category-cintillo","category-noticias-nacionales","category-oaxaca","entry"],"jetpack_featured_media_url":"https:\/\/www.grieta.org.mx\/wp-content\/uploads\/2020\/06\/funeral-alexander.jpg","jetpack_sharing_enabled":true,"jetpack_shortlink":"https:\/\/wp.me\/p7ZJR4-dbj","jetpack_likes_enabled":false,"jetpack-related-posts":[{"id":50625,"url":"https:\/\/www.grieta.org.mx\/index.php\/2020\/06\/10\/policias-matan-a-joven-de-16-anos-y-balean-a-8-mas-en-oaxaca-video\/","url_meta":{"origin":50673,"position":0},"title":"Polic\u00edas matan a joven de 16 a\u00f1os y balean a 8 m\u00e1s en Oaxaca (Video)","author":"grieta","date":"10 junio, 2020","format":false,"excerpt":"Proceso \/ Pedro Mat\u00edas. Alexander, de 16 a\u00f1os, fue baleado y asesinado en Acatl\u00e1n de P\u00e9rez Figueroa, Oaxaca. Foto: Especial OAXACA, Oax. (apro).- \u201cMi hijo no era malo, no fumaba, no tomaba, ten\u00eda un sue\u00f1o, (y) estos hijos de su puta madre se lo han truncado\u201d, grita, enfurecida, la madre\u2026","rel":"","context":"En &quot;Brutalidad polic\u00edaca en Oaxaca&quot;","block_context":{"text":"Brutalidad polic\u00edaca en Oaxaca","link":"https:\/\/www.grieta.org.mx\/index.php\/category\/noticias-nacionales\/oaxaca\/brutalidad-policiaca-en-oaxaca\/"},"img":{"alt_text":"","src":"https:\/\/i0.wp.com\/www.grieta.org.mx\/wp-content\/uploads\/2020\/06\/alex-1.jpg?resize=350%2C200&ssl=1","width":350,"height":200,"srcset":"https:\/\/i0.wp.com\/www.grieta.org.mx\/wp-content\/uploads\/2020\/06\/alex-1.jpg?resize=350%2C200&ssl=1 1x, https:\/\/i0.wp.com\/www.grieta.org.mx\/wp-content\/uploads\/2020\/06\/alex-1.jpg?resize=525%2C300&ssl=1 1.5x, https:\/\/i0.wp.com\/www.grieta.org.mx\/wp-content\/uploads\/2020\/06\/alex-1.jpg?resize=700%2C400&ssl=1 2x"},"classes":[]},{"id":50677,"url":"https:\/\/www.grieta.org.mx\/index.php\/2020\/06\/11\/denuncian-abuso-policiaco-y-golpiza-a-dos-hermanos-en-oaxaca-uno-murio\/","url_meta":{"origin":50673,"position":1},"title":"Denuncian abuso policiaco y golpiza a dos hermanos en Oaxaca; uno muri\u00f3","author":"grieta","date":"11 junio, 2020","format":false,"excerpt":"Proceso \/ Pedro Mat\u00edas. OAXACA, Oax. (apro).- \u201c\u00a1Ya vali\u00f3 madre!\u201d, le dijo Jacciel a su hermano Diego cuando la polic\u00eda municipal de San Pablo Huitzo los entreg\u00f3 a un grupo de 12 personas, quienes los golpearon hasta que los creyeron muertos y los arrojaron a un barranco. Jacciel L. P.,\u2026","rel":"","context":"En &quot;Brutalidad polic\u00edaca en Oaxaca&quot;","block_context":{"text":"Brutalidad polic\u00edaca en Oaxaca","link":"https:\/\/www.grieta.org.mx\/index.php\/category\/noticias-nacionales\/oaxaca\/brutalidad-policiaca-en-oaxaca\/"},"img":{"alt_text":"","src":"https:\/\/i0.wp.com\/www.grieta.org.mx\/wp-content\/uploads\/2020\/06\/procesoviolenciaaa-4-2.png?resize=350%2C200&ssl=1","width":350,"height":200},"classes":[]},{"id":50870,"url":"https:\/\/www.grieta.org.mx\/index.php\/2020\/06\/11\/van-a-pagar-los-culpables-lanza-padre-de-alexander-en-funeral-ddhpo-investiga-videos-oaxaca\/","url_meta":{"origin":50673,"position":2},"title":"\u201cVan a pagar los culpables\u201d, lanza padre de Alexander en funeral; DDHPO investiga -Videos- (Oaxaca)","author":"grieta","date":"11 junio, 2020","format":false,"excerpt":"Proceso \/ Pedro Mat\u00edas. Funeral de Alexander, joven baleado en Oaxaca. Foto: Especial OAXACA, Oax. (apro).- \u201cVan a pagar los culpables\u201d, lanz\u00f3 Teodoro Mart\u00ednez, el padre de Alexander, en pleno funeral y a pie de la fosa donde estaba el ata\u00fad con el joven de 16 a\u00f1os baleado y asesinado\u2026","rel":"","context":"En &quot;Brutalidad polic\u00edaca en Oaxaca&quot;","block_context":{"text":"Brutalidad polic\u00edaca en Oaxaca","link":"https:\/\/www.grieta.org.mx\/index.php\/category\/noticias-nacionales\/oaxaca\/brutalidad-policiaca-en-oaxaca\/"},"img":{"alt_text":"","src":"https:\/\/i0.wp.com\/www.grieta.org.mx\/wp-content\/uploads\/2018\/03\/14524434_1106112876131411_958039263622046936_o.jpg?resize=350%2C200&ssl=1","width":350,"height":200,"srcset":"https:\/\/i0.wp.com\/www.grieta.org.mx\/wp-content\/uploads\/2018\/03\/14524434_1106112876131411_958039263622046936_o.jpg?resize=350%2C200&ssl=1 1x, https:\/\/i0.wp.com\/www.grieta.org.mx\/wp-content\/uploads\/2018\/03\/14524434_1106112876131411_958039263622046936_o.jpg?resize=525%2C300&ssl=1 1.5x, https:\/\/i0.wp.com\/www.grieta.org.mx\/wp-content\/uploads\/2018\/03\/14524434_1106112876131411_958039263622046936_o.jpg?resize=700%2C400&ssl=1 2x"},"classes":[]},{"id":55356,"url":"https:\/\/www.grieta.org.mx\/index.php\/2020\/11\/18\/acusan-a-policias-de-oaxaca-de-asesinar-a-indigena-mixteco-oaxaca\/","url_meta":{"origin":50673,"position":3},"title":"Acusan a polic\u00edas de Oaxaca de asesinar a ind\u00edgena mixteco (Oaxaca)","author":"grieta","date":"18 noviembre, 2020","format":false,"excerpt":"Proceso \/ Pedro Mat\u00edas. *Marco Antonio Hern\u00e1ndez Bautista fue detenido por cuatro polic\u00edas de San Juan Mixtepec, Oaxaca; al d\u00eda siguiente fue hallado muerto y con huellas de tortura. Familiares del ind\u00edgena mixteco Marco Antonio Hern\u00e1ndez Bautista marcharon para exigir justicia tras su asesinato. Foto: facebook@yososcuamixtepec. OAXACA, Oax. (apro).- De\u2026","rel":"","context":"En &quot;Brutalidad polic\u00edaca en Oaxaca&quot;","block_context":{"text":"Brutalidad polic\u00edaca en Oaxaca","link":"https:\/\/www.grieta.org.mx\/index.php\/category\/noticias-nacionales\/oaxaca\/brutalidad-policiaca-en-oaxaca\/"},"img":{"alt_text":"","src":"https:\/\/i0.wp.com\/www.grieta.org.mx\/wp-content\/uploads\/2020\/11\/1-4.jpg?resize=350%2C200&ssl=1","width":350,"height":200,"srcset":"https:\/\/i0.wp.com\/www.grieta.org.mx\/wp-content\/uploads\/2020\/11\/1-4.jpg?resize=350%2C200&ssl=1 1x, https:\/\/i0.wp.com\/www.grieta.org.mx\/wp-content\/uploads\/2020\/11\/1-4.jpg?resize=525%2C300&ssl=1 1.5x, https:\/\/i0.wp.com\/www.grieta.org.mx\/wp-content\/uploads\/2020\/11\/1-4.jpg?resize=700%2C400&ssl=1 2x"},"classes":[]},{"id":59646,"url":"https:\/\/www.grieta.org.mx\/index.php\/2021\/05\/24\/normalistas-de-huajuapan-exigen-al-gobierno-liberacion-de-dos-normalistas-detenidos-por-policias-oaxaca\/","url_meta":{"origin":50673,"position":4},"title":"Normalistas de Huajuapan exigen al gobierno liberaci\u00f3n de dos normalistas detenidos por polic\u00edas (Oaxaca)","author":"grieta","date":"24 mayo, 2021","format":false,"excerpt":"Noticias \/ Lesli Aguilar. HUAJUAPAN DE LE\u00d3N, Oaxaca.- Integrantes de la Normal Experimental de Huajuapan exigieron al gobierno de Oaxaca la liberaci\u00f3n de dos estudiantes de esta escuela, quienes presuntamente fueron detenidos por polic\u00edas estatales el 21 de mayo pasado, en la ciudad de Oaxaca. Los estudiantes de la Normal\u2026","rel":"","context":"En &quot;CINTILLO&quot;","block_context":{"text":"CINTILLO","link":"https:\/\/www.grieta.org.mx\/index.php\/category\/cintillo\/"},"img":{"alt_text":"","src":"https:\/\/i0.wp.com\/www.grieta.org.mx\/wp-content\/uploads\/2021\/06\/a.jpg?resize=350%2C200&ssl=1","width":350,"height":200,"srcset":"https:\/\/i0.wp.com\/www.grieta.org.mx\/wp-content\/uploads\/2021\/06\/a.jpg?resize=350%2C200&ssl=1 1x, https:\/\/i0.wp.com\/www.grieta.org.mx\/wp-content\/uploads\/2021\/06\/a.jpg?resize=525%2C300&ssl=1 1.5x, https:\/\/i0.wp.com\/www.grieta.org.mx\/wp-content\/uploads\/2021\/06\/a.jpg?resize=700%2C400&ssl=1 2x, https:\/\/i0.wp.com\/www.grieta.org.mx\/wp-content\/uploads\/2021\/06\/a.jpg?resize=1050%2C600&ssl=1 3x"},"classes":[]},{"id":18696,"url":"https:\/\/www.grieta.org.mx\/index.php\/2016\/08\/01\/maestros-realizan-3-bloqueos-en-oaxaca-toman-accesos-a-guelaguetza\/","url_meta":{"origin":50673,"position":5},"title":"Maestros realizan 3 bloqueos en Oaxaca; toman accesos a Guelaguetza","author":"grieta","date":"1 agosto, 2016","format":false,"excerpt":"Redacci\u00f3n Reporte Indigo Varios grupos de integrantes de la Secci\u00f3n 22 de la Coordinadora Nacional de los Trabajadores de la Educaci\u00f3n (CNTE), tomaron varias vialidades de la ciudad de Oaxaca. Los profesores mantienen tomados los 3 accesos principales al Cerro del Fort\u00edn, en tanto polic\u00edas estatales vigilan los cercos portando\u2026","rel":"","context":"En &quot;CINTILLO&quot;","block_context":{"text":"CINTILLO","link":"https:\/\/www.grieta.org.mx\/index.php\/category\/cintillo\/"},"img":{"alt_text":"","src":"https:\/\/i0.wp.com\/www.grieta.org.mx\/wp-content\/uploads\/2018\/03\/14524434_1106112876131411_958039263622046936_o.jpg?resize=350%2C200&ssl=1","width":350,"height":200,"srcset":"https:\/\/i0.wp.com\/www.grieta.org.mx\/wp-content\/uploads\/2018\/03\/14524434_1106112876131411_958039263622046936_o.jpg?resize=350%2C200&ssl=1 1x, https:\/\/i0.wp.com\/www.grieta.org.mx\/wp-content\/uploads\/2018\/03\/14524434_1106112876131411_958039263622046936_o.jpg?resize=525%2C300&ssl=1 1.5x, https:\/\/i0.wp.com\/www.grieta.org.mx\/wp-content\/uploads\/2018\/03\/14524434_1106112876131411_958039263622046936_o.jpg?resize=700%2C400&ssl=1 2x"},"classes":[]}],"_links":{"self":[{"href":"https:\/\/www.grieta.org.mx\/index.php\/wp-json\/wp\/v2\/posts\/50673","targetHints":{"allow":["GET"]}}],"collection":[{"href":"https:\/\/www.grieta.org.mx\/index.php\/wp-json\/wp\/v2\/posts"}],"about":[{"href":"https:\/\/www.grieta.org.mx\/index.php\/wp-json\/wp\/v2\/types\/post"}],"author":[{"embeddable":true,"href":"https:\/\/www.grieta.org.mx\/index.php\/wp-json\/wp\/v2\/users\/2"}],"replies":[{"embeddable":true,"href":"https:\/\/www.grieta.org.mx\/index.php\/wp-json\/wp\/v2\/comments?post=50673"}],"version-history":[{"count":1,"href":"https:\/\/www.grieta.org.mx\/index.php\/wp-json\/wp\/v2\/posts\/50673\/revisions"}],"predecessor-version":[{"id":50675,"href":"https:\/\/www.grieta.org.mx\/index.php\/wp-json\/wp\/v2\/posts\/50673\/revisions\/50675"}],"wp:featuredmedia":[{"embeddable":true,"href":"https:\/\/www.grieta.org.mx\/index.php\/wp-json\/wp\/v2\/media\/50674"}],"wp:attachment":[{"href":"https:\/\/www.grieta.org.mx\/index.php\/wp-json\/wp\/v2\/media?parent=50673"}],"wp:term":[{"taxonomy":"category","embeddable":true,"href":"https:\/\/www.grieta.org.mx\/index.php\/wp-json\/wp\/v2\/categories?post=50673"},{"taxonomy":"post_tag","embeddable":true,"href":"https:\/\/www.grieta.org.mx\/index.php\/wp-json\/wp\/v2\/tags?post=50673"}],"curies":[{"name":"wp","href":"https:\/\/api.w.org\/{rel}","templated":true}]}}