{"id":50652,"date":"2020-05-27T21:22:04","date_gmt":"2020-05-28T02:22:04","guid":{"rendered":"http:\/\/www.grieta.org.mx\/?p=50652"},"modified":"2020-06-11T21:43:23","modified_gmt":"2020-06-12T02:43:23","slug":"los-migrantes-abandonados-a-su-suerte-en-la-frontera-sur","status":"publish","type":"post","link":"https:\/\/www.grieta.org.mx\/index.php\/2020\/05\/27\/los-migrantes-abandonados-a-su-suerte-en-la-frontera-sur\/","title":{"rendered":"Los migrantes, abandonados a su suerte en la frontera sur"},"content":{"rendered":"<p>Isa\u00edn Mandujano\/ PROCESO<\/p>\n<p>&nbsp;<\/p>\n<figure id=\"attachment_50655\" aria-describedby=\"caption-attachment-50655\" style=\"width: 870px\" class=\"wp-caption aligncenter\"><img loading=\"lazy\" decoding=\"async\" data-attachment-id=\"50655\" data-permalink=\"https:\/\/www.grieta.org.mx\/index.php\/2020\/05\/27\/los-migrantes-abandonados-a-su-suerte-en-la-frontera-sur\/migrantes-frontera-sur-870x522\/\" data-orig-file=\"https:\/\/www.grieta.org.mx\/wp-content\/uploads\/2020\/06\/migrantes-frontera-sur-870x522.jpeg\" data-orig-size=\"870,522\" data-comments-opened=\"0\" data-image-meta=\"{&quot;aperture&quot;:&quot;0&quot;,&quot;credit&quot;:&quot;&quot;,&quot;camera&quot;:&quot;&quot;,&quot;caption&quot;:&quot;&quot;,&quot;created_timestamp&quot;:&quot;0&quot;,&quot;copyright&quot;:&quot;&quot;,&quot;focal_length&quot;:&quot;0&quot;,&quot;iso&quot;:&quot;0&quot;,&quot;shutter_speed&quot;:&quot;0&quot;,&quot;title&quot;:&quot;&quot;,&quot;orientation&quot;:&quot;0&quot;}\" data-image-title=\"migrantes-frontera-sur-870&amp;#215;522\" data-image-description=\"\" data-image-caption=\"&lt;p&gt;Migrantes en la frontera sur de M\u00e9xico. Foto: Felipe de Jes\u00fas Casahonda Villanueva&lt;\/p&gt;\n\" data-medium-file=\"https:\/\/www.grieta.org.mx\/wp-content\/uploads\/2020\/06\/migrantes-frontera-sur-870x522-300x180.jpeg\" data-large-file=\"https:\/\/www.grieta.org.mx\/wp-content\/uploads\/2020\/06\/migrantes-frontera-sur-870x522.jpeg\" class=\"size-full wp-image-50655\" src=\"http:\/\/www.grieta.org.mx\/wp-content\/uploads\/2020\/06\/migrantes-frontera-sur-870x522.jpeg\" alt=\"\" width=\"870\" height=\"522\" srcset=\"https:\/\/www.grieta.org.mx\/wp-content\/uploads\/2020\/06\/migrantes-frontera-sur-870x522.jpeg 870w, https:\/\/www.grieta.org.mx\/wp-content\/uploads\/2020\/06\/migrantes-frontera-sur-870x522-300x180.jpeg 300w, https:\/\/www.grieta.org.mx\/wp-content\/uploads\/2020\/06\/migrantes-frontera-sur-870x522-768x461.jpeg 768w, https:\/\/www.grieta.org.mx\/wp-content\/uploads\/2020\/06\/migrantes-frontera-sur-870x522-833x500.jpeg 833w\" sizes=\"auto, (max-width: 870px) 100vw, 870px\" \/><figcaption id=\"caption-attachment-50655\" class=\"wp-caption-text\">Migrantes en la frontera sur de M\u00e9xico. Foto: Felipe de Jes\u00fas Casahonda Villanueva<\/figcaption><\/figure>\n<p><strong>A finales de abril el Instituto Nacional de Migraci\u00f3n, a instancias de una medida cautelar de la Comisi\u00f3n Nacional de los Derechos Humanos, liber\u00f3 a cientos de extranjeros indocumentados de todas sus estaciones. No se trat\u00f3 de repatriaciones ni deportaciones: simplemente se les abandon\u00f3 a su suerte. La situaci\u00f3n es particularmente grave para los migrantes en el sur, con la frontera guatemalteca cerrada \u2013excepto para el comercio ilegal\u2013, los tr\u00e1mites migratorios atorados en la burocracia digital y el coronavirus al acecho.<\/strong><\/p>\n<p>TAPACHULA, Chis. (Proceso).- En medio de la pandemia, miles de migrantes centroamericanos, haitianos, cubanos y africanos quedaron varados en la frontera sur mexicana. Regresar a sus pa\u00edses de origen es imposible para muchos centroamericanos, pues ante la contingencia sanitaria el gobierno de Guatemala sell\u00f3 su frontera.<\/p>\n<p>Hacia el norte tampoco pueden avanzar por los retenes policiacos y migratorios; adem\u00e1s se exponen al contagio, pues en ese trayecto es mayor el riesgo de contraer coronavirus.<\/p>\n<p>El estancamiento caus\u00f3 que miles de migrantes se aglomeraran a primera hora del pasado 27 de abril a las puertas del Instituto Nacional de Migraci\u00f3n (INM). Los agentes de la Guardia Nacional intentaban poner orden, pero la multitud de cubanos, haitianos, centroamericanos y africanos no respet\u00f3 la sana distancia y pocos usaban cubrebocas.<\/p>\n<p>Los agentes migratorios les dijeron a los indocumentados que si quieren hacer sus tr\u00e1mites de manera presencial, tienen que esperar despu\u00e9s de mayo. Por ahora el INM s\u00f3lo los realiza v\u00eda electr\u00f3nica en su plataforma digital. Sin embargo, aun quienes lo hicieron as\u00ed ya est\u00e1n desesperados porque la respuesta a su petici\u00f3n, que deb\u00eda llegarles por correo en 20 d\u00edas h\u00e1biles, no aparece todav\u00eda.<\/p>\n<p>La Estaci\u00f3n Migratoria Siglo XXI, construida en el sexenio de Vicente Fox, parece vac\u00eda. Ya no est\u00e1n los agentes federales y de la Guardia Nacional que la custodiaban desde el primer \u00e9xodo masivo de migrantes en octubre de 2018.<\/p>\n<p>En Tapachula, el pasado 23 de marzo se registraron un mot\u00edn y la fuga de migrantes, principalmente centroamericanos, que exig\u00edan su pronta repatriaci\u00f3n, lo que no fue posible por el cierre de la frontera guatemalteca.<\/p>\n<p>En tanto, haitianos y cubanos exig\u00edan el oficio de salida del pa\u00eds o la regulaci\u00f3n de su situaci\u00f3n migratoria en la frontera sur.<\/p>\n<p>El 6 de abril m\u00e1s de 500 migrantes de Honduras, Guatemala y El Salvador fueron abandonados unos d\u00edas por el INM en la l\u00ednea fronteriza de M\u00e9xico con Guatemala, luego de que el gobierno de ese pa\u00eds rechaz\u00f3 su ingreso. En consecuencia, ante los observadores de la Comisi\u00f3n Nacional de los Derechos Humanos (CNDH), agentes de la Guardia Nacional y del INM perdieron el control de un proceso de deportaci\u00f3n masiva que pretend\u00edan hacer por el paso fronterizo de Talism\u00e1n, municipio de Tuxtla Chico.<\/p>\n<p><strong>Entre la pandemia y la frontera cerrada<\/strong><\/p>\n<p>Yelitza Guadalupe Ruiz Villalta, encargada del albergue para migrantes Jes\u00fas El Buen Pastor, en Tapachula, se\u00f1ala que los 250 refugiados que est\u00e1n all\u00ed quedaron atrapados por las medidas oficiales contra la pandemia, aunque no est\u00e1n contagiados. Normalmente, dice Ruiz, se les ofrecen unas semanas de refugio, pero debido a la crisis sanitaria se les ha permitido quedarse mucho m\u00e1s tiempo, observando estrictamente las reglas preventivas. Cuando nuevos migrantes llegan a pedir refugio, pasan dos semanas en una secci\u00f3n de aislamiento para verificar que no desarrollen s\u00edntomas de coronavirus; despu\u00e9s se les ubica en los grupos correspondientes: mujeres, varones, madres con hijos o personas de la tercera edad.<\/p>\n<p>La fundadora del albergue, Olga S\u00e1nchez, que en el sexenio de Vicente Fox fue galardonada con el Premio Nacional de Derechos Humanos, no entra a las instalaciones por precauci\u00f3n. En cambio, hace las gestiones necesarias para conseguir v\u00edveres. Ruiz Villalta, quien administra el lugar con su hija, se\u00f1ala que con la pandemia y tantos refugiados los v\u00edveres llegaron a agotarse, pero que<\/p>\n<p>todav\u00eda reciben apoyo de algunas instituciones y benefactores. Aun as\u00ed, la situaci\u00f3n es dif\u00edcil. Todos los d\u00edas llegan migrantes a tocar la puerta. Unos piden comida y se van, otros quieren un espacio donde pasar la noche, y se quedan d\u00edas, semanas&#8230; Cientos de guatemaltecos pasan cada d\u00eda, por turnos y en grupos, a comprar abarrotes, enseres dom\u00e9sticos, medicamentos y todo lo que puedan llevar en las balsas. Un quetzal guatemalteco vale ahora m\u00e1s de tres pesos mexicanos y para los chapines es m\u00e1s redituable comprar aqu\u00ed, pese a que deban pagar 10 quetzales por el paso en balsa. A la vista de agentes de la Guardia Nacional y del INM, casi todos ingresan a M\u00e9xico con cubrebocas, pero pronto descubren que las medidas sanitarias mexicanas son m\u00e1s relajadas: mientras que en Suchiate nadie utiliza el accesorio, en el poblado fronterizo guatemalteco de Tec\u00fan Um\u00e1n no traer cubrebocas es motivo de una multa de mil quetzales. El Ej\u00e9rcito y la Polic\u00eda<\/p>\n<p>Nacional Civil patrullan las calles y las carreteras de aquel pa\u00eds para hacer respetar las estricciones.<\/p>\n<p><strong>El \u00e9xodo que viene<\/strong><\/p>\n<p>Irineo Mujica, l\u00edder de la organizaci\u00f3n civil Pueblos sin Fronteras, se\u00f1ala que de ser \u201cciudades-c\u00e1rcel\u201d \u2013como anteriormente calific\u00f3 a las de la frontera sur, en particular a Tapachula\u2013 se convirtieron en \u201ctrampas de muerte\u201d para los migrantes, por las aglomeraciones masivas que provoc\u00f3 el gobierno al liberarlos masivamente sin garantizar que todos fueran repatriados de forma segura y ordenada. Salva Lacruz, del Centro de Derechos Humanos Fray Mat\u00edas de C\u00f3rdova y Ord\u00f3\u00f1ez (que forma parte del Colectivo de Observaci\u00f3n y Monitoreo de Derechos Humanos), dice que de por s\u00ed los migrantes viv\u00edan en condiciones de discriminaci\u00f3n y xenofobia, lo cual se agudiz\u00f3 con la pandemia porque ahorasufren malos tratos de la sociedad, de las instituciones migratorias y de las corporaciones policiacas y militares.<\/p>\n<p>A\u00f1ade Lacruz que el mensaje del gobierno mexicano de \u201cqu\u00e9date en casa\u201d no tiene sentido para un migrante, que no tiene un lugar seguro donde aislarse. Adem\u00e1s, en su condici\u00f3n, no pueden quedarse encerrados porque tienen que ganarse la vida. Por ese motivo, se\u00f1ala el activista, los defensores de los derechos humanos de los migrantes demandan al gobierno mexicano que las<\/p>\n<p>pol\u00edticas p\u00fablicas tomen en cuenta la diversidad de la poblaci\u00f3n que est\u00e1 en el pa\u00eds, principalmente en la frontera sur. Finalmente advierte que, si la pandemia caus\u00f3 fuertes da\u00f1os econ\u00f3micos a M\u00e9xico, a los pa\u00edses centroamericanos les ir\u00e1 peor, lo que puede causar otros flujos migratorios masivos desde Centroam\u00e9rica una vez que pase la crisis sanitaria.<\/p>\n<p>No fueron funcionarios municipales, estatales ni federales, ni autoridades sanitarias o policiacas, sino los pobladores de Frontera Talism\u00e1n, quienes instalaron un ret\u00e9n con filtro sanitario. Nadie pasa si no reside en ese poblado, donde est\u00e1n la aduana y uno de los ocho pasos fronterizos legales.<\/p>\n<p>Fragmento del reportaje publicado en la edici\u00f3n 2273 de la revista Proceso, actualmente en circulaci\u00f3n.<\/p>\n<p><a href=\"https:\/\/www.proceso.com.mx\/631939\/los-migrantes-abandonados-a-su-suerte-en-la-frontera-sur\" target=\"_blank\" rel=\"noopener noreferrer\">https:\/\/www.proceso.com.mx\/631939\/los-migrantes-abandonados-a-su-suerte-en-la-frontera-sur<\/a><\/p>\n","protected":false},"excerpt":{"rendered":"<p>Isa\u00edn Mandujano\/ PROCESO &nbsp; A finales de abril el Instituto Nacional de Migraci\u00f3n, a instancias de una medida cautelar de la Comisi\u00f3n Nacional de los Derechos Humanos, liber\u00f3 a cientos &hellip; <a href=\"https:\/\/www.grieta.org.mx\/index.php\/2020\/05\/27\/los-migrantes-abandonados-a-su-suerte-en-la-frontera-sur\/\" class=\"more-link\">Leer m\u00e1s<\/a><\/p>\n","protected":false},"author":2,"featured_media":50655,"comment_status":"closed","ping_status":"closed","sticky":false,"template":"","format":"standard","meta":{"ngg_post_thumbnail":0,"_jetpack_newsletter_access":"","_jetpack_dont_email_post_to_subs":false,"_jetpack_newsletter_tier_id":0,"_jetpack_memberships_contains_paywalled_content":false,"_jetpack_memberships_contains_paid_content":false,"footnotes":""},"categories":[80,86,370,83],"tags":[2253,3489,3198,3492,2812,2295,3493,2600,158],"class_list":["post-50652","post","type-post","status-publish","format-standard","has-post-thumbnail","hentry","category-cintillo","category-migrantes","category-migrantes-analisis","category-temas-nacionales","tag-centroamericanos","tag-cierre-de-fronteras","tag-covid19","tag-cubanos","tag-frontera-sur","tag-guardia-nacional","tag-haitianos","tag-inm","tag-migrantes","entry"],"jetpack_featured_media_url":"https:\/\/www.grieta.org.mx\/wp-content\/uploads\/2020\/06\/migrantes-frontera-sur-870x522.jpeg","jetpack_sharing_enabled":true,"jetpack_shortlink":"https:\/\/wp.me\/p7ZJR4-daY","jetpack_likes_enabled":false,"jetpack-related-posts":[{"id":47767,"url":"https:\/\/www.grieta.org.mx\/index.php\/2020\/04\/10\/migrantes-estan-en-riesgo-en-frontera-de-tamaulipas\/","url_meta":{"origin":50652,"position":0},"title":"Migrantes est\u00e1n en riesgo en frontera de Tamaulipas","author":"grieta","date":"10 abril, 2020","format":false,"excerpt":"Jacqueline Ponce Le\u00f3n\/Conexi\u00f3n Migrante 10 abril 2020 El Instituto Nacional de Migraci\u00f3n est\u00e1 trasladando migrantes de las estaciones migratorias a ciudades fronterizas del sur y los abandona a su suerte. La Comisi\u00f3n Nacional de Derechos Humanos (CNDH) admiti\u00f3 que los derechos fundamentales de los migrantes varados en la frontera son\u2026","rel":"","context":"En &quot;CINTILLO&quot;","block_context":{"text":"CINTILLO","link":"https:\/\/www.grieta.org.mx\/index.php\/category\/cintillo\/"},"img":{"alt_text":"","src":"https:\/\/i0.wp.com\/www.grieta.org.mx\/wp-content\/uploads\/2020\/04\/Migrantes-en-fronteras-est%C3%A1n-en-riesgo-ante-emergencia-sanitaria.jpg?resize=350%2C200&ssl=1","width":350,"height":200,"srcset":"https:\/\/i0.wp.com\/www.grieta.org.mx\/wp-content\/uploads\/2020\/04\/Migrantes-en-fronteras-est%C3%A1n-en-riesgo-ante-emergencia-sanitaria.jpg?resize=350%2C200&ssl=1 1x, https:\/\/i0.wp.com\/www.grieta.org.mx\/wp-content\/uploads\/2020\/04\/Migrantes-en-fronteras-est%C3%A1n-en-riesgo-ante-emergencia-sanitaria.jpg?resize=525%2C300&ssl=1 1.5x, https:\/\/i0.wp.com\/www.grieta.org.mx\/wp-content\/uploads\/2020\/04\/Migrantes-en-fronteras-est%C3%A1n-en-riesgo-ante-emergencia-sanitaria.jpg?resize=700%2C400&ssl=1 2x, https:\/\/i0.wp.com\/www.grieta.org.mx\/wp-content\/uploads\/2020\/04\/Migrantes-en-fronteras-est%C3%A1n-en-riesgo-ante-emergencia-sanitaria.jpg?resize=1050%2C600&ssl=1 3x"},"classes":[]},{"id":32159,"url":"https:\/\/www.grieta.org.mx\/index.php\/2019\/04\/12\/se-agudiza-situacion-migrante-en-la-frontera-sur-de-mexico\/","url_meta":{"origin":50652,"position":1},"title":"Se agudiza situaci\u00f3n migrante en la frontera sur de M\u00e9xico","author":"grieta","date":"12 abril, 2019","format":false,"excerpt":"Originarios de Centroam\u00e9rica, as\u00ed como del Caribe y pa\u00edses de Asia y \u00c1frica, un n\u00famero desconocido de migrantes se concentra en la frontera sur de M\u00e9xico. Autoridades hablan de miles, aunque sin una cifra exacta. LA IZQUIERDA DIARIO M\u00c9XICO El Instituto Nacional de Migraci\u00f3n (INM) confirm\u00f3 la entrada a M\u00e9xico\u2026","rel":"","context":"En &quot;CINTILLO&quot;","block_context":{"text":"CINTILLO","link":"https:\/\/www.grieta.org.mx\/index.php\/category\/cintillo\/"},"img":{"alt_text":"","src":"https:\/\/i0.wp.com\/www.grieta.org.mx\/wp-content\/uploads\/2019\/04\/Migrantes-sur.jpg?resize=350%2C200&ssl=1","width":350,"height":200,"srcset":"https:\/\/i0.wp.com\/www.grieta.org.mx\/wp-content\/uploads\/2019\/04\/Migrantes-sur.jpg?resize=350%2C200&ssl=1 1x, https:\/\/i0.wp.com\/www.grieta.org.mx\/wp-content\/uploads\/2019\/04\/Migrantes-sur.jpg?resize=525%2C300&ssl=1 1.5x, https:\/\/i0.wp.com\/www.grieta.org.mx\/wp-content\/uploads\/2019\/04\/Migrantes-sur.jpg?resize=700%2C400&ssl=1 2x"},"classes":[]},{"id":58669,"url":"https:\/\/www.grieta.org.mx\/index.php\/2021\/04\/12\/amlo-acuerda-con-eu-que-10-mil-soldados-impidan-paso-de-migrantes-en-frontera-sur\/","url_meta":{"origin":50652,"position":2},"title":"AMLO acuerda con EU que 10 mil soldados impidan paso de migrantes en frontera sur","author":"grieta","date":"12 abril, 2021","format":false,"excerpt":"El objetivo de este despliegue es dificultar el camino hacia Estados Unidos, as\u00ed como hacer m\u00e1s complicado el cruce entre fronteras Redacci\u00f3n\/ ANIMAL POL\u00cdTICO El gobierno de Andr\u00e9s Manuel L\u00f3pez Obrador acord\u00f3 con Estados Unidos el despliegue de 10 mil soldados en la frontera sur de M\u00e9xico. As\u00ed lo confirm\u00f3\u2026","rel":"","context":"En &quot;CINTILLO&quot;","block_context":{"text":"CINTILLO","link":"https:\/\/www.grieta.org.mx\/index.php\/category\/cintillo\/"},"img":{"alt_text":"","src":"https:\/\/i0.wp.com\/www.grieta.org.mx\/wp-content\/uploads\/2021\/04\/cuartoscuro_805666_digital.jpeg?resize=350%2C200&ssl=1","width":350,"height":200,"srcset":"https:\/\/i0.wp.com\/www.grieta.org.mx\/wp-content\/uploads\/2021\/04\/cuartoscuro_805666_digital.jpeg?resize=350%2C200&ssl=1 1x, https:\/\/i0.wp.com\/www.grieta.org.mx\/wp-content\/uploads\/2021\/04\/cuartoscuro_805666_digital.jpeg?resize=525%2C300&ssl=1 1.5x, https:\/\/i0.wp.com\/www.grieta.org.mx\/wp-content\/uploads\/2021\/04\/cuartoscuro_805666_digital.jpeg?resize=700%2C400&ssl=1 2x, https:\/\/i0.wp.com\/www.grieta.org.mx\/wp-content\/uploads\/2021\/04\/cuartoscuro_805666_digital.jpeg?resize=1050%2C600&ssl=1 3x, https:\/\/i0.wp.com\/www.grieta.org.mx\/wp-content\/uploads\/2021\/04\/cuartoscuro_805666_digital.jpeg?resize=1400%2C800&ssl=1 4x"},"classes":[]},{"id":58040,"url":"https:\/\/www.grieta.org.mx\/index.php\/2021\/03\/29\/wola-pide-a-mexico-no-valerse-del-covid-19-para-encubrir-campana-contra-migrantes\/","url_meta":{"origin":50652,"position":3},"title":"WOLA pide a M\u00e9xico no valerse del covid-19 &#8220;para encubrir campa\u00f1a contra migrantes&#8221;","author":"grieta","date":"29 marzo, 2021","format":false,"excerpt":"Mathieu Tourliere\/PROCESO CIUDAD DE M\u00c9XICO (apro).- Luego de que la Secretar\u00eda de Relaciones Exteriores (SRE) anunci\u00f3 que a partir de ma\u00f1ana cerrar\u00e1 su frontera sur para los viajes no esenciales, la Oficina en Washington para Am\u00e9rica Latina (WOLA) pidi\u00f3 al gobierno mexicano no tomar como pretexto el covid-19 \u201cpara encubrir\u2026","rel":"","context":"En &quot;CINTILLO&quot;","block_context":{"text":"CINTILLO","link":"https:\/\/www.grieta.org.mx\/index.php\/category\/cintillo\/"},"img":{"alt_text":"","src":"https:\/\/i0.wp.com\/www.grieta.org.mx\/wp-content\/uploads\/2021\/03\/f800x450-131995_183441_5050.jpg?resize=350%2C200&ssl=1","width":350,"height":200,"srcset":"https:\/\/i0.wp.com\/www.grieta.org.mx\/wp-content\/uploads\/2021\/03\/f800x450-131995_183441_5050.jpg?resize=350%2C200&ssl=1 1x, https:\/\/i0.wp.com\/www.grieta.org.mx\/wp-content\/uploads\/2021\/03\/f800x450-131995_183441_5050.jpg?resize=525%2C300&ssl=1 1.5x, https:\/\/i0.wp.com\/www.grieta.org.mx\/wp-content\/uploads\/2021\/03\/f800x450-131995_183441_5050.jpg?resize=700%2C400&ssl=1 2x"},"classes":[]},{"id":41206,"url":"https:\/\/www.grieta.org.mx\/index.php\/2019\/11\/14\/guardia-nacional-acumula-24-denuncias-ante-la-cndh-la-mayoria-de-migrantes\/","url_meta":{"origin":50652,"position":4},"title":"Guardia Nacional acumula 24 denuncias ante la CNDH, la mayor\u00eda de migrantes","author":"grieta","date":"14 noviembre, 2019","format":false,"excerpt":"Manuel Espino y Alexis Ort\u00edz \/ El Universal Con 4 meses, enfrenta acusaciones de violaciones a derechos humanos; tendr\u00e1n que ser atendidas por la nueva titular, Rosario Piedra Ibarra A cuatro meses de que fue desplegada, la Guardia Nacional suma 24 quejas ante la Comisi\u00f3n Nacional de los Derechos Humanos\u2026","rel":"","context":"En &quot;CINTILLO&quot;","block_context":{"text":"CINTILLO","link":"https:\/\/www.grieta.org.mx\/index.php\/category\/cintillo\/"},"img":{"alt_text":"","src":"https:\/\/i0.wp.com\/www.grieta.org.mx\/wp-content\/uploads\/2019\/11\/Guardia-Nacional-acumula-24-denuncias-ante-la-CNDH-la-mayor%C3%ADa-de-migrantes-mili-nov.jpg?resize=350%2C200","width":350,"height":200},"classes":[]},{"id":69200,"url":"https:\/\/www.grieta.org.mx\/index.php\/2024\/06\/14\/denuncian-militarizacion-antimigrante-en-frontera\/","url_meta":{"origin":50652,"position":5},"title":"DENUNCIAN MILITARIZACI\u00d3N ANTIMIGRANTE EN FRONTERA","author":"grieta","date":"14 junio, 2024","format":false,"excerpt":"ANA LILIA RAM\u00cdREZ \/ El Mexicano Militares impiden paso de migrante a EUA TIJUANA.- La militarizaci\u00f3n antimigrante persiste en las fronteras Sur y Norte de M\u00e9xico para impedir el paso de migrantes hacia Estados Unidos, un hecho que nunca se hab\u00eda registrado en el pa\u00eds, como en esta administraci\u00f3n federal,\u2026","rel":"","context":"En &quot;Baja California&quot;","block_context":{"text":"Baja California","link":"https:\/\/www.grieta.org.mx\/index.php\/category\/noticias-nacionales\/baja-california\/"},"img":{"alt_text":"","src":"https:\/\/i0.wp.com\/www.grieta.org.mx\/wp-content\/uploads\/2024\/06\/5944dd2e-7a16-44af-b73d-3c03ed769a69.png?resize=350%2C200&ssl=1","width":350,"height":200,"srcset":"https:\/\/i0.wp.com\/www.grieta.org.mx\/wp-content\/uploads\/2024\/06\/5944dd2e-7a16-44af-b73d-3c03ed769a69.png?resize=350%2C200&ssl=1 1x, https:\/\/i0.wp.com\/www.grieta.org.mx\/wp-content\/uploads\/2024\/06\/5944dd2e-7a16-44af-b73d-3c03ed769a69.png?resize=525%2C300&ssl=1 1.5x, https:\/\/i0.wp.com\/www.grieta.org.mx\/wp-content\/uploads\/2024\/06\/5944dd2e-7a16-44af-b73d-3c03ed769a69.png?resize=700%2C400&ssl=1 2x, https:\/\/i0.wp.com\/www.grieta.org.mx\/wp-content\/uploads\/2024\/06\/5944dd2e-7a16-44af-b73d-3c03ed769a69.png?resize=1050%2C600&ssl=1 3x"},"classes":[]}],"_links":{"self":[{"href":"https:\/\/www.grieta.org.mx\/index.php\/wp-json\/wp\/v2\/posts\/50652","targetHints":{"allow":["GET"]}}],"collection":[{"href":"https:\/\/www.grieta.org.mx\/index.php\/wp-json\/wp\/v2\/posts"}],"about":[{"href":"https:\/\/www.grieta.org.mx\/index.php\/wp-json\/wp\/v2\/types\/post"}],"author":[{"embeddable":true,"href":"https:\/\/www.grieta.org.mx\/index.php\/wp-json\/wp\/v2\/users\/2"}],"replies":[{"embeddable":true,"href":"https:\/\/www.grieta.org.mx\/index.php\/wp-json\/wp\/v2\/comments?post=50652"}],"version-history":[{"count":1,"href":"https:\/\/www.grieta.org.mx\/index.php\/wp-json\/wp\/v2\/posts\/50652\/revisions"}],"predecessor-version":[{"id":50661,"href":"https:\/\/www.grieta.org.mx\/index.php\/wp-json\/wp\/v2\/posts\/50652\/revisions\/50661"}],"wp:featuredmedia":[{"embeddable":true,"href":"https:\/\/www.grieta.org.mx\/index.php\/wp-json\/wp\/v2\/media\/50655"}],"wp:attachment":[{"href":"https:\/\/www.grieta.org.mx\/index.php\/wp-json\/wp\/v2\/media?parent=50652"}],"wp:term":[{"taxonomy":"category","embeddable":true,"href":"https:\/\/www.grieta.org.mx\/index.php\/wp-json\/wp\/v2\/categories?post=50652"},{"taxonomy":"post_tag","embeddable":true,"href":"https:\/\/www.grieta.org.mx\/index.php\/wp-json\/wp\/v2\/tags?post=50652"}],"curies":[{"name":"wp","href":"https:\/\/api.w.org\/{rel}","templated":true}]}}