{"id":50600,"date":"2020-06-09T22:42:00","date_gmt":"2020-06-10T03:42:00","guid":{"rendered":"http:\/\/www.grieta.org.mx\/?p=50600"},"modified":"2020-06-09T22:44:52","modified_gmt":"2020-06-10T03:44:52","slug":"me-torturaron-sexualmente-para-obligarme-a-decir-que-era-parte-de-los-zetas-coahuila","status":"publish","type":"post","link":"https:\/\/www.grieta.org.mx\/index.php\/2020\/06\/09\/me-torturaron-sexualmente-para-obligarme-a-decir-que-era-parte-de-los-zetas-coahuila\/","title":{"rendered":"\u2018Me torturaron sexualmente para obligarme a decir que era parte de Los Zetas. La historia de M\u00f3nica, quien pas\u00f3 7 a\u00f1os injustamente encarcelada\u2019 (Coahuila)"},"content":{"rendered":"<p>Redacci\u00f3n\/ Z\u00d3CALO<\/p>\n<p><strong>La historia de M\u00f3nica, quien pas\u00f3 7 a\u00f1os injustamente encarcelada<\/strong><\/p>\n<p><img loading=\"lazy\" decoding=\"async\" data-attachment-id=\"50601\" data-permalink=\"https:\/\/www.grieta.org.mx\/index.php\/2020\/06\/09\/me-torturaron-sexualmente-para-obligarme-a-decir-que-era-parte-de-los-zetas-coahuila\/minuuu-621x354\/\" data-orig-file=\"https:\/\/www.grieta.org.mx\/wp-content\/uploads\/2020\/06\/minuuu-621x354.jpg\" data-orig-size=\"621,354\" data-comments-opened=\"0\" data-image-meta=\"{&quot;aperture&quot;:&quot;0&quot;,&quot;credit&quot;:&quot;&quot;,&quot;camera&quot;:&quot;&quot;,&quot;caption&quot;:&quot;&quot;,&quot;created_timestamp&quot;:&quot;0&quot;,&quot;copyright&quot;:&quot;&quot;,&quot;focal_length&quot;:&quot;0&quot;,&quot;iso&quot;:&quot;0&quot;,&quot;shutter_speed&quot;:&quot;0&quot;,&quot;title&quot;:&quot;&quot;,&quot;orientation&quot;:&quot;0&quot;}\" data-image-title=\"minuuu-621&amp;#215;354\" data-image-description=\"\" data-image-caption=\"\" data-medium-file=\"https:\/\/www.grieta.org.mx\/wp-content\/uploads\/2020\/06\/minuuu-621x354-300x171.jpg\" data-large-file=\"https:\/\/www.grieta.org.mx\/wp-content\/uploads\/2020\/06\/minuuu-621x354.jpg\" class=\"aligncenter wp-image-50601\" src=\"http:\/\/www.grieta.org.mx\/wp-content\/uploads\/2020\/06\/minuuu-621x354.jpg\" alt=\"\" width=\"800\" height=\"456\" srcset=\"https:\/\/www.grieta.org.mx\/wp-content\/uploads\/2020\/06\/minuuu-621x354.jpg 621w, https:\/\/www.grieta.org.mx\/wp-content\/uploads\/2020\/06\/minuuu-621x354-300x171.jpg 300w\" sizes=\"auto, (max-width: 800px) 100vw, 800px\" \/><\/p>\n<p><strong>Ciudad de M\u00e9xico.- M\u00f3nica Esparza dice que todo lo que no hab\u00eda sufrido en su vida, lo sufri\u00f3 en un solo d\u00eda en el que su familia qued\u00f3 destruida para siempre, dijo a la cadena BBC.<\/strong><\/p>\n<p>Aquel 12 de febrero de 2013, esta comerciante que entonces ten\u00eda 26 a\u00f1os fue detenida por la polic\u00eda junto a su esposo y su hermano en Torre\u00f3n, M\u00e9xico.<\/p>\n<p>Sin conocer el motivo ni entender nada de lo que les preguntaban los agentes, los tres fueron llevados a un lugar en el que les hicieron pasar por un &#8220;aut\u00e9ntico infierno&#8221;.<\/p>\n<p>Fueron torturados de manera brutal durante 14 horas, en el caso de M\u00f3nica tambi\u00e9n sexualmente mientras hombres vestidos como polic\u00edas y militares miraban y participaban.<\/p>\n<p>Su pareja muri\u00f3 como consecuencia de aquellas torturas. A ella le obligaron a firmar un documento que m\u00e1s tarde supo que era una confesi\u00f3n asegurando que formaba parte del cartel de Los Zetas.<\/p>\n<p><strong>Fue acusada de los delitos de secuestro, delincuencia organizada y posesi\u00f3n de armas del ej\u00e9rcito. Al igual que su hermano, entr\u00f3 en la c\u00e1rcel.<\/strong><\/p>\n<p>Y aunque organismos como la Comisi\u00f3n Nacional de los Derechos Humanos pronto alertaron de las graves irregularidades detectadas en su caso, no fue hasta siete a\u00f1os despu\u00e9s que un juez reconoci\u00f3 su inocencia y orden\u00f3 su puesta en libertad.<\/p>\n<p>Pocas horas despu\u00e9s de salir de prisi\u00f3n junto a su hermano el pasado 12 de marzo, M\u00f3nica comparti\u00f3 con BBC Mundo parte del calvario sufrido desde aquel fat\u00eddico d\u00eda y c\u00f3mo afronta su nueva vida ahora que, por fin, se hizo justicia.<\/p>\n<p><strong>Lo que sigue es parte de su testimonio.<\/strong><\/p>\n<p>Mi rutina antes de todo esto era mi trabajo y mi familia all\u00e1 en Torre\u00f3n, Coahuila.<\/p>\n<p>Estaba siempre con mis cuatro hijas, que ahorita ya tienen 15, 14, 13 y 12 a\u00f1os; fruto de mi primer matrimonio.<\/p>\n<p>Era comerciante, ten\u00eda un negocio de una boutique y un ciber.<\/p>\n<p>Aquel d\u00eda iba en la camioneta con mi esposo y mi hermano, cuando me par\u00f3 un grupo de la polic\u00eda municipal. Me dijeron que era una revisi\u00f3n de rutina.<\/p>\n<p>Se fue un polic\u00eda a hablar por radio. Dur\u00f3 mucho hablando y al regresar me dijoque se ten\u00edan que llevar a mi hermano y a mi esposo.<\/p>\n<p>Pregunt\u00e9 por qu\u00e9 y me dijo que su jefe ten\u00eda que checar algo con ellos.<\/p>\n<p>Luego me dijo que hab\u00edan recibido una llamada an\u00f3nima de que un carro blanco con hombres armados nos quer\u00edan matar. Me pregunt\u00f3 si ten\u00eda enemigos, y le dije que no.<\/p>\n<p>Entonces yo les pregunt\u00e9 que si hab\u00edan recibido esa llamada, por qu\u00e9 no hab\u00edan detenido a ese veh\u00edculo en lugar de a nosotros.<\/p>\n<p><img loading=\"lazy\" decoding=\"async\" data-attachment-id=\"50602\" data-permalink=\"https:\/\/www.grieta.org.mx\/index.php\/2020\/06\/09\/me-torturaron-sexualmente-para-obligarme-a-decir-que-era-parte-de-los-zetas-coahuila\/tortura2\/\" data-orig-file=\"https:\/\/www.grieta.org.mx\/wp-content\/uploads\/2020\/06\/tortura2.jpg\" data-orig-size=\"1280,720\" data-comments-opened=\"0\" data-image-meta=\"{&quot;aperture&quot;:&quot;0&quot;,&quot;credit&quot;:&quot;&quot;,&quot;camera&quot;:&quot;&quot;,&quot;caption&quot;:&quot;&quot;,&quot;created_timestamp&quot;:&quot;0&quot;,&quot;copyright&quot;:&quot;&quot;,&quot;focal_length&quot;:&quot;0&quot;,&quot;iso&quot;:&quot;0&quot;,&quot;shutter_speed&quot;:&quot;0&quot;,&quot;title&quot;:&quot;&quot;,&quot;orientation&quot;:&quot;0&quot;}\" data-image-title=\"tortura2\" data-image-description=\"\" data-image-caption=\"\" data-medium-file=\"https:\/\/www.grieta.org.mx\/wp-content\/uploads\/2020\/06\/tortura2-300x169.jpg\" data-large-file=\"https:\/\/www.grieta.org.mx\/wp-content\/uploads\/2020\/06\/tortura2-1024x576.jpg\" class=\"aligncenter wp-image-50602\" src=\"http:\/\/www.grieta.org.mx\/wp-content\/uploads\/2020\/06\/tortura2.jpg\" alt=\"\" width=\"800\" height=\"450\" srcset=\"https:\/\/www.grieta.org.mx\/wp-content\/uploads\/2020\/06\/tortura2.jpg 1280w, https:\/\/www.grieta.org.mx\/wp-content\/uploads\/2020\/06\/tortura2-300x169.jpg 300w, https:\/\/www.grieta.org.mx\/wp-content\/uploads\/2020\/06\/tortura2-768x432.jpg 768w, https:\/\/www.grieta.org.mx\/wp-content\/uploads\/2020\/06\/tortura2-1024x576.jpg 1024w, https:\/\/www.grieta.org.mx\/wp-content\/uploads\/2020\/06\/tortura2-889x500.jpg 889w\" sizes=\"auto, (max-width: 800px) 100vw, 800px\" \/><\/p>\n<p><strong>Al final se los llevaron, pero me dejaron acompa\u00f1arlos para esperar a que checaran con ellos.<\/strong><\/p>\n<p>Entonces, los bajaron y yo me qued\u00e9 en la camioneta. Por eso es que yo despu\u00e9s pude armar un croquis para mostrar el recorrido al lugar, porque yo iba viendo todo.<\/p>\n<p>Una o dos horas despu\u00e9s, vinieron a por m\u00ed.<\/p>\n<p><strong>Lleg\u00f3 un polic\u00eda, me golpe\u00f3, me baj\u00f3 de la camioneta y me meti\u00f3 a esa bodega en el campo de tiro (de la Direcci\u00f3n de Seguridad P\u00fablica de Torre\u00f3n).<\/strong><\/p>\n<p>Y ah\u00ed es donde sufr\u00ed toda la tortura.<\/p>\n<p><strong>Horas de brutalidad<\/strong><\/p>\n<p>Cuando yo llegu\u00e9, ya mi hermano y mi marido estaban muy golpeados.<\/p>\n<p>Aquella bodega era muy grande, all\u00ed hab\u00eda federales, militares, personas de civiles encapuchados\u2026 todos golpe\u00e1ndolos.<\/p>\n<p><strong>Les hac\u00edan preguntas y ellos dec\u00edan que no sab\u00edan nada de lo que les estaban hablando, que fueran a checar d\u00f3nde viv\u00edamos, los negocios a los que se dedicaban.<\/strong><\/p>\n<p>A mi esposo le dec\u00edan que \u00e9l trabajaba para un cartel que estaba en ese tiempo en Torre\u00f3n.<\/p>\n<p><strong>\u00c9l les dec\u00eda que no.<\/strong><\/p>\n<p>Cuando dec\u00eda que no sab\u00eda nada, lo golpeaban y le dec\u00edan que se callara.<\/p>\n<p>Y como no contestaban lo que ellos quer\u00edan, pues me hac\u00edan cosas a m\u00ed enfrente de ellos.<\/p>\n<p>Que mi hermano viera todo lo que me hicieron, fue algo muy fuerte.<\/p>\n<p>Y ver todo lo que le hac\u00edan a mi esposo, la manera en que lo mataron\u2026<\/p>\n<p>M\u00f3nica prefiere no relatar de nuevo las brutales torturas a las que fue sometida entonces, pero Amnist\u00eda Internacional recogi\u00f3 lo ocurrido en su informe de 2016 &#8220;Sobrevivir a la muerte, tortura de mujeres por polic\u00edas y fuerzas armadas en M\u00e9xico&#8221;.<\/p>\n<blockquote><p>&#8220;Bienvenida a la fiesta&#8221;, asegura M\u00f3nica que le dijo el polic\u00eda que la introdujo a la bodega, donde vio a su hermano y esposo desnudos y ensangrentados.<\/p><\/blockquote>\n<p>Los polic\u00edas le introdujeron la cabeza en una cubeta e intentaron asfixiarla con bolsas de pl\u00e1stico. La golpearon con un tabl\u00f3n de madera y la arrastraron por el suelo agarr\u00e1ndola del cabello.<\/p>\n<p>Mientras, a su esposo lo golpeaban con l\u00e1tigos con espuelas de metal y le desprend\u00edan la piel con un cuchillo.<\/p>\n<p>A ella le aplicaron descargas el\u00e9ctricas en piernas y genitales.<\/p>\n<p>Despu\u00e9s, fue violada brutalmente durante horas hasta por siete hombres frente a su esposo y su hermano, y ante la mirada de varios miembros uniformados del Ej\u00e9rcito.<\/p>\n<p><strong>Junto a su hermano, fue trasladada a Ciudad de M\u00e9xico y obligada a firmar un documento bajo amenaza de muerte a su madre e hijas.<\/strong><\/p>\n<p>M\u00e1s tarde, M\u00f3nica supo que aquello era una confesi\u00f3n de los delitos por los que ser\u00eda procesada.<\/p>\n<p>Mi esposo se me muri\u00f3 aqu\u00ed conmigo, en mis brazos. Se lo llevaron en una camioneta y ya no supe nada m\u00e1s.<\/p>\n<p>Mi mam\u00e1 me dijo que lo encontraron, que lo fueron a identificar pero que ya estaba en estado de descomposici\u00f3n porque hab\u00edan pasado muchos d\u00edas.<\/p>\n<p>No les quisieron entregar el cuerpo. Lo cremaron y nada m\u00e1s les dieron las cenizas.<\/p>\n<p>No me olvido de uno de mis aprehensores, que ten\u00eda una coronilla de plata en el diente.<\/p>\n<p>\u00c9l fue quien lleg\u00f3 a la camioneta y me empez\u00f3 a decir groser\u00edas, me jal\u00f3 el cabello, me tumb\u00f3 en el piso y me empez\u00f3 a pegar con el pu\u00f1o cerrado.<\/p>\n<p>Su rostro lo tengo grabado. Tambi\u00e9n la cara de un militar gracias al cual dejaron de golpearme.<\/p>\n<p><img loading=\"lazy\" decoding=\"async\" data-attachment-id=\"50603\" data-permalink=\"https:\/\/www.grieta.org.mx\/index.php\/2020\/06\/09\/me-torturaron-sexualmente-para-obligarme-a-decir-que-era-parte-de-los-zetas-coahuila\/esposo\/\" data-orig-file=\"https:\/\/www.grieta.org.mx\/wp-content\/uploads\/2020\/06\/ESPOSO.jpg\" data-orig-size=\"1280,720\" data-comments-opened=\"0\" data-image-meta=\"{&quot;aperture&quot;:&quot;0&quot;,&quot;credit&quot;:&quot;&quot;,&quot;camera&quot;:&quot;&quot;,&quot;caption&quot;:&quot;&quot;,&quot;created_timestamp&quot;:&quot;0&quot;,&quot;copyright&quot;:&quot;&quot;,&quot;focal_length&quot;:&quot;0&quot;,&quot;iso&quot;:&quot;0&quot;,&quot;shutter_speed&quot;:&quot;0&quot;,&quot;title&quot;:&quot;&quot;,&quot;orientation&quot;:&quot;0&quot;}\" data-image-title=\"ESPOSO\" data-image-description=\"\" data-image-caption=\"\" data-medium-file=\"https:\/\/www.grieta.org.mx\/wp-content\/uploads\/2020\/06\/ESPOSO-300x169.jpg\" data-large-file=\"https:\/\/www.grieta.org.mx\/wp-content\/uploads\/2020\/06\/ESPOSO-1024x576.jpg\" class=\"aligncenter wp-image-50603\" src=\"http:\/\/www.grieta.org.mx\/wp-content\/uploads\/2020\/06\/ESPOSO.jpg\" alt=\"\" width=\"800\" height=\"450\" srcset=\"https:\/\/www.grieta.org.mx\/wp-content\/uploads\/2020\/06\/ESPOSO.jpg 1280w, https:\/\/www.grieta.org.mx\/wp-content\/uploads\/2020\/06\/ESPOSO-300x169.jpg 300w, https:\/\/www.grieta.org.mx\/wp-content\/uploads\/2020\/06\/ESPOSO-768x432.jpg 768w, https:\/\/www.grieta.org.mx\/wp-content\/uploads\/2020\/06\/ESPOSO-1024x576.jpg 1024w, https:\/\/www.grieta.org.mx\/wp-content\/uploads\/2020\/06\/ESPOSO-889x500.jpg 889w\" sizes=\"auto, (max-width: 800px) 100vw, 800px\" \/><\/p>\n<p>Me sac\u00f3 de la bodega y me meti\u00f3 en otro cuartito. Estaba encapuchado, pero sus ojos verdes los recuerdo muy bien.<\/p>\n<p><strong>\u00c9l me quit\u00f3 la cinta caf\u00e9 gruesa con la que me hab\u00edan amarrado todo el pelo, me visti\u00f3 y pidi\u00f3 a otros dos militares que me trajeran una cobija.<\/strong><\/p>\n<p>A ellos les dijo que ya no dejaran que me llevaran. Que si alguien quer\u00eda hacerlo, que le hablaran a \u00e9l. Imagino que era como el jefe.<\/p>\n<p>Me dec\u00eda que estuviera tranquila, que ya todo hab\u00eda pasado. Que \u00e9l iba a abogar por m\u00ed y que no llorara.<\/p>\n<p><strong>Siete a\u00f1os de c\u00e1rcel<\/strong><\/p>\n<p>Con lo que pas\u00f3, me cambiaron la existencia totalmente en un d\u00eda. Siempre he dicho que todo lo que no sufr\u00ed en toda mi vida, lo sufr\u00ed en un solo d\u00eda.<\/p>\n<p>No se puede olvidar eso. Solo aprendes a vivir con ello.<\/p>\n<p>Siempre me he preguntado muchas cosas. \u00bfPor qu\u00e9 a m\u00ed, por qu\u00e9 a mi familia? Porque me cambiaron la vida en un segundo, destruyeron una familia completa.<\/p>\n<p>A lo mejor ten\u00eda que pasar algo por eso, para saber qu\u00e9 tan fuerte era. No lo s\u00e9.<\/p>\n<p><img loading=\"lazy\" decoding=\"async\" data-attachment-id=\"50604\" data-permalink=\"https:\/\/www.grieta.org.mx\/index.php\/2020\/06\/09\/me-torturaron-sexualmente-para-obligarme-a-decir-que-era-parte-de-los-zetas-coahuila\/siste\/\" data-orig-file=\"https:\/\/www.grieta.org.mx\/wp-content\/uploads\/2020\/06\/siste.jpg\" data-orig-size=\"1280,720\" data-comments-opened=\"0\" data-image-meta=\"{&quot;aperture&quot;:&quot;0&quot;,&quot;credit&quot;:&quot;&quot;,&quot;camera&quot;:&quot;&quot;,&quot;caption&quot;:&quot;&quot;,&quot;created_timestamp&quot;:&quot;0&quot;,&quot;copyright&quot;:&quot;&quot;,&quot;focal_length&quot;:&quot;0&quot;,&quot;iso&quot;:&quot;0&quot;,&quot;shutter_speed&quot;:&quot;0&quot;,&quot;title&quot;:&quot;&quot;,&quot;orientation&quot;:&quot;0&quot;}\" data-image-title=\"siste\" data-image-description=\"\" data-image-caption=\"\" data-medium-file=\"https:\/\/www.grieta.org.mx\/wp-content\/uploads\/2020\/06\/siste-300x169.jpg\" data-large-file=\"https:\/\/www.grieta.org.mx\/wp-content\/uploads\/2020\/06\/siste-1024x576.jpg\" class=\"aligncenter wp-image-50604\" src=\"http:\/\/www.grieta.org.mx\/wp-content\/uploads\/2020\/06\/siste.jpg\" alt=\"\" width=\"800\" height=\"450\" srcset=\"https:\/\/www.grieta.org.mx\/wp-content\/uploads\/2020\/06\/siste.jpg 1280w, https:\/\/www.grieta.org.mx\/wp-content\/uploads\/2020\/06\/siste-300x169.jpg 300w, https:\/\/www.grieta.org.mx\/wp-content\/uploads\/2020\/06\/siste-768x432.jpg 768w, https:\/\/www.grieta.org.mx\/wp-content\/uploads\/2020\/06\/siste-1024x576.jpg 1024w, https:\/\/www.grieta.org.mx\/wp-content\/uploads\/2020\/06\/siste-889x500.jpg 889w\" sizes=\"auto, (max-width: 800px) 100vw, 800px\" \/><\/p>\n<p>Los primeros tres a\u00f1os de mi encierro en la c\u00e1rcel fueron muy largos y dif\u00edciles.<\/p>\n<p>Fueron muy tristes, lloraba mucho. No pod\u00eda superar todo lo que hab\u00eda pasado.<\/p>\n<p>Estuve en muchas terapias con psic\u00f3logos. Dur\u00e9 mucho tiempo tomando medicamento controlado.<\/p>\n<p>De d\u00eda dorm\u00eda, ya que la noche me la pasaba llorando.<\/p>\n<p>Muchos d\u00edas ya no quer\u00eda vivir. Intent\u00e9 quitarme la vida.<\/p>\n<p>Despu\u00e9s de esos tres a\u00f1os es que puedo platicar m\u00e1s las cosas sin llorar. Antes no pod\u00eda narrar lo que hab\u00eda pasado aquel d\u00eda.<\/p>\n<p>Pero eso ya lo dej\u00e9 ah\u00ed. Aprend\u00ed a vivir con ello y a no estar pregunt\u00e1ndome todo el tiempo por qu\u00e9.<\/p>\n<p>Realmente nunca imaginas estar en una situaci\u00f3n as\u00ed.<\/p>\n<p>Era un tiempo en que la situaci\u00f3n era insegura (en Torre\u00f3n), hab\u00eda (una especie de) c\u00f3digo rojo, por el que no pod\u00edas salir despu\u00e9s de las diez de la noche.<\/p>\n<p>Pero como yo no estaba involucrada con nadie de esa gente (narcotraficantes), pues nunca pens\u00e9 que me pasara algo as\u00ed.<\/p>\n<p>Sus mayores fortalezas<\/p>\n<p>Yo pensaba que me iban a dar muchos a\u00f1os (de c\u00e1rcel), y que nunca iba a volver a salir.<\/p>\n<p>Hab\u00edan puesto tantas cosas sobre m\u00ed\u2026 \u00bfEn qu\u00e9 cabeza cabe que yo voy a secuestrar a alguien? Lloraba de coraje.<\/p>\n<p>Durante este tiempo, mi fortaleza fueron mi madre y mis hijas, a quienes dej\u00e9 bien chiquitas. La m\u00e1s peque\u00f1a ten\u00eda cuatro a\u00f1os.<\/p>\n<p><strong>Ellas pasaron por muchas cosas, porque mi caso fue expuesto. En los peri\u00f3dicos yo aparec\u00eda como &#8220;la secuestradora&#8221;, la autora de todo.<\/strong><\/p>\n<p>Mis hijas y mi madre eran se\u00f1aladas. A ella le dio un derrame cerebral, dur\u00f3 un mes en coma. Su vida le cambi\u00f3 por todo lo que vivi\u00f3 con nosotros, ya muchas cosas no las puede hacer, pero aqu\u00ed est\u00e1.<\/p>\n<p>Ellas fueron mi inspiraci\u00f3n. Yo pas\u00e9 por muchas cosas en un d\u00eda, pero ellas han pasado muchas m\u00e1s cosas en siete a\u00f1os. Si ellas pod\u00edan, yo pod\u00eda.<\/p>\n<p>A mi mam\u00e1 le dio mucha gente la espalda, pero una de las personas que me duele en el alma que lo hiciera ha sido mi padre.<\/p>\n<p>\u00c9l era mi todo. Entonces al verme en prisi\u00f3n y que dejara a mi madre sola, que haya dicho que yo no era su hija\u2026 fue algo que me doli\u00f3 mucho, que lo cargo conmigo.<\/p>\n<p>\u00bfC\u00f3mo puede creer todo lo que dice la gente, si soy su hija? Me conoce y conoce mis sentimientos, siempre dijo que ten\u00eda un coraz\u00f3n de pollo como \u00e9l.<\/p>\n<p>Me duele mucho, pero lo entiendo y pues no lo culpo. No soy una persona rencorosa.<\/p>\n<p>Quiz\u00e1 no ir\u00eda a buscarlo ahorita, pero es mi padre. Yo aqu\u00ed estoy y siempre que me necesite, voy a estar.<\/p>\n<p>Cuando me notificaron que saldr\u00eda libre, me qued\u00e9 en shock, como que no me lo cre\u00eda. Enseguida me salieron las l\u00e1grimas.<\/p>\n<p>Sobre mis planes de futuro, la verdad es que toda mi familia es comerciante y me gustar\u00eda trabajar muy duro para volver a tener mi negocio. Tambi\u00e9n me gustar\u00eda estudiar.<\/p>\n<p>Pero ahorita solo quiero estar con mi familia, mis hijas y mi madre.<\/p>\n<p>Si tuviera que dar un mensaje tras todo lo que he pasado, ser\u00eda pedir a los jueces que nunca dejen de ser humanos, que tienen que sensibilizarse.<\/p>\n<p><strong>Tienen que escuchar las voces de las mujeres, la verdad.<\/strong><\/p>\n<p>Que estudien los casos y le den la libertad a todas esas mujeres que est\u00e1n sufriendo lo mismo o m\u00e1s de lo que yo pas\u00e9, aunque muchas no alzan la voz por miedo.<\/p>\n<p>Solo puedo agradecerle mucho a mi juez que se bas\u00f3 conforme a Derecho, chec\u00f3 el expediente y vio en realidad mi inocencia, que crey\u00f3 en m\u00ed y vio que las pruebas hablaban por s\u00ed solas.<\/p>\n<p>Eso le agradezco: que por fin me haya devuelto la libertad y la tranquilidad y la paz a mi familia.<\/p>\n<p>Una investigaci\u00f3n penal por las torturas sufridas por M\u00f3nica Esparza contin\u00faa abierta en la actualidad.<\/p>\n<p>Seg\u00fan el Centro de Derechos Humanos Miguel Agust\u00edn Pro Ju\u00e1rez (Prodh), que se encarg\u00f3 de su defensa, no tienen constancia de que se haya realizado ninguna detenci\u00f3n por estos hechos.<\/p>\n<p>Hasta el momento, M\u00f3nica contin\u00faa readapt\u00e1ndose a su vida en Torre\u00f3n y no ha iniciado el proceso para poder acceder a una reparaci\u00f3n integral. Si decidiera hacerlo, su caso re\u00fane todos los requisitos para lograrla, seg\u00fan el Centro Prodh.<\/p>\n<p><strong>La organizaci\u00f3n considera este caso como &#8220;uno de los m\u00e1s emblem\u00e1ticos de violencia de g\u00e9nero generado por las propias instituciones del Estado&#8221;.<\/strong><\/p>\n<p>Por su parte, el gobierno de M\u00e9xico dijo que se trata de &#8220;un caso relevante de acceso a la justicia, la verdad y la libertad de mujeres sobrevivientes de tortura sexual y fabricaci\u00f3n de acusaciones penales falsas&#8221; y asegur\u00f3 que su Subsecretar\u00eda de Derechos Humanos seguir\u00e1 trabajando para erradicar las violencias contra ni\u00f1as y mujeres.<\/p>\n<p>En su informe de 2018 &#8220;Mujeres con la frente en alto&#8221;, el Centro Prodh public\u00f3 que desde 2014 hab\u00eda tenido conocimiento de m\u00e1s de 110 casos de mujeres sujetas a procesos penales y que hab\u00edan sufrido tortura sexual en M\u00e9xico.<\/p>\n<p><a href=\"http:\/\/www.zocalo.com.mx\/new_site\/articulo\/me-torturaron-sexualmente-para-obligarme-a-decir-que-era-parte-de-los-zetas\" target=\"_blank\" rel=\"noopener noreferrer\">http:\/\/www.zocalo.com.mx\/new_site\/articulo\/me-torturaron-sexualmente-para-obligarme-a-decir-que-era-parte-de-los-zetas<\/a><\/p>\n","protected":false},"excerpt":{"rendered":"<p>Redacci\u00f3n\/ Z\u00d3CALO La historia de M\u00f3nica, quien pas\u00f3 7 a\u00f1os injustamente encarcelada Ciudad de M\u00e9xico.- M\u00f3nica Esparza dice que todo lo que no hab\u00eda sufrido en su vida, lo sufri\u00f3 &hellip; <a href=\"https:\/\/www.grieta.org.mx\/index.php\/2020\/06\/09\/me-torturaron-sexualmente-para-obligarme-a-decir-que-era-parte-de-los-zetas-coahuila\/\" class=\"more-link\">Leer m\u00e1s<\/a><\/p>\n","protected":false},"author":2,"featured_media":50601,"comment_status":"closed","ping_status":"closed","sticky":false,"template":"","format":"standard","meta":{"ngg_post_thumbnail":0,"_jetpack_newsletter_access":"","_jetpack_dont_email_post_to_subs":false,"_jetpack_newsletter_tier_id":0,"_jetpack_memberships_contains_paywalled_content":false,"_jetpack_memberships_contains_paid_content":false,"footnotes":""},"categories":[80,419,2,1033],"tags":[3483,3486,3482,1738,3481,3479,3477,1198,3484,3480,3485,3478,3487,703],"class_list":["post-50600","post","type-post","status-publish","format-standard","has-post-thumbnail","hentry","category-cintillo","category-coahuila","category-noticias-nacionales","category-violencia-de-las-fuerzas-represivas-en-coahuila","tag-ataques-contra-la-poblacion-civil","tag-brutalidad-policiaca","tag-confesion-bajo-tortura","tag-crimenes-de-lesa-humanidad","tag-detenciones-ilegales","tag-ejercito","tag-fabricacion-de-delitos","tag-huerfanos","tag-militares","tag-mujeres-agredidas","tag-policias","tag-tortura-sexual","tag-violaciones-a-los-derechos-humanos","tag-violencia-policiaca","entry"],"jetpack_featured_media_url":"https:\/\/www.grieta.org.mx\/wp-content\/uploads\/2020\/06\/minuuu-621x354.jpg","jetpack_sharing_enabled":true,"jetpack_shortlink":"https:\/\/wp.me\/p7ZJR4-da8","jetpack_likes_enabled":false,"jetpack-related-posts":[{"id":44308,"url":"https:\/\/www.grieta.org.mx\/index.php\/2020\/02\/06\/dictaran-sentencia-a-mujer-detenida-y-torturada-tras-7-anos-en-prision-coahuila\/","url_meta":{"origin":50600,"position":0},"title":"Dictar\u00e1n sentencia a mujer detenida y torturada tras 7 a\u00f1os en prisi\u00f3n (Coahuila)","author":"grieta","date":"6 febrero, 2020","format":false,"excerpt":"Se realizar\u00e1 audiencia en caso de mujer acusada por secuestro, quien denuncia tortura EL SIGLO DE TORRE\u00d3N La audiencia que se lleva en torno al caso M\u00f3nica 'N', mujer que en el a\u00f1o 2013 fue detenida y torturada por elementos municipales en Torre\u00f3n, se efectuar\u00e1 dentro de ocho d\u00edas, en\u2026","rel":"","context":"En &quot;CINTILLO&quot;","block_context":{"text":"CINTILLO","link":"https:\/\/www.grieta.org.mx\/index.php\/category\/cintillo\/"},"img":{"alt_text":"","src":"https:\/\/i0.wp.com\/www.grieta.org.mx\/wp-content\/uploads\/2018\/03\/14524434_1106112876131411_958039263622046936_o.jpg?resize=350%2C200&ssl=1","width":350,"height":200,"srcset":"https:\/\/i0.wp.com\/www.grieta.org.mx\/wp-content\/uploads\/2018\/03\/14524434_1106112876131411_958039263622046936_o.jpg?resize=350%2C200&ssl=1 1x, https:\/\/i0.wp.com\/www.grieta.org.mx\/wp-content\/uploads\/2018\/03\/14524434_1106112876131411_958039263622046936_o.jpg?resize=525%2C300&ssl=1 1.5x, https:\/\/i0.wp.com\/www.grieta.org.mx\/wp-content\/uploads\/2018\/03\/14524434_1106112876131411_958039263622046936_o.jpg?resize=700%2C400&ssl=1 2x"},"classes":[]},{"id":30739,"url":"https:\/\/www.grieta.org.mx\/index.php\/2019\/03\/02\/se-disparan-casos-de-tortura-en-coahuila\/","url_meta":{"origin":50600,"position":1},"title":"Se disparan casos de tortura en Coahuila","author":"grieta","date":"2 marzo, 2019","format":false,"excerpt":"Arturo Estrada\/Z\u00d3CALO En algunos no se precisa la corporaci\u00f3n a la que pertenecen los presuntos responsables Saltillo, Coah.- En Coahuila, las denuncias por tortura y abuso violento de autoridad contra servidores p\u00fablicos se han disparado en los \u00faltimos a\u00f1os. En 2018 las denuncias por casos por tortura aumentaron en 84.5%,\u2026","rel":"","context":"En &quot;CINTILLO&quot;","block_context":{"text":"CINTILLO","link":"https:\/\/www.grieta.org.mx\/index.php\/category\/cintillo\/"},"img":{"alt_text":"","src":"https:\/\/i0.wp.com\/www.grieta.org.mx\/wp-content\/uploads\/2019\/03\/tortura.jpg?resize=350%2C200&ssl=1","width":350,"height":200,"srcset":"https:\/\/i0.wp.com\/www.grieta.org.mx\/wp-content\/uploads\/2019\/03\/tortura.jpg?resize=350%2C200&ssl=1 1x, https:\/\/i0.wp.com\/www.grieta.org.mx\/wp-content\/uploads\/2019\/03\/tortura.jpg?resize=525%2C300&ssl=1 1.5x"},"classes":[]},{"id":22084,"url":"https:\/\/www.grieta.org.mx\/index.php\/2018\/03\/08\/golpea-fuerza-coahuila-a-familia-y-de-paso-allanan-y-roban-en-vivienda\/","url_meta":{"origin":50600,"position":2},"title":"Golpea Fuerza Coahuila a familia y de paso allanan y roban en vivienda","author":"grieta","date":"8 marzo, 2018","format":false,"excerpt":"El Dem\u00f3crata Saltillo, Coah., 08 de marzo de 2018.- Elementos de Fuerza Coahuila golpearon a una pareja, adem\u00e1s de robarle el dinero y aparatos que llevaban consigo. Una nueva denuncia p\u00fablica por abuso de autoridad, allanamiento y privaci\u00f3n de la libertad en contra ese cuerpo polic\u00edaco fue presentada en la\u2026","rel":"","context":"En &quot;CINTILLO&quot;","block_context":{"text":"CINTILLO","link":"https:\/\/www.grieta.org.mx\/index.php\/category\/cintillo\/"},"img":{"alt_text":"","src":"https:\/\/i0.wp.com\/www.grieta.org.mx\/wp-content\/uploads\/2018\/03\/Fuerza-Coahuila-Familia.jpg?resize=350%2C200&ssl=1","width":350,"height":200,"srcset":"https:\/\/i0.wp.com\/www.grieta.org.mx\/wp-content\/uploads\/2018\/03\/Fuerza-Coahuila-Familia.jpg?resize=350%2C200&ssl=1 1x, https:\/\/i0.wp.com\/www.grieta.org.mx\/wp-content\/uploads\/2018\/03\/Fuerza-Coahuila-Familia.jpg?resize=525%2C300&ssl=1 1.5x, https:\/\/i0.wp.com\/www.grieta.org.mx\/wp-content\/uploads\/2018\/03\/Fuerza-Coahuila-Familia.jpg?resize=700%2C400&ssl=1 2x"},"classes":[]},{"id":50597,"url":"https:\/\/www.grieta.org.mx\/index.php\/2020\/06\/09\/protestan-pacificamente-para-solidarizarse-con-manifestantes-detenidos-en-torreon-coahuila\/","url_meta":{"origin":50600,"position":3},"title":"Protestan pac\u00edficamente para solidarizarse con manifestantes detenidos en Torre\u00f3n (Coahuila)","author":"grieta","date":"9 junio, 2020","format":false,"excerpt":"Exigieron que se respete el derecho a la libre expresi\u00f3n y manifestaci\u00f3n Mary V\u00e1zquez\/ EL SIGLO DE TORRE\u00d6N Simpatizantes del colectivo \"Anarkos Laguneros\" realizaron una manifestaci\u00f3n pacifica al pie de la Presidencia Municipal, en protesta por las detenciones realizadas el pasado domingo, en donde siete j\u00f3venes, entre ellos dos menores\u2026","rel":"","context":"En &quot;CINTILLO&quot;","block_context":{"text":"CINTILLO","link":"https:\/\/www.grieta.org.mx\/index.php\/category\/cintillo\/"},"img":{"alt_text":"","src":"https:\/\/i0.wp.com\/www.grieta.org.mx\/wp-content\/uploads\/2020\/06\/1315893.jpeg?resize=350%2C200&ssl=1","width":350,"height":200,"srcset":"https:\/\/i0.wp.com\/www.grieta.org.mx\/wp-content\/uploads\/2020\/06\/1315893.jpeg?resize=350%2C200&ssl=1 1x, https:\/\/i0.wp.com\/www.grieta.org.mx\/wp-content\/uploads\/2020\/06\/1315893.jpeg?resize=525%2C300&ssl=1 1.5x, https:\/\/i0.wp.com\/www.grieta.org.mx\/wp-content\/uploads\/2020\/06\/1315893.jpeg?resize=700%2C400&ssl=1 2x"},"classes":[]},{"id":22207,"url":"https:\/\/www.grieta.org.mx\/index.php\/2018\/03\/22\/fuerza-coahuila-asesina-a-golpes-dentro-de-celda-a-un-hombre-muzquiz-coahuila\/","url_meta":{"origin":50600,"position":4},"title":"Fuerza Coahuila asesina a golpes dentro de celda a un hombre (M\u00fazquiz, Coahuila)","author":"grieta","date":"22 marzo, 2018","format":false,"excerpt":"Muzquences exigen la salida de esa corporaci\u00f3n polic\u00edaca, demandan justicia. M\u00fazquiz, Coah., 22 de marzo.- El pueblo entero demando hoy la salida de Fuerza Coahuila del municipio de M\u00fazquiz tras de que un hombre de 37 a\u00f1os de edad habr\u00eda sido asesinado a golpes por elementos de esa corporaci\u00f3n con\u2026","rel":"","context":"En &quot;CINTILLO&quot;","block_context":{"text":"CINTILLO","link":"https:\/\/www.grieta.org.mx\/index.php\/category\/cintillo\/"},"img":{"alt_text":"","src":"https:\/\/i0.wp.com\/www.grieta.org.mx\/wp-content\/uploads\/2018\/03\/14524434_1106112876131411_958039263622046936_o.jpg?resize=350%2C200&ssl=1","width":350,"height":200,"srcset":"https:\/\/i0.wp.com\/www.grieta.org.mx\/wp-content\/uploads\/2018\/03\/14524434_1106112876131411_958039263622046936_o.jpg?resize=350%2C200&ssl=1 1x, https:\/\/i0.wp.com\/www.grieta.org.mx\/wp-content\/uploads\/2018\/03\/14524434_1106112876131411_958039263622046936_o.jpg?resize=525%2C300&ssl=1 1.5x, https:\/\/i0.wp.com\/www.grieta.org.mx\/wp-content\/uploads\/2018\/03\/14524434_1106112876131411_958039263622046936_o.jpg?resize=700%2C400&ssl=1 2x"},"classes":[]},{"id":60104,"url":"https:\/\/www.grieta.org.mx\/index.php\/2021\/06\/23\/asesinan-en-coahuila-al-periodista-saul-tijerina-es-el-tercer-comunicador-asesinado-en-lo-que-va-de-junio\/","url_meta":{"origin":50600,"position":5},"title":"Asesinan en Coahuila al periodista Sa\u00fal Tijerina; es el tercer comunicador asesinado en lo que va de junio","author":"grieta","date":"23 junio, 2021","format":false,"excerpt":"En lo que va del mes, han asesinado a tres periodistas en diferentes estados. La muerte m\u00e1s reciente es la de Sa\u00fal Tijerina, reportero de Coahuila, de 25 a\u00f1os. El pasado 22 de junio fue asesinado el reportero Sa\u00fal Tijerina Renter\u00eda, en Ciudad Acu\u00f1a, Coahuila, marcando el tercer asesinato contra\u2026","rel":"","context":"En &quot;CINTILLO&quot;","block_context":{"text":"CINTILLO","link":"https:\/\/www.grieta.org.mx\/index.php\/category\/cintillo\/"},"img":{"alt_text":"","src":"https:\/\/i0.wp.com\/www.grieta.org.mx\/wp-content\/uploads\/2021\/06\/cuartoscuro_783363_digital.jpeg?resize=350%2C200&ssl=1","width":350,"height":200,"srcset":"https:\/\/i0.wp.com\/www.grieta.org.mx\/wp-content\/uploads\/2021\/06\/cuartoscuro_783363_digital.jpeg?resize=350%2C200&ssl=1 1x, https:\/\/i0.wp.com\/www.grieta.org.mx\/wp-content\/uploads\/2021\/06\/cuartoscuro_783363_digital.jpeg?resize=525%2C300&ssl=1 1.5x, https:\/\/i0.wp.com\/www.grieta.org.mx\/wp-content\/uploads\/2021\/06\/cuartoscuro_783363_digital.jpeg?resize=700%2C400&ssl=1 2x, https:\/\/i0.wp.com\/www.grieta.org.mx\/wp-content\/uploads\/2021\/06\/cuartoscuro_783363_digital.jpeg?resize=1050%2C600&ssl=1 3x, https:\/\/i0.wp.com\/www.grieta.org.mx\/wp-content\/uploads\/2021\/06\/cuartoscuro_783363_digital.jpeg?resize=1400%2C800&ssl=1 4x"},"classes":[]}],"_links":{"self":[{"href":"https:\/\/www.grieta.org.mx\/index.php\/wp-json\/wp\/v2\/posts\/50600","targetHints":{"allow":["GET"]}}],"collection":[{"href":"https:\/\/www.grieta.org.mx\/index.php\/wp-json\/wp\/v2\/posts"}],"about":[{"href":"https:\/\/www.grieta.org.mx\/index.php\/wp-json\/wp\/v2\/types\/post"}],"author":[{"embeddable":true,"href":"https:\/\/www.grieta.org.mx\/index.php\/wp-json\/wp\/v2\/users\/2"}],"replies":[{"embeddable":true,"href":"https:\/\/www.grieta.org.mx\/index.php\/wp-json\/wp\/v2\/comments?post=50600"}],"version-history":[{"count":1,"href":"https:\/\/www.grieta.org.mx\/index.php\/wp-json\/wp\/v2\/posts\/50600\/revisions"}],"predecessor-version":[{"id":50607,"href":"https:\/\/www.grieta.org.mx\/index.php\/wp-json\/wp\/v2\/posts\/50600\/revisions\/50607"}],"wp:featuredmedia":[{"embeddable":true,"href":"https:\/\/www.grieta.org.mx\/index.php\/wp-json\/wp\/v2\/media\/50601"}],"wp:attachment":[{"href":"https:\/\/www.grieta.org.mx\/index.php\/wp-json\/wp\/v2\/media?parent=50600"}],"wp:term":[{"taxonomy":"category","embeddable":true,"href":"https:\/\/www.grieta.org.mx\/index.php\/wp-json\/wp\/v2\/categories?post=50600"},{"taxonomy":"post_tag","embeddable":true,"href":"https:\/\/www.grieta.org.mx\/index.php\/wp-json\/wp\/v2\/tags?post=50600"}],"curies":[{"name":"wp","href":"https:\/\/api.w.org\/{rel}","templated":true}]}}