{"id":50555,"date":"2020-05-19T10:14:46","date_gmt":"2020-05-19T15:14:46","guid":{"rendered":"http:\/\/www.grieta.org.mx\/?p=50555"},"modified":"2020-06-08T10:23:29","modified_gmt":"2020-06-08T15:23:29","slug":"fracking-en-veracruz-pone-en-alerta-a-grupos-ambientalista","status":"publish","type":"post","link":"https:\/\/www.grieta.org.mx\/index.php\/2020\/05\/19\/fracking-en-veracruz-pone-en-alerta-a-grupos-ambientalista\/","title":{"rendered":"Fracking en Veracruz pone en alerta a grupos ambientalista"},"content":{"rendered":"<p><a href=\"http:\/\/www.grieta.org.mx\/wp-content\/uploads\/2020\/06\/Screenshot_2020-06-08-Fracking-en-Veracruz-pone-en-alerta-a-grupos-ambientalista.png\"><img loading=\"lazy\" decoding=\"async\" data-attachment-id=\"50556\" data-permalink=\"https:\/\/www.grieta.org.mx\/index.php\/2020\/05\/19\/fracking-en-veracruz-pone-en-alerta-a-grupos-ambientalista\/screenshot_2020-06-08-fracking-en-veracruz-pone-en-alerta-a-grupos-ambientalista\/\" data-orig-file=\"https:\/\/www.grieta.org.mx\/wp-content\/uploads\/2020\/06\/Screenshot_2020-06-08-Fracking-en-Veracruz-pone-en-alerta-a-grupos-ambientalista.png\" data-orig-size=\"1031,579\" data-comments-opened=\"0\" data-image-meta=\"{&quot;aperture&quot;:&quot;0&quot;,&quot;credit&quot;:&quot;&quot;,&quot;camera&quot;:&quot;&quot;,&quot;caption&quot;:&quot;&quot;,&quot;created_timestamp&quot;:&quot;0&quot;,&quot;copyright&quot;:&quot;&quot;,&quot;focal_length&quot;:&quot;0&quot;,&quot;iso&quot;:&quot;0&quot;,&quot;shutter_speed&quot;:&quot;0&quot;,&quot;title&quot;:&quot;&quot;,&quot;orientation&quot;:&quot;0&quot;}\" data-image-title=\"Screenshot_2020-06-08 Fracking en Veracruz pone en alerta a grupos ambientalista\" data-image-description=\"\" data-image-caption=\"\" data-medium-file=\"https:\/\/www.grieta.org.mx\/wp-content\/uploads\/2020\/06\/Screenshot_2020-06-08-Fracking-en-Veracruz-pone-en-alerta-a-grupos-ambientalista-300x168.png\" data-large-file=\"https:\/\/www.grieta.org.mx\/wp-content\/uploads\/2020\/06\/Screenshot_2020-06-08-Fracking-en-Veracruz-pone-en-alerta-a-grupos-ambientalista-1024x575.png\" class=\"aligncenter wp-image-50556\" src=\"http:\/\/www.grieta.org.mx\/wp-content\/uploads\/2020\/06\/Screenshot_2020-06-08-Fracking-en-Veracruz-pone-en-alerta-a-grupos-ambientalista-1024x575.png\" alt=\"\" width=\"800\" height=\"449\" srcset=\"https:\/\/www.grieta.org.mx\/wp-content\/uploads\/2020\/06\/Screenshot_2020-06-08-Fracking-en-Veracruz-pone-en-alerta-a-grupos-ambientalista-1024x575.png 1024w, https:\/\/www.grieta.org.mx\/wp-content\/uploads\/2020\/06\/Screenshot_2020-06-08-Fracking-en-Veracruz-pone-en-alerta-a-grupos-ambientalista-300x168.png 300w, https:\/\/www.grieta.org.mx\/wp-content\/uploads\/2020\/06\/Screenshot_2020-06-08-Fracking-en-Veracruz-pone-en-alerta-a-grupos-ambientalista-768x431.png 768w, https:\/\/www.grieta.org.mx\/wp-content\/uploads\/2020\/06\/Screenshot_2020-06-08-Fracking-en-Veracruz-pone-en-alerta-a-grupos-ambientalista-890x500.png 890w, https:\/\/www.grieta.org.mx\/wp-content\/uploads\/2020\/06\/Screenshot_2020-06-08-Fracking-en-Veracruz-pone-en-alerta-a-grupos-ambientalista.png 1031w\" sizes=\"auto, (max-width: 800px) 100vw, 800px\" \/><\/a><\/p>\n<p>Miguel A. Cort\u00e9s \/ El Dictamen<\/p>\n<p>Fracking en Veracruz pone en alerta a grupos ambientalista. Hay proyectos en la cuenca Tampico-Misantla, al norte de la entidad.<\/p>\n<p>Asociaciones ambientalistas activaron sus alertas luego de que se dio a conocer la aprobaci\u00f3n de proyectos de fracking en la zona norte del estado de Veracruz, debido al impacto al medio ambiente y al entorno social que estas pr\u00e1cticas ocasionan a los pueblos colindantes con las zonas donde se lleva a cabo la explotaci\u00f3n de hidrocarburos.<\/p>\n<p>Las organizaciones se mostraron preocupadas a causa de los da\u00f1os que provocan las t\u00e9cnicas de fracturaci\u00f3n hidr\u00e1ulica, como el consumo elevado de agua, la contaminaci\u00f3n de aguas superficiales por derrames y accidentes, infecci\u00f3n con productos qu\u00edmicos, entre otros efectos negativos.<\/p>\n<p>De acuerdo con el peri\u00f3dico El Universal la Comisi\u00f3n de Hidrocarburos (CNH), \u00f3rgano dependiente del gobierno federal, aprob\u00f3 en 2019 siete proyectos para \u201cincorporar recurso de aceites y gas en plays (extensiones productivas) no convencionales\u201d, es decir, yacimientos que requieren pozos horizontales con fracturaci\u00f3n hidr\u00e1ulica.<\/p>\n<p>El medio de comunicaci\u00f3n tuvo acceso a diversos documentos de una investigaci\u00f3n realizada por la asociaci\u00f3n \u201cAlianza Mexicana contra el Fracking\u201d, en los cuales se informa que de los siete planes tres son nuevas exploraciones y cuatro son ampliaciones de los plazos pactados.<\/p>\n<p><a href=\"http:\/\/www.grieta.org.mx\/wp-content\/uploads\/2020\/06\/Screenshot_2020-06-08-Fracking-en-Veracruz-pone-en-alerta-a-grupos-ambientalista1.png\"><img loading=\"lazy\" decoding=\"async\" data-attachment-id=\"50557\" data-permalink=\"https:\/\/www.grieta.org.mx\/index.php\/2020\/05\/19\/fracking-en-veracruz-pone-en-alerta-a-grupos-ambientalista\/screenshot_2020-06-08-fracking-en-veracruz-pone-en-alerta-a-grupos-ambientalista1\/\" data-orig-file=\"https:\/\/www.grieta.org.mx\/wp-content\/uploads\/2020\/06\/Screenshot_2020-06-08-Fracking-en-Veracruz-pone-en-alerta-a-grupos-ambientalista1.png\" data-orig-size=\"1031,547\" data-comments-opened=\"0\" data-image-meta=\"{&quot;aperture&quot;:&quot;0&quot;,&quot;credit&quot;:&quot;&quot;,&quot;camera&quot;:&quot;&quot;,&quot;caption&quot;:&quot;&quot;,&quot;created_timestamp&quot;:&quot;0&quot;,&quot;copyright&quot;:&quot;&quot;,&quot;focal_length&quot;:&quot;0&quot;,&quot;iso&quot;:&quot;0&quot;,&quot;shutter_speed&quot;:&quot;0&quot;,&quot;title&quot;:&quot;&quot;,&quot;orientation&quot;:&quot;0&quot;}\" data-image-title=\"Screenshot_2020-06-08 Fracking en Veracruz pone en alerta a grupos ambientalista(1)\" data-image-description=\"\" data-image-caption=\"\" data-medium-file=\"https:\/\/www.grieta.org.mx\/wp-content\/uploads\/2020\/06\/Screenshot_2020-06-08-Fracking-en-Veracruz-pone-en-alerta-a-grupos-ambientalista1-300x159.png\" data-large-file=\"https:\/\/www.grieta.org.mx\/wp-content\/uploads\/2020\/06\/Screenshot_2020-06-08-Fracking-en-Veracruz-pone-en-alerta-a-grupos-ambientalista1-1024x543.png\" class=\"aligncenter wp-image-50557\" src=\"http:\/\/www.grieta.org.mx\/wp-content\/uploads\/2020\/06\/Screenshot_2020-06-08-Fracking-en-Veracruz-pone-en-alerta-a-grupos-ambientalista1-1024x543.png\" alt=\"\" width=\"800\" height=\"424\" srcset=\"https:\/\/www.grieta.org.mx\/wp-content\/uploads\/2020\/06\/Screenshot_2020-06-08-Fracking-en-Veracruz-pone-en-alerta-a-grupos-ambientalista1-1024x543.png 1024w, https:\/\/www.grieta.org.mx\/wp-content\/uploads\/2020\/06\/Screenshot_2020-06-08-Fracking-en-Veracruz-pone-en-alerta-a-grupos-ambientalista1-300x159.png 300w, https:\/\/www.grieta.org.mx\/wp-content\/uploads\/2020\/06\/Screenshot_2020-06-08-Fracking-en-Veracruz-pone-en-alerta-a-grupos-ambientalista1-768x407.png 768w, https:\/\/www.grieta.org.mx\/wp-content\/uploads\/2020\/06\/Screenshot_2020-06-08-Fracking-en-Veracruz-pone-en-alerta-a-grupos-ambientalista1-942x500.png 942w, https:\/\/www.grieta.org.mx\/wp-content\/uploads\/2020\/06\/Screenshot_2020-06-08-Fracking-en-Veracruz-pone-en-alerta-a-grupos-ambientalista1.png 1031w\" sizes=\"auto, (max-width: 800px) 100vw, 800px\" \/><\/a><\/p>\n<p>Lo anterior significa que las empresas preguntan a la CNH si pueden continuar explorando o si pueden comenzar a hacerlo en estas reservas de hidrocarburos, permisos que el organismo concedi\u00f3 pese a que, durante su toma de protesta, el 1 de diciembre de 2018, el presidente Andr\u00e9s Manuel L\u00f3pez Obrador, se comprometi\u00f3 a no permitir el fracking.<\/p>\n<p>Pemex Exploraci\u00f3n y Producci\u00f3n es la encargada de gestionar seis de los proyectos aprobados por la CNH, mientras que la s\u00e9ptima es para la empresa Operadora de Campos DWF. Las \u00e1reas est\u00e1n en la cuenca Tampico-Misantla, entre Veracruz y Puebla, y afectan m\u00e1s de mil 800 kil\u00f3metros cuadrados.<\/p>\n<p><strong>USO DESMEDIDO DEL AGUA, PRINCIPAL PREOCUPACI\u00d3N<\/strong><\/p>\n<p>Para Francisco Cravioto Lagos, integrante de La Asamblea Veracruzana de Iniciativas y Defensa Ambiental (LA VIDA), la aprobaci\u00f3n de cualquier proyecto de hidrocarburos genera una voz de alerta para las asociaciones ambientalistas, pero sobre todo para los habitantes de los territorios que ser\u00e1n da\u00f1ados por las t\u00e9cnicas de fracturaci\u00f3n hidr\u00e1ulica.<\/p>\n<p>El consumo desmedido de agua es lo que m\u00e1s preocupa a los miembros de LA VIDA, ya que un solo pozo de hidrocarburos requiere entre nueve y 29 millones de litros del vital l\u00edquido, cantidad que se multiplica exponencialmente debido a que cada proyecto de fracking incluye cientos o hasta m\u00e1s de mil excavaciones.<\/p>\n<p>\u201cEl agua que se utiliza para inyectar al subsuelo es agua de la cual se priva a la poblaci\u00f3n que, por supuesto, tiene necesidades, la primera de ellas es el agua que necesitamos para digerir, para la vida, la que necesitamos para todas nuestras actividades dom\u00e9sticas, higi\u00e9nicas, la que necesitamos para nuestros alimentos tanto de origen animal como vegetal\u201d, coment\u00f3.<\/p>\n<p>Asimismo, LA VIDA se muestra preocupada por la excesiva contaminaci\u00f3n de agua que involucran las t\u00e9cnicas de fracturaci\u00f3n hidr\u00e1ulica, debido a que el l\u00edquido que se inyecta a los pozos es contaminado con m\u00e1s de 600 sustancias qu\u00edmicas que pueden ser t\u00f3xicas e inclusive cancer\u00edgenas y que al regresar a la superficie es muy dif\u00edcil de tratar para retirarle los compuestos da\u00f1inos.<\/p>\n<p><strong>POSTURA DE AMLO NO LOS TRANQUILIZA<\/strong><\/p>\n<p>Aunque el mandatario nacional asegur\u00f3 que investigar\u00e1 si la CNH aprob\u00f3 los siete proyectos de fracking y mostr\u00f3 a favor del cuidado del medio ambiente, dicha postura no tranquiliz\u00f3 a los colectivos ambientalistas de la entidad veracruzana, que pidieron que se la fracturaci\u00f3n hidr\u00e1ulica est\u00e9 prohibida constitucionalmente.<\/p>\n<p>\u201cNos tranquilizar\u00eda mucho m\u00e1s que quedara plasmada en ley, lo que deber\u00eda haber sucedido o debe suceder es que desde la Secretar\u00eda de Energ\u00eda se origina una iniciativa de ley que el presidente pueda presentar al Congreso para que se empiece a discutir qu\u00e9 reformas se tienen que realizar en la ley de hidrocarburos para que este tipo de t\u00e9cnicas nocivas, el fracking, se encuentren prohibidas\u201d, expres\u00f3 Cravioto Lagos.<\/p>\n<p>LA VIDA exigi\u00f3 al presidente L\u00f3pez Obrador que, si realmente tiene la intenci\u00f3n de evitar el fracking presente una iniciativa para reformar la ley de hidrocarburos y se busque que los congresistas lo aprueben, ya que de lo contrario se continuar\u00e1 da\u00f1ando a los pueblos del Totonacapan en el norte de Veracruz.<\/p>\n<p><a href=\"https:\/\/www.eldictamen.mx\/noticias-de-veracruz\/boca-ver\/fracking-en-veracruz-pone-en-alerta-a-grupos-ambientalista\/\">https:\/\/www.eldictamen.mx\/noticias-de-veracruz\/boca-ver\/fracking-en-veracruz-pone-en-alerta-a-grupos-ambientalista\/<\/a><\/p>\n","protected":false},"excerpt":{"rendered":"<p>Miguel A. Cort\u00e9s \/ El Dictamen Fracking en Veracruz pone en alerta a grupos ambientalista. Hay proyectos en la cuenca Tampico-Misantla, al norte de la entidad. Asociaciones ambientalistas activaron sus &hellip; <a href=\"https:\/\/www.grieta.org.mx\/index.php\/2020\/05\/19\/fracking-en-veracruz-pone-en-alerta-a-grupos-ambientalista\/\" class=\"more-link\">Leer m\u00e1s<\/a><\/p>\n","protected":false},"author":1,"featured_media":50557,"comment_status":"closed","ping_status":"closed","sticky":false,"template":"","format":"standard","meta":{"ngg_post_thumbnail":0,"_jetpack_newsletter_access":"","_jetpack_dont_email_post_to_subs":false,"_jetpack_newsletter_tier_id":0,"_jetpack_memberships_contains_paywalled_content":false,"_jetpack_memberships_contains_paid_content":false,"footnotes":""},"categories":[80,1923,2,35],"tags":[273,1283],"class_list":["post-50555","post","type-post","status-publish","format-standard","has-post-thumbnail","hentry","category-cintillo","category-fracking-en-veracruz","category-noticias-nacionales","category-veracruz","tag-fracking","tag-rechazo-fracking","entry"],"jetpack_featured_media_url":"https:\/\/www.grieta.org.mx\/wp-content\/uploads\/2020\/06\/Screenshot_2020-06-08-Fracking-en-Veracruz-pone-en-alerta-a-grupos-ambientalista1.png","jetpack_sharing_enabled":true,"jetpack_shortlink":"https:\/\/wp.me\/p7ZJR4-d9p","jetpack_likes_enabled":false,"jetpack-related-posts":[{"id":8213,"url":"https:\/\/www.grieta.org.mx\/index.php\/2016\/03\/10\/fracking-en-veracruz\/","url_meta":{"origin":50555,"position":0},"title":"Fracking en Veracruz","author":"Admin","date":"10 marzo, 2016","format":false,"excerpt":"Desaparece el R\u00edo Atoyac, ambientalistas culpan al fracking 03\/03\/16. #Veracruz: Enorme cr\u00e1ter se \u2018traga\u2019 al R\u00edo Atoyac; ambientalistas culpan al \u2018fracking\u2019 Anonymous Hispano Oposici\u00f3n al Fracking en Veracruz 10\/03\/16. Protestan contra el fracking durante marcha UV en Poza Rica E-consulta Veracruz 03\/03\/16. Miles en Puebla y Veracruz rechazan fracking para\u2026","rel":"","context":"En &quot;Fracking&quot;","block_context":{"text":"Fracking","link":"https:\/\/www.grieta.org.mx\/index.php\/category\/megaproyectos\/fracking\/"},"img":{"alt_text":"","src":"https:\/\/i0.wp.com\/www.grieta.org.mx\/wp-content\/uploads\/2018\/03\/14524434_1106112876131411_958039263622046936_o.jpg?resize=350%2C200&ssl=1","width":350,"height":200,"srcset":"https:\/\/i0.wp.com\/www.grieta.org.mx\/wp-content\/uploads\/2018\/03\/14524434_1106112876131411_958039263622046936_o.jpg?resize=350%2C200&ssl=1 1x, https:\/\/i0.wp.com\/www.grieta.org.mx\/wp-content\/uploads\/2018\/03\/14524434_1106112876131411_958039263622046936_o.jpg?resize=525%2C300&ssl=1 1.5x, https:\/\/i0.wp.com\/www.grieta.org.mx\/wp-content\/uploads\/2018\/03\/14524434_1106112876131411_958039263622046936_o.jpg?resize=700%2C400&ssl=1 2x"},"classes":[]},{"id":53700,"url":"https:\/\/www.grieta.org.mx\/index.php\/2020\/09\/20\/mas-de-300-pozos-en-veracruz-son-perforados-con-fracking-cni\/","url_meta":{"origin":50555,"position":1},"title":"M\u00e1s de 300 pozos en Veracruz son perforados con fracking: CNI","author":"Admin","date":"20 septiembre, 2020","format":false,"excerpt":"Paco De Luna \/ Vanguardia de Veracruz Xalapa, Ver.- En el norte del estado de Veracruz hay m\u00e1s de 300 pozos con fracking y m\u00e1s de cinco mil campos petroleros que siguen derramando las aguas cong\u00e9nitas, sobre los afluentes y cultivos. Lo anterior fue dado a conocer por el integrante\u2026","rel":"","context":"En &quot;CINTILLO&quot;","block_context":{"text":"CINTILLO","link":"https:\/\/www.grieta.org.mx\/index.php\/category\/cintillo\/"},"img":{"alt_text":"","src":"https:\/\/i0.wp.com\/www.grieta.org.mx\/wp-content\/uploads\/2020\/09\/frac2.jpg?resize=350%2C200&ssl=1","width":350,"height":200,"srcset":"https:\/\/i0.wp.com\/www.grieta.org.mx\/wp-content\/uploads\/2020\/09\/frac2.jpg?resize=350%2C200&ssl=1 1x, https:\/\/i0.wp.com\/www.grieta.org.mx\/wp-content\/uploads\/2020\/09\/frac2.jpg?resize=525%2C300&ssl=1 1.5x, https:\/\/i0.wp.com\/www.grieta.org.mx\/wp-content\/uploads\/2020\/09\/frac2.jpg?resize=700%2C400&ssl=1 2x"},"classes":[]},{"id":53325,"url":"https:\/\/www.grieta.org.mx\/index.php\/2020\/08\/25\/alianza-contra-al-fracking-exige-a-amlo-no-usar-esa-tecnica-altamente-danina-veracruz\/","url_meta":{"origin":50555,"position":2},"title":"Alianza contra al \u201cfracking\u201d exige a AMLO no usar esa t\u00e9cnica altamente da\u00f1ina (Veracruz)","author":"grieta","date":"25 agosto, 2020","format":false,"excerpt":"Redacci\u00f3n \/ Vanguardia de Veracruz Poza Rica, Ver.- El gobierno federal y Petr\u00f3leos Mexicanos contin\u00faan con sus planes de realizar actividades de exploraci\u00f3n y extracci\u00f3n de hidrocarburos en la cuenca Tampico-Misantla utilizando t\u00e9cnicas da\u00f1inas para el medio ambiente y la salud p\u00fablica, como el fracking. La Alianza Mexicana contra el\u2026","rel":"","context":"En &quot;CINTILLO&quot;","block_context":{"text":"CINTILLO","link":"https:\/\/www.grieta.org.mx\/index.php\/category\/cintillo\/"},"img":{"alt_text":"","src":"https:\/\/i0.wp.com\/www.grieta.org.mx\/wp-content\/uploads\/2020\/09\/2.-POZOS-FRACKIN-2.jpg?resize=350%2C200&ssl=1","width":350,"height":200,"srcset":"https:\/\/i0.wp.com\/www.grieta.org.mx\/wp-content\/uploads\/2020\/09\/2.-POZOS-FRACKIN-2.jpg?resize=350%2C200&ssl=1 1x, https:\/\/i0.wp.com\/www.grieta.org.mx\/wp-content\/uploads\/2020\/09\/2.-POZOS-FRACKIN-2.jpg?resize=525%2C300&ssl=1 1.5x, https:\/\/i0.wp.com\/www.grieta.org.mx\/wp-content\/uploads\/2020\/09\/2.-POZOS-FRACKIN-2.jpg?resize=700%2C400&ssl=1 2x"},"classes":[]},{"id":58468,"url":"https:\/\/www.grieta.org.mx\/index.php\/2021\/04\/07\/condicionan-programas-sociales-a-comunidades-para-que-avalen-fracking-en-veracruz-tambien-hay-mas-violencia-por-industria-de-hidrocarburos\/","url_meta":{"origin":50555,"position":3},"title":"Condicionan programas sociales a comunidades para que avalen fracking en Veracruz; tambi\u00e9n hay m\u00e1s violencia por industria de hidrocarburos","author":"grieta","date":"7 abril, 2021","format":false,"excerpt":"Juan David Castilla Arcos \/ Libertad bajo palabra Juan David Castilla Arcos \/ Xalapa, Ver. La presencia de la industria de hidrocarburos en la zona norte de Veracruz ha recrudecido la violencia y las comunidades que se resisten al fracking est\u00e1n siendo amenazadas. As\u00ed lo denunci\u00f3 \u00d3scar Espino V\u00e1zquez, integrante\u2026","rel":"","context":"En &quot;CINTILLO&quot;","block_context":{"text":"CINTILLO","link":"https:\/\/www.grieta.org.mx\/index.php\/category\/cintillo\/"},"img":{"alt_text":"","src":"https:\/\/i0.wp.com\/www.grieta.org.mx\/wp-content\/uploads\/2021\/04\/Screenshot_2021-04-12-Condicionan-programas-sociales-a-comunidades-para-que-avalen-fracking-en-Veracruz-tambien-hay-mas-vi....png?resize=350%2C200&ssl=1","width":350,"height":200,"srcset":"https:\/\/i0.wp.com\/www.grieta.org.mx\/wp-content\/uploads\/2021\/04\/Screenshot_2021-04-12-Condicionan-programas-sociales-a-comunidades-para-que-avalen-fracking-en-Veracruz-tambien-hay-mas-vi....png?resize=350%2C200&ssl=1 1x, https:\/\/i0.wp.com\/www.grieta.org.mx\/wp-content\/uploads\/2021\/04\/Screenshot_2021-04-12-Condicionan-programas-sociales-a-comunidades-para-que-avalen-fracking-en-Veracruz-tambien-hay-mas-vi....png?resize=525%2C300&ssl=1 1.5x, https:\/\/i0.wp.com\/www.grieta.org.mx\/wp-content\/uploads\/2021\/04\/Screenshot_2021-04-12-Condicionan-programas-sociales-a-comunidades-para-que-avalen-fracking-en-Veracruz-tambien-hay-mas-vi....png?resize=700%2C400&ssl=1 2x"},"classes":[]},{"id":8294,"url":"https:\/\/www.grieta.org.mx\/index.php\/2015\/06\/03\/vendran-catastrofes-naturales-para-veracruz-por-fracking-denuncian\/","url_meta":{"origin":50555,"position":4},"title":"Vendr\u00e1n cat\u00e1strofes naturales para Veracruz por fracking, denuncian","author":"Admin","date":"3 junio, 2015","format":false,"excerpt":"Xalapa, Ver.- El gobierno federal junto con el estatal han metido a Veracruz en un \u201ctobog\u00e1n de cat\u00e1strofes ambientales\u201d con la explotaci\u00f3n de hidrocarburos no convencionales mediante al t\u00e9cnica del fracking en 2.2 millones de hect\u00e1reas ofertadas regaladas al gran capital principalmente extranjero, deploraron en rueda de prensa integrantes de\u2026","rel":"","context":"En &quot;CINTILLO&quot;","block_context":{"text":"CINTILLO","link":"https:\/\/www.grieta.org.mx\/index.php\/category\/cintillo\/"},"img":{"alt_text":"","src":"https:\/\/i0.wp.com\/www.grieta.org.mx\/wp-content\/uploads\/2018\/03\/14524434_1106112876131411_958039263622046936_o.jpg?resize=350%2C200&ssl=1","width":350,"height":200,"srcset":"https:\/\/i0.wp.com\/www.grieta.org.mx\/wp-content\/uploads\/2018\/03\/14524434_1106112876131411_958039263622046936_o.jpg?resize=350%2C200&ssl=1 1x, https:\/\/i0.wp.com\/www.grieta.org.mx\/wp-content\/uploads\/2018\/03\/14524434_1106112876131411_958039263622046936_o.jpg?resize=525%2C300&ssl=1 1.5x, https:\/\/i0.wp.com\/www.grieta.org.mx\/wp-content\/uploads\/2018\/03\/14524434_1106112876131411_958039263622046936_o.jpg?resize=700%2C400&ssl=1 2x"},"classes":[]},{"id":31093,"url":"https:\/\/www.grieta.org.mx\/index.php\/2019\/03\/15\/pemex-y-fracking-envenenan-a-veracruz-afirman-activistas\/","url_meta":{"origin":50555,"position":5},"title":"Pemex y fracking envenenan a Veracruz, afirman activistas","author":"grieta","date":"15 marzo, 2019","format":false,"excerpt":"Jos\u00e9 Mart\u00edn \/ Imagen del Golfo La principal amenaza de la tierra, el agua y el aire en el norte de Veracruz es la fracturaci\u00f3n hidr\u00e1ulica o tambi\u00e9n conocida como el fracking, que es un m\u00e9todo que Petr\u00f3leos Mexicanos (Pemex) utiliza para la extracci\u00f3n de hidrocarburos y el gas del\u2026","rel":"","context":"En &quot;CINTILLO&quot;","block_context":{"text":"CINTILLO","link":"https:\/\/www.grieta.org.mx\/index.php\/category\/cintillo\/"},"img":{"alt_text":"","src":"https:\/\/i0.wp.com\/www.grieta.org.mx\/wp-content\/uploads\/2019\/03\/560366_d.jpg?resize=350%2C200&ssl=1","width":350,"height":200,"srcset":"https:\/\/i0.wp.com\/www.grieta.org.mx\/wp-content\/uploads\/2019\/03\/560366_d.jpg?resize=350%2C200&ssl=1 1x, https:\/\/i0.wp.com\/www.grieta.org.mx\/wp-content\/uploads\/2019\/03\/560366_d.jpg?resize=525%2C300&ssl=1 1.5x"},"classes":[]}],"_links":{"self":[{"href":"https:\/\/www.grieta.org.mx\/index.php\/wp-json\/wp\/v2\/posts\/50555","targetHints":{"allow":["GET"]}}],"collection":[{"href":"https:\/\/www.grieta.org.mx\/index.php\/wp-json\/wp\/v2\/posts"}],"about":[{"href":"https:\/\/www.grieta.org.mx\/index.php\/wp-json\/wp\/v2\/types\/post"}],"author":[{"embeddable":true,"href":"https:\/\/www.grieta.org.mx\/index.php\/wp-json\/wp\/v2\/users\/1"}],"replies":[{"embeddable":true,"href":"https:\/\/www.grieta.org.mx\/index.php\/wp-json\/wp\/v2\/comments?post=50555"}],"version-history":[{"count":1,"href":"https:\/\/www.grieta.org.mx\/index.php\/wp-json\/wp\/v2\/posts\/50555\/revisions"}],"predecessor-version":[{"id":50558,"href":"https:\/\/www.grieta.org.mx\/index.php\/wp-json\/wp\/v2\/posts\/50555\/revisions\/50558"}],"wp:featuredmedia":[{"embeddable":true,"href":"https:\/\/www.grieta.org.mx\/index.php\/wp-json\/wp\/v2\/media\/50557"}],"wp:attachment":[{"href":"https:\/\/www.grieta.org.mx\/index.php\/wp-json\/wp\/v2\/media?parent=50555"}],"wp:term":[{"taxonomy":"category","embeddable":true,"href":"https:\/\/www.grieta.org.mx\/index.php\/wp-json\/wp\/v2\/categories?post=50555"},{"taxonomy":"post_tag","embeddable":true,"href":"https:\/\/www.grieta.org.mx\/index.php\/wp-json\/wp\/v2\/tags?post=50555"}],"curies":[{"name":"wp","href":"https:\/\/api.w.org\/{rel}","templated":true}]}}