{"id":50473,"date":"2020-05-27T19:43:21","date_gmt":"2020-05-28T00:43:21","guid":{"rendered":"http:\/\/www.grieta.org.mx\/?p=50473"},"modified":"2020-06-06T23:47:42","modified_gmt":"2020-06-07T04:47:42","slug":"activista-de-tijuana-denuncia-presunto-abuso-de-autoridad-de-policias-al-detenerlo-baja-california","status":"publish","type":"post","link":"https:\/\/www.grieta.org.mx\/index.php\/2020\/05\/27\/activista-de-tijuana-denuncia-presunto-abuso-de-autoridad-de-policias-al-detenerlo-baja-california\/","title":{"rendered":"Activista de Tijuana denuncia presunto abuso de autoridad de polic\u00edas al detenerlo (Baja California)"},"content":{"rendered":"<p>Animal Pol\u00edtico \/ Redacci\u00f3n.<\/p>\n<p>El activista fue detenido cuando realizaba actividades de recolecci\u00f3n de v\u00edveres para personas afectadas econ\u00f3micamente por la epidemia de COVID-19.<\/p>\n<p><img loading=\"lazy\" decoding=\"async\" data-attachment-id=\"50474\" data-permalink=\"https:\/\/www.grieta.org.mx\/index.php\/2020\/05\/27\/activista-de-tijuana-denuncia-presunto-abuso-de-autoridad-de-policias-al-detenerlo-baja-california\/activista-detenido-2\/\" data-orig-file=\"https:\/\/www.grieta.org.mx\/wp-content\/uploads\/2020\/06\/activista-detenido.jpg\" data-orig-size=\"959,504\" data-comments-opened=\"0\" data-image-meta=\"{&quot;aperture&quot;:&quot;0&quot;,&quot;credit&quot;:&quot;&quot;,&quot;camera&quot;:&quot;&quot;,&quot;caption&quot;:&quot;&quot;,&quot;created_timestamp&quot;:&quot;0&quot;,&quot;copyright&quot;:&quot;&quot;,&quot;focal_length&quot;:&quot;0&quot;,&quot;iso&quot;:&quot;0&quot;,&quot;shutter_speed&quot;:&quot;0&quot;,&quot;title&quot;:&quot;&quot;,&quot;orientation&quot;:&quot;1&quot;}\" data-image-title=\"activista-detenido\" data-image-description=\"\" data-image-caption=\"\" data-medium-file=\"https:\/\/www.grieta.org.mx\/wp-content\/uploads\/2020\/06\/activista-detenido-300x158.jpg\" data-large-file=\"https:\/\/www.grieta.org.mx\/wp-content\/uploads\/2020\/06\/activista-detenido.jpg\" class=\"aligncenter wp-image-50474\" src=\"http:\/\/www.grieta.org.mx\/wp-content\/uploads\/2020\/06\/activista-detenido.jpg\" alt=\"\" width=\"800\" height=\"420\" srcset=\"https:\/\/www.grieta.org.mx\/wp-content\/uploads\/2020\/06\/activista-detenido.jpg 959w, https:\/\/www.grieta.org.mx\/wp-content\/uploads\/2020\/06\/activista-detenido-300x158.jpg 300w, https:\/\/www.grieta.org.mx\/wp-content\/uploads\/2020\/06\/activista-detenido-768x404.jpg 768w, https:\/\/www.grieta.org.mx\/wp-content\/uploads\/2020\/06\/activista-detenido-951x500.jpg 951w\" sizes=\"auto, (max-width: 800px) 100vw, 800px\" \/><\/p>\n<p>El activista tijuanense Emmanuel Garc\u00eda present\u00f3 una denuncia penal contra un grupo de polic\u00edas municipales de esa localidad fronteriza que, este martes, lo arrestaron arbitrariamente cuando realizaba actividades de recolecci\u00f3n de v\u00edveres para personas afectadas econ\u00f3micamente por la epidemia de COVID-19.<\/p>\n<p>La denuncia se present\u00f3 ante la Fiscal\u00eda de justicia de Baja por abuso de autoridad y agresiones, pues durante el arresto una de las polic\u00edas lesion\u00f3 el brazo y la mano de su esposa.<\/p>\n<p>Emmanuel Garc\u00eda es presidente de la organizaci\u00f3n \u201cEs Por Tu Amor A.C.\u201d, en favor de ni\u00f1os con c\u00e1ncer, quien el lunes 25 de mayo particip\u00f3 en una conferencia de prensa con familiares de ni\u00f1os con esa enfermedad, que han venido denunciando desabasto de medicamentos en el sector salud del pa\u00eds.<\/p>\n<p>La detenci\u00f3n de Emmanuel, su esposa y dos hijos se dio poco antes de la 1 de la tarde, justo dos antes de que el activista y su hija viajaran a la Ciudad de M\u00e9xico para participar, este mi\u00e9rcoles, en una protesta para denunciar desabasto de medicamentos para el c\u00e1ncer en el sector salud.<\/p>\n<p>Los hechos se registraron en la Glorieta Cuauht\u00e9moc, Zona R\u00edo, una de las calles m\u00e1s transitadas de la ciudad, justo cuando la familia de Emmanuel solicitaba apoyo para las personas afectadas econ\u00f3micamente por la epidemia.<\/p>\n<p>\u201cLos polic\u00edas llegaron y le preguntaron a mi esposa por m\u00ed\u2026 Sin mostrar ning\u00fan tipo de orden de aprehensi\u00f3n me dijeron que los ten\u00eda que acompa\u00f1ar\u2026 No s\u00f3lo me detuvieron a m\u00ed, tambi\u00e9n esposaron a mi esposa y subieron a la patrulla a mis hijos\u201d.<\/p>\n<p>El activista y su familia estuvieron detenidos por espacio de 9 horas y liberados tras el pago de una multa.<\/p>\n<p>A decir de Emmanuel, los polic\u00edas municipales se\u00f1alaron ante el juez calificador que la detenci\u00f3n se origin\u00f3 porque este no presentaba cubrebocas, y que adem\u00e1s su esposa estaba enferma de COVID-19, lo que es falso.<\/p>\n<p>Por su parte, las autoridades de Tijuana informaron que la detenci\u00f3n se dio porque el activista no acat\u00f3 las medidas de prevenci\u00f3n, adem\u00e1s de se\u00f1alar que durante la detenci\u00f3n Emmanuel se comport\u00f3 de manera violenta y escupi\u00f3 a un polic\u00eda, en tanto su esposa presentaba s\u00edntomas de COVID-19.<\/p>\n<p><a href=\"https:\/\/www.animalpolitico.com\/2020\/05\/activista-tijuana-presunto-abuso-policias\/\" target=\"_blank\" rel=\"noopener noreferrer\">https:\/\/www.animalpolitico.com\/2020\/05\/activista-tijuana-presunto-abuso-policias\/<\/a><\/p>\n","protected":false},"excerpt":{"rendered":"<p>Animal Pol\u00edtico \/ Redacci\u00f3n. El activista fue detenido cuando realizaba actividades de recolecci\u00f3n de v\u00edveres para personas afectadas econ\u00f3micamente por la epidemia de COVID-19. El activista tijuanense Emmanuel Garc\u00eda present\u00f3 &hellip; <a href=\"https:\/\/www.grieta.org.mx\/index.php\/2020\/05\/27\/activista-de-tijuana-denuncia-presunto-abuso-de-autoridad-de-policias-al-detenerlo-baja-california\/\" class=\"more-link\">Leer m\u00e1s<\/a><\/p>\n","protected":false},"author":2,"featured_media":50474,"comment_status":"closed","ping_status":"closed","sticky":false,"template":"","format":"standard","meta":{"ngg_post_thumbnail":0,"_jetpack_newsletter_access":"","_jetpack_dont_email_post_to_subs":false,"_jetpack_newsletter_tier_id":0,"_jetpack_memberships_contains_paywalled_content":false,"_jetpack_memberships_contains_paid_content":false,"footnotes":""},"categories":[5,3451,80,2],"tags":[],"class_list":["post-50473","post","type-post","status-publish","format-standard","has-post-thumbnail","hentry","category-baja-california","category-brutalidad-policiaca-en-baja-california","category-cintillo","category-noticias-nacionales","entry"],"jetpack_featured_media_url":"https:\/\/www.grieta.org.mx\/wp-content\/uploads\/2020\/06\/activista-detenido.jpg","jetpack_sharing_enabled":true,"jetpack_shortlink":"https:\/\/wp.me\/p7ZJR4-d85","jetpack_likes_enabled":false,"jetpack-related-posts":[{"id":25010,"url":"https:\/\/www.grieta.org.mx\/index.php\/2018\/07\/19\/continua-detenido-activista-de-mexicali-resiste-por-supuestas-lesiones-calificadas-a-un-guardia-de-seguridad-baja-california\/","url_meta":{"origin":50473,"position":0},"title":"Contin\u00faa detenido activista de Mexicali Resiste por supuestas lesiones calificadas a un guardia de seguridad (Baja California)","author":"grieta","date":"19 julio, 2018","format":false,"excerpt":"Antonio Heras Mexicali.- El activista mexicalense Jorge Ben\u00edtez se encuentra detenido en las instalaciones de la Procuradur\u00eda General de Justicia de Baja California acusado de lesiones calificadas de un guardia de seguridad. Ben\u00edtez, integrante de Mexicali Resiste, fue arrestado este mi\u00e9rcoles a las 13:35 horas en el Palacio Municipal de\u2026","rel":"","context":"En &quot;Baja California&quot;","block_context":{"text":"Baja California","link":"https:\/\/www.grieta.org.mx\/index.php\/category\/noticias-nacionales\/baja-california\/"},"img":{"alt_text":"","src":"https:\/\/i0.wp.com\/www.grieta.org.mx\/wp-content\/uploads\/2018\/07\/fb_img_1532023846739896507375.jpg?resize=350%2C200&ssl=1","width":350,"height":200,"srcset":"https:\/\/i0.wp.com\/www.grieta.org.mx\/wp-content\/uploads\/2018\/07\/fb_img_1532023846739896507375.jpg?resize=350%2C200&ssl=1 1x, https:\/\/i0.wp.com\/www.grieta.org.mx\/wp-content\/uploads\/2018\/07\/fb_img_1532023846739896507375.jpg?resize=525%2C300&ssl=1 1.5x"},"classes":[]},{"id":8128,"url":"https:\/\/www.grieta.org.mx\/index.php\/2015\/12\/22\/represion-a-indigenas-kumiai\/","url_meta":{"origin":50473,"position":1},"title":"Represi\u00f3n a ind\u00edgenas kumiai","author":"grieta","date":"22 diciembre, 2015","format":false,"excerpt":"22\/12\/15. Denuncia Aurora Meza a polic\u00edas de Tecate por abuso de autoridad Plex Mx 09\/03\/15. La lucha kumiai apenas comienza: Aurora Meza La Jornada BC 09\/03\/15. Instalan plant\u00f3n para pedir que no se apele libertad de Aurora Meza La Jornada BC","rel":"","context":"En &quot;27. Kumiais&quot;","block_context":{"text":"27. Kumiais","link":"https:\/\/www.grieta.org.mx\/index.php\/category\/espejos-de-la-resistencia\/27-kumiais\/"},"img":{"alt_text":"","src":"https:\/\/i0.wp.com\/www.grieta.org.mx\/wp-content\/uploads\/2018\/03\/14524434_1106112876131411_958039263622046936_o.jpg?resize=350%2C200&ssl=1","width":350,"height":200,"srcset":"https:\/\/i0.wp.com\/www.grieta.org.mx\/wp-content\/uploads\/2018\/03\/14524434_1106112876131411_958039263622046936_o.jpg?resize=350%2C200&ssl=1 1x, https:\/\/i0.wp.com\/www.grieta.org.mx\/wp-content\/uploads\/2018\/03\/14524434_1106112876131411_958039263622046936_o.jpg?resize=525%2C300&ssl=1 1.5x, https:\/\/i0.wp.com\/www.grieta.org.mx\/wp-content\/uploads\/2018\/03\/14524434_1106112876131411_958039263622046936_o.jpg?resize=700%2C400&ssl=1 2x"},"classes":[]},{"id":67860,"url":"https:\/\/www.grieta.org.mx\/index.php\/2023\/09\/23\/denuncian-agresion-por-parte-de-policias-municipales-a-integrante-de-colectivo-de-busqueda-baja-california\/","url_meta":{"origin":50473,"position":2},"title":"Denuncian agresi\u00f3n por parte de Polic\u00edas Municipales a integrante de colectivo de b\u00fasqueda (Baja California)","author":"grieta","date":"23 septiembre, 2023","format":false,"excerpt":"Imagen: Archivo, \u00c1ngeles Garc\u00eda Juan Miguel Hern\u00e1ndez \/ El Sol de Tijuana Tijuana.- Colectivos de b\u00fasqueda denunciaron agresiones f\u00edsicas en contra de Valeria Mart\u00ednez, integrante del grupo \u201cArmadillos: Ni un Migrante Menos\u201d, presuntamente a manos de Polic\u00edas Municipales. De acuerdo a la activista Livvy M\u00e1rquez, la agresi\u00f3n a mano de\u2026","rel":"","context":"En &quot;Baja California&quot;","block_context":{"text":"Baja California","link":"https:\/\/www.grieta.org.mx\/index.php\/category\/noticias-nacionales\/baja-california\/"},"img":{"alt_text":"","src":"https:\/\/i0.wp.com\/www.grieta.org.mx\/wp-content\/uploads\/2023\/10\/Policia-Municipal.jpg?resize=350%2C200&ssl=1","width":350,"height":200,"srcset":"https:\/\/i0.wp.com\/www.grieta.org.mx\/wp-content\/uploads\/2023\/10\/Policia-Municipal.jpg?resize=350%2C200&ssl=1 1x, https:\/\/i0.wp.com\/www.grieta.org.mx\/wp-content\/uploads\/2023\/10\/Policia-Municipal.jpg?resize=525%2C300&ssl=1 1.5x, https:\/\/i0.wp.com\/www.grieta.org.mx\/wp-content\/uploads\/2023\/10\/Policia-Municipal.jpg?resize=700%2C400&ssl=1 2x"},"classes":[]},{"id":53821,"url":"https:\/\/www.grieta.org.mx\/index.php\/2020\/09\/26\/asesinan-a-daniel-sotelo-cunado-del-activista-oscar-eyraud-en-tecate-baja-california\/","url_meta":{"origin":50473,"position":3},"title":"Asesinan a Daniel Sotelo, cu\u00f1ado del activista \u00d3scar Eyraud, en Tecate, Baja California","author":"grieta","date":"26 septiembre, 2020","format":false,"excerpt":"Animal Pol\u00edtico \/ Por Redacci\u00f3n. Cuartoscuro. Autoridades en Baja California confirmaron el asesinato en Tecate de Daniel Sotelo, cu\u00f1ado del asesinado activista \u00d3scar Eyraud Adams. El segundo crimen ocurri\u00f3 un d\u00eda despu\u00e9s del asesinato de \u00d3scar Eyraud a manos de un grupo armado. El crimen de Sotelo, de 32 a\u00f1os\u2026","rel":"","context":"En &quot;Baja California&quot;","block_context":{"text":"Baja California","link":"https:\/\/www.grieta.org.mx\/index.php\/category\/noticias-nacionales\/baja-california\/"},"img":{"alt_text":"","src":"https:\/\/i0.wp.com\/www.grieta.org.mx\/wp-content\/uploads\/2020\/09\/a-5.jpg?resize=350%2C200&ssl=1","width":350,"height":200,"srcset":"https:\/\/i0.wp.com\/www.grieta.org.mx\/wp-content\/uploads\/2020\/09\/a-5.jpg?resize=350%2C200&ssl=1 1x, https:\/\/i0.wp.com\/www.grieta.org.mx\/wp-content\/uploads\/2020\/09\/a-5.jpg?resize=525%2C300&ssl=1 1.5x, https:\/\/i0.wp.com\/www.grieta.org.mx\/wp-content\/uploads\/2020\/09\/a-5.jpg?resize=700%2C400&ssl=1 2x"},"classes":[]},{"id":22763,"url":"https:\/\/www.grieta.org.mx\/index.php\/2018\/04\/22\/liberan-a-activista-de-mexicali-resiste-que-enfrentara-juicio-de-ultrajes-a-la-autoridad-con-medidas-cautelares-baja-california\/","url_meta":{"origin":50473,"position":4},"title":"Liberan a activista de Mexicali Resiste que enfrentar\u00e1 juicio de ultrajes a la autoridad con medidas cautelares (Baja California)","author":"grieta","date":"22 abril, 2018","format":false,"excerpt":"Antonio Heras Mexicali Integrantes de organizaciones por la defensa del agua de Baja California, entre ellas Mexicali Resiste, protestaron por la detenci\u00f3n del activista Gerardo Dur\u00e1n Gum\u00e1n por el delito de ultrajes quien fue liberado para enfrentar juicio con medidas cautelares. Durante la ma\u00f1ana del domingo 22 de abril, alrededor\u2026","rel":"","context":"En &quot;Baja California&quot;","block_context":{"text":"Baja California","link":"https:\/\/www.grieta.org.mx\/index.php\/category\/noticias-nacionales\/baja-california\/"},"img":{"alt_text":"","src":"https:\/\/i0.wp.com\/www.grieta.org.mx\/wp-content\/uploads\/2018\/04\/fb_img_1524421044511905323073.jpg?resize=350%2C200&ssl=1","width":350,"height":200,"srcset":"https:\/\/i0.wp.com\/www.grieta.org.mx\/wp-content\/uploads\/2018\/04\/fb_img_1524421044511905323073.jpg?resize=350%2C200&ssl=1 1x, https:\/\/i0.wp.com\/www.grieta.org.mx\/wp-content\/uploads\/2018\/04\/fb_img_1524421044511905323073.jpg?resize=525%2C300&ssl=1 1.5x"},"classes":[]},{"id":6913,"url":"https:\/\/www.grieta.org.mx\/index.php\/2016\/08\/17\/tortura-en-baja-california\/","url_meta":{"origin":50473,"position":5},"title":"Abuso polic\u00edaco y tortura en Baja California","author":"grieta","date":"17 agosto, 2016","format":false,"excerpt":"17\/08\/16. CEDH emite recomendaci\u00f3n contra ministeriales torturadores en BC La Jornada Baja California 06\/08\/16. Pese al NSJP contin\u00faan pr\u00e1cticas de tortura: CEDH BC Unimexicali 06\/08\/16. Recomienda CEDH al Ayuntamiento por muerte de un hombre La Jornada Baja California 14\/07\/16. Casi 50 quejas contra tortura de polic\u00edas de BC en lo\u2026","rel":"","context":"En &quot;Baja California&quot;","block_context":{"text":"Baja California","link":"https:\/\/www.grieta.org.mx\/index.php\/category\/noticias-nacionales\/baja-california\/"},"img":{"alt_text":"","src":"https:\/\/i0.wp.com\/www.grieta.org.mx\/wp-content\/uploads\/2018\/03\/14524434_1106112876131411_958039263622046936_o.jpg?resize=350%2C200&ssl=1","width":350,"height":200,"srcset":"https:\/\/i0.wp.com\/www.grieta.org.mx\/wp-content\/uploads\/2018\/03\/14524434_1106112876131411_958039263622046936_o.jpg?resize=350%2C200&ssl=1 1x, https:\/\/i0.wp.com\/www.grieta.org.mx\/wp-content\/uploads\/2018\/03\/14524434_1106112876131411_958039263622046936_o.jpg?resize=525%2C300&ssl=1 1.5x, https:\/\/i0.wp.com\/www.grieta.org.mx\/wp-content\/uploads\/2018\/03\/14524434_1106112876131411_958039263622046936_o.jpg?resize=700%2C400&ssl=1 2x"},"classes":[]}],"_links":{"self":[{"href":"https:\/\/www.grieta.org.mx\/index.php\/wp-json\/wp\/v2\/posts\/50473","targetHints":{"allow":["GET"]}}],"collection":[{"href":"https:\/\/www.grieta.org.mx\/index.php\/wp-json\/wp\/v2\/posts"}],"about":[{"href":"https:\/\/www.grieta.org.mx\/index.php\/wp-json\/wp\/v2\/types\/post"}],"author":[{"embeddable":true,"href":"https:\/\/www.grieta.org.mx\/index.php\/wp-json\/wp\/v2\/users\/2"}],"replies":[{"embeddable":true,"href":"https:\/\/www.grieta.org.mx\/index.php\/wp-json\/wp\/v2\/comments?post=50473"}],"version-history":[{"count":1,"href":"https:\/\/www.grieta.org.mx\/index.php\/wp-json\/wp\/v2\/posts\/50473\/revisions"}],"predecessor-version":[{"id":50475,"href":"https:\/\/www.grieta.org.mx\/index.php\/wp-json\/wp\/v2\/posts\/50473\/revisions\/50475"}],"wp:featuredmedia":[{"embeddable":true,"href":"https:\/\/www.grieta.org.mx\/index.php\/wp-json\/wp\/v2\/media\/50474"}],"wp:attachment":[{"href":"https:\/\/www.grieta.org.mx\/index.php\/wp-json\/wp\/v2\/media?parent=50473"}],"wp:term":[{"taxonomy":"category","embeddable":true,"href":"https:\/\/www.grieta.org.mx\/index.php\/wp-json\/wp\/v2\/categories?post=50473"},{"taxonomy":"post_tag","embeddable":true,"href":"https:\/\/www.grieta.org.mx\/index.php\/wp-json\/wp\/v2\/tags?post=50473"}],"curies":[{"name":"wp","href":"https:\/\/api.w.org\/{rel}","templated":true}]}}