{"id":50468,"date":"2020-06-01T20:31:15","date_gmt":"2020-06-02T01:31:15","guid":{"rendered":"http:\/\/www.grieta.org.mx\/?p=50468"},"modified":"2020-06-06T23:34:45","modified_gmt":"2020-06-07T04:34:45","slug":"pese-a-que-hay-unas-500-personas-desaparecidas-murat-no-nombra-titular-para-busqueda-oaxaca","status":"publish","type":"post","link":"https:\/\/www.grieta.org.mx\/index.php\/2020\/06\/01\/pese-a-que-hay-unas-500-personas-desaparecidas-murat-no-nombra-titular-para-busqueda-oaxaca\/","title":{"rendered":"Pese a que hay unas 500 personas desaparecidas; Murat no nombra titular para b\u00fasqueda (Oaxaca)"},"content":{"rendered":"<p>P\u00e1gina 3 \/ Pedro Mat\u00edas.<\/p>\n<p><img loading=\"lazy\" decoding=\"async\" data-attachment-id=\"50469\" data-permalink=\"https:\/\/www.grieta.org.mx\/index.php\/2020\/06\/01\/pese-a-que-hay-unas-500-personas-desaparecidas-murat-no-nombra-titular-para-busqueda-oaxaca\/personas-desaparecidas\/\" data-orig-file=\"https:\/\/www.grieta.org.mx\/wp-content\/uploads\/2020\/06\/personas-desaparecidas.jpg\" data-orig-size=\"720,480\" data-comments-opened=\"0\" data-image-meta=\"{&quot;aperture&quot;:&quot;5&quot;,&quot;credit&quot;:&quot;&quot;,&quot;camera&quot;:&quot;Canon EOS 5D Mark III&quot;,&quot;caption&quot;:&quot;&quot;,&quot;created_timestamp&quot;:&quot;1556446217&quot;,&quot;copyright&quot;:&quot;&quot;,&quot;focal_length&quot;:&quot;24&quot;,&quot;iso&quot;:&quot;100&quot;,&quot;shutter_speed&quot;:&quot;0.02&quot;,&quot;title&quot;:&quot;&quot;,&quot;orientation&quot;:&quot;1&quot;}\" data-image-title=\"personas-desaparecidas\" data-image-description=\"\" data-image-caption=\"\" data-medium-file=\"https:\/\/www.grieta.org.mx\/wp-content\/uploads\/2020\/06\/personas-desaparecidas-300x200.jpg\" data-large-file=\"https:\/\/www.grieta.org.mx\/wp-content\/uploads\/2020\/06\/personas-desaparecidas.jpg\" class=\"aligncenter wp-image-50469\" src=\"http:\/\/www.grieta.org.mx\/wp-content\/uploads\/2020\/06\/personas-desaparecidas.jpg\" alt=\"\" width=\"800\" height=\"533\" srcset=\"https:\/\/www.grieta.org.mx\/wp-content\/uploads\/2020\/06\/personas-desaparecidas.jpg 720w, https:\/\/www.grieta.org.mx\/wp-content\/uploads\/2020\/06\/personas-desaparecidas-300x200.jpg 300w\" sizes=\"auto, (max-width: 800px) 100vw, 800px\" \/><\/p>\n<p>OAXACA, Oax. (pagina3.mx).- A seis meses de que se public\u00f3 la Ley en Materia de Desaparici\u00f3n de Personas para el Estado de Oaxaca, el gobernador Alejandro Murat Hinojosa no ha enviado ninguna terna para elegir al titular, lo que fue calificado como una burla por los colectivos que sostienen que en la entidad hay alrededor de 500 personas desaparecidas.<\/p>\n<p>Mediante un punto de acuerdo presentado ante la Diputaci\u00f3n Permanente, la diputada local de Morena, Laura Estrada Mauro, solicit\u00f3 al gobernador de Oaxaca, Alejandro Murat Hinojosa, comenzar, de manera inmediata, el procedimiento de selecci\u00f3n de la terna para elegir al o la titular de la Comisi\u00f3n Local de B\u00fasqueda de Personas.<\/p>\n<p>Mencion\u00f3 que la Comisi\u00f3n debi\u00f3 comenzar sus funciones el d\u00eda 16 de abril de 2018, seg\u00fan lo establecido en la Ley General en Materia de Desaparici\u00f3n Forzada de Personas, Desaparici\u00f3n Cometida por Particulares y el Sistema Nacional de B\u00fasqueda de Personas.<\/p>\n<p>Sin embargo, fue hasta el 12 de septiembre e 2019 cuando el Congreso Local impuls\u00f3 la Ley en Materia de Desaparici\u00f3n de Personas para el Estado de Oaxaca, misma que fue aprobada y publicada completamente el 15 de noviembre del 2019 en el Peri\u00f3dico Oficial del Estado.<\/p>\n<p>Aunque se le dio un plazo al gobernador, el cual venci\u00f3 el 30 de noviembre de 2019, para tener lista la terna de aspirantes al cargo de Comisionado Estatal de B\u00fasqueda, es la fecha en que no ha enviado nada.<\/p>\n<p>\u201cEs decir, han transcurrido seis meses sin avances en materia de desaparici\u00f3n forzada en el estado, constituyendo una violaci\u00f3n grave al contenido de una Ley General de observancia obligatoria\u201d, lament\u00f3 la congresista.<\/p>\n<p>De acuerdo con la Ley aprobada por la LXIV Legislatura, el o la titular de la Comisi\u00f3n, ser\u00e1 electo por las dos terceras partes de los miembros presentes del Congreso del Estado, de la terna que envi\u00e9 el mandatario estatal, previa consulta a los colectivos de familiares, expertos y organizaciones de la sociedad civil especiadas en la materia mediante una convocatoria emitida por el Ejecutivo.<\/p>\n<p>Estrada Mauro, se\u00f1al\u00f3 que es urgente hacer cumplir la Ley. Puso como ejemplo la reciente movilizaci\u00f3n hecha por familiares y amigos de tres j\u00f3venes desaparecidas en San Juan Bautista Tuxtepec, los cuales, exigieron a los tres niveles de gobierno justicia, seguridad y localizar a las v\u00edctimas<\/p>\n<p>Ante dicha omisi\u00f3n, llam\u00f3 al titular del Poder Ejecutivo, Alejandro Murat, a que de manera inmediata inicie el procedimiento de la selecci\u00f3n de la terna para elegir al Comisionado de B\u00fasqueda en t\u00e9rminos de la Ley en Materia de Desaparici\u00f3n de Personas para el Estado de Oaxaca, por tratarse de un tema de orden p\u00fablico, urgente y de inter\u00e9s general.<\/p>\n<p>Por su parte, el representante de Colectivo Oaxaque\u00f1os Unidos Exigiendo Justicia, Francisco Gonz\u00e1lez D\u00edaz, calific\u00f3 como una burla que se desde\u00f1e la b\u00fasqueda de personas que desde la d\u00e9cada de los 80\u00b4s a la fecha suman alrededor de 500 personas; que el gobernador y el Fiscal Rub\u00e9n Vasconcelos M\u00e9ndez les nieguen el derecho de audiencia y que no existan avances en las investigaciones sobre esta problem\u00e1tica.<\/p>\n<p>Por el contrario, el Vicefiscal en casos de desaparici\u00f3n forzada, Jes\u00fas Rodr\u00edguez Cruz, ha dado a conocer que solo en 2019 hay 18 personas por localizar.<\/p>\n<p>Mientras que en 2018 existen 30 personas como desaparecidas y 19 en 2019, cifras poco confiables porque utilizan t\u00e9rminos como no localizados o reportadas como desaparecidas para confundir como pasa en los feminicidios y homicidios dolosos de mujeres.<\/p>\n<p><a href=\"https:\/\/pagina3.mx\/2020\/06\/pese-a-que-hay-unas-500-personas-desaparecidas-murat-no-nombra-titular-para-busqueda\/\" target=\"_blank\" rel=\"noopener noreferrer\">https:\/\/pagina3.mx\/2020\/06\/pese-a-que-hay-unas-500-personas-desaparecidas-murat-no-nombra-titular-para-busqueda\/<\/a><\/p>\n","protected":false},"excerpt":{"rendered":"<p>P\u00e1gina 3 \/ Pedro Mat\u00edas. OAXACA, Oax. (pagina3.mx).- A seis meses de que se public\u00f3 la Ley en Materia de Desaparici\u00f3n de Personas para el Estado de Oaxaca, el gobernador &hellip; <a href=\"https:\/\/www.grieta.org.mx\/index.php\/2020\/06\/01\/pese-a-que-hay-unas-500-personas-desaparecidas-murat-no-nombra-titular-para-busqueda-oaxaca\/\" class=\"more-link\">Leer m\u00e1s<\/a><\/p>\n","protected":false},"author":2,"featured_media":50469,"comment_status":"closed","ping_status":"closed","sticky":false,"template":"","format":"standard","meta":{"ngg_post_thumbnail":0,"_jetpack_newsletter_access":"","_jetpack_dont_email_post_to_subs":false,"_jetpack_newsletter_tier_id":0,"_jetpack_memberships_contains_paywalled_content":false,"_jetpack_memberships_contains_paid_content":false,"footnotes":""},"categories":[80,2832,2,25],"tags":[],"class_list":["post-50468","post","type-post","status-publish","format-standard","has-post-thumbnail","hentry","category-cintillo","category-desaparecidos-en-oaxaca","category-noticias-nacionales","category-oaxaca","entry"],"jetpack_featured_media_url":"https:\/\/www.grieta.org.mx\/wp-content\/uploads\/2020\/06\/personas-desaparecidas.jpg","jetpack_sharing_enabled":true,"jetpack_shortlink":"https:\/\/wp.me\/p7ZJR4-d80","jetpack_likes_enabled":false,"jetpack-related-posts":[{"id":50987,"url":"https:\/\/www.grieta.org.mx\/index.php\/2020\/06\/16\/desaparecen-118-mujeres-en-el-2020-el-60-ocurrio-en-contingencia-por-covid-19-oaxaca\/","url_meta":{"origin":50468,"position":0},"title":"Desaparecen 118 mujeres en el 2020; el 60% ocurri\u00f3 en contingencia por Covid-19 (Oaxaca)","author":"grieta","date":"16 junio, 2020","format":false,"excerpt":"P\u00e1gina 3 \/ Pedro Mat\u00edas. En el gobierno de Alejandro Murat van 800 casos de mujeres desaparecidas. OAXACA, Oax.- En el gobierno del priista Alejandro Murat Hinojosa se han registrado 800 casos de desapariciones de mujeres, de los cuales 118 se han denunciado en lo que va del 2020, seg\u00fan\u2026","rel":"","context":"En &quot;CINTILLO&quot;","block_context":{"text":"CINTILLO","link":"https:\/\/www.grieta.org.mx\/index.php\/category\/cintillo\/"},"img":{"alt_text":"","src":"https:\/\/i0.wp.com\/www.grieta.org.mx\/wp-content\/uploads\/2018\/03\/14524434_1106112876131411_958039263622046936_o.jpg?resize=350%2C200&ssl=1","width":350,"height":200,"srcset":"https:\/\/i0.wp.com\/www.grieta.org.mx\/wp-content\/uploads\/2018\/03\/14524434_1106112876131411_958039263622046936_o.jpg?resize=350%2C200&ssl=1 1x, https:\/\/i0.wp.com\/www.grieta.org.mx\/wp-content\/uploads\/2018\/03\/14524434_1106112876131411_958039263622046936_o.jpg?resize=525%2C300&ssl=1 1.5x, https:\/\/i0.wp.com\/www.grieta.org.mx\/wp-content\/uploads\/2018\/03\/14524434_1106112876131411_958039263622046936_o.jpg?resize=700%2C400&ssl=1 2x"},"classes":[]},{"id":33867,"url":"https:\/\/www.grieta.org.mx\/index.php\/2019\/05\/23\/ejecutan-a-otra-mujer-mientras-murat-presidia-reunion-de-seguridad-en-juchitan-suman-10-en-los-ultimos-8-dias-oaxaca\/","url_meta":{"origin":50468,"position":1},"title":"Ejecutan a otra mujer, mientras Murat presid\u00eda reuni\u00f3n de seguridad en Juchit\u00e1n; suman 10 en los \u00faltimos 8 d\u00edas (Oaxaca)","author":"grieta","date":"23 mayo, 2019","format":false,"excerpt":"P\u00e1gina 3. Pedro Mat\u00edas, OAXACA, Oax. (pagina3.mx).- Ejecutan a otra mujer en el Istmo de Tehuantepec, mientras el Gobernador presid\u00eda una reuni\u00f3n de seguridad. El gobernador Alejandro Murat Hinojosa inauguraba adem\u00e1s el sistema de videovigilancia en Juchit\u00e1n, cuando ocurri\u00f3 una nueva balacera. El hecho dej\u00f3 una mujer muerta y dos\u2026","rel":"","context":"En &quot;CINTILLO&quot;","block_context":{"text":"CINTILLO","link":"https:\/\/www.grieta.org.mx\/index.php\/category\/cintillo\/"},"img":{"alt_text":"","src":"https:\/\/i0.wp.com\/www.grieta.org.mx\/wp-content\/uploads\/2019\/05\/FEMINICIDIO-1.jpg?resize=350%2C200&ssl=1","width":350,"height":200,"srcset":"https:\/\/i0.wp.com\/www.grieta.org.mx\/wp-content\/uploads\/2019\/05\/FEMINICIDIO-1.jpg?resize=350%2C200&ssl=1 1x, https:\/\/i0.wp.com\/www.grieta.org.mx\/wp-content\/uploads\/2019\/05\/FEMINICIDIO-1.jpg?resize=525%2C300&ssl=1 1.5x, https:\/\/i0.wp.com\/www.grieta.org.mx\/wp-content\/uploads\/2019\/05\/FEMINICIDIO-1.jpg?resize=700%2C400&ssl=1 2x"},"classes":[]},{"id":38134,"url":"https:\/\/www.grieta.org.mx\/index.php\/2019\/08\/21\/consorcio-oaxaca-registra-334-feminicidios-desde-que-alejandro-murat-gobierna\/","url_meta":{"origin":50468,"position":2},"title":"Consorcio Oaxaca registra 334 feminicidios desde que Alejandro Murat gobierna","author":"grieta","date":"21 agosto, 2019","format":false,"excerpt":"Redacci\u00f3n \/ P\u00e1gina 3. Seg\u00fan la organizaci\u00f3n no gubernamental Consorcio Oaxaca, 334 feminicidios han ido perpetrados en la administraci\u00f3n del gobernador Alejandro Murat Hinojosa, 88 de esos fueron hasta mitad de agosto de este 2019. De los 334 que calcula Consorcio, 119 asesinatos a mujeres por raz\u00f3n de g\u00e9nero sucedieron\u2026","rel":"","context":"En &quot;CINTILLO&quot;","block_context":{"text":"CINTILLO","link":"https:\/\/www.grieta.org.mx\/index.php\/category\/cintillo\/"},"img":{"alt_text":"","src":"https:\/\/i0.wp.com\/www.grieta.org.mx\/wp-content\/uploads\/2018\/03\/14524434_1106112876131411_958039263622046936_o.jpg?resize=350%2C200&ssl=1","width":350,"height":200,"srcset":"https:\/\/i0.wp.com\/www.grieta.org.mx\/wp-content\/uploads\/2018\/03\/14524434_1106112876131411_958039263622046936_o.jpg?resize=350%2C200&ssl=1 1x, https:\/\/i0.wp.com\/www.grieta.org.mx\/wp-content\/uploads\/2018\/03\/14524434_1106112876131411_958039263622046936_o.jpg?resize=525%2C300&ssl=1 1.5x, https:\/\/i0.wp.com\/www.grieta.org.mx\/wp-content\/uploads\/2018\/03\/14524434_1106112876131411_958039263622046936_o.jpg?resize=700%2C400&ssl=1 2x"},"classes":[]},{"id":63337,"url":"https:\/\/www.grieta.org.mx\/index.php\/2022\/02\/07\/suman-600-mujeres-asesinadas-durante-el-gobierno-de-alejandro-murat-en-oaxaca\/","url_meta":{"origin":50468,"position":3},"title":"Suman 600 mujeres asesinadas durante el gobierno de Alejandro Murat en Oaxaca","author":"grieta","date":"7 febrero, 2022","format":false,"excerpt":"Proceso \/ Pedro Mat\u00edas. Violencia. El fin de semana muri\u00f3 una menor de tres a\u00f1os. Foto: Benjam\u00edn Flores. OAXACA, Oax. (apro).- Con las ejecuciones de Arcenia V. S.., Valentina V. S. y Dayana P. V. de 34, 36 y 3 a\u00f1os de edad, respectivamente, suman 600 las mujeres asesinadas en\u2026","rel":"","context":"En &quot;CINTILLO&quot;","block_context":{"text":"CINTILLO","link":"https:\/\/www.grieta.org.mx\/index.php\/category\/cintillo\/"},"img":{"alt_text":"","src":"https:\/\/i0.wp.com\/www.grieta.org.mx\/wp-content\/uploads\/2022\/02\/1.jpg?resize=350%2C200&ssl=1","width":350,"height":200,"srcset":"https:\/\/i0.wp.com\/www.grieta.org.mx\/wp-content\/uploads\/2022\/02\/1.jpg?resize=350%2C200&ssl=1 1x, https:\/\/i0.wp.com\/www.grieta.org.mx\/wp-content\/uploads\/2022\/02\/1.jpg?resize=525%2C300&ssl=1 1.5x, https:\/\/i0.wp.com\/www.grieta.org.mx\/wp-content\/uploads\/2022\/02\/1.jpg?resize=700%2C400&ssl=1 2x, https:\/\/i0.wp.com\/www.grieta.org.mx\/wp-content\/uploads\/2022\/02\/1.jpg?resize=1050%2C600&ssl=1 3x, https:\/\/i0.wp.com\/www.grieta.org.mx\/wp-content\/uploads\/2022\/02\/1.jpg?resize=1400%2C800&ssl=1 4x"},"classes":[]},{"id":41529,"url":"https:\/\/www.grieta.org.mx\/index.php\/2019\/11\/20\/coordinacion-entre-defensoras-y-sociedad-civil-permitio-la-localizacion-de-la-ambientalista-irma-galindo-rnddhm-oaxaca\/","url_meta":{"origin":50468,"position":4},"title":"Coordinaci\u00f3n entre defensoras y sociedad civil permiti\u00f3 la localizaci\u00f3n de la ambientalista Irma Galindo: RNDDHM (Oaxaca)","author":"grieta","date":"20 noviembre, 2019","format":false,"excerpt":"Proceso \/ Pedro Mat\u00edas. La ambientalista Irma Galindo hab\u00eda desaparecido el 10 de noviembre. Foto: Especial. Oaxaca, Oax. (apro).- La Red Nacional de Defensoras de Derechos Humanos en M\u00e9xico (RNDDHM) afirm\u00f3 que por acciones de coordinaci\u00f3n entre defensoras y la sociedad civil se logr\u00f3 dar con el paradero de la\u2026","rel":"","context":"En &quot;CINTILLO&quot;","block_context":{"text":"CINTILLO","link":"https:\/\/www.grieta.org.mx\/index.php\/category\/cintillo\/"},"img":{"alt_text":"","src":"https:\/\/i0.wp.com\/www.grieta.org.mx\/wp-content\/uploads\/2019\/11\/Irma-870x522-1.jpg?resize=350%2C200&ssl=1","width":350,"height":200,"srcset":"https:\/\/i0.wp.com\/www.grieta.org.mx\/wp-content\/uploads\/2019\/11\/Irma-870x522-1.jpg?resize=350%2C200&ssl=1 1x, https:\/\/i0.wp.com\/www.grieta.org.mx\/wp-content\/uploads\/2019\/11\/Irma-870x522-1.jpg?resize=525%2C300&ssl=1 1.5x, https:\/\/i0.wp.com\/www.grieta.org.mx\/wp-content\/uploads\/2019\/11\/Irma-870x522-1.jpg?resize=700%2C400&ssl=1 2x"},"classes":[]},{"id":65059,"url":"https:\/\/www.grieta.org.mx\/index.php\/2022\/09\/01\/oaxaca-el-estado-que-lo-tiene-todo-incluidas-las-desapariciones\/","url_meta":{"origin":50468,"position":5},"title":"Oaxaca: el estado que lo tiene todo, incluidas, las desapariciones","author":"grieta","date":"1 septiembre, 2022","format":false,"excerpt":"Imagen: Zona Docs \u201c\u00bfQu\u00e9 implica buscar a una persona desaparecida en Oaxaca?\u201d fue la pregunta que con justa rabia y dignidad respondieron integrantes de colectivos de b\u00fasqueda de este estado en el marco de la\u00a0Caravana Nacional de Memoria y Narrativas de la Desaparici\u00f3n en M\u00e9xico, que realiz\u00f3 la colectiva T\u00e9cnicas\u2026","rel":"","context":"En &quot;CINTILLO&quot;","block_context":{"text":"CINTILLO","link":"https:\/\/www.grieta.org.mx\/index.php\/category\/cintillo\/"},"img":{"alt_text":"","src":"https:\/\/i0.wp.com\/www.grieta.org.mx\/wp-content\/uploads\/2022\/09\/photo5514850506598623160-1068x801-1.jpg?resize=350%2C200&ssl=1","width":350,"height":200,"srcset":"https:\/\/i0.wp.com\/www.grieta.org.mx\/wp-content\/uploads\/2022\/09\/photo5514850506598623160-1068x801-1.jpg?resize=350%2C200&ssl=1 1x, https:\/\/i0.wp.com\/www.grieta.org.mx\/wp-content\/uploads\/2022\/09\/photo5514850506598623160-1068x801-1.jpg?resize=525%2C300&ssl=1 1.5x, https:\/\/i0.wp.com\/www.grieta.org.mx\/wp-content\/uploads\/2022\/09\/photo5514850506598623160-1068x801-1.jpg?resize=700%2C400&ssl=1 2x, https:\/\/i0.wp.com\/www.grieta.org.mx\/wp-content\/uploads\/2022\/09\/photo5514850506598623160-1068x801-1.jpg?resize=1050%2C600&ssl=1 3x"},"classes":[]}],"_links":{"self":[{"href":"https:\/\/www.grieta.org.mx\/index.php\/wp-json\/wp\/v2\/posts\/50468","targetHints":{"allow":["GET"]}}],"collection":[{"href":"https:\/\/www.grieta.org.mx\/index.php\/wp-json\/wp\/v2\/posts"}],"about":[{"href":"https:\/\/www.grieta.org.mx\/index.php\/wp-json\/wp\/v2\/types\/post"}],"author":[{"embeddable":true,"href":"https:\/\/www.grieta.org.mx\/index.php\/wp-json\/wp\/v2\/users\/2"}],"replies":[{"embeddable":true,"href":"https:\/\/www.grieta.org.mx\/index.php\/wp-json\/wp\/v2\/comments?post=50468"}],"version-history":[{"count":1,"href":"https:\/\/www.grieta.org.mx\/index.php\/wp-json\/wp\/v2\/posts\/50468\/revisions"}],"predecessor-version":[{"id":50470,"href":"https:\/\/www.grieta.org.mx\/index.php\/wp-json\/wp\/v2\/posts\/50468\/revisions\/50470"}],"wp:featuredmedia":[{"embeddable":true,"href":"https:\/\/www.grieta.org.mx\/index.php\/wp-json\/wp\/v2\/media\/50469"}],"wp:attachment":[{"href":"https:\/\/www.grieta.org.mx\/index.php\/wp-json\/wp\/v2\/media?parent=50468"}],"wp:term":[{"taxonomy":"category","embeddable":true,"href":"https:\/\/www.grieta.org.mx\/index.php\/wp-json\/wp\/v2\/categories?post=50468"},{"taxonomy":"post_tag","embeddable":true,"href":"https:\/\/www.grieta.org.mx\/index.php\/wp-json\/wp\/v2\/tags?post=50468"}],"curies":[{"name":"wp","href":"https:\/\/api.w.org\/{rel}","templated":true}]}}