{"id":50460,"date":"2020-06-01T18:26:25","date_gmt":"2020-06-01T23:26:25","guid":{"rendered":"http:\/\/www.grieta.org.mx\/?p=50460"},"modified":"2020-06-06T18:31:46","modified_gmt":"2020-06-06T23:31:46","slug":"en-toluca-asociaciones-se-unen-y-donaran-despensas-estado-de-mexico","status":"publish","type":"post","link":"https:\/\/www.grieta.org.mx\/index.php\/2020\/06\/01\/en-toluca-asociaciones-se-unen-y-donaran-despensas-estado-de-mexico\/","title":{"rendered":"En Toluca, asociaciones se unen y donar\u00e1n despensas (Estado de M\u00e9xico)"},"content":{"rendered":"<p><img loading=\"lazy\" decoding=\"async\" data-attachment-id=\"50461\" data-permalink=\"https:\/\/www.grieta.org.mx\/index.php\/2020\/06\/01\/en-toluca-asociaciones-se-unen-y-donaran-despensas-estado-de-mexico\/en-toluca-asociaciones-se-unen-y-donaran-despensas-edomex-jun\/\" data-orig-file=\"https:\/\/www.grieta.org.mx\/wp-content\/uploads\/2020\/06\/En-Toluca-asociaciones-se-unen-y-donar\u00e1n-despensas-edomex-jun.jpeg\" data-orig-size=\"958,596\" data-comments-opened=\"0\" data-image-meta=\"{&quot;aperture&quot;:&quot;0&quot;,&quot;credit&quot;:&quot;&quot;,&quot;camera&quot;:&quot;&quot;,&quot;caption&quot;:&quot;&quot;,&quot;created_timestamp&quot;:&quot;0&quot;,&quot;copyright&quot;:&quot;&quot;,&quot;focal_length&quot;:&quot;0&quot;,&quot;iso&quot;:&quot;0&quot;,&quot;shutter_speed&quot;:&quot;0&quot;,&quot;title&quot;:&quot;&quot;,&quot;orientation&quot;:&quot;0&quot;}\" data-image-title=\"En Toluca, asociaciones se unen y donar\u00e1n despensas edomex jun\" data-image-description=\"\" data-image-caption=\"\" data-medium-file=\"https:\/\/www.grieta.org.mx\/wp-content\/uploads\/2020\/06\/En-Toluca-asociaciones-se-unen-y-donar\u00e1n-despensas-edomex-jun-300x187.jpeg\" data-large-file=\"https:\/\/www.grieta.org.mx\/wp-content\/uploads\/2020\/06\/En-Toluca-asociaciones-se-unen-y-donar\u00e1n-despensas-edomex-jun.jpeg\" class=\"aligncenter wp-image-50461\" src=\"http:\/\/www.grieta.org.mx\/wp-content\/uploads\/2020\/06\/En-Toluca-asociaciones-se-unen-y-donar\u00e1n-despensas-edomex-jun.jpeg\" alt=\"\" width=\"641\" height=\"399\" srcset=\"https:\/\/www.grieta.org.mx\/wp-content\/uploads\/2020\/06\/En-Toluca-asociaciones-se-unen-y-donar\u00e1n-despensas-edomex-jun.jpeg 958w, https:\/\/www.grieta.org.mx\/wp-content\/uploads\/2020\/06\/En-Toluca-asociaciones-se-unen-y-donar\u00e1n-despensas-edomex-jun-300x187.jpeg 300w, https:\/\/www.grieta.org.mx\/wp-content\/uploads\/2020\/06\/En-Toluca-asociaciones-se-unen-y-donar\u00e1n-despensas-edomex-jun-768x478.jpeg 768w, https:\/\/www.grieta.org.mx\/wp-content\/uploads\/2020\/06\/En-Toluca-asociaciones-se-unen-y-donar\u00e1n-despensas-edomex-jun-804x500.jpeg 804w\" sizes=\"auto, (max-width: 641px) 100vw, 641px\" \/><br \/>\nFoto: Monserrat Mata<\/p>\n<p>Monserrat Mata \/ Milenio<\/p>\n<blockquote><p>Juan Carlos Vel\u00e1zquez Carbajal, integrante de &#8220;Toluca y su Gente&#8221;, dijo que en la colecta participaron distintos grupos con presencia en la ciudad.<\/p><\/blockquote>\n<p>Distintas agrupaciones de la sociedad civil, entre ellas, Toluca y su Gente, T\u00f6t Garage, Consejo Nacional de Sociedades y Unidades con Campesinos y Colonos (Consucc), as\u00ed como el Centro de Desarrollo Productivo y Social de M\u00e9xico (CDPyS) se unieron para \u201ccambiar el d\u00eda de una familia en medio de la crisis\u201d, donando despensas que ser\u00e1n distribuidas en distintos puntos del Valle de Toluca.<\/p>\n<p>Como parte de los esfuerzos que realiza la sociedad civil para mejorar las condiciones de quienes se ven m\u00e1s afectados durante la pandemia, se conjug\u00f3 la pasi\u00f3n por el f\u00fatbol con el deseo de aportar \u201cun granito de arena\u201d a las familias de Toluca, con un peque\u00f1o paquete alimenticio.<\/p>\n<p>A esta donaci\u00f3n tambi\u00e9n se sum\u00f3 el ex futbolista Vicente S\u00e1nchez, as\u00ed como integrantes de Toluca Drunks, logrando esta meta, aunque el objetivo de seguir ayudando continua, pues a trav\u00e9s del sitio de https:\/\/m.facebook.com\/tolucaysugente\/ los interesados podr\u00e1n encontrar m\u00e1s informaci\u00f3n.<\/p>\n<p>Al respecto, el integrante de la organizaci\u00f3n &#8220;Toluca y su Gente&#8221;, Juan Carlos Vel\u00e1zquez Carbajal, explic\u00f3 que en esta colecta participaron distintos grupos con presencia en la ciudad, con el fin de apoyar a la gente que en medio de esta emergencia sanitaria necesita una peque\u00f1a muestra de solidaridad.<\/p>\n<p>Se\u00f1al\u00f3 que guardando las medidas necesarias, las despensas ser\u00e1n otorgadas a familias que m\u00e1s lo requieren, que van al d\u00eda, tanto vendedores de la v\u00eda p\u00fablica, que trabajan en los cruceros y otros grupos en situaci\u00f3n de vulnerabilidad.<\/p>\n<p>\u201cMe siento muy contento porque pudimos reunir cerca de 200 despensas, que son muy buenas, es una ayuda que podemos dar. El reconocimiento es para la gente que a pesar de la situaci\u00f3n tan dif\u00edcil, su apoyo vale el doble porque sabemos que son muchas las carencias\u201d.<\/p>\n<p><a href=\"https:\/\/www.milenio.com\/ciencia-y-salud\/coronavirus-edomex-asociaciones-civiles-donaran-despensas-toluca\" target=\"_blank\" rel=\"noopener noreferrer\">https:\/\/www.milenio.com\/ciencia-y-salud\/coronavirus-edomex-asociaciones-civiles-donaran-despensas-toluca<\/a><\/p>\n","protected":false},"excerpt":{"rendered":"<p>Foto: Monserrat Mata Monserrat Mata \/ Milenio Juan Carlos Vel\u00e1zquez Carbajal, integrante de &#8220;Toluca y su Gente&#8221;, dijo que en la colecta participaron distintos grupos con presencia en la ciudad. &hellip; <a href=\"https:\/\/www.grieta.org.mx\/index.php\/2020\/06\/01\/en-toluca-asociaciones-se-unen-y-donaran-despensas-estado-de-mexico\/\" class=\"more-link\">Leer m\u00e1s<\/a><\/p>\n","protected":false},"author":2,"featured_media":50461,"comment_status":"closed","ping_status":"closed","sticky":false,"template":"","format":"standard","meta":{"ngg_post_thumbnail":0,"_jetpack_newsletter_access":"","_jetpack_dont_email_post_to_subs":false,"_jetpack_newsletter_tier_id":0,"_jetpack_memberships_contains_paywalled_content":false,"_jetpack_memberships_contains_paid_content":false,"footnotes":""},"categories":[80,3270,16,3035,2],"tags":[3241],"class_list":["post-50460","post","type-post","status-publish","format-standard","has-post-thumbnail","hentry","category-cintillo","category-covid-19-en-estado-de-mexico","category-estado-de-mexico","category-movilizaciones-y-protestas-de-habitantes-en-el-estado-de-mexico","category-noticias-nacionales","tag-covid-19","entry"],"jetpack_featured_media_url":"https:\/\/www.grieta.org.mx\/wp-content\/uploads\/2020\/06\/En-Toluca-asociaciones-se-unen-y-donar\u00e1n-despensas-edomex-jun.jpeg","jetpack_sharing_enabled":true,"jetpack_shortlink":"https:\/\/wp.me\/p7ZJR4-d7S","jetpack_likes_enabled":false,"jetpack-related-posts":[{"id":56680,"url":"https:\/\/www.grieta.org.mx\/index.php\/2021\/01\/18\/s-o-s-covid-toluca-la-sociedad-civil-se-organiza-para-hacer-frente-a-la-enfermedad-estado-de-mexico\/","url_meta":{"origin":50460,"position":0},"title":"S.O.S. Covid Toluca, la sociedad civil se organiza para hacer frente a la enfermedad (Estado de M\u00e9xico)","author":"grieta","date":"18 enero, 2021","format":false,"excerpt":"Imagen tomada de: ADNoticias V\u00edctor Castillo \/ ADNoticias En redes sociales y grupos de mensajer\u00eda familiares de pacientes con Covid-19 se organizan para buscar los insumos y protegerse de fraudes Desde que inici\u00f3 el 2021, en Toluca han muerto 9 personas al d\u00eda, en promedio, a consecuencia del virus SARS-CoV-2.\u2026","rel":"","context":"En &quot;CINTILLO&quot;","block_context":{"text":"CINTILLO","link":"https:\/\/www.grieta.org.mx\/index.php\/category\/cintillo\/"},"img":{"alt_text":"","src":"https:\/\/i0.wp.com\/www.grieta.org.mx\/wp-content\/uploads\/2021\/02\/S.O.S.-Covid-Toluca-la-sociedad-civil-se-organiza-para-hacer-frente-a-la-enfermedad-edomex-feb.jpg?resize=350%2C200&ssl=1","width":350,"height":200,"srcset":"https:\/\/i0.wp.com\/www.grieta.org.mx\/wp-content\/uploads\/2021\/02\/S.O.S.-Covid-Toluca-la-sociedad-civil-se-organiza-para-hacer-frente-a-la-enfermedad-edomex-feb.jpg?resize=350%2C200&ssl=1 1x, https:\/\/i0.wp.com\/www.grieta.org.mx\/wp-content\/uploads\/2021\/02\/S.O.S.-Covid-Toluca-la-sociedad-civil-se-organiza-para-hacer-frente-a-la-enfermedad-edomex-feb.jpg?resize=525%2C300&ssl=1 1.5x, https:\/\/i0.wp.com\/www.grieta.org.mx\/wp-content\/uploads\/2021\/02\/S.O.S.-Covid-Toluca-la-sociedad-civil-se-organiza-para-hacer-frente-a-la-enfermedad-edomex-feb.jpg?resize=700%2C400&ssl=1 2x, https:\/\/i0.wp.com\/www.grieta.org.mx\/wp-content\/uploads\/2021\/02\/S.O.S.-Covid-Toluca-la-sociedad-civil-se-organiza-para-hacer-frente-a-la-enfermedad-edomex-feb.jpg?resize=1050%2C600&ssl=1 3x"},"classes":[]},{"id":56284,"url":"https:\/\/www.grieta.org.mx\/index.php\/2021\/01\/13\/medicos-de-hospital-en-toluca-atienden-a-pacientes-covid-en-plena-calle-por-saturacion-hospitalaria-estado-de-mexico\/","url_meta":{"origin":50460,"position":1},"title":"M\u00e9dicos de Hospital en Toluca atienden a pacientes COVID en plena calle por saturaci\u00f3n hospitalaria (Estado de M\u00e9xico)","author":"grieta","date":"13 enero, 2021","format":false,"excerpt":"Foto: Noticieros Televisa V\u00edctor-Valles Mata y Jorge Ulloa \/Noticieros Televisa En el \u00e1rea de urgencias COVID de este Centro M\u00e9dico, s\u00f3lo reciben a pacientes cuyos nombres aparecen en una lista En el Estado de M\u00e9xico, la saturaci\u00f3n hospitalaria est\u00e1 obligando a algunos m\u00e9dicos a valorar a los pacientes COVID en\u2026","rel":"","context":"En &quot;CINTILLO&quot;","block_context":{"text":"CINTILLO","link":"https:\/\/www.grieta.org.mx\/index.php\/category\/cintillo\/"},"img":{"alt_text":"","src":"https:\/\/i0.wp.com\/www.grieta.org.mx\/wp-content\/uploads\/2021\/01\/Medicos-de-Hospital-en-Toluca-atienden-a-pacientes-COVID-en-plena-calle-por-saturacion-hospitalaria-edomx-ene.jpg?resize=350%2C200","width":350,"height":200},"classes":[]},{"id":55453,"url":"https:\/\/www.grieta.org.mx\/index.php\/2020\/11\/22\/colectivos-protestan-colgando-mantas-en-toluca-ante-el-aumento-de-femenicidios-estado-de-mexico\/","url_meta":{"origin":50460,"position":2},"title":"Colectivos protestan colgando mantas en Toluca ante el aumento de femenicidios (Estado de M\u00e9xico)","author":"grieta","date":"22 noviembre, 2020","format":false,"excerpt":"Foto tomada de: ADNoticias V\u00edctor Castillo \/ ADNoticias Hasta octubre en el Estado de M\u00e9xico se han contabilizado 119 casos de feminicidio Integrantes de colectivos feministas colocaron este s\u00e1bado mantas sobre un puente peatonal en Paseo Tollocan, en protesta por los feminicidios en el Estado de M\u00e9xico. Esto se suma\u2026","rel":"","context":"En &quot;CINTILLO&quot;","block_context":{"text":"CINTILLO","link":"https:\/\/www.grieta.org.mx\/index.php\/category\/cintillo\/"},"img":{"alt_text":"","src":"https:\/\/i0.wp.com\/www.grieta.org.mx\/wp-content\/uploads\/2020\/11\/Colectivos-protestan-colgando-mantas-en-Toluca-ante-el-aumento-de-femenicidios-edomex-nov.jpg?resize=350%2C200&ssl=1","width":350,"height":200,"srcset":"https:\/\/i0.wp.com\/www.grieta.org.mx\/wp-content\/uploads\/2020\/11\/Colectivos-protestan-colgando-mantas-en-Toluca-ante-el-aumento-de-femenicidios-edomex-nov.jpg?resize=350%2C200&ssl=1 1x, https:\/\/i0.wp.com\/www.grieta.org.mx\/wp-content\/uploads\/2020\/11\/Colectivos-protestan-colgando-mantas-en-Toluca-ante-el-aumento-de-femenicidios-edomex-nov.jpg?resize=525%2C300&ssl=1 1.5x, https:\/\/i0.wp.com\/www.grieta.org.mx\/wp-content\/uploads\/2020\/11\/Colectivos-protestan-colgando-mantas-en-Toluca-ante-el-aumento-de-femenicidios-edomex-nov.jpg?resize=700%2C400&ssl=1 2x"},"classes":[]},{"id":41686,"url":"https:\/\/www.grieta.org.mx\/index.php\/2019\/11\/29\/mujeres-realizan-performance-un-violador-en-tu-camino-en-toluca-estado-de-mexico\/","url_meta":{"origin":50460,"position":3},"title":"Mujeres realizan performance \u201cUn violador en tu camino\u201d en Toluca (Estado de M\u00e9xico)","author":"grieta","date":"29 noviembre, 2019","format":false,"excerpt":"Foto: El Gr\u00e1fico Claudia Gonz\u00e1lez \/ El Universal Con pa\u00f1uelos verdes, las adolescentes se apostaron frente al Palacio de Gobierno del Estado de M\u00e9xico y exigieron a las autoridades atender la violencia de g\u00e9nero Un grupo de mujeres realiz\u00f3 el performance \u201cUn violador en tu camino\u201d en el centro de\u2026","rel":"","context":"En &quot;CINTILLO&quot;","block_context":{"text":"CINTILLO","link":"https:\/\/www.grieta.org.mx\/index.php\/category\/cintillo\/"},"img":{"alt_text":"","src":"https:\/\/i0.wp.com\/www.grieta.org.mx\/wp-content\/uploads\/2019\/11\/Mujeres-realizan-performance-%E2%80%9CUn-violador-en-tu-camino-toluca-edomex-nov.jpg?resize=350%2C200","width":350,"height":200},"classes":[]},{"id":67857,"url":"https:\/\/www.grieta.org.mx\/index.php\/2023\/09\/28\/por-el-derecho-a-acceder-al-aborto-legal-se-movilizaron-mujeres-en-toluca-estado-de-mexico\/","url_meta":{"origin":50460,"position":4},"title":"Por el derecho a acceder al aborto legal, se movilizaron mujeres en Toluca (Estado de M\u00e9xico)","author":"grieta","date":"28 septiembre, 2023","format":false,"excerpt":"Imagen: Quadratin Ariel D\u00edaz \/ Quadratin TOLUCA, Edomex., 28 de septiembre de 2023.- En el D\u00eda de la Acci\u00f3n Mundial por el Aborto Legal y Seguro, m\u00e1s de cien mujeres se movilizaron en Toluca para exigir al Congreso del Estado de M\u00e9xico la legalizaci\u00f3n de la interrupci\u00f3n del embarazo, como\u2026","rel":"","context":"En &quot;CINTILLO&quot;","block_context":{"text":"CINTILLO","link":"https:\/\/www.grieta.org.mx\/index.php\/category\/cintillo\/"},"img":{"alt_text":"","src":"https:\/\/i0.wp.com\/www.grieta.org.mx\/wp-content\/uploads\/2023\/10\/IMG_20230928_135453-1160x700-1.jpg?resize=350%2C200&ssl=1","width":350,"height":200,"srcset":"https:\/\/i0.wp.com\/www.grieta.org.mx\/wp-content\/uploads\/2023\/10\/IMG_20230928_135453-1160x700-1.jpg?resize=350%2C200&ssl=1 1x, https:\/\/i0.wp.com\/www.grieta.org.mx\/wp-content\/uploads\/2023\/10\/IMG_20230928_135453-1160x700-1.jpg?resize=525%2C300&ssl=1 1.5x, https:\/\/i0.wp.com\/www.grieta.org.mx\/wp-content\/uploads\/2023\/10\/IMG_20230928_135453-1160x700-1.jpg?resize=700%2C400&ssl=1 2x, https:\/\/i0.wp.com\/www.grieta.org.mx\/wp-content\/uploads\/2023\/10\/IMG_20230928_135453-1160x700-1.jpg?resize=1050%2C600&ssl=1 3x"},"classes":[]},{"id":50299,"url":"https:\/\/www.grieta.org.mx\/index.php\/2020\/06\/01\/suspenden-pagos-desde-mayo-a-300-maestros-cnte-toma-toluca-estado-de-mexico\/","url_meta":{"origin":50460,"position":5},"title":"Suspenden pagos desde mayo a 300 maestros: CNTE toma Toluca (Estado de M\u00e9xico)","author":"grieta","date":"1 junio, 2020","format":false,"excerpt":"Fotograf\u00edas: Rams\u00e9s Mercado. Viceversa Noticias Toluca, M\u00e9xico, primero de junio de 2020. La suspensi\u00f3n desde mayo de pagos a cerca de 300 maestros de los niveles de educaci\u00f3n b\u00e1sica y superior moviliz\u00f3 a militantes de la Coordinadora Nacional de Trabajadores de la Educaci\u00f3n, que reclamaron tambi\u00e9n las reducciones que sufri\u00f3\u2026","rel":"","context":"En &quot;CINTILLO&quot;","block_context":{"text":"CINTILLO","link":"https:\/\/www.grieta.org.mx\/index.php\/category\/cintillo\/"},"img":{"alt_text":"","src":"https:\/\/i0.wp.com\/www.grieta.org.mx\/wp-content\/uploads\/2020\/06\/Suspenden-pagos-desde-mayo-a-300-maestros-CNTE-toma-Toluca-edomex-jun.jpg?resize=350%2C200&ssl=1","width":350,"height":200,"srcset":"https:\/\/i0.wp.com\/www.grieta.org.mx\/wp-content\/uploads\/2020\/06\/Suspenden-pagos-desde-mayo-a-300-maestros-CNTE-toma-Toluca-edomex-jun.jpg?resize=350%2C200&ssl=1 1x, https:\/\/i0.wp.com\/www.grieta.org.mx\/wp-content\/uploads\/2020\/06\/Suspenden-pagos-desde-mayo-a-300-maestros-CNTE-toma-Toluca-edomex-jun.jpg?resize=525%2C300&ssl=1 1.5x, https:\/\/i0.wp.com\/www.grieta.org.mx\/wp-content\/uploads\/2020\/06\/Suspenden-pagos-desde-mayo-a-300-maestros-CNTE-toma-Toluca-edomex-jun.jpg?resize=700%2C400&ssl=1 2x"},"classes":[]}],"_links":{"self":[{"href":"https:\/\/www.grieta.org.mx\/index.php\/wp-json\/wp\/v2\/posts\/50460","targetHints":{"allow":["GET"]}}],"collection":[{"href":"https:\/\/www.grieta.org.mx\/index.php\/wp-json\/wp\/v2\/posts"}],"about":[{"href":"https:\/\/www.grieta.org.mx\/index.php\/wp-json\/wp\/v2\/types\/post"}],"author":[{"embeddable":true,"href":"https:\/\/www.grieta.org.mx\/index.php\/wp-json\/wp\/v2\/users\/2"}],"replies":[{"embeddable":true,"href":"https:\/\/www.grieta.org.mx\/index.php\/wp-json\/wp\/v2\/comments?post=50460"}],"version-history":[{"count":1,"href":"https:\/\/www.grieta.org.mx\/index.php\/wp-json\/wp\/v2\/posts\/50460\/revisions"}],"predecessor-version":[{"id":50462,"href":"https:\/\/www.grieta.org.mx\/index.php\/wp-json\/wp\/v2\/posts\/50460\/revisions\/50462"}],"wp:featuredmedia":[{"embeddable":true,"href":"https:\/\/www.grieta.org.mx\/index.php\/wp-json\/wp\/v2\/media\/50461"}],"wp:attachment":[{"href":"https:\/\/www.grieta.org.mx\/index.php\/wp-json\/wp\/v2\/media?parent=50460"}],"wp:term":[{"taxonomy":"category","embeddable":true,"href":"https:\/\/www.grieta.org.mx\/index.php\/wp-json\/wp\/v2\/categories?post=50460"},{"taxonomy":"post_tag","embeddable":true,"href":"https:\/\/www.grieta.org.mx\/index.php\/wp-json\/wp\/v2\/tags?post=50460"}],"curies":[{"name":"wp","href":"https:\/\/api.w.org\/{rel}","templated":true}]}}