{"id":50439,"date":"2020-06-05T16:41:47","date_gmt":"2020-06-05T21:41:47","guid":{"rendered":"http:\/\/www.grieta.org.mx\/?p=50439"},"modified":"2020-06-06T17:05:28","modified_gmt":"2020-06-06T22:05:28","slug":"acusan-falta-de-atencion-medica-y-legal-para-detenido-en-protesta-por-giovanni-jalisco","status":"publish","type":"post","link":"https:\/\/www.grieta.org.mx\/index.php\/2020\/06\/05\/acusan-falta-de-atencion-medica-y-legal-para-detenido-en-protesta-por-giovanni-jalisco\/","title":{"rendered":"Acusan falta de atenci\u00f3n m\u00e9dica y legal para detenido en protesta por Giovanni (Jalisco)"},"content":{"rendered":"<p><img loading=\"lazy\" decoding=\"async\" data-attachment-id=\"50440\" data-permalink=\"https:\/\/www.grieta.org.mx\/index.php\/2020\/06\/05\/acusan-falta-de-atencion-medica-y-legal-para-detenido-en-protesta-por-giovanni-jalisco\/jesus-isai-luna-martinez-cuartoscuro_0_41_958_596\/\" data-orig-file=\"https:\/\/www.grieta.org.mx\/wp-content\/uploads\/2020\/06\/jesus-isai-luna-martinez-cuartoscuro_0_41_958_596.jpeg\" data-orig-size=\"958,596\" data-comments-opened=\"0\" data-image-meta=\"{&quot;aperture&quot;:&quot;0&quot;,&quot;credit&quot;:&quot;&quot;,&quot;camera&quot;:&quot;&quot;,&quot;caption&quot;:&quot;&quot;,&quot;created_timestamp&quot;:&quot;0&quot;,&quot;copyright&quot;:&quot;&quot;,&quot;focal_length&quot;:&quot;0&quot;,&quot;iso&quot;:&quot;0&quot;,&quot;shutter_speed&quot;:&quot;0&quot;,&quot;title&quot;:&quot;&quot;,&quot;orientation&quot;:&quot;0&quot;}\" data-image-title=\"jesus-isai-luna-martinez-cuartoscuro_0_41_958_596\" data-image-description=\"\" data-image-caption=\"\" data-medium-file=\"https:\/\/www.grieta.org.mx\/wp-content\/uploads\/2020\/06\/jesus-isai-luna-martinez-cuartoscuro_0_41_958_596-300x187.jpeg\" data-large-file=\"https:\/\/www.grieta.org.mx\/wp-content\/uploads\/2020\/06\/jesus-isai-luna-martinez-cuartoscuro_0_41_958_596.jpeg\" class=\"aligncenter  wp-image-50440\" src=\"http:\/\/www.grieta.org.mx\/wp-content\/uploads\/2020\/06\/jesus-isai-luna-martinez-cuartoscuro_0_41_958_596.jpeg\" alt=\"\" width=\"800\" height=\"497\" srcset=\"https:\/\/www.grieta.org.mx\/wp-content\/uploads\/2020\/06\/jesus-isai-luna-martinez-cuartoscuro_0_41_958_596.jpeg 958w, https:\/\/www.grieta.org.mx\/wp-content\/uploads\/2020\/06\/jesus-isai-luna-martinez-cuartoscuro_0_41_958_596-300x187.jpeg 300w, https:\/\/www.grieta.org.mx\/wp-content\/uploads\/2020\/06\/jesus-isai-luna-martinez-cuartoscuro_0_41_958_596-768x478.jpeg 768w, https:\/\/www.grieta.org.mx\/wp-content\/uploads\/2020\/06\/jesus-isai-luna-martinez-cuartoscuro_0_41_958_596-804x500.jpeg 804w\" sizes=\"auto, (max-width: 800px) 100vw, 800px\" \/><\/p>\n<p>Foto: Cuartoscuro<\/p>\n<p>Familiares de Isa\u00ed Luna acusan que la detenci\u00f3n fue arbitraria, pues &#8220;estaba caminando mientras polic\u00edas lo montonean y lo tiran&#8221;<\/p>\n<p>Redacci\u00f3n \/ El Informador<\/p>\n<p>Isa\u00ed Luna es un joven de 25 a\u00f1os que trabaja como oficial administrativo en ciudad judicial federal. La tarde de ayer, asisti\u00f3 a la manifestaci\u00f3n para exigir justicia por Giovanni L\u00f3pez y fue uno de los 24 detenidos por Polic\u00eda del Estado. Ang\u00e9lica Mart\u00ednez, t\u00eda de Isa\u00ed acusa que la detenci\u00f3n fue arbitraria, pues \u201cno estaba haciendo nada, estaba caminando mientras los polic\u00edas lo montonean y lo tiran\u201d.<\/p>\n<p>La familia se percat\u00f3 de la detenci\u00f3n por un video subido a redes sociales cerca de las siete de la tarde del jueves. \u201cAl ver el video no pens\u00e1bamos que fuera \u00e9l, hasta que nos percatamos del f\u00edsico y la ropa\u201d comenta Ang\u00e9lica.<\/p>\n<p>El video muestra que\u00a0<strong>Isa\u00ed\u00a0caminaba de manera pausada mientras izaba una bandera de M\u00e9xico, cuando dos polic\u00edas estatales corrieron para alcanzarle por la espalda y otros dos uniformados lo interceptaron por el lado derecho.<\/strong>\u00a0Isa\u00ed cay\u00f3 al suelo y los polic\u00edas comenzaron a patearle.<\/p>\n<p>La familia acusa a la Fiscal\u00eda de no seguir los protocolos de atenci\u00f3n y de omitir informaci\u00f3n sobre Isai, pues hasta la tarde de este viernes \u201cno le han permitido a Isa\u00ed firme el nombramiento de un defensor,\u00a0\u00a0no le han le\u00eddo sus derechos y tampoco le han suturado las heridas ocasionadas en su cabeza\u201d.<\/p>\n<p>\u201cNosotros tuvimos que averiguar todo, nadie nos inform\u00f3 de nada.\u00a0<strong>Yo lo encontr\u00e9 cerca de las diez de la noche en el puesto de socorros de la Cruz Verde\u00a0Delgadillo\u00a0Araujo, ingrese y lo vi por un segundo<\/strong>, vi que le hab\u00eda hecho una tomograf\u00eda porque pensaban que era una herida grave, pero despu\u00e9s de ver que no, se lo llevaron sin mayor atenci\u00f3n m\u00e9dica\u201d explica Ang\u00e9lica.<\/p>\n<p><strong>La familia sigui\u00f3 el recorrido y se percat\u00f3 que\u00a0Isa\u00ed\u00a0fue ingresado a las instalaciones de Fiscal\u00eda del Estado. Ah\u00ed han permanecido hasta este viernes.\u00a0<\/strong>La familia agrega que \u201clo \u00fanico que ha sucedido, es que le vimos a las 11:20 de la ma\u00f1ana por cinco minutos, pero nadie nos informa nada\u201d.<\/p>\n<p>Este medio busco a la Fiscal\u00eda del Estado, pero la autoridad no dio informaci\u00f3n del caso.<\/p>\n<p><a href=\"https:\/\/www.informador.mx\/jalisco\/Acusan-falta-de-atencion-medica-y-legal-para-detenido-en-protesta-por-Giovanni-20200605-0131.html\">https:\/\/www.informador.mx\/jalisco\/Acusan-falta-de-atencion-medica-y-legal-para-detenido-en-protesta-por-Giovanni-20200605-0131.html<\/a><\/p>\n","protected":false},"excerpt":{"rendered":"<p>Foto: Cuartoscuro Familiares de Isa\u00ed Luna acusan que la detenci\u00f3n fue arbitraria, pues &#8220;estaba caminando mientras polic\u00edas lo montonean y lo tiran&#8221; Redacci\u00f3n \/ El Informador Isa\u00ed Luna es un &hellip; <a href=\"https:\/\/www.grieta.org.mx\/index.php\/2020\/06\/05\/acusan-falta-de-atencion-medica-y-legal-para-detenido-en-protesta-por-giovanni-jalisco\/\" class=\"more-link\">Leer m\u00e1s<\/a><\/p>\n","protected":false},"author":2,"featured_media":50440,"comment_status":"closed","ping_status":"closed","sticky":false,"template":"","format":"standard","meta":{"ngg_post_thumbnail":0,"_jetpack_newsletter_access":"","_jetpack_dont_email_post_to_subs":false,"_jetpack_newsletter_tier_id":0,"_jetpack_memberships_contains_paywalled_content":false,"_jetpack_memberships_contains_paid_content":false,"footnotes":""},"categories":[80,3271,20,2,3450],"tags":[2870,905,3367,703],"class_list":["post-50439","post","type-post","status-publish","format-standard","has-post-thumbnail","hentry","category-cintillo","category-covid-19-en-jalisco","category-jalisco","category-noticias-nacionales","category-represion-en-jalisco","tag-abuso-policial","tag-abusos-policiacos","tag-represion-policial","tag-violencia-policiaca","entry"],"jetpack_featured_media_url":"https:\/\/www.grieta.org.mx\/wp-content\/uploads\/2020\/06\/jesus-isai-luna-martinez-cuartoscuro_0_41_958_596.jpeg","jetpack_sharing_enabled":true,"jetpack_shortlink":"https:\/\/wp.me\/p7ZJR4-d7x","jetpack_likes_enabled":false,"jetpack-related-posts":[{"id":50422,"url":"https:\/\/www.grieta.org.mx\/index.php\/2020\/06\/06\/por-que-esas-caras-pues-quien-les-pego-testimonio-de-detencion-arbitraria-y-abuso-policial-en-jalisco\/","url_meta":{"origin":50439,"position":0},"title":"\u201c\u00bfPor qu\u00e9 esas caras, pues qui\u00e9n les peg\u00f3?\u201d, testimonio de detenci\u00f3n arbitraria y abuso policial en Jalisco","author":"grieta","date":"6 junio, 2020","format":false,"excerpt":"Foto: Zona Docs Darwin Franco \/ Zona Docs Francisco, de 28 a\u00f1os, narra c\u00f3mo fue detenido de manera arbitraria por elementos de la Fiscal\u00eda del Estado de Jalisco; \u00e9stos con violencia lo golpearon y lo detuvieron en los separados juntos con 50 j\u00f3venes m\u00e1s. A todos los golpearon con palos\u2026","rel":"","context":"En &quot;CINTILLO&quot;","block_context":{"text":"CINTILLO","link":"https:\/\/www.grieta.org.mx\/index.php\/category\/cintillo\/"},"img":{"alt_text":"","src":"https:\/\/i0.wp.com\/www.grieta.org.mx\/wp-content\/uploads\/2020\/06\/result-1050x640.jpg?resize=350%2C200&ssl=1","width":350,"height":200,"srcset":"https:\/\/i0.wp.com\/www.grieta.org.mx\/wp-content\/uploads\/2020\/06\/result-1050x640.jpg?resize=350%2C200&ssl=1 1x, https:\/\/i0.wp.com\/www.grieta.org.mx\/wp-content\/uploads\/2020\/06\/result-1050x640.jpg?resize=525%2C300&ssl=1 1.5x, https:\/\/i0.wp.com\/www.grieta.org.mx\/wp-content\/uploads\/2020\/06\/result-1050x640.jpg?resize=700%2C400&ssl=1 2x, https:\/\/i0.wp.com\/www.grieta.org.mx\/wp-content\/uploads\/2020\/06\/result-1050x640.jpg?resize=1050%2C600&ssl=1 3x"},"classes":[]},{"id":50313,"url":"https:\/\/www.grieta.org.mx\/index.php\/2020\/06\/03\/giovanni-fue-detenido-en-ixtlahuacan-por-no-usar-cubrebocas-y-lo-entregan-muerto-jalisco\/","url_meta":{"origin":50439,"position":1},"title":"Giovanni fue detenido en Ixtlahuac\u00e1n por no usar cubrebocas y lo entregan muerto (Jalisco)","author":"grieta","date":"3 junio, 2020","format":false,"excerpt":"Imagen Twitter \/ Plumas At\u00f3micas Redacci\u00f3n \/ Plumas At\u00f3micas Las redes sociales se han manifestado por la muerte de Giovanni L\u00f3pez, quien, de acuerdo con su familia, fue detenido por polic\u00edas municipales de Ixtlahuac\u00e1n de los Membrillos, Jalisco. \u00bfEl motivo? No llevaba cubrebocas en la v\u00eda p\u00fablica por la pandemia\u2026","rel":"","context":"En &quot;CINTILLO&quot;","block_context":{"text":"CINTILLO","link":"https:\/\/www.grieta.org.mx\/index.php\/category\/cintillo\/"},"img":{"alt_text":"","src":"https:\/\/i0.wp.com\/www.grieta.org.mx\/wp-content\/uploads\/2020\/06\/justicia-giovanni-cubrebocas-ixtlahuacan-policia.jpg?resize=350%2C200&ssl=1","width":350,"height":200,"srcset":"https:\/\/i0.wp.com\/www.grieta.org.mx\/wp-content\/uploads\/2020\/06\/justicia-giovanni-cubrebocas-ixtlahuacan-policia.jpg?resize=350%2C200&ssl=1 1x, https:\/\/i0.wp.com\/www.grieta.org.mx\/wp-content\/uploads\/2020\/06\/justicia-giovanni-cubrebocas-ixtlahuacan-policia.jpg?resize=525%2C300&ssl=1 1.5x, https:\/\/i0.wp.com\/www.grieta.org.mx\/wp-content\/uploads\/2020\/06\/justicia-giovanni-cubrebocas-ixtlahuacan-policia.jpg?resize=700%2C400&ssl=1 2x, https:\/\/i0.wp.com\/www.grieta.org.mx\/wp-content\/uploads\/2020\/06\/justicia-giovanni-cubrebocas-ixtlahuacan-policia.jpg?resize=1050%2C600&ssl=1 3x"},"classes":[]},{"id":66563,"url":"https:\/\/www.grieta.org.mx\/index.php\/2023\/03\/16\/detencion-arbitraria-y-tortura-acusa-activista-otto-moran-tras-protesta-en-jocotepec-jalisco\/","url_meta":{"origin":50439,"position":2},"title":"Detenci\u00f3n arbitraria y tortura, acusa activista Otto Mor\u00e1n, tras protesta en Jocotepec (Jalisco)","author":"grieta","date":"16 marzo, 2023","format":false,"excerpt":"policippppImagen: Especial Redacci\u00f3n \/ El Diario NTR Otto Mor\u00e1n Flores fue detenido arbitrariamente luego que polic\u00edas de tr\u00e1nsito de Jocotepec le cerraran el paso en el veh\u00edculo que iba. Lo acusaron de provocar el percance y junto a polic\u00edas municipales lo detuvieron violentamente. El integrante de la Red de Pueblos\u2026","rel":"","context":"En &quot;Amenazas contra activistas en Jalisco&quot;","block_context":{"text":"Amenazas contra activistas en Jalisco","link":"https:\/\/www.grieta.org.mx\/index.php\/category\/noticias-nacionales\/jalisco\/amenazas-contra-activistas-en-jalisco\/"},"img":{"alt_text":"","src":"https:\/\/i0.wp.com\/www.grieta.org.mx\/wp-content\/uploads\/2023\/03\/2023-03-16_09-03-58___1880.jpg?resize=350%2C200&ssl=1","width":350,"height":200,"srcset":"https:\/\/i0.wp.com\/www.grieta.org.mx\/wp-content\/uploads\/2023\/03\/2023-03-16_09-03-58___1880.jpg?resize=350%2C200&ssl=1 1x, https:\/\/i0.wp.com\/www.grieta.org.mx\/wp-content\/uploads\/2023\/03\/2023-03-16_09-03-58___1880.jpg?resize=525%2C300&ssl=1 1.5x, https:\/\/i0.wp.com\/www.grieta.org.mx\/wp-content\/uploads\/2023\/03\/2023-03-16_09-03-58___1880.jpg?resize=700%2C400&ssl=1 2x"},"classes":[]},{"id":50319,"url":"https:\/\/www.grieta.org.mx\/index.php\/2020\/06\/05\/videos-usuarios-de-redes-exhiben-a-policias-que-agredieron-ayer-a-manifestantes-en-guadalajara-jalisco\/","url_meta":{"origin":50439,"position":3},"title":"VIDEOS: Usuarios de redes exhiben a polic\u00edas que agredieron ayer a manifestantes en Guadalajara (Jalisco)","author":"grieta","date":"5 junio, 2020","format":false,"excerpt":"Foto: Twitter \/ Especial En Twitter y Facebook circulan videos y fotograf\u00edas que dan cuenta de la violencia ejercida por algunos polic\u00edas de Jalisco contra los manifestantes que, el jueves pasado, exigieron justicia en la capital de estado por el asesinato de Giovanni L\u00f3pez, a manos de polic\u00edas municipales. Redacci\u00f3n\u2026","rel":"","context":"En &quot;CINTILLO&quot;","block_context":{"text":"CINTILLO","link":"https:\/\/www.grieta.org.mx\/index.php\/category\/cintillo\/"},"img":{"alt_text":"","src":"https:\/\/i0.wp.com\/www.grieta.org.mx\/wp-content\/uploads\/2020\/06\/abuso-policial-jalisco.jpg?resize=350%2C200&ssl=1","width":350,"height":200,"srcset":"https:\/\/i0.wp.com\/www.grieta.org.mx\/wp-content\/uploads\/2020\/06\/abuso-policial-jalisco.jpg?resize=350%2C200&ssl=1 1x, https:\/\/i0.wp.com\/www.grieta.org.mx\/wp-content\/uploads\/2020\/06\/abuso-policial-jalisco.jpg?resize=525%2C300&ssl=1 1.5x, https:\/\/i0.wp.com\/www.grieta.org.mx\/wp-content\/uploads\/2020\/06\/abuso-policial-jalisco.jpg?resize=700%2C400&ssl=1 2x, https:\/\/i0.wp.com\/www.grieta.org.mx\/wp-content\/uploads\/2020\/06\/abuso-policial-jalisco.jpg?resize=1050%2C600&ssl=1 3x"},"classes":[]},{"id":52027,"url":"https:\/\/www.grieta.org.mx\/index.php\/2020\/07\/21\/denuncian-tortura-y-desaparicion-de-indigena-jalisco\/","url_meta":{"origin":50439,"position":4},"title":"Denuncian tortura y desaparici\u00f3n de ind\u00edgena (Jalisco)","author":"grieta","date":"21 julio, 2020","format":false,"excerpt":"Foto: El Diario NTR Lauro Rodr\u00edguez \/ El Diario NTR La Red Nacional de Organismos Civiles de Derechos Humanos Todos los Derechos para Todas y Todos (Red TDT) denunci\u00f3 de manera p\u00fablica que polic\u00edas municipales de Villa Guerrero cometieron tortura y desaparici\u00f3n forzada en contra de un comunero ind\u00edgena de\u2026","rel":"","context":"En &quot;CINTILLO&quot;","block_context":{"text":"CINTILLO","link":"https:\/\/www.grieta.org.mx\/index.php\/category\/cintillo\/"},"img":{"alt_text":"","src":"https:\/\/i0.wp.com\/www.grieta.org.mx\/wp-content\/uploads\/2018\/03\/14524434_1106112876131411_958039263622046936_o.jpg?resize=350%2C200&ssl=1","width":350,"height":200,"srcset":"https:\/\/i0.wp.com\/www.grieta.org.mx\/wp-content\/uploads\/2018\/03\/14524434_1106112876131411_958039263622046936_o.jpg?resize=350%2C200&ssl=1 1x, https:\/\/i0.wp.com\/www.grieta.org.mx\/wp-content\/uploads\/2018\/03\/14524434_1106112876131411_958039263622046936_o.jpg?resize=525%2C300&ssl=1 1.5x, https:\/\/i0.wp.com\/www.grieta.org.mx\/wp-content\/uploads\/2018\/03\/14524434_1106112876131411_958039263622046936_o.jpg?resize=700%2C400&ssl=1 2x"},"classes":[]},{"id":61590,"url":"https:\/\/www.grieta.org.mx\/index.php\/2021\/09\/09\/lo-unico-que-queremos-es-que-nos-digan-donde-esta-mary-lucero-peruana-desaparecida-en-jalisco\/","url_meta":{"origin":50439,"position":5},"title":"\u201cLo \u00fanico que queremos es que nos digan d\u00f3nde est\u00e1 Mary Lucero\u201d, peruana desaparecida en Jalisco","author":"grieta","date":"9 septiembre, 2021","format":false,"excerpt":"Foto: Cortes\u00eda Familia Mescco Molina Mary Lucero Mescco Molina -originaria de Per\u00fa- fue desaparecida, junto con cuatro personas m\u00e1s, el 15 de agosto de 2020 en Atotonilco, Jalisco. Su desaparici\u00f3n fue precedida de una detenci\u00f3n arbitraria luego de un accidente vial. En su desaparici\u00f3n forzada participaron 15 polic\u00edas municipales de\u2026","rel":"","context":"En &quot;CINTILLO&quot;","block_context":{"text":"CINTILLO","link":"https:\/\/www.grieta.org.mx\/index.php\/category\/cintillo\/"},"img":{"alt_text":"","src":"https:\/\/i0.wp.com\/www.grieta.org.mx\/wp-content\/uploads\/2021\/09\/121707491_406814860705545_3692312712669023126_n-1068x802-1.jpg?resize=350%2C200&ssl=1","width":350,"height":200,"srcset":"https:\/\/i0.wp.com\/www.grieta.org.mx\/wp-content\/uploads\/2021\/09\/121707491_406814860705545_3692312712669023126_n-1068x802-1.jpg?resize=350%2C200&ssl=1 1x, https:\/\/i0.wp.com\/www.grieta.org.mx\/wp-content\/uploads\/2021\/09\/121707491_406814860705545_3692312712669023126_n-1068x802-1.jpg?resize=525%2C300&ssl=1 1.5x, https:\/\/i0.wp.com\/www.grieta.org.mx\/wp-content\/uploads\/2021\/09\/121707491_406814860705545_3692312712669023126_n-1068x802-1.jpg?resize=700%2C400&ssl=1 2x, https:\/\/i0.wp.com\/www.grieta.org.mx\/wp-content\/uploads\/2021\/09\/121707491_406814860705545_3692312712669023126_n-1068x802-1.jpg?resize=1050%2C600&ssl=1 3x"},"classes":[]}],"_links":{"self":[{"href":"https:\/\/www.grieta.org.mx\/index.php\/wp-json\/wp\/v2\/posts\/50439","targetHints":{"allow":["GET"]}}],"collection":[{"href":"https:\/\/www.grieta.org.mx\/index.php\/wp-json\/wp\/v2\/posts"}],"about":[{"href":"https:\/\/www.grieta.org.mx\/index.php\/wp-json\/wp\/v2\/types\/post"}],"author":[{"embeddable":true,"href":"https:\/\/www.grieta.org.mx\/index.php\/wp-json\/wp\/v2\/users\/2"}],"replies":[{"embeddable":true,"href":"https:\/\/www.grieta.org.mx\/index.php\/wp-json\/wp\/v2\/comments?post=50439"}],"version-history":[{"count":1,"href":"https:\/\/www.grieta.org.mx\/index.php\/wp-json\/wp\/v2\/posts\/50439\/revisions"}],"predecessor-version":[{"id":50441,"href":"https:\/\/www.grieta.org.mx\/index.php\/wp-json\/wp\/v2\/posts\/50439\/revisions\/50441"}],"wp:featuredmedia":[{"embeddable":true,"href":"https:\/\/www.grieta.org.mx\/index.php\/wp-json\/wp\/v2\/media\/50440"}],"wp:attachment":[{"href":"https:\/\/www.grieta.org.mx\/index.php\/wp-json\/wp\/v2\/media?parent=50439"}],"wp:term":[{"taxonomy":"category","embeddable":true,"href":"https:\/\/www.grieta.org.mx\/index.php\/wp-json\/wp\/v2\/categories?post=50439"},{"taxonomy":"post_tag","embeddable":true,"href":"https:\/\/www.grieta.org.mx\/index.php\/wp-json\/wp\/v2\/tags?post=50439"}],"curies":[{"name":"wp","href":"https:\/\/api.w.org\/{rel}","templated":true}]}}