{"id":50436,"date":"2020-06-04T16:23:48","date_gmt":"2020-06-04T21:23:48","guid":{"rendered":"http:\/\/www.grieta.org.mx\/?p=50436"},"modified":"2020-06-06T16:33:13","modified_gmt":"2020-06-06T21:33:13","slug":"colectivo-denuncia-tala-ayuntamiento-lo-niega-jalisco","status":"publish","type":"post","link":"https:\/\/www.grieta.org.mx\/index.php\/2020\/06\/04\/colectivo-denuncia-tala-ayuntamiento-lo-niega-jalisco\/","title":{"rendered":"Colectivo denuncia tala; ayuntamiento lo niega (Jalisco)"},"content":{"rendered":"<p><img loading=\"lazy\" decoding=\"async\" data-attachment-id=\"50437\" data-permalink=\"https:\/\/www.grieta.org.mx\/index.php\/2020\/06\/04\/colectivo-denuncia-tala-ayuntamiento-lo-niega-jalisco\/2020-06-03_09-06-57___1335\/\" data-orig-file=\"https:\/\/www.grieta.org.mx\/wp-content\/uploads\/2020\/06\/2020-06-03_09-06-57___1335.jpg\" data-orig-size=\"750,500\" data-comments-opened=\"0\" data-image-meta=\"{&quot;aperture&quot;:&quot;0&quot;,&quot;credit&quot;:&quot;&quot;,&quot;camera&quot;:&quot;&quot;,&quot;caption&quot;:&quot;&quot;,&quot;created_timestamp&quot;:&quot;0&quot;,&quot;copyright&quot;:&quot;&quot;,&quot;focal_length&quot;:&quot;0&quot;,&quot;iso&quot;:&quot;0&quot;,&quot;shutter_speed&quot;:&quot;0&quot;,&quot;title&quot;:&quot;&quot;,&quot;orientation&quot;:&quot;0&quot;}\" data-image-title=\"2020-06-03_09-06-57___1335\" data-image-description=\"\" data-image-caption=\"\" data-medium-file=\"https:\/\/www.grieta.org.mx\/wp-content\/uploads\/2020\/06\/2020-06-03_09-06-57___1335-300x200.jpg\" data-large-file=\"https:\/\/www.grieta.org.mx\/wp-content\/uploads\/2020\/06\/2020-06-03_09-06-57___1335.jpg\" class=\"aligncenter wp-image-50437\" src=\"http:\/\/www.grieta.org.mx\/wp-content\/uploads\/2020\/06\/2020-06-03_09-06-57___1335.jpg\" alt=\"\" width=\"800\" height=\"533\" srcset=\"https:\/\/www.grieta.org.mx\/wp-content\/uploads\/2020\/06\/2020-06-03_09-06-57___1335.jpg 750w, https:\/\/www.grieta.org.mx\/wp-content\/uploads\/2020\/06\/2020-06-03_09-06-57___1335-300x200.jpg 300w\" sizes=\"auto, (max-width: 800px) 100vw, 800px\" \/><\/p>\n<p>Foto: Jorge Alberto Mendoza<\/p>\n<p>Edgar Flores \/ El Diario NTR<\/p>\n<p>El colectivo\u00a0\u00danete\u00a0Huentit\u00e1n, liderado\u00a0por el activista Arturo Mendoza Monta\u00f1o, denunci\u00f3 que\u00a0durante el periodo de\u00a0aislamiento a causa\u00a0del Covid-19 se han talado \u00e1rboles de un\u00a0predio\u00a0que se ubica en los cruces de calzada Independencia y Perif\u00e9rico, en donde se tiene\u00a0planeado\u00a0construir\u00a0el proyecto inmobiliario\u00a0Iconia\u00a0y un complejo comercial.\u00a0En respuesta, el Ayuntamiento de Guadalajara neg\u00f3 el se\u00f1alamiento.<\/p>\n<p>Las acciones de\u00a0deforestaci\u00f3n no\u00a0son\u00a0recientes. Seg\u00fan el colectivo, desde hace seis a\u00f1os se han realizado talas de \u00e1rboles en la zona. En total, el colectivo contabiliza m\u00e1s de 500 \u00e1rboles retirados.<\/p>\n<p>\u00danete\u00a0Huentit\u00e1n\u00a0detall\u00f3 que durante los seis\u00a0a\u00f1os de\u00a0lucha ha\u00a0interpuesto amparos y quejas ante la Comisi\u00f3n Estatal de Derechos Humanos\u00a0Jalisco\u00a0(CEDHJ),\u00a0recursos que, afirma,\u00a0han sido ignorados.<\/p>\n<p>Tras la denuncia,\u00a0NTR realiz\u00f3 un recorrido por\u00a0el predio en el que\u00a0observ\u00f3\u00a0que\u00a0hay vestigios de \u00e1rboles ca\u00eddos y cortados.\u00a0Tambi\u00e9n hay carretillas, pero no trabajadores.<\/p>\n<p>Al respecto, el titular\u00a0de la Direcci\u00f3n de Obras P\u00fablicas\u00a0de Guadalajara,\u00a0Francisco Ontiveros Balc\u00e1zar, neg\u00f3 las recientes talas.<\/p>\n<p>\u201cEs muy respetable la opini\u00f3n de las personas que dicen que estamos talando \u00e1rboles. Te digo, la respuesta es \u00a1no! Si hubiera que realizar alguna tala, obviamente hablar\u00edamos con los ciudadanos para que sepan de qu\u00e9 se trata\u201d,\u00a0asegur\u00f3.<\/p>\n<p>Aclar\u00f3 adem\u00e1s que la constructora de los\u00a0departamentos\u00a0a\u00fan no tiene permiso.\u00a0\u201cEllos hasta la fecha no han iniciado obra, est\u00e1n apenas tramitando su licencia de urbanizaci\u00f3n\u201d, recalc\u00f3 el funcionario\u00a0ante los se\u00f1alamientos de vecinos que afirman\u00a0han sido testigos de trabajos de tala\u00a0y\u00a0de limpieza del terreno.<\/p>\n<p>Ontiveros Balc\u00e1zar\u00a0record\u00f3 que a partir de\u00a0Iconia\u00a0se cre\u00f3 un\u00a0fondo en el que la empresa Operadora Hotelera Salamanca, a cargo del proyecto,\u00a0debe pagar una\u00a0contraprestaci\u00f3n en obras al Municipio por cerca de 686 millones de pesos, de los cuales, asegur\u00f3, ya\u00a0se han\u00a0ejercido alrededor de\u00a0400 millones de pesos en el pol\u00edgono de\u00a0Huentit\u00e1n\u00a0y\u00a0alrededores.<\/p>\n<p><strong>VARIOS TEMAS<\/strong><\/p>\n<p>Otro de los proyectos a los que\u00a0el\u00a0colectivo se\u00f1ala de\u00a0ser\u00a0causante\u00a0de una tala indiscriminada\u00a0es el de Arena Guadalajara,\u00a0ubicado en las inmediaciones de la Calzada y Perif\u00e9rico.<\/p>\n<p>A la arena no s\u00f3lo se opone por ser un da\u00f1o al medio ambiente, sino porque, afirma,\u00a0traer\u00e1\u00a0consigo conflictos viales y atentar\u00e1\u00a0contra la tranquilidad y seguridad de los vecinos.\u00a0De acuerdo con\u00a0el ayuntamiento, el proyecto lleva un avance de 10 por ciento.<\/p>\n<p>El\u00a0colectivo\u00a0tambi\u00e9n se opone al\u00a0Museo Barranca. \u201cLlevan\u00a0seis\u00a0a\u00f1os y no han hecho nada. Cada administraci\u00f3n que entra da dinero;\u00a0Alfaro y Del Toro\u00a0(ya)\u00a0destinaron 80 millones\u00a0de pesos para el supuesto museo\u00a0y los van a aplicar hasta ahorita porque el gobierno\u00a0federal les llam\u00f3 la atenci\u00f3n\u201d, coment\u00f3\u00a0Mendoza Monta\u00f1o.<\/p>\n<p>Desde hace tiempo el\u00a0colectivo pide que las obras\u00a0en las inmediaciones de la Barranca se\u00a0acompa\u00f1en de urbanizaci\u00f3n; sin embargo, esto no ha sucedido.<\/p>\n<p>En total, \u00danete\u00a0Huentit\u00e1n\u00a0ha interpuesto\u00a0seis\u00a0amparos\u00a0contra proyectos en la Barranca. De estos, uno de 2015\u00a0ya se desech\u00f3\u00a0y los dem\u00e1s no han prosperado,\u00a0pues\u00a0se han\u00a0turnado a jueces de lo familiar y no a las \u00e1reas respectivas, lament\u00f3 el l\u00edder del colectivo.<\/p>\n<p><strong>SIOP promete\u00a0reponer ejemplares\u00a0derribados<\/strong><\/p>\n<p>M\u00e1s talas en el \u00e1rea. Por obras de\u00a0MiMacroPerif\u00e9rico,\u00a0se han retirado \u00e1rboles en la zona\u00a0de la\u00a0Calzada y Perif\u00e9rico, lo cual ha causado quejas por parte de vecinos.\u00a0Consultada\u00a0al respecto, la\u00a0Secretar\u00eda de Infraestructura y Obra P\u00fablica (SIOP)\u00a0inform\u00f3 que repondr\u00e1 los ejemplares retirados.<\/p>\n<p>La dependencia inform\u00f3 que cada\u00a0\u00e1rbol\u00a0retirado se repondr\u00e1 al 3&#215;1, es decir, por cada\u00a0ejemplar derribado\u00a0la SIOP\u00a0plantar\u00e1 tres. En total, colocar\u00e1\u00a027 mil\u00a0\u00e1rboles nuevos a lo largo del trayecto.<\/p>\n<p>NTR realiz\u00f3 un recorrido por la zona donde vecinos y miembros del colectivo \u00danete\u00a0Huentit\u00e1n\u00a0se\u00f1alaron los cortes\u00a0y,\u00a0efectivamente, hay restos de \u00e1rboles talados.<\/p>\n<p>Seg\u00fan\u00a0vecinos, nadie les inform\u00f3 que se retirar\u00edan \u00e1rboles de la zona.<\/p>\n<p><a href=\"https:\/\/www.ntrguadalajara.com\/post.php?id_nota=149628\">https:\/\/www.ntrguadalajara.com\/post.php?id_nota=149628<\/a><\/p>\n","protected":false},"excerpt":{"rendered":"<p>Foto: Jorge Alberto Mendoza Edgar Flores \/ El Diario NTR El colectivo\u00a0\u00danete\u00a0Huentit\u00e1n, liderado\u00a0por el activista Arturo Mendoza Monta\u00f1o, denunci\u00f3 que\u00a0durante el periodo de\u00a0aislamiento a causa\u00a0del Covid-19 se han talado \u00e1rboles &hellip; <a href=\"https:\/\/www.grieta.org.mx\/index.php\/2020\/06\/04\/colectivo-denuncia-tala-ayuntamiento-lo-niega-jalisco\/\" class=\"more-link\">Leer m\u00e1s<\/a><\/p>\n","protected":false},"author":2,"featured_media":50437,"comment_status":"closed","ping_status":"closed","sticky":false,"template":"","format":"standard","meta":{"ngg_post_thumbnail":0,"_jetpack_newsletter_access":"","_jetpack_dont_email_post_to_subs":false,"_jetpack_newsletter_tier_id":0,"_jetpack_memberships_contains_paywalled_content":false,"_jetpack_memberships_contains_paid_content":false,"footnotes":""},"categories":[80,2374,3271,2561,20,2],"tags":[1210,2562,464],"class_list":["post-50436","post","type-post","status-publish","format-standard","has-post-thumbnail","hentry","category-cintillo","category-conflictos-por-desarrollos-inmobiliarios-en-jalisco","category-covid-19-en-jalisco","category-destruccion-ambiental-en-jalisco","category-jalisco","category-noticias-nacionales","tag-conflictos-por-desarrollos-inmobiliarios","tag-destruccion-ambiental","tag-impacto-ambiental","entry"],"jetpack_featured_media_url":"https:\/\/www.grieta.org.mx\/wp-content\/uploads\/2020\/06\/2020-06-03_09-06-57___1335.jpg","jetpack_sharing_enabled":true,"jetpack_shortlink":"https:\/\/wp.me\/p7ZJR4-d7u","jetpack_likes_enabled":false,"jetpack-related-posts":[{"id":45606,"url":"https:\/\/www.grieta.org.mx\/index.php\/2020\/03\/03\/denuncian-construcciones-irregulares-en-huentitan-jalisco\/","url_meta":{"origin":50436,"position":0},"title":"Denuncian construcciones irregulares en Huentit\u00e1n (Jalisco)","author":"grieta","date":"3 marzo, 2020","format":false,"excerpt":"Foto: Semarnat Jalisco El Colectivo \u00danete Huentit\u00e1n sostuvo que muchas constructoras han iniciado proyectos de casas y departamentos que violan los planes parciales del municipio Rafael Hern\u00e1ndez \/ UDGTV Integrantes del colectivo \u00danete Huentit\u00e1n, advirtieron de lo que ellos consideran el colapso de los servicios p\u00fablicos municipales\u00a0en esta zona de\u2026","rel":"","context":"En &quot;CINTILLO&quot;","block_context":{"text":"CINTILLO","link":"https:\/\/www.grieta.org.mx\/index.php\/category\/cintillo\/"},"img":{"alt_text":"","src":"https:\/\/i0.wp.com\/www.grieta.org.mx\/wp-content\/uploads\/2020\/03\/Barranca-de-Huentit%C3%A1n-Semadet-Jalisco-696x464.jpg?resize=350%2C200&ssl=1","width":350,"height":200,"srcset":"https:\/\/i0.wp.com\/www.grieta.org.mx\/wp-content\/uploads\/2020\/03\/Barranca-de-Huentit%C3%A1n-Semadet-Jalisco-696x464.jpg?resize=350%2C200&ssl=1 1x, https:\/\/i0.wp.com\/www.grieta.org.mx\/wp-content\/uploads\/2020\/03\/Barranca-de-Huentit%C3%A1n-Semadet-Jalisco-696x464.jpg?resize=525%2C300&ssl=1 1.5x"},"classes":[]},{"id":65213,"url":"https:\/\/www.grieta.org.mx\/index.php\/2022\/09\/13\/pese-a-clausura-siguen-trabajos-en-iconia-colectivos-ven-simulacion-jalisco\/","url_meta":{"origin":50436,"position":1},"title":"Pese a clausura, siguen trabajos en Iconia; colectivos ven simulaci\u00f3n (Jalisco)","author":"grieta","date":"13 septiembre, 2022","format":false,"excerpt":"Imagen: Edgar Flores Edgar Flores \/ El Diario NTR Integrantes del colectivo \u00danete Huentit\u00e1n ven como una simulaci\u00f3n la clausura de las obras de Iconia, en el sitio a\u00fan hay trabajadores laborando, constat\u00f3 NTR en un recorrido. Luego de que el Ayuntamiento de Guadalajara clausur\u00f3 las obras de Iconia, desde\u2026","rel":"","context":"En &quot;CINTILLO&quot;","block_context":{"text":"CINTILLO","link":"https:\/\/www.grieta.org.mx\/index.php\/category\/cintillo\/"},"img":{"alt_text":"","src":"https:\/\/i0.wp.com\/www.grieta.org.mx\/wp-content\/uploads\/2022\/09\/2022-09-13_12-09-53___4492.jpg?resize=350%2C200&ssl=1","width":350,"height":200,"srcset":"https:\/\/i0.wp.com\/www.grieta.org.mx\/wp-content\/uploads\/2022\/09\/2022-09-13_12-09-53___4492.jpg?resize=350%2C200&ssl=1 1x, https:\/\/i0.wp.com\/www.grieta.org.mx\/wp-content\/uploads\/2022\/09\/2022-09-13_12-09-53___4492.jpg?resize=525%2C300&ssl=1 1.5x, https:\/\/i0.wp.com\/www.grieta.org.mx\/wp-content\/uploads\/2022\/09\/2022-09-13_12-09-53___4492.jpg?resize=700%2C400&ssl=1 2x"},"classes":[]},{"id":64245,"url":"https:\/\/www.grieta.org.mx\/index.php\/2022\/05\/18\/desarrollo-inmobiliario-pone-en-riesgo-el-corredor-hidrologico-del-bosque-nixticuil-en-zapopan-jalisco\/","url_meta":{"origin":50436,"position":2},"title":"Desarrollo inmobiliario pone en riesgo el corredor hidrol\u00f3gico del Bosque Nixticuil en Zapopan (Jalisco)","author":"grieta","date":"18 mayo, 2022","format":false,"excerpt":"Foto: Archivo \/ UDGTV Mar\u00eda Ram\u00edrez Blanco \/ UDGTV Guadalajara, Jalisco.\u00a0\u00a0El\u00a0Comit\u00e9 para la Defensa del Bosque Nixticuil en Zapopan denuncia tr\u00e1fico de influencias por parte del Gobierno Municipal\u00a0para favorecer el desarrollo inmobiliario en una \u00e1rea que tiene un alto grado de conservaci\u00f3n ecol\u00f3gica. \u201cSe trata de una zona que es\u2026","rel":"","context":"En &quot;CINTILLO&quot;","block_context":{"text":"CINTILLO","link":"https:\/\/www.grieta.org.mx\/index.php\/category\/cintillo\/"},"img":{"alt_text":"","src":"https:\/\/i0.wp.com\/www.grieta.org.mx\/wp-content\/uploads\/2022\/05\/Bosque_Nixticuil-ArchivoResized-696x522-1.jpg?resize=350%2C200&ssl=1","width":350,"height":200,"srcset":"https:\/\/i0.wp.com\/www.grieta.org.mx\/wp-content\/uploads\/2022\/05\/Bosque_Nixticuil-ArchivoResized-696x522-1.jpg?resize=350%2C200&ssl=1 1x, https:\/\/i0.wp.com\/www.grieta.org.mx\/wp-content\/uploads\/2022\/05\/Bosque_Nixticuil-ArchivoResized-696x522-1.jpg?resize=525%2C300&ssl=1 1.5x"},"classes":[]},{"id":54427,"url":"https:\/\/www.grieta.org.mx\/index.php\/2020\/10\/21\/vecinos-de-huentitan-anuncian-nuevo-frente-contra-distrito-iconia-jalisco\/","url_meta":{"origin":50436,"position":3},"title":"Vecinos de Huentit\u00e1n anuncian nuevo frente contra Distrito Iconia (Jalisco)","author":"grieta","date":"21 octubre, 2020","format":false,"excerpt":"Foto: Semarnat Jalisco De acuerdo con Arturo Mendoza, representante de la asociaci\u00f3n, la falta de un juez especializado en materia ambiental ha perjudicado la defensa de la zona Violeta Mel\u00e9ndez \/ UDGTV Vecinos organizados a trav\u00e9s de la agrupaci\u00f3n \u00danete Huentit\u00e1n\u00a0anunciaron un nuevo frente legal contra Distrito Iconia,\u00a0un megaproyecto inmobiliario\u2026","rel":"","context":"En &quot;CINTILLO&quot;","block_context":{"text":"CINTILLO","link":"https:\/\/www.grieta.org.mx\/index.php\/category\/cintillo\/"},"img":{"alt_text":"","src":"https:\/\/i0.wp.com\/www.grieta.org.mx\/wp-content\/uploads\/2020\/10\/Barranca-de-Huentitan-Semadet-Jalisco-630x420-1.jpg?resize=350%2C200&ssl=1","width":350,"height":200,"srcset":"https:\/\/i0.wp.com\/www.grieta.org.mx\/wp-content\/uploads\/2020\/10\/Barranca-de-Huentitan-Semadet-Jalisco-630x420-1.jpg?resize=350%2C200&ssl=1 1x, https:\/\/i0.wp.com\/www.grieta.org.mx\/wp-content\/uploads\/2020\/10\/Barranca-de-Huentitan-Semadet-Jalisco-630x420-1.jpg?resize=525%2C300&ssl=1 1.5x"},"classes":[]},{"id":55623,"url":"https:\/\/www.grieta.org.mx\/index.php\/2020\/12\/04\/denuncian-muerte-de-fauna-silvestre-a-causa-de-fraccionamientos-jalisco\/","url_meta":{"origin":50436,"position":4},"title":"Denuncian muerte de fauna silvestre a causa de fraccionamientos (Jalisco)","author":"grieta","date":"4 diciembre, 2020","format":false,"excerpt":"Foto: Twitter @bosqueixticuil Lauto Rodr\u00edguez \/ El Diario NTR Activistas del Comit\u00e9 en Defensa del Bosque del Nixticuil denunciaron en redes sociales que la construcci\u00f3n de nuevos fraccionamientos auspiciados por el gobierno municipal de Zapopan, provoca que la fauna silvestre tenga que desplazarse y se ponga en riesgo permanente. Justo\u2026","rel":"","context":"En &quot;CINTILLO&quot;","block_context":{"text":"CINTILLO","link":"https:\/\/www.grieta.org.mx\/index.php\/category\/cintillo\/"},"img":{"alt_text":"","src":"https:\/\/i0.wp.com\/www.grieta.org.mx\/wp-content\/uploads\/2020\/12\/2020-12-04_02-12-44___2968.jpg?resize=350%2C200&ssl=1","width":350,"height":200,"srcset":"https:\/\/i0.wp.com\/www.grieta.org.mx\/wp-content\/uploads\/2020\/12\/2020-12-04_02-12-44___2968.jpg?resize=350%2C200&ssl=1 1x, https:\/\/i0.wp.com\/www.grieta.org.mx\/wp-content\/uploads\/2020\/12\/2020-12-04_02-12-44___2968.jpg?resize=525%2C300&ssl=1 1.5x, https:\/\/i0.wp.com\/www.grieta.org.mx\/wp-content\/uploads\/2020\/12\/2020-12-04_02-12-44___2968.jpg?resize=700%2C400&ssl=1 2x"},"classes":[]},{"id":59340,"url":"https:\/\/www.grieta.org.mx\/index.php\/2021\/05\/03\/vecinos-y-activistas-de-huentitan-preparan-explanada-cultural-en-predio-de-iconia-jalisco\/","url_meta":{"origin":50436,"position":5},"title":"Vecinos y activistas de Huentit\u00e1n preparan explanada cultural en predio de Iconia (Jalisco)","author":"grieta","date":"3 mayo, 2021","format":false,"excerpt":"Foto: F\u00e1tima Aguilar F\u00e1tima Aguilar \/ UDGTV A cinco semanas de resistencia contra el proyecto inmobiliario de Iconia,\u00a0los vecinos y activistas de Huentit\u00e1n contin\u00faan con acciones para rehabilitar el predio\u00a0de 13.5 hect\u00e1reas donde se quiere desarrollar un complejo de mil 600 departamentos, y al que los ciudadanos han bautizado como\u2026","rel":"","context":"En &quot;CINTILLO&quot;","block_context":{"text":"CINTILLO","link":"https:\/\/www.grieta.org.mx\/index.php\/category\/cintillo\/"},"img":{"alt_text":"","src":"https:\/\/i0.wp.com\/www.grieta.org.mx\/wp-content\/uploads\/2021\/05\/Hentitan-Fatima-Aguilar-696x522-1-e1620588322877.jpeg?resize=350%2C200&ssl=1","width":350,"height":200,"srcset":"https:\/\/i0.wp.com\/www.grieta.org.mx\/wp-content\/uploads\/2021\/05\/Hentitan-Fatima-Aguilar-696x522-1-e1620588322877.jpeg?resize=350%2C200&ssl=1 1x, https:\/\/i0.wp.com\/www.grieta.org.mx\/wp-content\/uploads\/2021\/05\/Hentitan-Fatima-Aguilar-696x522-1-e1620588322877.jpeg?resize=525%2C300&ssl=1 1.5x"},"classes":[]}],"_links":{"self":[{"href":"https:\/\/www.grieta.org.mx\/index.php\/wp-json\/wp\/v2\/posts\/50436","targetHints":{"allow":["GET"]}}],"collection":[{"href":"https:\/\/www.grieta.org.mx\/index.php\/wp-json\/wp\/v2\/posts"}],"about":[{"href":"https:\/\/www.grieta.org.mx\/index.php\/wp-json\/wp\/v2\/types\/post"}],"author":[{"embeddable":true,"href":"https:\/\/www.grieta.org.mx\/index.php\/wp-json\/wp\/v2\/users\/2"}],"replies":[{"embeddable":true,"href":"https:\/\/www.grieta.org.mx\/index.php\/wp-json\/wp\/v2\/comments?post=50436"}],"version-history":[{"count":1,"href":"https:\/\/www.grieta.org.mx\/index.php\/wp-json\/wp\/v2\/posts\/50436\/revisions"}],"predecessor-version":[{"id":50438,"href":"https:\/\/www.grieta.org.mx\/index.php\/wp-json\/wp\/v2\/posts\/50436\/revisions\/50438"}],"wp:featuredmedia":[{"embeddable":true,"href":"https:\/\/www.grieta.org.mx\/index.php\/wp-json\/wp\/v2\/media\/50437"}],"wp:attachment":[{"href":"https:\/\/www.grieta.org.mx\/index.php\/wp-json\/wp\/v2\/media?parent=50436"}],"wp:term":[{"taxonomy":"category","embeddable":true,"href":"https:\/\/www.grieta.org.mx\/index.php\/wp-json\/wp\/v2\/categories?post=50436"},{"taxonomy":"post_tag","embeddable":true,"href":"https:\/\/www.grieta.org.mx\/index.php\/wp-json\/wp\/v2\/tags?post=50436"}],"curies":[{"name":"wp","href":"https:\/\/api.w.org\/{rel}","templated":true}]}}