{"id":50424,"date":"2020-06-03T15:54:22","date_gmt":"2020-06-03T20:54:22","guid":{"rendered":"http:\/\/www.grieta.org.mx\/?p=50424"},"modified":"2020-06-06T15:58:32","modified_gmt":"2020-06-06T20:58:32","slug":"juez-da-luz-verde-para-continuar-con-la-construccion-del-puente-vehicular-de-xochimilco-ciudad-de-mexico","status":"publish","type":"post","link":"https:\/\/www.grieta.org.mx\/index.php\/2020\/06\/03\/juez-da-luz-verde-para-continuar-con-la-construccion-del-puente-vehicular-de-xochimilco-ciudad-de-mexico\/","title":{"rendered":"Juez da luz verde para continuar con la construcci\u00f3n del puente vehicular de Xochimilco (Ciudad de M\u00e9xico)"},"content":{"rendered":"<p><img loading=\"lazy\" decoding=\"async\" data-attachment-id=\"50425\" data-permalink=\"https:\/\/www.grieta.org.mx\/index.php\/2020\/06\/03\/juez-da-luz-verde-para-continuar-con-la-construccion-del-puente-vehicular-de-xochimilco-ciudad-de-mexico\/juez-da-luz-verde-para-continuar-con-la-construccion-del-puente-vehicular-de-xochimilco-cdmx-jun\/\" data-orig-file=\"https:\/\/www.grieta.org.mx\/wp-content\/uploads\/2020\/06\/Juez-da-luz-verde-para-continuar-con-la-construcci\u00f3n-del-puente-vehicular-de-Xochimilco-cdmx-jun.jpg\" data-orig-size=\"870,522\" data-comments-opened=\"0\" data-image-meta=\"{&quot;aperture&quot;:&quot;0&quot;,&quot;credit&quot;:&quot;&quot;,&quot;camera&quot;:&quot;&quot;,&quot;caption&quot;:&quot;&quot;,&quot;created_timestamp&quot;:&quot;0&quot;,&quot;copyright&quot;:&quot;&quot;,&quot;focal_length&quot;:&quot;0&quot;,&quot;iso&quot;:&quot;0&quot;,&quot;shutter_speed&quot;:&quot;0&quot;,&quot;title&quot;:&quot;&quot;,&quot;orientation&quot;:&quot;1&quot;}\" data-image-title=\"Juez da luz verde para continuar con la construcci\u00f3n del puente vehicular de Xochimilco cdmx jun\" data-image-description=\"\" data-image-caption=\"\" data-medium-file=\"https:\/\/www.grieta.org.mx\/wp-content\/uploads\/2020\/06\/Juez-da-luz-verde-para-continuar-con-la-construcci\u00f3n-del-puente-vehicular-de-Xochimilco-cdmx-jun-300x180.jpg\" data-large-file=\"https:\/\/www.grieta.org.mx\/wp-content\/uploads\/2020\/06\/Juez-da-luz-verde-para-continuar-con-la-construcci\u00f3n-del-puente-vehicular-de-Xochimilco-cdmx-jun.jpg\" class=\"aligncenter wp-image-50425\" src=\"http:\/\/www.grieta.org.mx\/wp-content\/uploads\/2020\/06\/Juez-da-luz-verde-para-continuar-con-la-construcci\u00f3n-del-puente-vehicular-de-Xochimilco-cdmx-jun.jpg\" alt=\"\" width=\"634\" height=\"380\" srcset=\"https:\/\/www.grieta.org.mx\/wp-content\/uploads\/2020\/06\/Juez-da-luz-verde-para-continuar-con-la-construcci\u00f3n-del-puente-vehicular-de-Xochimilco-cdmx-jun.jpg 870w, https:\/\/www.grieta.org.mx\/wp-content\/uploads\/2020\/06\/Juez-da-luz-verde-para-continuar-con-la-construcci\u00f3n-del-puente-vehicular-de-Xochimilco-cdmx-jun-300x180.jpg 300w, https:\/\/www.grieta.org.mx\/wp-content\/uploads\/2020\/06\/Juez-da-luz-verde-para-continuar-con-la-construcci\u00f3n-del-puente-vehicular-de-Xochimilco-cdmx-jun-768x461.jpg 768w, https:\/\/www.grieta.org.mx\/wp-content\/uploads\/2020\/06\/Juez-da-luz-verde-para-continuar-con-la-construcci\u00f3n-del-puente-vehicular-de-Xochimilco-cdmx-jun-833x500.jpg 833w\" sizes=\"auto, (max-width: 634px) 100vw, 634px\" \/><br \/>\nProtesta contra la construcci\u00f3n del puente vehicular en Xochimilco. Foto: Twitter @XochimilcoVivo<\/p>\n<p>Sara Pantoja \/ Proceso<\/p>\n<blockquote><p>CIUDAD DE M\u00c9XICO (apro).- El Juzgado Quinto de Distrito en Materia Administrativa determin\u00f3 que la construcci\u00f3n del puente vehicular de Perif\u00e9rico Sur y Canal Nacional \u2013impugnada por habitantes de la alcald\u00eda Xochimilco\u2013 puede continuar.<\/p><\/blockquote>\n<p>De acuerdo con las secretar\u00edas de Obras y Servicios (Sobse) y de Medio Ambiente (Sedema), tras realizar la ponderaci\u00f3n de derechos fundamentales, el juez \u201cresolvi\u00f3 negar la suspensi\u00f3n definitiva, toda vez que no se acredit\u00f3 el inter\u00e9s leg\u00edtimo ni la afectaci\u00f3n inminente en materia ambiental\u201d.<\/p>\n<p>Los habitantes de Xochimilco que impugnaron la obra, mediante el juicio de amparo 572\/2020, argumentaron que ocasionar\u00e1 da\u00f1o ambiental en el \u00c1rea Natural Protegida Ejidos de Xochimilco y San Gregorio Atlapulco, con categor\u00eda de Zona Sujeta a Conservaci\u00f3n Ecol\u00f3gica.<\/p>\n<p>Seg\u00fan una tarjeta informativa de las dependencias del gobierno capitalino, la decisi\u00f3n del juez ocurri\u00f3 en audiencia incidental, el pasado 30 de mayo.<\/p>\n<p>El juez orden\u00f3 que \u201clas autoridades responsables en el \u00e1mbito de su esfera competencial y como peritos en la materia deber\u00e1n, bajo su m\u00e1s estricta responsabilidad, verificar que el tercero interesado (empresa) lleve a cabo los trabajos de construcci\u00f3n en cumplimiento a las autorizaciones emitidas y ordenamientos aplicables\u201d, agregaron Sobse y Sedema.<\/p>\n<p>En consecuencia, subrayaron, \u201cse podr\u00e1 continuar con los trabajos cumpliendo con las obligaciones en materia ambiental, de conformidad con el principio de prevenci\u00f3n aplicable\u201d.<\/p>\n<p>El pasado 26 de mayo la jefa de gobierno, Claudia Sheinbaum, inform\u00f3 que defender\u00eda la obra por sus beneficios a la ciudadan\u00eda y el medio ambiente, pese a que un tribunal federal confirm\u00f3 la resoluci\u00f3n de un juez de Distrito que orden\u00f3 suspender la construcci\u00f3n del puente vehicular, a petici\u00f3n de habitantes de la zona inconformes.<\/p>\n<p><a href=\"https:\/\/www.proceso.com.mx\/632901\/juez-da-luz-verde-para-continuar-con-la-construccion-del-puente-vehicular-de-xochimilco\" target=\"_blank\" rel=\"noopener noreferrer\">https:\/\/www.proceso.com.mx\/632901\/juez-da-luz-verde-para-continuar-con-la-construccion-del-puente-vehicular-de-xochimilco<\/a><\/p>\n","protected":false},"excerpt":{"rendered":"<p>Protesta contra la construcci\u00f3n del puente vehicular en Xochimilco. Foto: Twitter @XochimilcoVivo Sara Pantoja \/ Proceso CIUDAD DE M\u00c9XICO (apro).- El Juzgado Quinto de Distrito en Materia Administrativa determin\u00f3 que &hellip; <a href=\"https:\/\/www.grieta.org.mx\/index.php\/2020\/06\/03\/juez-da-luz-verde-para-continuar-con-la-construccion-del-puente-vehicular-de-xochimilco-ciudad-de-mexico\/\" class=\"more-link\">Leer m\u00e1s<\/a><\/p>\n","protected":false},"author":2,"featured_media":50425,"comment_status":"closed","ping_status":"closed","sticky":false,"template":"","format":"standard","meta":{"ngg_post_thumbnail":0,"_jetpack_newsletter_access":"","_jetpack_dont_email_post_to_subs":false,"_jetpack_newsletter_tier_id":0,"_jetpack_memberships_contains_paywalled_content":false,"_jetpack_memberships_contains_paid_content":false,"footnotes":""},"categories":[80,14,2065,2],"tags":[223],"class_list":["post-50424","post","type-post","status-publish","format-standard","has-post-thumbnail","hentry","category-cintillo","category-ciudad-de-mexico","category-movilizaciones-y-protestas-de-habitantes-de-la-ciudad-de-mexico","category-noticias-nacionales","tag-ecocidio","entry"],"jetpack_featured_media_url":"https:\/\/www.grieta.org.mx\/wp-content\/uploads\/2020\/06\/Juez-da-luz-verde-para-continuar-con-la-construcci\u00f3n-del-puente-vehicular-de-Xochimilco-cdmx-jun.jpg","jetpack_sharing_enabled":true,"jetpack_shortlink":"https:\/\/wp.me\/p7ZJR4-d7i","jetpack_likes_enabled":false,"jetpack-related-posts":[{"id":57811,"url":"https:\/\/www.grieta.org.mx\/index.php\/2021\/03\/21\/ciclistas-denuncian-agresiones-durante-protesta-yoprotejoelhumedal-en-xochimilco-ciudad-de-mexico\/","url_meta":{"origin":50424,"position":0},"title":"Ciclistas denuncian agresiones durante protesta #YoProtejoElHumedal, en Xochimilco (Ciudad de M\u00e9xico)","author":"grieta","date":"21 marzo, 2021","format":false,"excerpt":"Animal Pol\u00edtico Ciclistas de la \u2018Rodada Sonidera\u2019 denunciaron ser agredidos durante la protesta #YoProtejoElHumedal, contra la construcci\u00f3n de un puente vial en la zona de Cuemanco, Xochimilco. Ciclistas denunciaron ser agredidos por personas vestidas de civil, en presencia policiaca, mientras protestaban contra la construcci\u00f3n de un puente vehicular en la\u2026","rel":"","context":"En &quot;Abuso policiaco y tortura en la Ciudad de M\u00e9xico&quot;","block_context":{"text":"Abuso policiaco y tortura en la Ciudad de M\u00e9xico","link":"https:\/\/www.grieta.org.mx\/index.php\/category\/noticias-nacionales\/ciudad-de-mexico\/abuso-policiaco-y-tortura-en-la-ciudad-de-mexico\/"},"img":{"alt_text":"","src":"https:\/\/i0.wp.com\/www.grieta.org.mx\/wp-content\/uploads\/2021\/03\/Ciclistas-denuncian-agresiones-durante-protesta-YoProtejoElHumedal-en-Xochimilco-cdmx-mzo.jpeg?resize=350%2C200&ssl=1","width":350,"height":200,"srcset":"https:\/\/i0.wp.com\/www.grieta.org.mx\/wp-content\/uploads\/2021\/03\/Ciclistas-denuncian-agresiones-durante-protesta-YoProtejoElHumedal-en-Xochimilco-cdmx-mzo.jpeg?resize=350%2C200&ssl=1 1x, https:\/\/i0.wp.com\/www.grieta.org.mx\/wp-content\/uploads\/2021\/03\/Ciclistas-denuncian-agresiones-durante-protesta-YoProtejoElHumedal-en-Xochimilco-cdmx-mzo.jpeg?resize=525%2C300&ssl=1 1.5x, https:\/\/i0.wp.com\/www.grieta.org.mx\/wp-content\/uploads\/2021\/03\/Ciclistas-denuncian-agresiones-durante-protesta-YoProtejoElHumedal-en-Xochimilco-cdmx-mzo.jpeg?resize=700%2C400&ssl=1 2x, https:\/\/i0.wp.com\/www.grieta.org.mx\/wp-content\/uploads\/2021\/03\/Ciclistas-denuncian-agresiones-durante-protesta-YoProtejoElHumedal-en-Xochimilco-cdmx-mzo.jpeg?resize=1050%2C600&ssl=1 3x, https:\/\/i0.wp.com\/www.grieta.org.mx\/wp-content\/uploads\/2021\/03\/Ciclistas-denuncian-agresiones-durante-protesta-YoProtejoElHumedal-en-Xochimilco-cdmx-mzo.jpeg?resize=1400%2C800&ssl=1 4x"},"classes":[]},{"id":58892,"url":"https:\/\/www.grieta.org.mx\/index.php\/2021\/04\/21\/con-tumbas-de-animales-en-peligro-de-extincion-se-oponen-a-puente-ciudad-de-mexico\/","url_meta":{"origin":50424,"position":1},"title":"Con tumbas de animales en peligro de extinci\u00f3n, se oponen a puente (Ciudad de M\u00e9xico)","author":"grieta","date":"21 abril, 2021","format":false,"excerpt":"Jon\u00e1s L\u00f3pez \/ Excelsior Foto tomada de: Excelsior Los inconformes con el puente vehicular que se construye en Perif\u00e9rico oriente y Canal Nacional, montar\u00e1n guardia en espera de la sentencia Activistas pernoctar\u00e1n frente al D\u00e9cimo Quinto Tribunal Colegiado esperando que el viernes emita una suspensi\u00f3n definitiva de las obras de\u2026","rel":"","context":"En &quot;CINTILLO&quot;","block_context":{"text":"CINTILLO","link":"https:\/\/www.grieta.org.mx\/index.php\/category\/cintillo\/"},"img":{"alt_text":"","src":"https:\/\/i0.wp.com\/www.grieta.org.mx\/wp-content\/uploads\/2021\/04\/Con-tumbas-de-animales-en-peligro-de-extincion-se-oponen-a-puente-cdmx-abr.jpg?resize=350%2C200&ssl=1","width":350,"height":200,"srcset":"https:\/\/i0.wp.com\/www.grieta.org.mx\/wp-content\/uploads\/2021\/04\/Con-tumbas-de-animales-en-peligro-de-extincion-se-oponen-a-puente-cdmx-abr.jpg?resize=350%2C200&ssl=1 1x, https:\/\/i0.wp.com\/www.grieta.org.mx\/wp-content\/uploads\/2021\/04\/Con-tumbas-de-animales-en-peligro-de-extincion-se-oponen-a-puente-cdmx-abr.jpg?resize=525%2C300&ssl=1 1.5x, https:\/\/i0.wp.com\/www.grieta.org.mx\/wp-content\/uploads\/2021\/04\/Con-tumbas-de-animales-en-peligro-de-extincion-se-oponen-a-puente-cdmx-abr.jpg?resize=700%2C400&ssl=1 2x, https:\/\/i0.wp.com\/www.grieta.org.mx\/wp-content\/uploads\/2021\/04\/Con-tumbas-de-animales-en-peligro-de-extincion-se-oponen-a-puente-cdmx-abr.jpg?resize=1050%2C600&ssl=1 3x"},"classes":[]},{"id":43065,"url":"https:\/\/www.grieta.org.mx\/index.php\/2020\/01\/13\/vecinos-lanzan-un-sos-alertan-que-gobierno-construira-puente-en-area-protegida-de-xochimilco-ciudad-de-mexico\/","url_meta":{"origin":50424,"position":2},"title":"Vecinos lanzan un SOS: alertan que Gobierno construir\u00e1 puente en \u00c1rea Protegida de Xochimilco (Ciudad de M\u00e9xico)","author":"grieta","date":"13 enero, 2020","format":false,"excerpt":"\u00c1rea Natural de Xochimilco , el Perif\u00e9rico Sur y el su camell\u00f3n que alberga canales y \u00e1rboles end\u00e9micos como los ahuejotes En el lugar descender\u00e1 el distribuidor vial. Foto: Xochimilco Vivo. Montserrat Ant\u00fanez Estrada \/ Sin Embargo La construcci\u00f3n de un puente vehicular que pasar\u00e1 por Xochimilco, en la Ciudad\u2026","rel":"","context":"En &quot;CINTILLO&quot;","block_context":{"text":"CINTILLO","link":"https:\/\/www.grieta.org.mx\/index.php\/category\/cintillo\/"},"img":{"alt_text":"","src":"https:\/\/i0.wp.com\/www.grieta.org.mx\/wp-content\/uploads\/2020\/01\/Vecinos-lanzan-un-SOS-alertan-que-Gobierno-construir%C3%A1-puente-en-%C3%81rea-Protegida-de-Xochimilco-cdmx-ene.jpg?resize=350%2C200&ssl=1","width":350,"height":200,"srcset":"https:\/\/i0.wp.com\/www.grieta.org.mx\/wp-content\/uploads\/2020\/01\/Vecinos-lanzan-un-SOS-alertan-que-Gobierno-construir%C3%A1-puente-en-%C3%81rea-Protegida-de-Xochimilco-cdmx-ene.jpg?resize=350%2C200&ssl=1 1x, https:\/\/i0.wp.com\/www.grieta.org.mx\/wp-content\/uploads\/2020\/01\/Vecinos-lanzan-un-SOS-alertan-que-Gobierno-construir%C3%A1-puente-en-%C3%81rea-Protegida-de-Xochimilco-cdmx-ene.jpg?resize=525%2C300&ssl=1 1.5x, https:\/\/i0.wp.com\/www.grieta.org.mx\/wp-content\/uploads\/2020\/01\/Vecinos-lanzan-un-SOS-alertan-que-Gobierno-construir%C3%A1-puente-en-%C3%81rea-Protegida-de-Xochimilco-cdmx-ene.jpg?resize=700%2C400&ssl=1 2x, https:\/\/i0.wp.com\/www.grieta.org.mx\/wp-content\/uploads\/2020\/01\/Vecinos-lanzan-un-SOS-alertan-que-Gobierno-construir%C3%A1-puente-en-%C3%81rea-Protegida-de-Xochimilco-cdmx-ene.jpg?resize=1050%2C600&ssl=1 3x"},"classes":[]},{"id":60760,"url":"https:\/\/www.grieta.org.mx\/index.php\/2021\/07\/23\/policias-agreden-a-manifestantes-durante-protesta-yoprotejoelhumedal-de-xochimilco\/","url_meta":{"origin":50424,"position":3},"title":"Polic\u00edas agreden a manifestantes durante protesta #YoProtejoElHumedal de Xochimilco","author":"grieta","date":"23 julio, 2021","format":false,"excerpt":"Los manifestantes comenzaron a gritar \u201c\u00a1Queremos soluci\u00f3n, no a la represi\u00f3n!\", y dieron a conocer su indignaci\u00f3n por la forma en la que la polic\u00eda proteg\u00eda m\u00e1s una avenida. Andrea Vega\/ ANIMAL POL\u00cdTICO Redacci\u00f3n ANIMAL POL\u00cdTICO Un grupo de manifestantes, la mayor\u00eda integrantes de la Coordinaci\u00f3n de Pueblos de Xochimilco,\u2026","rel":"","context":"En &quot;CINTILLO&quot;","block_context":{"text":"CINTILLO","link":"https:\/\/www.grieta.org.mx\/index.php\/category\/cintillo\/"},"img":{"alt_text":"","src":"https:\/\/i0.wp.com\/www.grieta.org.mx\/wp-content\/uploads\/2021\/07\/humedal.jpg?resize=350%2C200&ssl=1","width":350,"height":200,"srcset":"https:\/\/i0.wp.com\/www.grieta.org.mx\/wp-content\/uploads\/2021\/07\/humedal.jpg?resize=350%2C200&ssl=1 1x, https:\/\/i0.wp.com\/www.grieta.org.mx\/wp-content\/uploads\/2021\/07\/humedal.jpg?resize=525%2C300&ssl=1 1.5x, https:\/\/i0.wp.com\/www.grieta.org.mx\/wp-content\/uploads\/2021\/07\/humedal.jpg?resize=700%2C400&ssl=1 2x, https:\/\/i0.wp.com\/www.grieta.org.mx\/wp-content\/uploads\/2021\/07\/humedal.jpg?resize=1050%2C600&ssl=1 3x"},"classes":[]},{"id":51912,"url":"https:\/\/www.grieta.org.mx\/index.php\/2020\/07\/17\/protegiendo-el-humedal-de-xochimilco-la-ciudad-de-mexico-sigue-urbanizandose-sobre-un-lago\/","url_meta":{"origin":50424,"position":4},"title":"Protegiendo el humedal de Xochimilco: la Ciudad de M\u00e9xico sigue urbaniz\u00e1ndose sobre un lago","author":"grieta","date":"17 julio, 2020","format":false,"excerpt":"Una de las \u00e1reas del humedal intermedio ya destruidas. A la derecha se puede ver un poco del humedal original | Ra\u00fal Fernando P\u00e9rez Ra\u00fal Fernando P\u00e9rez Lira \/ Democracia Abierta San Gregorio Atlapulco, junto con m\u00e1s de una decena de pueblos originarios de Xochimilco, est\u00e1 llevando a cabo desde\u2026","rel":"","context":"En &quot;CINTILLO&quot;","block_context":{"text":"CINTILLO","link":"https:\/\/www.grieta.org.mx\/index.php\/category\/cintillo\/"},"img":{"alt_text":"","src":"https:\/\/i0.wp.com\/www.grieta.org.mx\/wp-content\/uploads\/2020\/07\/Protegiendo-el-humedal-de-Xochimilco-la-Ciudad-de-M%C3%A9xico-sigue-urbaniz%C3%A1ndose-sobre-un-lago-cdmx-jul.jpg?resize=350%2C200&ssl=1","width":350,"height":200,"srcset":"https:\/\/i0.wp.com\/www.grieta.org.mx\/wp-content\/uploads\/2020\/07\/Protegiendo-el-humedal-de-Xochimilco-la-Ciudad-de-M%C3%A9xico-sigue-urbaniz%C3%A1ndose-sobre-un-lago-cdmx-jul.jpg?resize=350%2C200&ssl=1 1x, https:\/\/i0.wp.com\/www.grieta.org.mx\/wp-content\/uploads\/2020\/07\/Protegiendo-el-humedal-de-Xochimilco-la-Ciudad-de-M%C3%A9xico-sigue-urbaniz%C3%A1ndose-sobre-un-lago-cdmx-jul.jpg?resize=525%2C300&ssl=1 1.5x, https:\/\/i0.wp.com\/www.grieta.org.mx\/wp-content\/uploads\/2020\/07\/Protegiendo-el-humedal-de-Xochimilco-la-Ciudad-de-M%C3%A9xico-sigue-urbaniz%C3%A1ndose-sobre-un-lago-cdmx-jul.jpg?resize=700%2C400&ssl=1 2x"},"classes":[]},{"id":42302,"url":"https:\/\/www.grieta.org.mx\/index.php\/2019\/12\/17\/resisten-contra-megaproyecto-urbanizador-en-xochimilco-ciudad-de-mexico\/","url_meta":{"origin":50424,"position":5},"title":"Resisten contra megaproyecto urbanizador en Xochimilco (Ciudad de M\u00e9xico)","author":"grieta","date":"17 diciembre, 2019","format":false,"excerpt":"Foto: Mar\u00eda Fernanda Ruiz Arturo Contreras Camero \/ Pie de P\u00e1gina Pobladores de Xochimilco se organizan en contra del plan de las autoridades locales de \u201cdesarrollar\u201d la demarcaci\u00f3n con base en su urbanizaci\u00f3n con plazas comerciales y tiendas de conveniencia. Un tipo de desarrollo, advierten, que podr\u00eda terminar por secar\u2026","rel":"","context":"En &quot;CINTILLO&quot;","block_context":{"text":"CINTILLO","link":"https:\/\/www.grieta.org.mx\/index.php\/category\/cintillo\/"},"img":{"alt_text":"","src":"https:\/\/i0.wp.com\/www.grieta.org.mx\/wp-content\/uploads\/2019\/12\/Resisten-contra-megaproyecto-urbanizador-en-Xochimilco-cdmx-dic.jpg?resize=350%2C200&ssl=1","width":350,"height":200,"srcset":"https:\/\/i0.wp.com\/www.grieta.org.mx\/wp-content\/uploads\/2019\/12\/Resisten-contra-megaproyecto-urbanizador-en-Xochimilco-cdmx-dic.jpg?resize=350%2C200&ssl=1 1x, https:\/\/i0.wp.com\/www.grieta.org.mx\/wp-content\/uploads\/2019\/12\/Resisten-contra-megaproyecto-urbanizador-en-Xochimilco-cdmx-dic.jpg?resize=525%2C300&ssl=1 1.5x, https:\/\/i0.wp.com\/www.grieta.org.mx\/wp-content\/uploads\/2019\/12\/Resisten-contra-megaproyecto-urbanizador-en-Xochimilco-cdmx-dic.jpg?resize=700%2C400&ssl=1 2x, https:\/\/i0.wp.com\/www.grieta.org.mx\/wp-content\/uploads\/2019\/12\/Resisten-contra-megaproyecto-urbanizador-en-Xochimilco-cdmx-dic.jpg?resize=1050%2C600&ssl=1 3x"},"classes":[]}],"_links":{"self":[{"href":"https:\/\/www.grieta.org.mx\/index.php\/wp-json\/wp\/v2\/posts\/50424","targetHints":{"allow":["GET"]}}],"collection":[{"href":"https:\/\/www.grieta.org.mx\/index.php\/wp-json\/wp\/v2\/posts"}],"about":[{"href":"https:\/\/www.grieta.org.mx\/index.php\/wp-json\/wp\/v2\/types\/post"}],"author":[{"embeddable":true,"href":"https:\/\/www.grieta.org.mx\/index.php\/wp-json\/wp\/v2\/users\/2"}],"replies":[{"embeddable":true,"href":"https:\/\/www.grieta.org.mx\/index.php\/wp-json\/wp\/v2\/comments?post=50424"}],"version-history":[{"count":1,"href":"https:\/\/www.grieta.org.mx\/index.php\/wp-json\/wp\/v2\/posts\/50424\/revisions"}],"predecessor-version":[{"id":50426,"href":"https:\/\/www.grieta.org.mx\/index.php\/wp-json\/wp\/v2\/posts\/50424\/revisions\/50426"}],"wp:featuredmedia":[{"embeddable":true,"href":"https:\/\/www.grieta.org.mx\/index.php\/wp-json\/wp\/v2\/media\/50425"}],"wp:attachment":[{"href":"https:\/\/www.grieta.org.mx\/index.php\/wp-json\/wp\/v2\/media?parent=50424"}],"wp:term":[{"taxonomy":"category","embeddable":true,"href":"https:\/\/www.grieta.org.mx\/index.php\/wp-json\/wp\/v2\/categories?post=50424"},{"taxonomy":"post_tag","embeddable":true,"href":"https:\/\/www.grieta.org.mx\/index.php\/wp-json\/wp\/v2\/tags?post=50424"}],"curies":[{"name":"wp","href":"https:\/\/api.w.org\/{rel}","templated":true}]}}