{"id":50346,"date":"2020-06-05T19:19:51","date_gmt":"2020-06-06T00:19:51","guid":{"rendered":"http:\/\/www.grieta.org.mx\/?p=50346"},"modified":"2020-06-06T03:40:30","modified_gmt":"2020-06-06T08:40:30","slug":"baja-california-en-rojo-gobierno-oculta-informacion-y-aumentan-20-contagios-y-muertes-por-covid-19","status":"publish","type":"post","link":"https:\/\/www.grieta.org.mx\/index.php\/2020\/06\/05\/baja-california-en-rojo-gobierno-oculta-informacion-y-aumentan-20-contagios-y-muertes-por-covid-19\/","title":{"rendered":"Baja California en Rojo: gobierno oculta informaci\u00f3n y aumentan 20% contagios y muertes por COVID-19"},"content":{"rendered":"<p>Zeta Tijuana \/ Isabel Mercado.<\/p>\n<p><img loading=\"lazy\" decoding=\"async\" data-attachment-id=\"50347\" data-permalink=\"https:\/\/www.grieta.org.mx\/index.php\/2020\/06\/05\/baja-california-en-rojo-gobierno-oculta-informacion-y-aumentan-20-contagios-y-muertes-por-covid-19\/1-66\/\" data-orig-file=\"https:\/\/www.grieta.org.mx\/wp-content\/uploads\/2020\/06\/1-1.jpg\" data-orig-size=\"670,447\" data-comments-opened=\"0\" data-image-meta=\"{&quot;aperture&quot;:&quot;0&quot;,&quot;credit&quot;:&quot;&quot;,&quot;camera&quot;:&quot;&quot;,&quot;caption&quot;:&quot;&quot;,&quot;created_timestamp&quot;:&quot;0&quot;,&quot;copyright&quot;:&quot;&quot;,&quot;focal_length&quot;:&quot;0&quot;,&quot;iso&quot;:&quot;0&quot;,&quot;shutter_speed&quot;:&quot;0&quot;,&quot;title&quot;:&quot;&quot;,&quot;orientation&quot;:&quot;0&quot;}\" data-image-title=\"1\" data-image-description=\"\" data-image-caption=\"\" data-medium-file=\"https:\/\/www.grieta.org.mx\/wp-content\/uploads\/2020\/06\/1-1-300x200.jpg\" data-large-file=\"https:\/\/www.grieta.org.mx\/wp-content\/uploads\/2020\/06\/1-1.jpg\" class=\"aligncenter wp-image-50347\" src=\"http:\/\/www.grieta.org.mx\/wp-content\/uploads\/2020\/06\/1-1.jpg\" alt=\"\" width=\"800\" height=\"534\" srcset=\"https:\/\/www.grieta.org.mx\/wp-content\/uploads\/2020\/06\/1-1.jpg 670w, https:\/\/www.grieta.org.mx\/wp-content\/uploads\/2020\/06\/1-1-300x200.jpg 300w\" sizes=\"auto, (max-width: 800px) 100vw, 800px\" \/><br \/>\nFoto: Alejandro Guti\u00e9rrez Mora\/ZETA.<\/p>\n<p>Baja California inici\u00f3 la etapa de semaforizaci\u00f3n con aumento semanal de 20.9% en casos positivos y 26.9% en n\u00famero de personas muertas por coronavirus. Lejos de intensificar las medidas que permitan aplanar la curva de contagios, el gobierno de Jaime Bonilla ampli\u00f3 la cartera de actividades esenciales y analiza la posibilidad de abrir restaurantes, aun cuando la entidad se mantiene en sem\u00e1foro Rojo de alerta. Al mismo tiempo, prohibi\u00f3 a Oficial\u00edas de Registro Civil proporcionar informaci\u00f3n sobre el registro de defunciones asentadas en acta para \u201cno alarmar a la poblaci\u00f3n\u201d<\/p>\n<p>Con un incremento de 20.9% de personas contagiadas por coronavirus y un aumento de 26.3% en el n\u00famero de decesos en los \u00faltimos siete d\u00edas, de acuerdo a la estad\u00edstica oficial, Baja California inici\u00f3 la etapa de semaforizaci\u00f3n el lunes 1 de junio en color Rojo.<\/p>\n<p>Con esta medida, dio fin a la Jornada Nacional de Sana Distancia, en la que transit\u00f3 durante dos meses y medio sin abatir el d\u00e9ficit de personal en hospitales reconvertidos a COVID-19 y la falta de Equipo de Protecci\u00f3n Personal (EPP) para los trabajadores de la salud.<\/p>\n<p>De acuerdo a la nueva m\u00e9trica, el color Rojo significa que solo las actividades esenciales se tendr\u00edan que estar desarrollando en la entidad, aunque en la pr\u00e1ctica la mayor\u00eda de las actividades comerciales, esenciales o no, se comenzaron a reanudar de manera paulatina desde hace un mes, cuando el gobierno de Jaime Bonilla Valdez abri\u00f3 la puerta para el retorno de operaciones de empresas ligadas en el abasto de productos de las que son prioritarias.<\/p>\n<p>A partir de entonces, la movilidad en las calles y espacios p\u00fablicos aument\u00f3, y con ello el n\u00famero de contagios de coronavirus se elev\u00f3 en forma exponencial en la entidad.<\/p>\n<p><img loading=\"lazy\" decoding=\"async\" data-attachment-id=\"50348\" data-permalink=\"https:\/\/www.grieta.org.mx\/index.php\/2020\/06\/05\/baja-california-en-rojo-gobierno-oculta-informacion-y-aumentan-20-contagios-y-muertes-por-covid-19\/t1-5\/\" data-orig-file=\"https:\/\/www.grieta.org.mx\/wp-content\/uploads\/2020\/06\/T1.jpg\" data-orig-size=\"2048,586\" data-comments-opened=\"0\" data-image-meta=\"{&quot;aperture&quot;:&quot;0&quot;,&quot;credit&quot;:&quot;&quot;,&quot;camera&quot;:&quot;&quot;,&quot;caption&quot;:&quot;&quot;,&quot;created_timestamp&quot;:&quot;0&quot;,&quot;copyright&quot;:&quot;&quot;,&quot;focal_length&quot;:&quot;0&quot;,&quot;iso&quot;:&quot;0&quot;,&quot;shutter_speed&quot;:&quot;0&quot;,&quot;title&quot;:&quot;&quot;,&quot;orientation&quot;:&quot;0&quot;}\" data-image-title=\"T1\" data-image-description=\"\" data-image-caption=\"\" data-medium-file=\"https:\/\/www.grieta.org.mx\/wp-content\/uploads\/2020\/06\/T1-300x86.jpg\" data-large-file=\"https:\/\/www.grieta.org.mx\/wp-content\/uploads\/2020\/06\/T1-1024x293.jpg\" class=\"aligncenter wp-image-50348\" src=\"http:\/\/www.grieta.org.mx\/wp-content\/uploads\/2020\/06\/T1.jpg\" alt=\"\" width=\"800\" height=\"229\" srcset=\"https:\/\/www.grieta.org.mx\/wp-content\/uploads\/2020\/06\/T1.jpg 2048w, https:\/\/www.grieta.org.mx\/wp-content\/uploads\/2020\/06\/T1-300x86.jpg 300w, https:\/\/www.grieta.org.mx\/wp-content\/uploads\/2020\/06\/T1-768x220.jpg 768w, https:\/\/www.grieta.org.mx\/wp-content\/uploads\/2020\/06\/T1-1024x293.jpg 1024w, https:\/\/www.grieta.org.mx\/wp-content\/uploads\/2020\/06\/T1-1747x500.jpg 1747w\" sizes=\"auto, (max-width: 800px) 100vw, 800px\" \/><\/p>\n<p>Muestra de ello es el crecimiento de 210.5% en el n\u00famero de personas contagiadas por el pat\u00f3geno del 1 de mayo al 1 de junio, periodo en el que, de mil 646 casos positivos, se pas\u00f3 a 5 mil 112, considerando la misma estad\u00edstica presentada por la Secretar\u00eda de Salud del Estado, a cargo de Alonso P\u00e9rez Rico.<\/p>\n<p>El porcentaje en el n\u00famero de decesos tuvo un incremento mayor, 267.2%, al perecer por esa causa 652 personas en el mismo periodo, del total de 896 defunciones registradas al 1 de junio, fecha en que se firm\u00f3 el primer Acuerdo Estatal de Unidad contra el COVID-19.<\/p>\n<p>Con esa estad\u00edstica, BC se ha mantenido a nivel nacional en el tercer lugar en n\u00famero de contagios y segundo lugar en letalidad, adem\u00e1s de ocupar el primer lugar en toda la Rep\u00fablica Mexicana, al contar con mayor cantidad de pacientes en estado cr\u00edtico, atendidos con ventilador.<\/p>\n<p><img loading=\"lazy\" decoding=\"async\" data-attachment-id=\"50349\" data-permalink=\"https:\/\/www.grieta.org.mx\/index.php\/2020\/06\/05\/baja-california-en-rojo-gobierno-oculta-informacion-y-aumentan-20-contagios-y-muertes-por-covid-19\/2-59\/\" data-orig-file=\"https:\/\/www.grieta.org.mx\/wp-content\/uploads\/2020\/06\/2-1.jpg\" data-orig-size=\"670,340\" data-comments-opened=\"0\" data-image-meta=\"{&quot;aperture&quot;:&quot;0&quot;,&quot;credit&quot;:&quot;&quot;,&quot;camera&quot;:&quot;&quot;,&quot;caption&quot;:&quot;&quot;,&quot;created_timestamp&quot;:&quot;0&quot;,&quot;copyright&quot;:&quot;&quot;,&quot;focal_length&quot;:&quot;0&quot;,&quot;iso&quot;:&quot;0&quot;,&quot;shutter_speed&quot;:&quot;0&quot;,&quot;title&quot;:&quot;&quot;,&quot;orientation&quot;:&quot;0&quot;}\" data-image-title=\"2\" data-image-description=\"\" data-image-caption=\"\" data-medium-file=\"https:\/\/www.grieta.org.mx\/wp-content\/uploads\/2020\/06\/2-1-300x152.jpg\" data-large-file=\"https:\/\/www.grieta.org.mx\/wp-content\/uploads\/2020\/06\/2-1.jpg\" class=\"aligncenter wp-image-50349\" src=\"http:\/\/www.grieta.org.mx\/wp-content\/uploads\/2020\/06\/2-1.jpg\" alt=\"\" width=\"800\" height=\"406\" srcset=\"https:\/\/www.grieta.org.mx\/wp-content\/uploads\/2020\/06\/2-1.jpg 670w, https:\/\/www.grieta.org.mx\/wp-content\/uploads\/2020\/06\/2-1-300x152.jpg 300w\" sizes=\"auto, (max-width: 800px) 100vw, 800px\" \/><br \/>\nFoto: Ram\u00f3n Tom\u00e1s Blanco V\/ Maquiladoras, transporte de personal.<\/p>\n<p>En ese contexto, el gobernador del Estado y los cinco alcaldes de Baja California, firmaron el Acuerdo Estatal de Unidad contra el COVID-19, en el que pactaron homologar la reanudaci\u00f3n de las actividades econ\u00f3micas y sociales en todos los municipios de la entidad, de acuerdo a la colorimetr\u00eda del sistema de sem\u00e1foro.<\/p>\n<p>As\u00ed, con filtros, recomendaciones en unos municipios y la aplicaci\u00f3n de multas y arrestos en otros donde no se acaten las recomendaciones que eviten la propagaci\u00f3n del virus, Baja California ingresa a la nueva normalidad.<\/p>\n<p>Para no alarmar a la poblaci\u00f3n en esta nueva etapa de la pandemia, el gobierno de Jaime Bonilla Valdez opt\u00f3 por restringir el acceso a la informaci\u00f3n de las actas de defunci\u00f3n asentada durante el periodo de la actual contingencia de salud por coronavirus, etapa en que Tijuana registr\u00f3 2 mil 983 defunciones, cantidad que significa un incremento del 72.3% respecto al mismo periodo de 2019.<\/p>\n<p>De acuerdo con datos oficiales proporcionados por el Registro Civil, la Capital bajacaliforniana sum\u00f3 durante abril y mayo mil 731 defunciones, asent\u00e1ndose 597 con enfermedades respiratorias como causa de muerte. Mexicali elev\u00f3 de un mes a otro un 124.4% el n\u00famero de muertos por causas respiratorias.<\/p>\n<p><img loading=\"lazy\" decoding=\"async\" data-attachment-id=\"50350\" data-permalink=\"https:\/\/www.grieta.org.mx\/index.php\/2020\/06\/05\/baja-california-en-rojo-gobierno-oculta-informacion-y-aumentan-20-contagios-y-muertes-por-covid-19\/3-46\/\" data-orig-file=\"https:\/\/www.grieta.org.mx\/wp-content\/uploads\/2020\/06\/3-1.jpg\" data-orig-size=\"670,399\" data-comments-opened=\"0\" data-image-meta=\"{&quot;aperture&quot;:&quot;0&quot;,&quot;credit&quot;:&quot;&quot;,&quot;camera&quot;:&quot;&quot;,&quot;caption&quot;:&quot;&quot;,&quot;created_timestamp&quot;:&quot;0&quot;,&quot;copyright&quot;:&quot;&quot;,&quot;focal_length&quot;:&quot;0&quot;,&quot;iso&quot;:&quot;0&quot;,&quot;shutter_speed&quot;:&quot;0&quot;,&quot;title&quot;:&quot;&quot;,&quot;orientation&quot;:&quot;0&quot;}\" data-image-title=\"3\" data-image-description=\"\" data-image-caption=\"\" data-medium-file=\"https:\/\/www.grieta.org.mx\/wp-content\/uploads\/2020\/06\/3-1-300x179.jpg\" data-large-file=\"https:\/\/www.grieta.org.mx\/wp-content\/uploads\/2020\/06\/3-1.jpg\" class=\"aligncenter wp-image-50350\" src=\"http:\/\/www.grieta.org.mx\/wp-content\/uploads\/2020\/06\/3-1.jpg\" alt=\"\" width=\"800\" height=\"476\" srcset=\"https:\/\/www.grieta.org.mx\/wp-content\/uploads\/2020\/06\/3-1.jpg 670w, https:\/\/www.grieta.org.mx\/wp-content\/uploads\/2020\/06\/3-1-300x179.jpg 300w\" sizes=\"auto, (max-width: 800px) 100vw, 800px\" \/><br \/>\nFoto: Ram\u00f3n Tom\u00e1s Blanco V.<\/p>\n<p>OCULTA BONILLA ACTAS DE DEFUNCI\u00d3N REGISTRADAS DURANTE PANDEMIA<\/p>\n<p>A ra\u00edz de la publicaci\u00f3n de ZETA en la que se dio cuenta del incremento exponencial de hasta un 72.3% en el registro de decesos durante el periodo de pandemia en Baja California, el gobierno de Jaime Bonilla Valdez amenaz\u00f3 a las Oficial\u00edas de Registro Civil de los cinco municipios a no proporcionar informaci\u00f3n sobre el registro de muertos asentados en acta.<\/p>\n<p>\u201cNos van a aplicar una sanci\u00f3n en caso de que pasemos esa informaci\u00f3n\u201d, \u201cNos prohibieron proporcionar estos datos para no alarmar a la poblaci\u00f3n\u201d, compartieron funcionarios de Registro Civil que, por razones obvias, no facilitaron sus nombres.<\/p>\n<p>Tras la advertencia, la Secretar\u00eda General de Gobierno de Baja California, a cargo de Amador Rodr\u00edguez Lozano, gir\u00f3 un oficio a trav\u00e9s de la Direcci\u00f3n de Registro Civil del Estado, en el que a nombre del \u201c\u2026 gobierno de Jaime Bonilla se les instruye a todos los Oficiales del Registro Civil del Estado de Baja California, que deriva de la contingencia sanitaria por COVID-19, deber\u00e1n abstenerse de proporcionar cualquier informaci\u00f3n\u201d.<\/p>\n<p><img loading=\"lazy\" decoding=\"async\" data-attachment-id=\"50351\" data-permalink=\"https:\/\/www.grieta.org.mx\/index.php\/2020\/06\/05\/baja-california-en-rojo-gobierno-oculta-informacion-y-aumentan-20-contagios-y-muertes-por-covid-19\/t2-3\/\" data-orig-file=\"https:\/\/www.grieta.org.mx\/wp-content\/uploads\/2020\/06\/T2.jpg\" data-orig-size=\"1734,673\" data-comments-opened=\"0\" data-image-meta=\"{&quot;aperture&quot;:&quot;0&quot;,&quot;credit&quot;:&quot;&quot;,&quot;camera&quot;:&quot;&quot;,&quot;caption&quot;:&quot;&quot;,&quot;created_timestamp&quot;:&quot;0&quot;,&quot;copyright&quot;:&quot;&quot;,&quot;focal_length&quot;:&quot;0&quot;,&quot;iso&quot;:&quot;0&quot;,&quot;shutter_speed&quot;:&quot;0&quot;,&quot;title&quot;:&quot;&quot;,&quot;orientation&quot;:&quot;0&quot;}\" data-image-title=\"T2\" data-image-description=\"\" data-image-caption=\"\" data-medium-file=\"https:\/\/www.grieta.org.mx\/wp-content\/uploads\/2020\/06\/T2-300x116.jpg\" data-large-file=\"https:\/\/www.grieta.org.mx\/wp-content\/uploads\/2020\/06\/T2-1024x397.jpg\" class=\"aligncenter wp-image-50351\" src=\"http:\/\/www.grieta.org.mx\/wp-content\/uploads\/2020\/06\/T2.jpg\" alt=\"\" width=\"800\" height=\"310\" srcset=\"https:\/\/www.grieta.org.mx\/wp-content\/uploads\/2020\/06\/T2.jpg 1734w, https:\/\/www.grieta.org.mx\/wp-content\/uploads\/2020\/06\/T2-300x116.jpg 300w, https:\/\/www.grieta.org.mx\/wp-content\/uploads\/2020\/06\/T2-768x298.jpg 768w, https:\/\/www.grieta.org.mx\/wp-content\/uploads\/2020\/06\/T2-1024x397.jpg 1024w, https:\/\/www.grieta.org.mx\/wp-content\/uploads\/2020\/06\/T2-1288x500.jpg 1288w\" sizes=\"auto, (max-width: 800px) 100vw, 800px\" \/><\/p>\n<p><img loading=\"lazy\" decoding=\"async\" data-attachment-id=\"50352\" data-permalink=\"https:\/\/www.grieta.org.mx\/index.php\/2020\/06\/05\/baja-california-en-rojo-gobierno-oculta-informacion-y-aumentan-20-contagios-y-muertes-por-covid-19\/t3-2\/\" data-orig-file=\"https:\/\/www.grieta.org.mx\/wp-content\/uploads\/2020\/06\/T3.jpg\" data-orig-size=\"1734,606\" data-comments-opened=\"0\" data-image-meta=\"{&quot;aperture&quot;:&quot;0&quot;,&quot;credit&quot;:&quot;&quot;,&quot;camera&quot;:&quot;&quot;,&quot;caption&quot;:&quot;&quot;,&quot;created_timestamp&quot;:&quot;0&quot;,&quot;copyright&quot;:&quot;&quot;,&quot;focal_length&quot;:&quot;0&quot;,&quot;iso&quot;:&quot;0&quot;,&quot;shutter_speed&quot;:&quot;0&quot;,&quot;title&quot;:&quot;&quot;,&quot;orientation&quot;:&quot;0&quot;}\" data-image-title=\"T3\" data-image-description=\"\" data-image-caption=\"\" data-medium-file=\"https:\/\/www.grieta.org.mx\/wp-content\/uploads\/2020\/06\/T3-300x105.jpg\" data-large-file=\"https:\/\/www.grieta.org.mx\/wp-content\/uploads\/2020\/06\/T3-1024x358.jpg\" class=\"aligncenter wp-image-50352\" src=\"http:\/\/www.grieta.org.mx\/wp-content\/uploads\/2020\/06\/T3.jpg\" alt=\"\" width=\"800\" height=\"280\" srcset=\"https:\/\/www.grieta.org.mx\/wp-content\/uploads\/2020\/06\/T3.jpg 1734w, https:\/\/www.grieta.org.mx\/wp-content\/uploads\/2020\/06\/T3-300x105.jpg 300w, https:\/\/www.grieta.org.mx\/wp-content\/uploads\/2020\/06\/T3-768x268.jpg 768w, https:\/\/www.grieta.org.mx\/wp-content\/uploads\/2020\/06\/T3-1024x358.jpg 1024w, https:\/\/www.grieta.org.mx\/wp-content\/uploads\/2020\/06\/T3-1431x500.jpg 1431w\" sizes=\"auto, (max-width: 800px) 100vw, 800px\" \/><\/p>\n<p>Asimismo, se indic\u00f3 que \u201c\u2026 en cuanto a los informes estad\u00edsticos deben ser proporcionados solamente por conducto de esta Direcci\u00f3n a las Autoridades Federales y Estatales que as\u00ed lo requieran, es por eso que se les exhorta a no involucrarse en proporcionar informaci\u00f3n estad\u00edstica de ning\u00fan tipo\u201d.<\/p>\n<p>No obstante, se hizo hincapi\u00e9 en que, para realizar comunicados a la ciudadan\u00eda, la Direcci\u00f3n solo brindar\u00e1 informaci\u00f3n sobre el registro de personas fallecidas \u201cal Gobernador del Estado, al Secretario General de Gobierno y al Secretario de Salud\u201d.<\/p>\n<p>El oficio hace referencia al Art\u00edculo 11 de la Ley Org\u00e1nica del Registro Civil, el Art\u00edculo 35 del C\u00f3digo Civil Vigente y al Art\u00edculo 37 del Reglamento Interno de la Secretar\u00eda General de Gobierno en el Estado de Baja California.<\/p>\n<p>Sin embargo, de acuerdo al Art\u00edculo 11 del Registro Civil de Baja California, el director de esa dependencia tiene como atribuciones coordinar y supervisar el funcionamiento de la Oficial\u00edas del Registro Civil y no prohibir el proporcionar informaci\u00f3n.<\/p>\n<p>El Art\u00edculo 35 del C\u00f3digo Civil vigente en el Estado de Baja California, determina que la coordinaci\u00f3n del Registro Civil estar\u00e1 a cargo del director del Registro Civil. Y el Art\u00edculo 27 del Reglamento Interno de la Secretar\u00eda General de Gobierno en el Estado de Baja California, que corresponde a la Direcci\u00f3n del Registro Civil, por conducto de su titular, \u201corganizar y administrar el Archivo General del Registro Civil\u201d, pero tampoco determina que tendr\u00e1 injerencia en restringir el acceso a la informaci\u00f3n de las oficial\u00edas locales.<\/p>\n<p><img loading=\"lazy\" decoding=\"async\" data-attachment-id=\"50353\" data-permalink=\"https:\/\/www.grieta.org.mx\/index.php\/2020\/06\/05\/baja-california-en-rojo-gobierno-oculta-informacion-y-aumentan-20-contagios-y-muertes-por-covid-19\/t4-2\/\" data-orig-file=\"https:\/\/www.grieta.org.mx\/wp-content\/uploads\/2020\/06\/T4.jpg\" data-orig-size=\"2048,765\" data-comments-opened=\"0\" data-image-meta=\"{&quot;aperture&quot;:&quot;0&quot;,&quot;credit&quot;:&quot;&quot;,&quot;camera&quot;:&quot;&quot;,&quot;caption&quot;:&quot;&quot;,&quot;created_timestamp&quot;:&quot;0&quot;,&quot;copyright&quot;:&quot;&quot;,&quot;focal_length&quot;:&quot;0&quot;,&quot;iso&quot;:&quot;0&quot;,&quot;shutter_speed&quot;:&quot;0&quot;,&quot;title&quot;:&quot;&quot;,&quot;orientation&quot;:&quot;0&quot;}\" data-image-title=\"T4\" data-image-description=\"\" data-image-caption=\"\" data-medium-file=\"https:\/\/www.grieta.org.mx\/wp-content\/uploads\/2020\/06\/T4-300x112.jpg\" data-large-file=\"https:\/\/www.grieta.org.mx\/wp-content\/uploads\/2020\/06\/T4-1024x383.jpg\" class=\"aligncenter wp-image-50353\" src=\"http:\/\/www.grieta.org.mx\/wp-content\/uploads\/2020\/06\/T4.jpg\" alt=\"\" width=\"800\" height=\"299\" srcset=\"https:\/\/www.grieta.org.mx\/wp-content\/uploads\/2020\/06\/T4.jpg 2048w, https:\/\/www.grieta.org.mx\/wp-content\/uploads\/2020\/06\/T4-300x112.jpg 300w, https:\/\/www.grieta.org.mx\/wp-content\/uploads\/2020\/06\/T4-768x287.jpg 768w, https:\/\/www.grieta.org.mx\/wp-content\/uploads\/2020\/06\/T4-1024x383.jpg 1024w, https:\/\/www.grieta.org.mx\/wp-content\/uploads\/2020\/06\/T4-1339x500.jpg 1339w\" sizes=\"auto, (max-width: 800px) 100vw, 800px\" \/><\/p>\n<p>ACUERDO VOLUNTARIO<\/p>\n<p>El convenio signado por los presidentes municipales de Baja California y el gobernador Jaime Bonilla fue b\u00e1sicamente ratificar la reanudaci\u00f3n de actividades determinadas en cada color del sistema de Sem\u00e1foro COVID, que ya hab\u00edan sido anunciadas por la autoridad estatal.<\/p>\n<p>\u201cNos sometemos a los lineamientos del Gobierno Federal y de la Secretar\u00eda de Salud, es un acuerdo voluntario\u201d, expuso Bonilla, \u201cnos estamos disciplinando porque queremos bajar el contagio\u201d, subray\u00f3 al anotar que la entidad se mantendr\u00e1 en Rojo hasta en tanto no disminuya el n\u00famero de contagios de coronavirus. Una vez logrado esto, se incursionar\u00e1 en una fase Naranja en la que podr\u00e1n abrirse algunos espacios p\u00fablicos, con un l\u00edmite de aforo.<\/p>\n<p>En Amarillo, se incrementar\u00e1 la movilidad en espacios abiertos y se reactivar\u00e1n las actividades no esenciales.<\/p>\n<p>Al alcanzar el color Verde, las clases podr\u00e1n ser reanudadas en las aulas, as\u00ed como todas las actividades econ\u00f3micas y en espacios p\u00fablicos.<\/p>\n<p>A decir de Bonilla, el acuerdo se revisar\u00e1 semanalmente para determinar en forma conjunta un posible cambio de color, considerando para ello cuatro indicadores: ocupaci\u00f3n hospitalaria, tendencia, casos activos e incidencia de casos positivos.<\/p>\n<p>En la primera revisi\u00f3n del sem\u00e1foro, que se efectuar\u00e1 hoy viernes 5 de junio, se definir\u00e1 la apertura de restaurantes para servicio a cliente en establecimiento y no solo con venta para llevar, como se ven\u00eda haciendo desde el inicio de la contingencia, previa aplicaci\u00f3n de medidas sanitarias como la colocaci\u00f3n de un tapete de sanitizaci\u00f3n, uso obligado de cubre bocas, men\u00fas en C\u00f3digo QR, distancia de metro y medio en cada mesa y filtro de temperatura para clientes y trabajadores.<\/p>\n<p>Miguel \u00c1ngel Badiola Monta\u00f1o, presidente de la C\u00e1mara Nacional de la Industria de Restaurantes y Alimentos Condimentados en Baja California, fue el \u00fanico representante de los sectores productivos que estuvo presente en la firma del Acuerdo Estatal de Unidad contra el COVID-19.<\/p>\n<p><img loading=\"lazy\" decoding=\"async\" data-attachment-id=\"50354\" data-permalink=\"https:\/\/www.grieta.org.mx\/index.php\/2020\/06\/05\/baja-california-en-rojo-gobierno-oculta-informacion-y-aumentan-20-contagios-y-muertes-por-covid-19\/4-44\/\" data-orig-file=\"https:\/\/www.grieta.org.mx\/wp-content\/uploads\/2020\/06\/4-1.jpg\" data-orig-size=\"670,416\" data-comments-opened=\"0\" data-image-meta=\"{&quot;aperture&quot;:&quot;0&quot;,&quot;credit&quot;:&quot;&quot;,&quot;camera&quot;:&quot;&quot;,&quot;caption&quot;:&quot;&quot;,&quot;created_timestamp&quot;:&quot;0&quot;,&quot;copyright&quot;:&quot;&quot;,&quot;focal_length&quot;:&quot;0&quot;,&quot;iso&quot;:&quot;0&quot;,&quot;shutter_speed&quot;:&quot;0&quot;,&quot;title&quot;:&quot;&quot;,&quot;orientation&quot;:&quot;0&quot;}\" data-image-title=\"4\" data-image-description=\"\" data-image-caption=\"\" data-medium-file=\"https:\/\/www.grieta.org.mx\/wp-content\/uploads\/2020\/06\/4-1-300x186.jpg\" data-large-file=\"https:\/\/www.grieta.org.mx\/wp-content\/uploads\/2020\/06\/4-1.jpg\" class=\"aligncenter wp-image-50354\" src=\"http:\/\/www.grieta.org.mx\/wp-content\/uploads\/2020\/06\/4-1.jpg\" alt=\"\" width=\"800\" height=\"497\" srcset=\"https:\/\/www.grieta.org.mx\/wp-content\/uploads\/2020\/06\/4-1.jpg 670w, https:\/\/www.grieta.org.mx\/wp-content\/uploads\/2020\/06\/4-1-300x186.jpg 300w\" sizes=\"auto, (max-width: 800px) 100vw, 800px\" \/><\/p>\n<p>EN TIJUANA \u201cVAMOS A CONVENCERLOS VOLUNTARIAMENTE\u201d: AGC<\/p>\n<p>Con 588 decesos al jueves 4 de junio, Tijuana contabiliza el mayor n\u00famero de fallecimientos por coronavirus en el Estado, adem\u00e1s de haber liderado durante casi toda la pandemia el primer lugar en contagios.<\/p>\n<p>No obstante a este antecedente, y pese al aumento en la movilizaci\u00f3n en las calles y espacios p\u00fablicos, el alcalde Arturo Gonz\u00e1lez Cruz no contempla endurecer las sanciones a aplicarse a quienes no se apeguen a las medidas preventivas.<\/p>\n<p>\u201cVamos a convencerlos voluntariamente\u201d, expuso al reconocer que \u201chay m\u00e1s movilizaci\u00f3n, estoy de acuerdo, pero estamos precisamente tratando de acotarla\u201d.<\/p>\n<p>El mismo d\u00eda que inici\u00f3 la semaforizaci\u00f3n, en Tijuana se autoriz\u00f3 la apertura de la actividad de la construcci\u00f3n, miner\u00eda y armadora de veh\u00edculos, por ser \u201cimportantes, porque la construcci\u00f3n privada genera mucho empleo, mucha din\u00e1mica econ\u00f3mica\u201d, expuso Gonz\u00e1lez Cruz, para complementar:<\/p>\n<p>\u201cLa salud es primero para nuestros gobiernos, la salud es tambi\u00e9n empleo y bienestar, por eso tenemos que tener una situaci\u00f3n muy flexible para tener reglas muy claras para volver a la nueva normalidad\u201d.<\/p>\n<p>Y enfatiz\u00f3, el uso de cubre bocas y gel antibacterial deben ser permanentes, \u201csu uso ser\u00e1 la nueva normalidad\u201d, medidas preventivas que se deber\u00e1n estar guardando en todos los lugares.<\/p>\n<p><img loading=\"lazy\" decoding=\"async\" data-attachment-id=\"50355\" data-permalink=\"https:\/\/www.grieta.org.mx\/index.php\/2020\/06\/05\/baja-california-en-rojo-gobierno-oculta-informacion-y-aumentan-20-contagios-y-muertes-por-covid-19\/5-29\/\" data-orig-file=\"https:\/\/www.grieta.org.mx\/wp-content\/uploads\/2020\/06\/5-1.jpg\" data-orig-size=\"670,365\" data-comments-opened=\"0\" data-image-meta=\"{&quot;aperture&quot;:&quot;0&quot;,&quot;credit&quot;:&quot;&quot;,&quot;camera&quot;:&quot;&quot;,&quot;caption&quot;:&quot;&quot;,&quot;created_timestamp&quot;:&quot;0&quot;,&quot;copyright&quot;:&quot;&quot;,&quot;focal_length&quot;:&quot;0&quot;,&quot;iso&quot;:&quot;0&quot;,&quot;shutter_speed&quot;:&quot;0&quot;,&quot;title&quot;:&quot;&quot;,&quot;orientation&quot;:&quot;0&quot;}\" data-image-title=\"5\" data-image-description=\"\" data-image-caption=\"\" data-medium-file=\"https:\/\/www.grieta.org.mx\/wp-content\/uploads\/2020\/06\/5-1-300x163.jpg\" data-large-file=\"https:\/\/www.grieta.org.mx\/wp-content\/uploads\/2020\/06\/5-1.jpg\" class=\"aligncenter wp-image-50355\" src=\"http:\/\/www.grieta.org.mx\/wp-content\/uploads\/2020\/06\/5-1.jpg\" alt=\"\" width=\"800\" height=\"436\" srcset=\"https:\/\/www.grieta.org.mx\/wp-content\/uploads\/2020\/06\/5-1.jpg 670w, https:\/\/www.grieta.org.mx\/wp-content\/uploads\/2020\/06\/5-1-300x163.jpg 300w\" sizes=\"auto, (max-width: 800px) 100vw, 800px\" \/><br \/>\nEquipo de protecci\u00f3n proporcionado a personal que atiende pacientes COVID en HGT.<\/p>\n<p>EN MEXICALI \u201cHACEMOS LLAMADO DE ATENCI\u00d3N\u201d: \u00c1VILA OLMEDA<\/p>\n<p>Para frenar el acelerado incremento de casos positivos que desde mediados de mayo coloc\u00f3 a Mexicali en el epicentro de la pandemia de coronavirus en Baja California y en los primeros lugares a nivel nacional de casos activos, la presidenta municipal Marina del Pilar \u00c1vila Olmeda asegura: \u201cEstamos buscando concientizar a la poblaci\u00f3n de salir \u00fanicamente para realizar actividades esenciales\u201d.<\/p>\n<p>Aunque a finales de mayo anunci\u00f3 la aplicaci\u00f3n de multas a quienes fueran detectados circulando despu\u00e9s de las seis de la tarde por las calles de Mexicali o no utilizaran cubre bocas debido a que los hospitales en la ciudad \u201cse encuentran en su m\u00e1xima capacidad\u201d, adem\u00e1s de que en los nosocomios no hab\u00eda espacio suficiente para acumular los cuerpos de los fallecidos y que las funerarias \u201cno se dan abasto\u201d, la alcaldesa sostuvo que no impondr\u00e1 toque de queda.<\/p>\n<p>\u201cHasta hace unos d\u00edas los hospitales se reportaron casi a su m\u00e1xima capacidad, sin embargo, se ha logrado dar de alta a pacientes, lamentablemente -otros- han fallecido, sin embargo, no est\u00e1n a su m\u00e1ximo, hay capacidad para atender casos, pero ahorita nos estamos concentrando en que la curva no siga aumentando\u201d, y ponder\u00f3 que, con 472 casos activos, esta semana Mexicali descendi\u00f3 al quinto lugar a nivel nacional.<\/p>\n<p>Ante las largas filas que se han observado en negocios con venta de cerveza, dijo que su gobierno ha hecho llamados de atenci\u00f3n para que se cumpla con la normatividad e indicaciones sanitarias sin determinar la aplicaci\u00f3n de multas, \u201ces triste que sea m\u00e1s importante la cerveza que su salud y la de sus seres queridos, hacemos un llamado de que se concienticen\u201d.<\/p>\n<p><img loading=\"lazy\" decoding=\"async\" data-attachment-id=\"50356\" data-permalink=\"https:\/\/www.grieta.org.mx\/index.php\/2020\/06\/05\/baja-california-en-rojo-gobierno-oculta-informacion-y-aumentan-20-contagios-y-muertes-por-covid-19\/t5\/\" data-orig-file=\"https:\/\/www.grieta.org.mx\/wp-content\/uploads\/2020\/06\/T5.jpg\" data-orig-size=\"2048,765\" data-comments-opened=\"0\" data-image-meta=\"{&quot;aperture&quot;:&quot;0&quot;,&quot;credit&quot;:&quot;&quot;,&quot;camera&quot;:&quot;&quot;,&quot;caption&quot;:&quot;&quot;,&quot;created_timestamp&quot;:&quot;0&quot;,&quot;copyright&quot;:&quot;&quot;,&quot;focal_length&quot;:&quot;0&quot;,&quot;iso&quot;:&quot;0&quot;,&quot;shutter_speed&quot;:&quot;0&quot;,&quot;title&quot;:&quot;&quot;,&quot;orientation&quot;:&quot;0&quot;}\" data-image-title=\"T5\" data-image-description=\"\" data-image-caption=\"\" data-medium-file=\"https:\/\/www.grieta.org.mx\/wp-content\/uploads\/2020\/06\/T5-300x112.jpg\" data-large-file=\"https:\/\/www.grieta.org.mx\/wp-content\/uploads\/2020\/06\/T5-1024x383.jpg\" class=\"aligncenter wp-image-50356\" src=\"http:\/\/www.grieta.org.mx\/wp-content\/uploads\/2020\/06\/T5.jpg\" alt=\"\" width=\"800\" height=\"299\" srcset=\"https:\/\/www.grieta.org.mx\/wp-content\/uploads\/2020\/06\/T5.jpg 2048w, https:\/\/www.grieta.org.mx\/wp-content\/uploads\/2020\/06\/T5-300x112.jpg 300w, https:\/\/www.grieta.org.mx\/wp-content\/uploads\/2020\/06\/T5-768x287.jpg 768w, https:\/\/www.grieta.org.mx\/wp-content\/uploads\/2020\/06\/T5-1024x383.jpg 1024w, https:\/\/www.grieta.org.mx\/wp-content\/uploads\/2020\/06\/T5-1339x500.jpg 1339w\" sizes=\"auto, (max-width: 800px) 100vw, 800px\" \/><\/p>\n<p>ENSENADA, CUMPLIMIENTO \u201cPOR LAS BUENAS O POR LAS MALAS\u201d: AAR<\/p>\n<p>\u201cVamos a ser m\u00e1s en\u00e9rgicos, a multar a los infractores por las buenas o por las malas\u201d, asever\u00f3 el alcalde de Ensenada, Armando Ayala Robles, al advertir que en ese municipio se continuar\u00e1 con los filtros, toque de queda y prohibici\u00f3n de reuniones, so pago de multa.<\/p>\n<p>\u201cQuien se reh\u00fase a la autoridad ser\u00e1 sancionado, no es porque queramos tener una pol\u00edtica coercitiva, es para hacer conciencia\u201d, reiter\u00f3.<\/p>\n<p>La demarcaci\u00f3n cuya tendencia de casos activos contin\u00faa al alza, suma al \u00faltimo reporte 63, de los 298 positivos durante la pandemia.<\/p>\n<p>Las actividades comerciales y el tr\u00e1nsito de los ciudadanos solo se permitir\u00e1n de nueve de la noche a seis de la ma\u00f1ana, en aras de reducir la movilidad en Ensenada, y se continuar\u00e1 con los filtros para invitar a quienes no tengan un motivo de tipo esencial, no ingresar al municipio. El domingo 31 de mayo \u201cfueron regresados mil 300 autos, mil 050 en el filtro de El Sauzal y 250 en el filtro de Valle de Guadalupe\u201d, inform\u00f3 Ayala Robles.<\/p>\n<p>Respecto a la suspensi\u00f3n de eventos, aclar\u00f3 que en su gobierno no hay impunidad, \u201cno hay vacas sagradas, a\u00fan sea un funcionario el que cometa un error o haga alg\u00fan tipo de reuni\u00f3n sin el permiso de la autoridad, en este caso, sin el permiso de Protecci\u00f3n Civil, pues va a ser sancionado, igual que cualquier otro ciudadano\u201d.<\/p>\n<p>En referencia a la boda en plena pandemia del titular de Bienestar Social, Eduardo Vega Zamora, el alcalde coment\u00f3 que el ahora ex funcionario pag\u00f3 una multa de 42 mil pesos, y conmina a sus hom\u00f3logos a estar \u201cen el mismo canal\u201d.<\/p>\n<p><img loading=\"lazy\" decoding=\"async\" data-attachment-id=\"50357\" data-permalink=\"https:\/\/www.grieta.org.mx\/index.php\/2020\/06\/05\/baja-california-en-rojo-gobierno-oculta-informacion-y-aumentan-20-contagios-y-muertes-por-covid-19\/6-24\/\" data-orig-file=\"https:\/\/www.grieta.org.mx\/wp-content\/uploads\/2020\/06\/6-1.jpg\" data-orig-size=\"670,365\" data-comments-opened=\"0\" data-image-meta=\"{&quot;aperture&quot;:&quot;0&quot;,&quot;credit&quot;:&quot;&quot;,&quot;camera&quot;:&quot;&quot;,&quot;caption&quot;:&quot;&quot;,&quot;created_timestamp&quot;:&quot;0&quot;,&quot;copyright&quot;:&quot;&quot;,&quot;focal_length&quot;:&quot;0&quot;,&quot;iso&quot;:&quot;0&quot;,&quot;shutter_speed&quot;:&quot;0&quot;,&quot;title&quot;:&quot;&quot;,&quot;orientation&quot;:&quot;0&quot;}\" data-image-title=\"6\" data-image-description=\"\" data-image-caption=\"\" data-medium-file=\"https:\/\/www.grieta.org.mx\/wp-content\/uploads\/2020\/06\/6-1-300x163.jpg\" data-large-file=\"https:\/\/www.grieta.org.mx\/wp-content\/uploads\/2020\/06\/6-1.jpg\" class=\"aligncenter wp-image-50357\" src=\"http:\/\/www.grieta.org.mx\/wp-content\/uploads\/2020\/06\/6-1.jpg\" alt=\"\" width=\"800\" height=\"436\" srcset=\"https:\/\/www.grieta.org.mx\/wp-content\/uploads\/2020\/06\/6-1.jpg 670w, https:\/\/www.grieta.org.mx\/wp-content\/uploads\/2020\/06\/6-1-300x163.jpg 300w\" sizes=\"auto, (max-width: 800px) 100vw, 800px\" \/><br \/>\nCubrebocas que se proporciona a personal de HGT<\/p>\n<p>TECATE, DUPLIC\u00d3 DECESOS POR CORONAVIRUS<\/p>\n<p>En Tecate, la alcaldesa Zulema Adams Pereyra estableci\u00f3 toque de queda de 8:00 pm a 5:00 am, lapso en que ninguna persona deber\u00e1 andar en la calle, caso contrario se aplicar\u00e1n sanciones teniendo como multa el desarrollo de trabajo comunitario, como limpieza de calles, por citar un ejemplo.<\/p>\n<p>En la \u00faltima semana, el Pueblo M\u00e1gico duplic\u00f3 el n\u00famero de muertos por coronavirus, al pasar de 23 a 47, cifra incluso mayor al n\u00famero de nuevos casos positivos registrados en los \u00faltimos siete d\u00edas (12).<\/p>\n<p>Ante ello, Zulema Adams consider\u00f3 muy necesaria la colaboraci\u00f3n entre alcaldes y el propio Gobierno del Estado \u201cpara que no haya brotes en los municipios vecinos\u201d y as\u00ed evitar que el aumento entras demarcaciones influya en casos activos en Tecate.<\/p>\n<p>ROSARITO, SIN AMBULANCIA PARA TRASLADO DE PACIENTES COVID<\/p>\n<p>A dos meses y medio de iniciada la pandemia por coronavirus en Baja California, la alcaldesa de Playas de Rosarito, Araceli Brown Figueredo, apenas se ocupa de gestionar una ambulancia para el traslado de los pacientes con s\u00edntomas de coronavirus.<\/p>\n<p>\u201cEstamos viendo la posibilidad de conseguir una ambulancia donada para darle el apoyo a la ciudad, porque este virus no se va a ir de la noche a la ma\u00f1ana y tenemos que darle este servicio a los rosaritenses\u201d, expuso esta semana.<\/p>\n<p>Al no lograr un acuerdo con Cruz Roja de ese municipio, inform\u00f3 que gestiona la compra con apoyo entre empresarios y con recurso propio.<\/p>\n<p>Cuestionada respecto a si ha intentado dialogar con los directivos de Cruz Roja, anot\u00f3 que fue Protecci\u00f3n Civil quien sostuvo el encuentro, \u201cnosotros les pedimos que si ten\u00edan varias ambulancias, nos proporcionaran alguna, nosotros nos har\u00edamos cargo del personal, comprar los trajes, y de regresarla ya que pasara esta contingencia, ya limpia de contaminaci\u00f3n de este virus; no hemos recibido respuesta\u201d, lament\u00f3.<\/p>\n<p>Ante la falta de una unidad de emergencias, la funcionaria indic\u00f3 que Cruz Roja Tijuana les ha estado proporcionando el apoyo en el traslado de personas infectadas del virus a los hospitales.<\/p>\n<p>Con 62 casos positivos a COVID-19, Playas de Rosario registra la estad\u00edstica m\u00e1s baja de contagios de los cinco municipios. Y para evitar un repunte, mantendr\u00e1 los filtros y las playas cerradas, subray\u00f3 Araceli Brown.<\/p>\n<p><img loading=\"lazy\" decoding=\"async\" data-attachment-id=\"50358\" data-permalink=\"https:\/\/www.grieta.org.mx\/index.php\/2020\/06\/05\/baja-california-en-rojo-gobierno-oculta-informacion-y-aumentan-20-contagios-y-muertes-por-covid-19\/7-18\/\" data-orig-file=\"https:\/\/www.grieta.org.mx\/wp-content\/uploads\/2020\/06\/7.jpg\" data-orig-size=\"499,670\" data-comments-opened=\"0\" data-image-meta=\"{&quot;aperture&quot;:&quot;0&quot;,&quot;credit&quot;:&quot;&quot;,&quot;camera&quot;:&quot;&quot;,&quot;caption&quot;:&quot;&quot;,&quot;created_timestamp&quot;:&quot;0&quot;,&quot;copyright&quot;:&quot;&quot;,&quot;focal_length&quot;:&quot;0&quot;,&quot;iso&quot;:&quot;0&quot;,&quot;shutter_speed&quot;:&quot;0&quot;,&quot;title&quot;:&quot;&quot;,&quot;orientation&quot;:&quot;0&quot;}\" data-image-title=\"7\" data-image-description=\"\" data-image-caption=\"\" data-medium-file=\"https:\/\/www.grieta.org.mx\/wp-content\/uploads\/2020\/06\/7-223x300.jpg\" data-large-file=\"https:\/\/www.grieta.org.mx\/wp-content\/uploads\/2020\/06\/7.jpg\" class=\"aligncenter wp-image-50358\" src=\"http:\/\/www.grieta.org.mx\/wp-content\/uploads\/2020\/06\/7.jpg\" alt=\"\" width=\"800\" height=\"1074\" srcset=\"https:\/\/www.grieta.org.mx\/wp-content\/uploads\/2020\/06\/7.jpg 499w, https:\/\/www.grieta.org.mx\/wp-content\/uploads\/2020\/06\/7-223x300.jpg 223w, https:\/\/www.grieta.org.mx\/wp-content\/uploads\/2020\/06\/7-372x500.jpg 372w\" sizes=\"auto, (max-width: 800px) 100vw, 800px\" \/><br \/>\nFoto: Cortes\u00eda\/ Grupo Bustamante ampli\u00f3 apoyo de hospedaje a personal de salud.<\/p>\n<p>SIN EPP ADECUADO, PERSONAL M\u00c9DICO INICIA NUEVA NORMALIDAD<\/p>\n<p>Personal m\u00e9dico de Baja California inici\u00f3 y concluy\u00f3 la Jornada Nacional de Sana Distancia sin contar en forma constante con Equipo de Protecci\u00f3n Personal (EPP) adecuado para la atenci\u00f3n de los pacientes COVID-19, condici\u00f3n en que se mantienen al inicio de la nueva normalidad.<\/p>\n<p>Aunque en el Acuerdo Estatal de Unidad contra el COVID-19 se da por hecho que los trabajadores de la salud s\u00ed cuentan con las condiciones de seguridad necesarias para desempe\u00f1ar su labor, lo cierto es que ni en el Hospital General de Tijuana ni en el General Regional N\u00famero 1 del IMSS, disponen del equipo requerido.<\/p>\n<p>En el caso de Tijuana, m\u00e9dicos y enfermeras de los turnos nocturnos y fines de semana reportaron a ZETA que desde hace tres semanas se les dej\u00f3 de proveer de cubre bocas N95, \u201cse nos est\u00e1 entregando un cubre bocas para retener part\u00edculas de polvo, como los que usan los carpinteros y uno quir\u00fargico, para que utilicemos los dos al mismo tiempo, en lugar de las N95\u201d, detallaron.<\/p>\n<p>Aunque se les contin\u00faa proporcionando trajes Tyvek, en el nosocomio solo se cuenta con una sola talla, por lo que el personal de estatura alta o complexi\u00f3n gruesa termina rompi\u00e9ndolo porque no les quedan. \u201cTampoco nos est\u00e1n dando botas de protecci\u00f3n, solo zapatos\u201d, concluyeron.<\/p>\n<p>La situaci\u00f3n en el Hospital General Regional N\u00famero 1 del IMSS est\u00e1 peor, ya que ah\u00ed el personal en primera l\u00ednea de atenci\u00f3n a pacientes contagiados, recibe como protecci\u00f3n cubre bocas KN95 para uso en \u00e1rea blanca, no en \u00e1rea roja, como lo son las \u00e1reas COVID.<\/p>\n<p>\u201cSabemos que no es por falta de material, hemos visto que s\u00ed hay equipo en las bodegas, por eso no entendemos por qu\u00e9 no se nos hace llegar\u201d, expuso el personal m\u00e9dico de esa unidad hospitalaria, quienes, como lo han hecho desde el inicio de la contingencia de salud, contin\u00faan invirtiendo parte de su sueldo en la adquisici\u00f3n de EPP.<\/p>\n<p>SE RESCINDIR\u00c1 A PERSONAL QUE NO USE EPP ADECUADO A \u00c1REAS COVID: APR<\/p>\n<p>\u201cSi no te doy un EPP y te metes a un \u00e1rea COVID, est\u00e1s rescindido, porque intencionadamente te est\u00e1s queriendo enfermar\u201d, advirti\u00f3 el secretario de Salud de Baja California, Alonso P\u00e9rez Rico, al anotar que esa \u201csiempre ha sido la pol\u00edtica\u201d.<\/p>\n<p>Dijo no tener conocimiento del d\u00e9ficit de material y desestim\u00f3 que el equipo inadecuado sea proporcionado por la Secretar\u00eda de Salud. No obstante, no descarta que pudiera estar ocurriendo, sobre todo porque el material donado a los nosocomios que no se registra de manera adecuada.<\/p>\n<p>\u201cLo que s\u00ed tengo que se\u00f1alar, es que a veces nos llegan donaciones al hospital y si no pasan por administraci\u00f3n y van directamente a los servicios, no tengo forma de garantizar la calidad de esos productos. Por eso se pide que pase por Administraci\u00f3n, para que ah\u00ed se revise y se disperse a los servicios, porque si no, puede pasar esto; pero decirles, ponerles doble capa, triple capa y m\u00e9tete al \u00e1rea COVID, eso no ha pasado y nunca va a pasar\u201d, sostuvo.<\/p>\n<p>M\u00e1s de 350 empresas reiniciaron operaciones en BC<\/p>\n<p>El secretario de Econom\u00eda Sustentable y Turismo del Estado, Mario Escobedo Carignan, inform\u00f3 que m\u00e1s de 350 empresas con actividad esencial ya reiniciaron operaciones en Baja California.<\/p>\n<p>Estas 350 empresas emplean a 180 mil trabajadores, pero no quiere decir que todos regresaron a laborar, ya que la reactivaci\u00f3n de esas compa\u00f1\u00edas se dio con 40 o 50% de su personal.<\/p>\n<p>No obstante, el presidente de la Asociaci\u00f3n de Industriales de la Mesa de Otay (AIMO), Salvador D\u00edaz Gonz\u00e1lez, coment\u00f3 que solo han podido reiniciar actividades 80 empresas de la zona, y alert\u00f3 sobre la decisi\u00f3n de diversos corporativos que est\u00e1n llev\u00e1ndose las l\u00edneas de producci\u00f3n a Estados Unidos, donde pueden seguir trabajando.<\/p>\n<p>En cuanto al n\u00famero de empresas de los sectores de la construcci\u00f3n, miner\u00eda y de fabricaci\u00f3n de equipos de transporte que reiniciaron actividades a partir del 1 de junio, luego de ser consideradas como esenciales, el Instituto Mexicano del Seguro Social (IMSS) inform\u00f3 que 696 empresas de BC con actividad esencial se han registrado en la aplicaci\u00f3n IMSS Digital para recibir el Permiso COVID-19, de las cuales 98 son grandes, 126 medianas y 472 peque\u00f1as.<\/p>\n<p><img loading=\"lazy\" decoding=\"async\" data-attachment-id=\"50359\" data-permalink=\"https:\/\/www.grieta.org.mx\/index.php\/2020\/06\/05\/baja-california-en-rojo-gobierno-oculta-informacion-y-aumentan-20-contagios-y-muertes-por-covid-19\/8-19\/\" data-orig-file=\"https:\/\/www.grieta.org.mx\/wp-content\/uploads\/2020\/06\/8.jpg\" data-orig-size=\"670,395\" data-comments-opened=\"0\" data-image-meta=\"{&quot;aperture&quot;:&quot;0&quot;,&quot;credit&quot;:&quot;&quot;,&quot;camera&quot;:&quot;&quot;,&quot;caption&quot;:&quot;&quot;,&quot;created_timestamp&quot;:&quot;0&quot;,&quot;copyright&quot;:&quot;&quot;,&quot;focal_length&quot;:&quot;0&quot;,&quot;iso&quot;:&quot;0&quot;,&quot;shutter_speed&quot;:&quot;0&quot;,&quot;title&quot;:&quot;&quot;,&quot;orientation&quot;:&quot;0&quot;}\" data-image-title=\"8\" data-image-description=\"\" data-image-caption=\"\" data-medium-file=\"https:\/\/www.grieta.org.mx\/wp-content\/uploads\/2020\/06\/8-300x177.jpg\" data-large-file=\"https:\/\/www.grieta.org.mx\/wp-content\/uploads\/2020\/06\/8.jpg\" class=\"aligncenter wp-image-50359\" src=\"http:\/\/www.grieta.org.mx\/wp-content\/uploads\/2020\/06\/8.jpg\" alt=\"\" width=\"800\" height=\"472\" srcset=\"https:\/\/www.grieta.org.mx\/wp-content\/uploads\/2020\/06\/8.jpg 670w, https:\/\/www.grieta.org.mx\/wp-content\/uploads\/2020\/06\/8-300x177.jpg 300w\" sizes=\"auto, (max-width: 800px) 100vw, 800px\" \/><br \/>\nFoto: Jorge Due\u00f1es.<\/p>\n<p>Cabe se\u00f1alar que la industria aeroespacial, automotriz, de la construcci\u00f3n y de productos m\u00e9dicos, suman 174 mil empleos.<\/p>\n<p>Por otro lado, el IMSS inform\u00f3 que la delegada regional en Baja California, Desir\u00e9e Sagarnaga Durante y el presidente del Consejo Coordinador Empresarial de Tijuana, Gabriel Camarena Salinas, se reunieron para atender inquietudes sobre los Lineamientos para el Sano Retorno Laboral y respecto al Plan Estrat\u00e9gico Institucional que se ha venido desarrollando en la entidad ante la emergencia sanitaria por COVID-19.<\/p>\n<p>Adem\u00e1s, por parte de la iniciativa privada se hicieron planteamientos espec\u00edficos del \u00e1rea de Afiliaci\u00f3n y Cobranza, con el compromiso de formalizar una estrategia de informaci\u00f3n para dar seguimiento y resolver las dudas de acuerdo con las facultades de la Representaci\u00f3n Baja California.<\/p>\n<p>Sagarnaga Durante solicit\u00f3 al CCE promover medidas de higiene y distanciamiento social, apoyar la inasistencia de empleados con s\u00edntomas de COVID-19 y el confinamiento de empleados detectados positivos, as\u00ed como flexibilizar en la medida de lo posible horarios de trabajo para evitar contagios de la enfermedad respiratoria.<\/p>\n<p>Defunciones por COVID-19 en Baja California aumentan 112% en un mes<\/p>\n<p>El jueves 4 de junio se registr\u00f3 el mayor n\u00famero de muertes por COVID-19 en Baja California: 78 decesos en 24 horas, llegando a mil 15 fallecidos.<\/p>\n<p>Antes de esa fecha, el viernes 29 de mayo hab\u00eda ocurrido una situaci\u00f3n similar, con 35 muertes de un d\u00eda para otro, segunda cifra m\u00e1s alta desde que inici\u00f3 la contingencia sanitaria.<\/p>\n<p>Entre mayo y junio ha habido un de 112% en decesos, mientras que en la semana del 1 al 7 de mayo se contabilizaron 104 muertes a consecuencia de la pandemia, y entre el 29 de mayo y 4 de junio hubo 221 nuevos fallecimientos, una diferencia de 117 defunciones.<\/p>\n<p>A partir de una petici\u00f3n ciudadana hecha en una transmisi\u00f3n del gobernador Jaime Bonilla, el secretario estatal de Salud, Alonso P\u00e9rez Rico, detall\u00f3 por municipio las defunciones que han ocurrido en BC hasta el 31 de mayo, habiendo en ese momento una tasa de letalidad de 17.5%<\/p>\n<p><img loading=\"lazy\" decoding=\"async\" data-attachment-id=\"50360\" data-permalink=\"https:\/\/www.grieta.org.mx\/index.php\/2020\/06\/05\/baja-california-en-rojo-gobierno-oculta-informacion-y-aumentan-20-contagios-y-muertes-por-covid-19\/9-15\/\" data-orig-file=\"https:\/\/www.grieta.org.mx\/wp-content\/uploads\/2020\/06\/9.jpg\" data-orig-size=\"670,447\" data-comments-opened=\"0\" data-image-meta=\"{&quot;aperture&quot;:&quot;0&quot;,&quot;credit&quot;:&quot;&quot;,&quot;camera&quot;:&quot;&quot;,&quot;caption&quot;:&quot;&quot;,&quot;created_timestamp&quot;:&quot;0&quot;,&quot;copyright&quot;:&quot;&quot;,&quot;focal_length&quot;:&quot;0&quot;,&quot;iso&quot;:&quot;0&quot;,&quot;shutter_speed&quot;:&quot;0&quot;,&quot;title&quot;:&quot;&quot;,&quot;orientation&quot;:&quot;0&quot;}\" data-image-title=\"9\" data-image-description=\"\" data-image-caption=\"\" data-medium-file=\"https:\/\/www.grieta.org.mx\/wp-content\/uploads\/2020\/06\/9-300x200.jpg\" data-large-file=\"https:\/\/www.grieta.org.mx\/wp-content\/uploads\/2020\/06\/9.jpg\" class=\"aligncenter wp-image-50360\" src=\"http:\/\/www.grieta.org.mx\/wp-content\/uploads\/2020\/06\/9.jpg\" alt=\"\" width=\"800\" height=\"534\" srcset=\"https:\/\/www.grieta.org.mx\/wp-content\/uploads\/2020\/06\/9.jpg 670w, https:\/\/www.grieta.org.mx\/wp-content\/uploads\/2020\/06\/9-300x200.jpg 300w\" sizes=\"auto, (max-width: 800px) 100vw, 800px\" \/><br \/>\nAspectos generales de la Zona Este, durante el primer d\u00eda de la \u201cNueva Normalidad\u201d. Foto: Alejandro Guti\u00e9rrez Mora\/ZETA<\/p>\n<p>Al cierre de esta edici\u00f3n, jueves 4 de junio, Baja California presentaba una tasa de letalidad del 18.3%, con Tecate a una tasa de 27%, la m\u00e1s alta en todo el Estado, con 47 muertes por 174 infectados.<\/p>\n<p>Le segu\u00eda Tijuana con una tasa de letalidad de 26.4%; hasta ayer jueves contabilizaba 588 muertes por 2 mil 226 infectados. El tercer puesto, Ensenada, con 15.8%, 298 infectados y 47 decesos. Playas de Rosarito ten\u00eda el 13.8% de letalidad, con nueve muertes por 65 pacientes COVID. Mexicali, 11.7%, llevando 320 muertes de 2 mil 742 pacientes con resultado positivo. De ah\u00ed San Quint\u00edn con 10.7% y tres muertes de 28 casos confirmados; y el poblado de San Felipe con 7.7% y una muerte de los 13 contagios que lleva acumulados.<\/p>\n<p>A la letalidad del virus del SARS-Cov-2 que da pie a la enfermedad COVID-19, se suma el personal de salud que encuentra en el primer frente, con mil 494 empleados del sector infectados a la fecha, siendo la enfermer\u00eda el sector m\u00e1s golpeado con 581 casos; seguido de otros profesionistas, entre afanadores y especialistas (519 pacientes) y en tercer lugar el cuerpo de m\u00e9dicos (394 casos), en su mayor\u00eda del IMSS, Secretar\u00eda de Salud e ISSSTE. Uriel Saucedo Ram\u00edrez.<\/p>\n<p><a href=\"https:\/\/zetatijuana.com\/2020\/06\/bc-en-rojo-gobierno-oculta-informacion-y-aumentan-20-contagios-y-muertes-por-covid-19\/\" target=\"_blank\" rel=\"noopener noreferrer\">https:\/\/zetatijuana.com\/2020\/06\/bc-en-rojo-gobierno-oculta-informacion-y-aumentan-20-contagios-y-muertes-por-covid-19\/<\/a><\/p>\n","protected":false},"excerpt":{"rendered":"<p>Zeta Tijuana \/ Isabel Mercado. Foto: Alejandro Guti\u00e9rrez Mora\/ZETA. Baja California inici\u00f3 la etapa de semaforizaci\u00f3n con aumento semanal de 20.9% en casos positivos y 26.9% en n\u00famero de personas &hellip; <a href=\"https:\/\/www.grieta.org.mx\/index.php\/2020\/06\/05\/baja-california-en-rojo-gobierno-oculta-informacion-y-aumentan-20-contagios-y-muertes-por-covid-19\/\" class=\"more-link\">Leer m\u00e1s<\/a><\/p>\n","protected":false},"author":2,"featured_media":50347,"comment_status":"closed","ping_status":"closed","sticky":false,"template":"","format":"standard","meta":{"ngg_post_thumbnail":0,"_jetpack_newsletter_access":"","_jetpack_dont_email_post_to_subs":false,"_jetpack_newsletter_tier_id":0,"_jetpack_memberships_contains_paywalled_content":false,"_jetpack_memberships_contains_paid_content":false,"footnotes":""},"categories":[5,80,1207,3263,2438,2],"tags":[],"class_list":["post-50346","post","type-post","status-publish","format-standard","has-post-thumbnail","hentry","category-baja-california","category-cintillo","category-conflictos-laborales-en-baja-california","category-crisis-covid-19-en-baja-california","category-crisis-del-sector-salud-en-baja-california","category-noticias-nacionales","entry"],"jetpack_featured_media_url":"https:\/\/www.grieta.org.mx\/wp-content\/uploads\/2020\/06\/1-1.jpg","jetpack_sharing_enabled":true,"jetpack_shortlink":"https:\/\/wp.me\/p7ZJR4-d62","jetpack_likes_enabled":false,"jetpack-related-posts":[{"id":48132,"url":"https:\/\/www.grieta.org.mx\/index.php\/2020\/04\/22\/baja-california-suma-60-contagios-de-covid-19-en-trabajadores-de-maquilas-en-tijuana-baja-california\/","url_meta":{"origin":50346,"position":0},"title":"Baja California suma 60 contagios de COVID-19 en trabajadores de maquilas en Tijuana","author":"grieta","date":"22 abril, 2020","format":false,"excerpt":"Sin Embargo \/ Redacci\u00f3n. Las personas contagiadas laboran en empresas instaladas en Tijuana. Foto: Zeta. Los 60 trabajadores enfermos laboran en empresas instaladas en el municipio de Tijuana, mismas ya que son supervisadas. Por Isabel Mercado. Tijuana, Baja California, 22 de abril (Zeta).\u2013 El n\u00famero contagiaos por COVID-19 en m\u00e9dicos\u2026","rel":"","context":"En &quot;Baja California&quot;","block_context":{"text":"Baja California","link":"https:\/\/www.grieta.org.mx\/index.php\/category\/noticias-nacionales\/baja-california\/"},"img":{"alt_text":"","src":"https:\/\/i0.wp.com\/www.grieta.org.mx\/wp-content\/uploads\/2020\/04\/photo4974342478853417218-1.jpg?resize=350%2C200&ssl=1","width":350,"height":200,"srcset":"https:\/\/i0.wp.com\/www.grieta.org.mx\/wp-content\/uploads\/2020\/04\/photo4974342478853417218-1.jpg?resize=350%2C200&ssl=1 1x, https:\/\/i0.wp.com\/www.grieta.org.mx\/wp-content\/uploads\/2020\/04\/photo4974342478853417218-1.jpg?resize=525%2C300&ssl=1 1.5x, https:\/\/i0.wp.com\/www.grieta.org.mx\/wp-content\/uploads\/2020\/04\/photo4974342478853417218-1.jpg?resize=700%2C400&ssl=1 2x, https:\/\/i0.wp.com\/www.grieta.org.mx\/wp-content\/uploads\/2020\/04\/photo4974342478853417218-1.jpg?resize=1050%2C600&ssl=1 3x"},"classes":[]},{"id":48467,"url":"https:\/\/www.grieta.org.mx\/index.php\/2020\/04\/27\/empresas-de-tijuana-y-mexicali-entre-las-que-incumplen-con-el-cierre-de-actividades-stps-baja-california\/","url_meta":{"origin":50346,"position":1},"title":"Empresas de Tijuana y Mexicali entre las que incumplen con el cierre de actividades: STPS (Baja California)","author":"grieta","date":"27 abril, 2020","format":false,"excerpt":"Colectivo grieta (con informaci\u00f3n de Lindero Norte \/ Antonio Heras) Baja California se encuentra entre las entidades del pa\u00eds donde m\u00e1s empresas rechazaron cerrar por el coronavirus; esto a pesar que dos de sus municipios se ubican entre los se mayor n\u00famero de contagios a nivel nacional, precisando que se\u2026","rel":"","context":"En &quot;Baja California&quot;","block_context":{"text":"Baja California","link":"https:\/\/www.grieta.org.mx\/index.php\/category\/noticias-nacionales\/baja-california\/"},"img":{"alt_text":"","src":"https:\/\/i0.wp.com\/www.grieta.org.mx\/wp-content\/uploads\/2018\/03\/14524434_1106112876131411_958039263622046936_o.jpg?resize=350%2C200&ssl=1","width":350,"height":200,"srcset":"https:\/\/i0.wp.com\/www.grieta.org.mx\/wp-content\/uploads\/2018\/03\/14524434_1106112876131411_958039263622046936_o.jpg?resize=350%2C200&ssl=1 1x, https:\/\/i0.wp.com\/www.grieta.org.mx\/wp-content\/uploads\/2018\/03\/14524434_1106112876131411_958039263622046936_o.jpg?resize=525%2C300&ssl=1 1.5x, https:\/\/i0.wp.com\/www.grieta.org.mx\/wp-content\/uploads\/2018\/03\/14524434_1106112876131411_958039263622046936_o.jpg?resize=700%2C400&ssl=1 2x"},"classes":[]},{"id":50179,"url":"https:\/\/www.grieta.org.mx\/index.php\/2020\/05\/29\/500-pruebas-de-covid-19-para-cefereso-2-baja-california\/","url_meta":{"origin":50346,"position":2},"title":"500 pruebas de COVID-19 para CEFERESO 2 (Baja California)","author":"grieta","date":"29 mayo, 2020","format":false,"excerpt":"Zeta Tijuana \/ Luis Carlos S\u00e1inz. Surte efecto la presi\u00f3n de reclusos y organismos supervisores de derechos humanos Luego de registrarse 37 contagios y tres decesos en el Centro Federal de Readaptaci\u00f3n Social (CEFERESO) n\u00famero 2, autoridades federales obtuvieron del Gobierno del Estado de Jalisco la pr\u00e1ctica de 500 pruebas\u2026","rel":"","context":"En &quot;Baja California&quot;","block_context":{"text":"Baja California","link":"https:\/\/www.grieta.org.mx\/index.php\/category\/noticias-nacionales\/baja-california\/"},"img":{"alt_text":"","src":"https:\/\/i0.wp.com\/www.grieta.org.mx\/wp-content\/uploads\/2018\/03\/14524434_1106112876131411_958039263622046936_o.jpg?resize=350%2C200&ssl=1","width":350,"height":200,"srcset":"https:\/\/i0.wp.com\/www.grieta.org.mx\/wp-content\/uploads\/2018\/03\/14524434_1106112876131411_958039263622046936_o.jpg?resize=350%2C200&ssl=1 1x, https:\/\/i0.wp.com\/www.grieta.org.mx\/wp-content\/uploads\/2018\/03\/14524434_1106112876131411_958039263622046936_o.jpg?resize=525%2C300&ssl=1 1.5x, https:\/\/i0.wp.com\/www.grieta.org.mx\/wp-content\/uploads\/2018\/03\/14524434_1106112876131411_958039263622046936_o.jpg?resize=700%2C400&ssl=1 2x"},"classes":[]},{"id":52493,"url":"https:\/\/www.grieta.org.mx\/index.php\/2020\/07\/24\/gobierno-oculta-datos-de-pruebas-positivas-a-covid-19-baja-california\/","url_meta":{"origin":50346,"position":3},"title":"Gobierno oculta datos de pruebas positivas a COVID-19 (Baja California)","author":"grieta","date":"24 julio, 2020","format":false,"excerpt":"Zeta Tijuana \/ Adela Navarro Bello Foto: Alejandro Guti\u00e9rrez Mora\/ZETA En el Laboratorio Estatal de Salud P\u00fablica se han procesado unas 8 mil 200 pruebas levantadas a personas con s\u00edntomas de COVID-19, en el Cicese han analizado 2 mil 600 muestras, en la UNAM Ensenada mil 100 y otras tantas\u2026","rel":"","context":"En &quot;Baja California&quot;","block_context":{"text":"Baja California","link":"https:\/\/www.grieta.org.mx\/index.php\/category\/noticias-nacionales\/baja-california\/"},"img":{"alt_text":"","src":"https:\/\/i0.wp.com\/www.grieta.org.mx\/wp-content\/uploads\/2018\/03\/14524434_1106112876131411_958039263622046936_o.jpg?resize=350%2C200&ssl=1","width":350,"height":200,"srcset":"https:\/\/i0.wp.com\/www.grieta.org.mx\/wp-content\/uploads\/2018\/03\/14524434_1106112876131411_958039263622046936_o.jpg?resize=350%2C200&ssl=1 1x, https:\/\/i0.wp.com\/www.grieta.org.mx\/wp-content\/uploads\/2018\/03\/14524434_1106112876131411_958039263622046936_o.jpg?resize=525%2C300&ssl=1 1.5x, https:\/\/i0.wp.com\/www.grieta.org.mx\/wp-content\/uploads\/2018\/03\/14524434_1106112876131411_958039263622046936_o.jpg?resize=700%2C400&ssl=1 2x"},"classes":[]},{"id":47596,"url":"https:\/\/www.grieta.org.mx\/index.php\/2020\/04\/03\/mexicali-el-mas-afectado-por-covid19-en-bc-curva-de-contagio-similar-a-la-de-wuhan-china-isesalud-baja-california\/","url_meta":{"origin":50346,"position":4},"title":"Mexicali, el m\u00e1s afectado por COVID19 en BC; curva de contagio similar a la de Wuhan, China: Isesalud (Baja California)","author":"grieta","date":"3 abril, 2020","format":false,"excerpt":"Lindero Norte \/ Jorge Heras. Mexicali.- Con 2 muertos y 32 personas contagiadas por COVID-19, el municipio de Mexicali es el que representa mayor problema y preocupaci\u00f3n para las autoridades sanitarias de Baja California. En la video conferencia matutina del Gobierno del Estado, el secretario de Salud, Alonso P\u00e9rez Rico\u2026","rel":"","context":"En &quot;Baja California&quot;","block_context":{"text":"Baja California","link":"https:\/\/www.grieta.org.mx\/index.php\/category\/noticias-nacionales\/baja-california\/"},"img":{"alt_text":"","src":"https:\/\/i0.wp.com\/www.grieta.org.mx\/wp-content\/uploads\/2018\/03\/14524434_1106112876131411_958039263622046936_o.jpg?resize=350%2C200&ssl=1","width":350,"height":200,"srcset":"https:\/\/i0.wp.com\/www.grieta.org.mx\/wp-content\/uploads\/2018\/03\/14524434_1106112876131411_958039263622046936_o.jpg?resize=350%2C200&ssl=1 1x, https:\/\/i0.wp.com\/www.grieta.org.mx\/wp-content\/uploads\/2018\/03\/14524434_1106112876131411_958039263622046936_o.jpg?resize=525%2C300&ssl=1 1.5x, https:\/\/i0.wp.com\/www.grieta.org.mx\/wp-content\/uploads\/2018\/03\/14524434_1106112876131411_958039263622046936_o.jpg?resize=700%2C400&ssl=1 2x"},"classes":[]},{"id":40106,"url":"https:\/\/www.grieta.org.mx\/index.php\/2019\/10\/10\/rector-de-la-uabc-denuncia-a-kiko-vega-ante-la-fgr-y-pide-se-le-inicie-juicio-politico-baja-california\/","url_meta":{"origin":50346,"position":5},"title":"Rector de la UABC denuncia a \u201cKiko\u201d Vega ante la FGR y pide se le inicie juicio pol\u00edtico (Baja California)","author":"grieta","date":"10 octubre, 2019","format":false,"excerpt":"Proceso \/ Redacci\u00f3n. La denominada \"Marcha del orgullo cimarr\u00f3n\", de estudiantes y empleados de la Universidad Aut\u00f3noma de Baja California (UABC). Foto: Twitter @UABC_oficial Ciudad de M\u00e9xico (apro).\u2013 El rector de la Universidad Aut\u00f3noma de Baja California (UABC), Daniel Valdez Delgadillo, present\u00f3 una solicitud de juicio pol\u00edtico contra el gobernador,\u2026","rel":"","context":"En &quot;Baja California&quot;","block_context":{"text":"Baja California","link":"https:\/\/www.grieta.org.mx\/index.php\/category\/noticias-nacionales\/baja-california\/"},"img":{"alt_text":"","src":"https:\/\/i0.wp.com\/www.grieta.org.mx\/wp-content\/uploads\/2019\/10\/UABC-OK-870x522.jpg?resize=350%2C200&ssl=1","width":350,"height":200,"srcset":"https:\/\/i0.wp.com\/www.grieta.org.mx\/wp-content\/uploads\/2019\/10\/UABC-OK-870x522.jpg?resize=350%2C200&ssl=1 1x, https:\/\/i0.wp.com\/www.grieta.org.mx\/wp-content\/uploads\/2019\/10\/UABC-OK-870x522.jpg?resize=525%2C300&ssl=1 1.5x, https:\/\/i0.wp.com\/www.grieta.org.mx\/wp-content\/uploads\/2019\/10\/UABC-OK-870x522.jpg?resize=700%2C400&ssl=1 2x"},"classes":[]}],"_links":{"self":[{"href":"https:\/\/www.grieta.org.mx\/index.php\/wp-json\/wp\/v2\/posts\/50346","targetHints":{"allow":["GET"]}}],"collection":[{"href":"https:\/\/www.grieta.org.mx\/index.php\/wp-json\/wp\/v2\/posts"}],"about":[{"href":"https:\/\/www.grieta.org.mx\/index.php\/wp-json\/wp\/v2\/types\/post"}],"author":[{"embeddable":true,"href":"https:\/\/www.grieta.org.mx\/index.php\/wp-json\/wp\/v2\/users\/2"}],"replies":[{"embeddable":true,"href":"https:\/\/www.grieta.org.mx\/index.php\/wp-json\/wp\/v2\/comments?post=50346"}],"version-history":[{"count":1,"href":"https:\/\/www.grieta.org.mx\/index.php\/wp-json\/wp\/v2\/posts\/50346\/revisions"}],"predecessor-version":[{"id":50361,"href":"https:\/\/www.grieta.org.mx\/index.php\/wp-json\/wp\/v2\/posts\/50346\/revisions\/50361"}],"wp:featuredmedia":[{"embeddable":true,"href":"https:\/\/www.grieta.org.mx\/index.php\/wp-json\/wp\/v2\/media\/50347"}],"wp:attachment":[{"href":"https:\/\/www.grieta.org.mx\/index.php\/wp-json\/wp\/v2\/media?parent=50346"}],"wp:term":[{"taxonomy":"category","embeddable":true,"href":"https:\/\/www.grieta.org.mx\/index.php\/wp-json\/wp\/v2\/categories?post=50346"},{"taxonomy":"post_tag","embeddable":true,"href":"https:\/\/www.grieta.org.mx\/index.php\/wp-json\/wp\/v2\/tags?post=50346"}],"curies":[{"name":"wp","href":"https:\/\/api.w.org\/{rel}","templated":true}]}}