{"id":50332,"date":"2020-06-02T20:49:40","date_gmt":"2020-06-03T01:49:40","guid":{"rendered":"http:\/\/www.grieta.org.mx\/?p=50332"},"modified":"2020-06-05T21:00:26","modified_gmt":"2020-06-06T02:00:26","slug":"aumenta-durante-la-contingencia-el-reporte-de-violencia-contra-menores-colima","status":"publish","type":"post","link":"https:\/\/www.grieta.org.mx\/index.php\/2020\/06\/02\/aumenta-durante-la-contingencia-el-reporte-de-violencia-contra-menores-colima\/","title":{"rendered":"Aumenta durante la contingencia el reporte de violencia contra menores (Colima)"},"content":{"rendered":"<p><img loading=\"lazy\" decoding=\"async\" data-attachment-id=\"50333\" data-permalink=\"https:\/\/www.grieta.org.mx\/index.php\/2020\/06\/02\/aumenta-durante-la-contingencia-el-reporte-de-violencia-contra-menores-colima\/9eeb27bf0df6ed552eba21a30d4a5109\/\" data-orig-file=\"https:\/\/www.grieta.org.mx\/wp-content\/uploads\/2020\/06\/9eeb27bf0df6ed552eba21a30d4a5109.jpg\" data-orig-size=\"1170,540\" data-comments-opened=\"0\" data-image-meta=\"{&quot;aperture&quot;:&quot;0&quot;,&quot;credit&quot;:&quot;&quot;,&quot;camera&quot;:&quot;&quot;,&quot;caption&quot;:&quot;&quot;,&quot;created_timestamp&quot;:&quot;0&quot;,&quot;copyright&quot;:&quot;&quot;,&quot;focal_length&quot;:&quot;0&quot;,&quot;iso&quot;:&quot;0&quot;,&quot;shutter_speed&quot;:&quot;0&quot;,&quot;title&quot;:&quot;&quot;,&quot;orientation&quot;:&quot;0&quot;}\" data-image-title=\"9eeb27bf0df6ed552eba21a30d4a5109\" data-image-description=\"\" data-image-caption=\"\" data-medium-file=\"https:\/\/www.grieta.org.mx\/wp-content\/uploads\/2020\/06\/9eeb27bf0df6ed552eba21a30d4a5109-300x138.jpg\" data-large-file=\"https:\/\/www.grieta.org.mx\/wp-content\/uploads\/2020\/06\/9eeb27bf0df6ed552eba21a30d4a5109-1024x473.jpg\" class=\"aligncenter wp-image-50333\" src=\"http:\/\/www.grieta.org.mx\/wp-content\/uploads\/2020\/06\/9eeb27bf0df6ed552eba21a30d4a5109.jpg\" alt=\"\" width=\"799\" height=\"369\" srcset=\"https:\/\/www.grieta.org.mx\/wp-content\/uploads\/2020\/06\/9eeb27bf0df6ed552eba21a30d4a5109.jpg 1170w, https:\/\/www.grieta.org.mx\/wp-content\/uploads\/2020\/06\/9eeb27bf0df6ed552eba21a30d4a5109-300x138.jpg 300w, https:\/\/www.grieta.org.mx\/wp-content\/uploads\/2020\/06\/9eeb27bf0df6ed552eba21a30d4a5109-768x354.jpg 768w, https:\/\/www.grieta.org.mx\/wp-content\/uploads\/2020\/06\/9eeb27bf0df6ed552eba21a30d4a5109-1024x473.jpg 1024w, https:\/\/www.grieta.org.mx\/wp-content\/uploads\/2020\/06\/9eeb27bf0df6ed552eba21a30d4a5109-1083x500.jpg 1083w\" sizes=\"auto, (max-width: 799px) 100vw, 799px\" \/><\/p>\n<p>Foto: El Comentario<\/p>\n<p>Francis Bravo \/ El Comentario<\/p>\n<p>De acuerdo con la procuradora de <strong>Protecci\u00f3n de Ni\u00f1as, Ni\u00f1os y Adolescentes en el municipio de Colima<\/strong>, Mar\u00eda Guadalupe Garc\u00eda V\u00e1zquez, al igual que en el caso de las mujeres, durante el\u00a0<strong>confinamiento por la pandemia<\/strong>\u00a0del Covid-19 la\u00a0<strong>violencia contra los menores tambi\u00e9n aument\u00f3<\/strong>.<\/p>\n<p>Aunque no especific\u00f3 cifras, la funcionaria municipal refiri\u00f3 que se ha incrementado la estad\u00edstica en cuanto a la\u00a0<strong>violencia infantil<\/strong>, porque casi siempre cuando hay una mujer violentada, tambi\u00e9n hay ni\u00f1os.<\/p>\n<p>A\u00f1adi\u00f3 que si los problemas son entre la pareja, los ni\u00f1os normalmente ven todo, por lo que si no hay\u00a0<strong>violencia f\u00edsica<\/strong>\u00a0en su contra, s\u00ed hay\u00a0<strong>violencia psicol\u00f3gica.<\/strong><\/p>\n<p>Mencion\u00f3 que se trabaja de manera coordinada con el Programa para la Atenci\u00f3n de Ni\u00f1as, Ni\u00f1os y Adolescentes en Riesgo <strong>(Pannar) del DIF municipal Colima<\/strong>, en la tem\u00e1tica de<strong>\u00a0trabajo infantil,<\/strong>\u00a0pues durante la contingencia, al no haber ingresos en los hogares, aumenta el riesgo del trabajo infantil, sin embargo descart\u00f3 que en dicho rubro haya un aumento.<\/p>\n<p><a href=\"https:\/\/elcomentario.ucol.mx\/aumenta-durante-contingencia-reporte-de-violencia-contra-menores\/\">https:\/\/elcomentario.ucol.mx\/aumenta-durante-contingencia-reporte-de-violencia-contra-menores\/<\/a><\/p>\n","protected":false},"excerpt":{"rendered":"<p>Foto: El Comentario Francis Bravo \/ El Comentario De acuerdo con la procuradora de Protecci\u00f3n de Ni\u00f1as, Ni\u00f1os y Adolescentes en el municipio de Colima, Mar\u00eda Guadalupe Garc\u00eda V\u00e1zquez, al &hellip; <a href=\"https:\/\/www.grieta.org.mx\/index.php\/2020\/06\/02\/aumenta-durante-la-contingencia-el-reporte-de-violencia-contra-menores-colima\/\" class=\"more-link\">Leer m\u00e1s<\/a><\/p>\n","protected":false},"author":2,"featured_media":50333,"comment_status":"closed","ping_status":"closed","sticky":false,"template":"","format":"standard","meta":{"ngg_post_thumbnail":0,"_jetpack_newsletter_access":"","_jetpack_dont_email_post_to_subs":false,"_jetpack_newsletter_tier_id":0,"_jetpack_memberships_contains_paywalled_content":false,"_jetpack_memberships_contains_paid_content":false,"footnotes":""},"categories":[80,13,3286,1827,3112,2,83],"tags":[2362,3065],"class_list":["post-50332","post","type-post","status-publish","format-standard","has-post-thumbnail","hentry","category-cintillo","category-colima","category-covid-19-en-colima","category-la-ninez-en-la-tormenta-capitalista","category-la-ninez-en-la-tormenta-en-colima","category-noticias-nacionales","category-temas-nacionales","tag-la-ninez-en-la-tormenta","tag-violencia-contra-la-ninez","entry"],"jetpack_featured_media_url":"https:\/\/www.grieta.org.mx\/wp-content\/uploads\/2020\/06\/9eeb27bf0df6ed552eba21a30d4a5109.jpg","jetpack_sharing_enabled":true,"jetpack_shortlink":"https:\/\/wp.me\/p7ZJR4-d5O","jetpack_likes_enabled":false,"jetpack-related-posts":[{"id":71623,"url":"https:\/\/www.grieta.org.mx\/index.php\/2025\/04\/30\/dia-del-nino-en-colima-mas-balas-que-juegos\/","url_meta":{"origin":50332,"position":0},"title":"D\u00eda del Ni\u00f1o en Colima: m\u00e1s balas que juegos","author":"grieta","date":"30 abril, 2025","format":false,"excerpt":"Imagen: Diario Avanzada Heidi de Le\u00f3n Guti\u00e9rrez \/ Diario Avanzada Colima, M\u00e9xico, Avanzada (30\/04\/2025).- En el marco de la celebraci\u00f3n del D\u00eda del Ni\u00f1o, Colima no tiene mucho que festejar. Las infancias en la entidad enfrentan \u00a0la violencia, el crimen organizado y la desaparici\u00f3n. Los hechos anteriores se han convertido\u2026","rel":"","context":"En &quot;CINTILLO&quot;","block_context":{"text":"CINTILLO","link":"https:\/\/www.grieta.org.mx\/index.php\/category\/cintillo\/"},"img":{"alt_text":"","src":"https:\/\/i0.wp.com\/www.grieta.org.mx\/wp-content\/uploads\/2025\/05\/35f04a10-6e20-4b56-93db-5e43b3ac4158-1.png?resize=350%2C200&ssl=1","width":350,"height":200,"srcset":"https:\/\/i0.wp.com\/www.grieta.org.mx\/wp-content\/uploads\/2025\/05\/35f04a10-6e20-4b56-93db-5e43b3ac4158-1.png?resize=350%2C200&ssl=1 1x, https:\/\/i0.wp.com\/www.grieta.org.mx\/wp-content\/uploads\/2025\/05\/35f04a10-6e20-4b56-93db-5e43b3ac4158-1.png?resize=525%2C300&ssl=1 1.5x, https:\/\/i0.wp.com\/www.grieta.org.mx\/wp-content\/uploads\/2025\/05\/35f04a10-6e20-4b56-93db-5e43b3ac4158-1.png?resize=700%2C400&ssl=1 2x"},"classes":[]},{"id":68879,"url":"https:\/\/www.grieta.org.mx\/index.php\/2024\/04\/30\/ocupan-trabajos-peligrosos-8265-menores-en-colima-enti\/","url_meta":{"origin":50332,"position":1},"title":"Ocupan trabajos peligrosos 8,265 menores en Colima: ENTI","author":"grieta","date":"30 abril, 2024","format":false,"excerpt":"Imagen: El Comentario C\u00e9sar Barrera \/ El Comentario En el marco del\u00a0D\u00eda del Ni\u00f1o y la Ni\u00f1a\u00a0las estad\u00edsticas en materia laboral para este sector no son positivas, pues el n\u00famero de menores de edad, de 5 a 17 a\u00f1os, que trabajan en ocupaciones peligrosas aument\u00f3 en el estado de Colima\u2026","rel":"","context":"En &quot;CINTILLO&quot;","block_context":{"text":"CINTILLO","link":"https:\/\/www.grieta.org.mx\/index.php\/category\/cintillo\/"},"img":{"alt_text":"","src":"https:\/\/i0.wp.com\/www.grieta.org.mx\/wp-content\/uploads\/2024\/05\/gfbhnj.webp?resize=350%2C200&ssl=1","width":350,"height":200,"srcset":"https:\/\/i0.wp.com\/www.grieta.org.mx\/wp-content\/uploads\/2024\/05\/gfbhnj.webp?resize=350%2C200&ssl=1 1x, https:\/\/i0.wp.com\/www.grieta.org.mx\/wp-content\/uploads\/2024\/05\/gfbhnj.webp?resize=525%2C300&ssl=1 1.5x, https:\/\/i0.wp.com\/www.grieta.org.mx\/wp-content\/uploads\/2024\/05\/gfbhnj.webp?resize=700%2C400&ssl=1 2x, https:\/\/i0.wp.com\/www.grieta.org.mx\/wp-content\/uploads\/2024\/05\/gfbhnj.webp?resize=1050%2C600&ssl=1 3x, https:\/\/i0.wp.com\/www.grieta.org.mx\/wp-content\/uploads\/2024\/05\/gfbhnj.webp?resize=1400%2C800&ssl=1 4x"},"classes":[]},{"id":64324,"url":"https:\/\/www.grieta.org.mx\/index.php\/2022\/05\/30\/ante-incremento-de-la-violencia-instalaran-retenes-ciudadanos-en-comunidades-adelanta-colectivo-de-busqueda-colima\/","url_meta":{"origin":50332,"position":2},"title":"Ante incremento de la violencia instalar\u00e1n retenes ciudadanos en comunidades, adelanta Colectivo de B\u00fasqueda (Colima)","author":"grieta","date":"30 mayo, 2022","format":false,"excerpt":"Foto: El Comentario Yensuni L\u00f3prez Aldape \/ El Comentario Candelaria Huerta Pizano, representante del Colectivo Solidario de B\u00fasqueda de Personas Desaparecidas en Colima, confirm\u00f3 que debido a los casos de violencia que se han incrementado entre menores y por el temor que ello provoca, muchas madres de familia han decidido\u2026","rel":"","context":"En &quot;CINTILLO&quot;","block_context":{"text":"CINTILLO","link":"https:\/\/www.grieta.org.mx\/index.php\/category\/cintillo\/"},"img":{"alt_text":"","src":"https:\/\/i0.wp.com\/www.grieta.org.mx\/wp-content\/uploads\/2022\/05\/43ddb9b0c62096c7f28cfccdf333b657-13.jpg?resize=350%2C200&ssl=1","width":350,"height":200,"srcset":"https:\/\/i0.wp.com\/www.grieta.org.mx\/wp-content\/uploads\/2022\/05\/43ddb9b0c62096c7f28cfccdf333b657-13.jpg?resize=350%2C200&ssl=1 1x, https:\/\/i0.wp.com\/www.grieta.org.mx\/wp-content\/uploads\/2022\/05\/43ddb9b0c62096c7f28cfccdf333b657-13.jpg?resize=525%2C300&ssl=1 1.5x, https:\/\/i0.wp.com\/www.grieta.org.mx\/wp-content\/uploads\/2022\/05\/43ddb9b0c62096c7f28cfccdf333b657-13.jpg?resize=700%2C400&ssl=1 2x"},"classes":[]},{"id":65945,"url":"https:\/\/www.grieta.org.mx\/index.php\/2022\/12\/04\/colima-entre-los-estados-mas-inseguros-para-ninas-y-adolescentes\/","url_meta":{"origin":50332,"position":3},"title":"Colima, entre los estados m\u00e1s inseguros para ni\u00f1as y adolescentes","author":"grieta","date":"4 diciembre, 2022","format":false,"excerpt":"Imagen: Diario Avanzada Heidi de Le\u00f3n Guti\u00e9rrez \/ Diario Avanzada Colima, M\u00e9xico, Avanzada (04\/12\/2022).- Colima se encuentra entre los 14 estados m\u00e1s inseguros para las ni\u00f1as y adolescentes, de acuerdo al monitoreo que realiz\u00f3 la organizaci\u00f3n: Aqu\u00ed estamos: feminicidio infantil en M\u00e9xico. El reporte fue elaborado por un grupo de\u2026","rel":"","context":"En &quot;CINTILLO&quot;","block_context":{"text":"CINTILLO","link":"https:\/\/www.grieta.org.mx\/index.php\/category\/cintillo\/"},"img":{"alt_text":"","src":"https:\/\/i0.wp.com\/www.grieta.org.mx\/wp-content\/uploads\/2022\/12\/image-25-1.png?resize=350%2C200&ssl=1","width":350,"height":200,"srcset":"https:\/\/i0.wp.com\/www.grieta.org.mx\/wp-content\/uploads\/2022\/12\/image-25-1.png?resize=350%2C200&ssl=1 1x, https:\/\/i0.wp.com\/www.grieta.org.mx\/wp-content\/uploads\/2022\/12\/image-25-1.png?resize=525%2C300&ssl=1 1.5x"},"classes":[]},{"id":68882,"url":"https:\/\/www.grieta.org.mx\/index.php\/2024\/05\/08\/bajo-en-colima-del-70-al-50-tasa-de-sobrevivencia-de-ninos-con-cancer\/","url_meta":{"origin":50332,"position":4},"title":"Baj\u00f3 en Colima del 70 al 50% tasa de sobrevivencia de ni\u00f1os con c\u00e1ncer","author":"grieta","date":"8 mayo, 2024","format":false,"excerpt":"Imagen: El Comentario Francis Bravo \/ El Comentario En el estado de Colima, de 2020 a la fecha, la tasa de sobrevivencia de ni\u00f1os y ni\u00f1as con\u00a0c\u00e1ncer\u00a0baj\u00f3 de un 70 a un 50%, de acuerdo a informaci\u00f3n registrada por la\u00a0Asociaci\u00f3n Mexicana de Apoyo a Ni\u00f1os con C\u00e1ncer\u00a0(Amanc). En una entrevista,\u2026","rel":"","context":"En &quot;CINTILLO&quot;","block_context":{"text":"CINTILLO","link":"https:\/\/www.grieta.org.mx\/index.php\/category\/cintillo\/"},"img":{"alt_text":"","src":"https:\/\/i0.wp.com\/www.grieta.org.mx\/wp-content\/uploads\/2024\/05\/347244296_802027911135309_3749736937323892131_n.webp?resize=350%2C200&ssl=1","width":350,"height":200,"srcset":"https:\/\/i0.wp.com\/www.grieta.org.mx\/wp-content\/uploads\/2024\/05\/347244296_802027911135309_3749736937323892131_n.webp?resize=350%2C200&ssl=1 1x, https:\/\/i0.wp.com\/www.grieta.org.mx\/wp-content\/uploads\/2024\/05\/347244296_802027911135309_3749736937323892131_n.webp?resize=525%2C300&ssl=1 1.5x, https:\/\/i0.wp.com\/www.grieta.org.mx\/wp-content\/uploads\/2024\/05\/347244296_802027911135309_3749736937323892131_n.webp?resize=700%2C400&ssl=1 2x, https:\/\/i0.wp.com\/www.grieta.org.mx\/wp-content\/uploads\/2024\/05\/347244296_802027911135309_3749736937323892131_n.webp?resize=1050%2C600&ssl=1 3x, https:\/\/i0.wp.com\/www.grieta.org.mx\/wp-content\/uploads\/2024\/05\/347244296_802027911135309_3749736937323892131_n.webp?resize=1400%2C800&ssl=1 4x"},"classes":[]},{"id":59124,"url":"https:\/\/www.grieta.org.mx\/index.php\/2021\/05\/01\/sufren-abuso-sexual-infantil-24-de-cada-100-mil-infantes-en-colima\/","url_meta":{"origin":50332,"position":5},"title":"Sufren abuso sexual infantil 24 de cada 100 mil infantes en Colima","author":"grieta","date":"1 mayo, 2021","format":false,"excerpt":"Imagen: Diario Avanzada Heidi de Le\u00f3n Guti\u00e9rrez \/ Diario Avanzada Colima, M\u00e9xico, Avanzada (01\/05\/2021).- Los altos \u00edndices de violencia que se registran en el estado, no s\u00f3lo afectan a los adultos, tambi\u00e9n a los ni\u00f1os y las ni\u00f1as, quienes son v\u00edctimas de diversos delitos, como el abuso sexual o conductas\u2026","rel":"","context":"En &quot;CINTILLO&quot;","block_context":{"text":"CINTILLO","link":"https:\/\/www.grieta.org.mx\/index.php\/category\/cintillo\/"},"img":{"alt_text":"","src":"https:\/\/i0.wp.com\/www.grieta.org.mx\/wp-content\/uploads\/2021\/05\/Nin%CC%83o-Proletario-1.jpg?resize=350%2C200&ssl=1","width":350,"height":200,"srcset":"https:\/\/i0.wp.com\/www.grieta.org.mx\/wp-content\/uploads\/2021\/05\/Nin%CC%83o-Proletario-1.jpg?resize=350%2C200&ssl=1 1x, https:\/\/i0.wp.com\/www.grieta.org.mx\/wp-content\/uploads\/2021\/05\/Nin%CC%83o-Proletario-1.jpg?resize=525%2C300&ssl=1 1.5x, https:\/\/i0.wp.com\/www.grieta.org.mx\/wp-content\/uploads\/2021\/05\/Nin%CC%83o-Proletario-1.jpg?resize=700%2C400&ssl=1 2x"},"classes":[]}],"_links":{"self":[{"href":"https:\/\/www.grieta.org.mx\/index.php\/wp-json\/wp\/v2\/posts\/50332","targetHints":{"allow":["GET"]}}],"collection":[{"href":"https:\/\/www.grieta.org.mx\/index.php\/wp-json\/wp\/v2\/posts"}],"about":[{"href":"https:\/\/www.grieta.org.mx\/index.php\/wp-json\/wp\/v2\/types\/post"}],"author":[{"embeddable":true,"href":"https:\/\/www.grieta.org.mx\/index.php\/wp-json\/wp\/v2\/users\/2"}],"replies":[{"embeddable":true,"href":"https:\/\/www.grieta.org.mx\/index.php\/wp-json\/wp\/v2\/comments?post=50332"}],"version-history":[{"count":1,"href":"https:\/\/www.grieta.org.mx\/index.php\/wp-json\/wp\/v2\/posts\/50332\/revisions"}],"predecessor-version":[{"id":50334,"href":"https:\/\/www.grieta.org.mx\/index.php\/wp-json\/wp\/v2\/posts\/50332\/revisions\/50334"}],"wp:featuredmedia":[{"embeddable":true,"href":"https:\/\/www.grieta.org.mx\/index.php\/wp-json\/wp\/v2\/media\/50333"}],"wp:attachment":[{"href":"https:\/\/www.grieta.org.mx\/index.php\/wp-json\/wp\/v2\/media?parent=50332"}],"wp:term":[{"taxonomy":"category","embeddable":true,"href":"https:\/\/www.grieta.org.mx\/index.php\/wp-json\/wp\/v2\/categories?post=50332"},{"taxonomy":"post_tag","embeddable":true,"href":"https:\/\/www.grieta.org.mx\/index.php\/wp-json\/wp\/v2\/tags?post=50332"}],"curies":[{"name":"wp","href":"https:\/\/api.w.org\/{rel}","templated":true}]}}