{"id":50326,"date":"2020-06-02T20:23:15","date_gmt":"2020-06-03T01:23:15","guid":{"rendered":"http:\/\/www.grieta.org.mx\/?p=50326"},"modified":"2020-06-05T20:29:33","modified_gmt":"2020-06-06T01:29:33","slug":"familiares-y-amigos-se-organizan-para-buscar-a-ciclista-desaparecido-el-pasado-31-de-mayo-colima","status":"publish","type":"post","link":"https:\/\/www.grieta.org.mx\/index.php\/2020\/06\/02\/familiares-y-amigos-se-organizan-para-buscar-a-ciclista-desaparecido-el-pasado-31-de-mayo-colima\/","title":{"rendered":"Familiares y amigos se organizan para buscar a ciclista desaparecido el pasado 31 de mayo (Colima)"},"content":{"rendered":"<p><img loading=\"lazy\" decoding=\"async\" data-attachment-id=\"50327\" data-permalink=\"https:\/\/www.grieta.org.mx\/index.php\/2020\/06\/02\/familiares-y-amigos-se-organizan-para-buscar-a-ciclista-desaparecido-el-pasado-31-de-mayo-colima\/familiares-y-amigos-se-organizan-para-buscar-a-ciclista-desaparecido-el-pasado-31-de-mayo-696x670\/\" data-orig-file=\"https:\/\/www.grieta.org.mx\/wp-content\/uploads\/2020\/06\/Familiares-y-amigos-se-organizan-para-buscar-a-ciclista-desaparecido-el-pasado-31-de-mayo-696x670.jpg\" data-orig-size=\"696,670\" data-comments-opened=\"0\" data-image-meta=\"{&quot;aperture&quot;:&quot;0&quot;,&quot;credit&quot;:&quot;&quot;,&quot;camera&quot;:&quot;&quot;,&quot;caption&quot;:&quot;&quot;,&quot;created_timestamp&quot;:&quot;0&quot;,&quot;copyright&quot;:&quot;&quot;,&quot;focal_length&quot;:&quot;0&quot;,&quot;iso&quot;:&quot;0&quot;,&quot;shutter_speed&quot;:&quot;0&quot;,&quot;title&quot;:&quot;&quot;,&quot;orientation&quot;:&quot;0&quot;}\" data-image-title=\"Familiares-y-amigos-se-organizan-para-buscar-a-ciclista-desaparecido-el-pasado-31-de-mayo-696&amp;#215;670\" data-image-description=\"\" data-image-caption=\"\" data-medium-file=\"https:\/\/www.grieta.org.mx\/wp-content\/uploads\/2020\/06\/Familiares-y-amigos-se-organizan-para-buscar-a-ciclista-desaparecido-el-pasado-31-de-mayo-696x670-300x289.jpg\" data-large-file=\"https:\/\/www.grieta.org.mx\/wp-content\/uploads\/2020\/06\/Familiares-y-amigos-se-organizan-para-buscar-a-ciclista-desaparecido-el-pasado-31-de-mayo-696x670.jpg\" class=\"aligncenter wp-image-50327\" src=\"http:\/\/www.grieta.org.mx\/wp-content\/uploads\/2020\/06\/Familiares-y-amigos-se-organizan-para-buscar-a-ciclista-desaparecido-el-pasado-31-de-mayo-696x670.jpg\" alt=\"\" width=\"800\" height=\"770\" srcset=\"https:\/\/www.grieta.org.mx\/wp-content\/uploads\/2020\/06\/Familiares-y-amigos-se-organizan-para-buscar-a-ciclista-desaparecido-el-pasado-31-de-mayo-696x670.jpg 696w, https:\/\/www.grieta.org.mx\/wp-content\/uploads\/2020\/06\/Familiares-y-amigos-se-organizan-para-buscar-a-ciclista-desaparecido-el-pasado-31-de-mayo-696x670-300x289.jpg 300w, https:\/\/www.grieta.org.mx\/wp-content\/uploads\/2020\/06\/Familiares-y-amigos-se-organizan-para-buscar-a-ciclista-desaparecido-el-pasado-31-de-mayo-696x670-519x500.jpg 519w\" sizes=\"auto, (max-width: 800px) 100vw, 800px\" \/><\/p>\n<p>Foto: Colima Noticias<\/p>\n<p>Oscar Cervantes \/ Colima Noticias<\/p>\n<p>Colima, Col.-\u00a0Familiares y amigos del ciclista \u00c1lvaro L\u00f3pez Zamora se reunir\u00e1n esta tarde para iniciar su b\u00fasqueda despu\u00e9s de que fuera reportado como desaparecido, el pasado 31 de mayo cuando sali\u00f3 en su bicicleta.<\/p>\n<p>A trav\u00e9s de sus redes sociales, sus allegados invitaron a la poblaci\u00f3n en general para reunirse en plaza Zentralia\u00a0a las 4 de la tarde de este martes, con el objetivo de ampliar la zona de b\u00fasqueda y dar con su paradero.<\/p>\n<p>Uno de sus compa\u00f1eros conocido como el Perro Rabioso en redes sociales, pidi\u00f3 a quienes quieran colaborar, llevar su bicicleta, linterna, casco , guantes y equipo \u00a0necesario, no obstante aclar\u00f3 que no es una competencia sino el objetivo es encontrarlo.<\/p>\n<p>Coment\u00f3 que a \u00c1lvaro L\u00f3pez lo est\u00e1 esperando su familia por ello es importante que toda la gente se sume a la b\u00fasqueda.<\/p>\n<p>Finalmente, refiri\u00f3 que el \u00faltimo d\u00eda que se conoci\u00f3 de su paradero fue el pasado 31 de mayo despu\u00e9s de que aproximadamente a las 8:30 de la ma\u00f1ana saliera de su casa para andar en bicicleta.<\/p>\n<p><a href=\"https:\/\/www.colimanoticias.com\/familiares-y-amigos-se-organizan-para-buscar-a-ciclista-desaparecido-el-pasado-31-de-mayo\/\">https:\/\/www.colimanoticias.com\/familiares-y-amigos-se-organizan-para-buscar-a-ciclista-desaparecido-el-pasado-31-de-mayo\/<\/a><\/p>\n","protected":false},"excerpt":{"rendered":"<p>Foto: Colima Noticias Oscar Cervantes \/ Colima Noticias Colima, Col.-\u00a0Familiares y amigos del ciclista \u00c1lvaro L\u00f3pez Zamora se reunir\u00e1n esta tarde para iniciar su b\u00fasqueda despu\u00e9s de que fuera reportado &hellip; <a href=\"https:\/\/www.grieta.org.mx\/index.php\/2020\/06\/02\/familiares-y-amigos-se-organizan-para-buscar-a-ciclista-desaparecido-el-pasado-31-de-mayo-colima\/\" class=\"more-link\">Leer m\u00e1s<\/a><\/p>\n","protected":false},"author":2,"featured_media":50327,"comment_status":"closed","ping_status":"closed","sticky":false,"template":"","format":"standard","meta":{"ngg_post_thumbnail":0,"_jetpack_newsletter_access":"","_jetpack_dont_email_post_to_subs":false,"_jetpack_newsletter_tier_id":0,"_jetpack_memberships_contains_paywalled_content":false,"_jetpack_memberships_contains_paid_content":false,"footnotes":""},"categories":[80,13,87,1829,2,83],"tags":[1828,121,1668],"class_list":["post-50326","post","type-post","status-publish","format-standard","has-post-thumbnail","hentry","category-cintillo","category-colima","category-desaparecidos","category-desaparecidos-en-colima","category-noticias-nacionales","category-temas-nacionales","tag-busqueda-de-desaparecidos","tag-desaparecidos","tag-familiares-de-desaparecidos","entry"],"jetpack_featured_media_url":"https:\/\/www.grieta.org.mx\/wp-content\/uploads\/2020\/06\/Familiares-y-amigos-se-organizan-para-buscar-a-ciclista-desaparecido-el-pasado-31-de-mayo-696x670.jpg","jetpack_sharing_enabled":true,"jetpack_shortlink":"https:\/\/wp.me\/p7ZJR4-d5I","jetpack_likes_enabled":false,"jetpack-related-posts":[{"id":49342,"url":"https:\/\/www.grieta.org.mx\/index.php\/2020\/05\/10\/continuan-desapareciendo-personas-en-colima-este-10-de-mayo-nada-que-celebrar\/","url_meta":{"origin":50326,"position":0},"title":"Contin\u00faan desapareciendo personas en Colima, \u201ceste 10 de mayo nada que celebrar\u201d","author":"grieta","date":"10 mayo, 2020","format":false,"excerpt":"Imagen: Diario Avanzada Redacci\u00f3n \/ Diario Avanzada Colima, M\u00e9xico, Avanzada (10\/05\/2020).- La Fiscal\u00eda General del Estado de Colima reporta 8 personas desaparecidas, en el per\u00edodo comprendido del 17 de abril al 6 de mayo de 2020 en su p\u00e1gina web, en el apartado \u201cdesaparecidos\u201d. En otro espacio se encuentran la\u2026","rel":"","context":"En &quot;CINTILLO&quot;","block_context":{"text":"CINTILLO","link":"https:\/\/www.grieta.org.mx\/index.php\/category\/cintillo\/"},"img":{"alt_text":"","src":"https:\/\/i0.wp.com\/www.grieta.org.mx\/wp-content\/uploads\/2020\/05\/97127903_281176699709177_6094025677776879616_n.jpg?resize=350%2C200&ssl=1","width":350,"height":200,"srcset":"https:\/\/i0.wp.com\/www.grieta.org.mx\/wp-content\/uploads\/2020\/05\/97127903_281176699709177_6094025677776879616_n.jpg?resize=350%2C200&ssl=1 1x, https:\/\/i0.wp.com\/www.grieta.org.mx\/wp-content\/uploads\/2020\/05\/97127903_281176699709177_6094025677776879616_n.jpg?resize=525%2C300&ssl=1 1.5x, https:\/\/i0.wp.com\/www.grieta.org.mx\/wp-content\/uploads\/2020\/05\/97127903_281176699709177_6094025677776879616_n.jpg?resize=700%2C400&ssl=1 2x, https:\/\/i0.wp.com\/www.grieta.org.mx\/wp-content\/uploads\/2020\/05\/97127903_281176699709177_6094025677776879616_n.jpg?resize=1050%2C600&ssl=1 3x"},"classes":[]},{"id":64330,"url":"https:\/\/www.grieta.org.mx\/index.php\/2022\/05\/31\/colectivo-exige-cambio-completo-de-quienes-nos-protegen-por-ser-parte-del-crimen-organizado-colima\/","url_meta":{"origin":50326,"position":1},"title":"Colectivo exige cambio completo de qui\u00e9nes nos protegen, por ser \u201cparte del Crimen organizado\u201d (Colima)","author":"grieta","date":"31 mayo, 2022","format":false,"excerpt":"Foto: Diario Avanzada Redacci\u00f3n \/ Diario Avanzada Colima, M\u00e9xico, Avanzada (31\/05\/2022).- La Red de Desaparecidos en Colima A.C. fij\u00f3 un posicionamiento en el que expresaron su indignaci\u00f3n luego de que el vocero Adri\u00e1n Joya revictimizara y violara los derechos humanos de los familiares de personas desaparecidas. En una rueda de\u2026","rel":"","context":"En &quot;CINTILLO&quot;","block_context":{"text":"CINTILLO","link":"https:\/\/www.grieta.org.mx\/index.php\/category\/cintillo\/"},"img":{"alt_text":"","src":"https:\/\/i0.wp.com\/www.grieta.org.mx\/wp-content\/uploads\/2022\/06\/image-211.png?resize=350%2C200&ssl=1","width":350,"height":200,"srcset":"https:\/\/i0.wp.com\/www.grieta.org.mx\/wp-content\/uploads\/2022\/06\/image-211.png?resize=350%2C200&ssl=1 1x, https:\/\/i0.wp.com\/www.grieta.org.mx\/wp-content\/uploads\/2022\/06\/image-211.png?resize=525%2C300&ssl=1 1.5x"},"classes":[]},{"id":64648,"url":"https:\/\/www.grieta.org.mx\/index.php\/2022\/07\/31\/familia-de-joven-desaparecido-bloquea-el-libramiento-frente-a-fge-colima\/","url_meta":{"origin":50326,"position":2},"title":"Familia de joven desaparecido bloquea el libramiento frente a FGE (Colima)","author":"grieta","date":"31 julio, 2022","format":false,"excerpt":"Imagen: El Noticiero en L\u00ednea Anil\u00fa Salazar Mej\u00eda \/ EL Noticiero en L\u00ednea Familiares y amigos de Francisco Rodr\u00edguez Ballesteros, desaparecido desde el 27 de julio, bloquearon el Libramiento Ej\u00e9rcito Mexicano frente a las instalaciones de la Fiscal\u00eda General de Justicia del Estado para exigir informaci\u00f3n. Aunque se dijo que\u2026","rel":"","context":"En &quot;CINTILLO&quot;","block_context":{"text":"CINTILLO","link":"https:\/\/www.grieta.org.mx\/index.php\/category\/cintillo\/"},"img":{"alt_text":"","src":"https:\/\/i0.wp.com\/www.grieta.org.mx\/wp-content\/uploads\/2022\/07\/p01-t3-15-777x399-1.jpg?resize=350%2C200&ssl=1","width":350,"height":200,"srcset":"https:\/\/i0.wp.com\/www.grieta.org.mx\/wp-content\/uploads\/2022\/07\/p01-t3-15-777x399-1.jpg?resize=350%2C200&ssl=1 1x, https:\/\/i0.wp.com\/www.grieta.org.mx\/wp-content\/uploads\/2022\/07\/p01-t3-15-777x399-1.jpg?resize=525%2C300&ssl=1 1.5x, https:\/\/i0.wp.com\/www.grieta.org.mx\/wp-content\/uploads\/2022\/07\/p01-t3-15-777x399-1.jpg?resize=700%2C400&ssl=1 2x"},"classes":[]},{"id":71951,"url":"https:\/\/www.grieta.org.mx\/index.php\/2025\/07\/03\/sospecha-red-de-desaparecidos-de-colima-que-en-jalisco-se-encuentran-sus-familiares\/","url_meta":{"origin":50326,"position":3},"title":"Sospecha Red de Desaparecidos de Colima que en Jalisco se encuentran sus familiares","author":"grieta","date":"3 julio, 2025","format":false,"excerpt":"Imagen: Tomada de Redes Sociales C\u00e9sar Barrera \/ El Comentario, Colima a\u00a0Red de Desaparecidos del Estado de Colima\u00a0expres\u00f3 su preocupaci\u00f3n por la posibilidad de que\u00a0personas desaparecidas\u00a0en territorio colimense est\u00e9n siendo trasladadas a Jalisco, estado al que apuntan diversos indicios recabados por integrantes del colectivo. Blanca Estela Ram\u00edrez, vocera de la\u2026","rel":"","context":"En &quot;CINTILLO&quot;","block_context":{"text":"CINTILLO","link":"https:\/\/www.grieta.org.mx\/index.php\/category\/cintillo\/"},"img":{"alt_text":"","src":"https:\/\/i0.wp.com\/www.grieta.org.mx\/wp-content\/uploads\/2025\/07\/desaparecidos.webp?resize=350%2C200&ssl=1","width":350,"height":200,"srcset":"https:\/\/i0.wp.com\/www.grieta.org.mx\/wp-content\/uploads\/2025\/07\/desaparecidos.webp?resize=350%2C200&ssl=1 1x, https:\/\/i0.wp.com\/www.grieta.org.mx\/wp-content\/uploads\/2025\/07\/desaparecidos.webp?resize=525%2C300&ssl=1 1.5x, https:\/\/i0.wp.com\/www.grieta.org.mx\/wp-content\/uploads\/2025\/07\/desaparecidos.webp?resize=700%2C400&ssl=1 2x"},"classes":[]},{"id":57273,"url":"https:\/\/www.grieta.org.mx\/index.php\/2021\/02\/25\/y-nosotros-cuando-tendremos-respuesta-dos-anos-han-esperado-una-cita-con-el-gobernador-los-familiares-de-desaparecidos-colima\/","url_meta":{"origin":50326,"position":4},"title":"\u00bfY nosotros cu\u00e1ndo tendremos respuesta? Dos a\u00f1os han esperado una cita con el gobernador los familiares de desaparecidos (Colima)","author":"grieta","date":"25 febrero, 2021","format":false,"excerpt":"Imagen: Diario Avanzada Heidi de Le\u00f3n Guti\u00e9rrez \/ Diario Avanzada Colima, M\u00e9xico, Avanzada (25\/02\/2021).- Los integrantes de la Red de Personas Desaparecidas en Colima le recodaron al gobernador Ignacio Peralta S\u00e1nchez que desde hace dos a\u00f1os solicitaron una audiencia con \u00e9l y hasta la fecha no han tenido ninguna respuesta.\u2026","rel":"","context":"En &quot;CINTILLO&quot;","block_context":{"text":"CINTILLO","link":"https:\/\/www.grieta.org.mx\/index.php\/category\/cintillo\/"},"img":{"alt_text":"","src":"https:\/\/i0.wp.com\/www.grieta.org.mx\/wp-content\/uploads\/2021\/03\/y-nosotros-cua%CC%81ndo.png?resize=350%2C200&ssl=1","width":350,"height":200},"classes":[]},{"id":53011,"url":"https:\/\/www.grieta.org.mx\/index.php\/2020\/08\/31\/familiares-de-desaparecidos-exigen-la-renuncia-de-comisionada-de-busqueda-de-personas-colima\/","url_meta":{"origin":50326,"position":5},"title":"Familiares de desaparecidos exigen la renuncia de comisionada de b\u00fasqueda de personas (Colima)","author":"grieta","date":"31 agosto, 2020","format":false,"excerpt":"Foto: Diario Avanzada Redacci\u00f3n \/ Diario Avanzada Colima, M\u00e9xico, Avanzada (31\/08\/2020).- En el D\u00eda Internacional de las V\u00edctimas de Desaparici\u00f3n Forzada, alrededor de 200 personas marcharon la ma\u00f1ana de este domingo por las principales calles de Colima para exigir a las autoridades el esclarecimiento del paradero de sus familiares. Convocado\u2026","rel":"","context":"En &quot;CINTILLO&quot;","block_context":{"text":"CINTILLO","link":"https:\/\/www.grieta.org.mx\/index.php\/category\/cintillo\/"},"img":{"alt_text":"","src":"https:\/\/i0.wp.com\/www.grieta.org.mx\/wp-content\/uploads\/2020\/09\/image-191.png?resize=350%2C200&ssl=1","width":350,"height":200,"srcset":"https:\/\/i0.wp.com\/www.grieta.org.mx\/wp-content\/uploads\/2020\/09\/image-191.png?resize=350%2C200&ssl=1 1x, https:\/\/i0.wp.com\/www.grieta.org.mx\/wp-content\/uploads\/2020\/09\/image-191.png?resize=525%2C300&ssl=1 1.5x"},"classes":[]}],"_links":{"self":[{"href":"https:\/\/www.grieta.org.mx\/index.php\/wp-json\/wp\/v2\/posts\/50326","targetHints":{"allow":["GET"]}}],"collection":[{"href":"https:\/\/www.grieta.org.mx\/index.php\/wp-json\/wp\/v2\/posts"}],"about":[{"href":"https:\/\/www.grieta.org.mx\/index.php\/wp-json\/wp\/v2\/types\/post"}],"author":[{"embeddable":true,"href":"https:\/\/www.grieta.org.mx\/index.php\/wp-json\/wp\/v2\/users\/2"}],"replies":[{"embeddable":true,"href":"https:\/\/www.grieta.org.mx\/index.php\/wp-json\/wp\/v2\/comments?post=50326"}],"version-history":[{"count":1,"href":"https:\/\/www.grieta.org.mx\/index.php\/wp-json\/wp\/v2\/posts\/50326\/revisions"}],"predecessor-version":[{"id":50328,"href":"https:\/\/www.grieta.org.mx\/index.php\/wp-json\/wp\/v2\/posts\/50326\/revisions\/50328"}],"wp:featuredmedia":[{"embeddable":true,"href":"https:\/\/www.grieta.org.mx\/index.php\/wp-json\/wp\/v2\/media\/50327"}],"wp:attachment":[{"href":"https:\/\/www.grieta.org.mx\/index.php\/wp-json\/wp\/v2\/media?parent=50326"}],"wp:term":[{"taxonomy":"category","embeddable":true,"href":"https:\/\/www.grieta.org.mx\/index.php\/wp-json\/wp\/v2\/categories?post=50326"},{"taxonomy":"post_tag","embeddable":true,"href":"https:\/\/www.grieta.org.mx\/index.php\/wp-json\/wp\/v2\/tags?post=50326"}],"curies":[{"name":"wp","href":"https:\/\/api.w.org\/{rel}","templated":true}]}}