{"id":5031,"date":"2015-07-21T02:17:46","date_gmt":"2015-07-21T02:17:46","guid":{"rendered":"http:\/\/50.22.11.12\/~grietaor\/?p=5031"},"modified":"2018-06-15T17:25:28","modified_gmt":"2018-06-15T22:25:28","slug":"mexico-gobierno-federal-se-apropia-del-ieepo-para-golpear-a-la-seccion-xxii-de-oaxaca","status":"publish","type":"post","link":"https:\/\/www.grieta.org.mx\/index.php\/2015\/07\/21\/mexico-gobierno-federal-se-apropia-del-ieepo-para-golpear-a-la-seccion-xxii-de-oaxaca\/","title":{"rendered":"Gobierno Federal se apropia del IEEPO para golpear a la Secci\u00f3n XXII de Oaxaca"},"content":{"rendered":"<p>Kaos en la Red.<\/p>\n<p>Redacci\u00f3n.-La ma\u00f1ana de este martes 21 de julio, el titular del gobierno de Oaxaca, Gabino Cu\u00e9 Monteagudo, junto al secretario de gobernaci\u00f3n, Emilio Chuayffet Chamor y el vocero de la Presidencia de la Rep\u00fablica, Eduardo S\u00e1nchez, anunciaron que el Instituto Estatal de Educaci\u00f3n P\u00fablica de Oaxaca (IEEPO) ha dejado de estar regido por el Sindicato Nacional de Trabajadores de la Educaci\u00f3n. El objetivo es convertirlo en un organismo que est\u00e9 bajo el control total del gobierno federal y as\u00ed poder imponer sin mayores trabas la reforma educativa en el estado de Oaxaca.<\/p>\n<p>El IEEPO era administrado por la Secci\u00f3n 22 del SNTE-CNTE desde el a\u00f1o 1992. Como era de esperarse, la noticia no fue bien recibida por la propia Secci\u00f3n 22; acusaron de traici\u00f3n a Gabino Cu\u00e9. Para evitar que integrantes de la CNTE tomaran las instalaciones del IEEPO, el edificio fue ocupado por la gendarmer\u00eda, que desde poco antes de las elecciones m\u00e1s recientes se hizo presente en Oaxaca.<\/p>\n<p>Las acciones en las calles de Oaxaca no se hicieron esperar, Proyecto Ambulante inform\u00f3 de los bloqueos que se realizaron en las calles alrededor del edificio de la Secci\u00f3n 22, tambi\u00e9n de la toma de las oficinas de la Fiscal\u00eda Especializada en Asuntos Magisteriales por parte de la gendarmer\u00eda. Tambi\u00e9n informaron que se congelaron las cuentas bancarias de la Secci\u00f3n 22.<\/p>\n<p><a href=\"http:\/\/kaosenlared.net\/mexico-gobierno-federal-se-apropia-del-ieepo-para-golpear-a-la-seccion-xxii-de-oaxaca\/\" target=\"_blank\">kaosenlared.net\/mexico-gobierno-federal-se-apropia-del-ieepo-para-golpear-a-la-seccion-xxii-de-oaxaca\/<\/a><\/p>\n","protected":false},"excerpt":{"rendered":"<p>Kaos en la Red. Redacci\u00f3n.-La ma\u00f1ana de este martes 21 de julio, el titular del gobierno de Oaxaca, Gabino Cu\u00e9 Monteagudo, junto al secretario de gobernaci\u00f3n, Emilio Chuayffet Chamor y &hellip; <a href=\"https:\/\/www.grieta.org.mx\/index.php\/2015\/07\/21\/mexico-gobierno-federal-se-apropia-del-ieepo-para-golpear-a-la-seccion-xxii-de-oaxaca\/\" class=\"more-link\">Leer m\u00e1s<\/a><\/p>\n","protected":false},"author":2,"featured_media":21928,"comment_status":"closed","ping_status":"open","sticky":false,"template":"","format":"standard","meta":{"ngg_post_thumbnail":0,"_jetpack_newsletter_access":"","_jetpack_dont_email_post_to_subs":false,"_jetpack_newsletter_tier_id":0,"_jetpack_memberships_contains_paywalled_content":false,"_jetpack_memberships_contains_paid_content":false,"footnotes":""},"categories":[80,1341,2,25],"tags":[133,93,135],"class_list":["post-5031","post","type-post","status-publish","format-standard","has-post-thumbnail","hentry","category-cintillo","category-movilizaciones-contra-la-reforma-educativa-y-evaluacion-magisterial-en-oaxaca","category-noticias-nacionales","category-oaxaca","tag-maestros","tag-oaxaca","tag-reforma-educativa","entry"],"jetpack_featured_media_url":"https:\/\/www.grieta.org.mx\/wp-content\/uploads\/2018\/03\/14524434_1106112876131411_958039263622046936_o.jpg","jetpack_sharing_enabled":true,"jetpack_shortlink":"https:\/\/wp.me\/p7ZJR4-1j9","jetpack_likes_enabled":false,"jetpack-related-posts":[{"id":20512,"url":"https:\/\/www.grieta.org.mx\/index.php\/2016\/08\/29\/acordonan-normalistas-oficinas-del-ieepo-oaxaca\/","url_meta":{"origin":5031,"position":0},"title":"Acordonan normalistas oficinas del IEEPO  (Oaxaca)","author":"grieta","date":"29 agosto, 2016","format":false,"excerpt":"Quadrat\u00edn. Luis Jer\u00f3nimo, Oaxaca.- Normalistas que apoyan las protestas magisteriales realizaron el acordonamiento de las oficinas centrales del Instituto Estatal de Educaci\u00f3n P\u00fablica de Oaxaca. Unos cien normalistas bloquearon los accesos principales al IEEPO, as\u00ed como la puerta de Banjercito y del estacinamiento. Los normalistas colocaron mantas en las que\u2026","rel":"","context":"En &quot;CINTILLO&quot;","block_context":{"text":"CINTILLO","link":"https:\/\/www.grieta.org.mx\/index.php\/category\/cintillo\/"},"img":{"alt_text":"","src":"https:\/\/i0.wp.com\/www.grieta.org.mx\/wp-content\/uploads\/2018\/03\/14524434_1106112876131411_958039263622046936_o.jpg?resize=350%2C200&ssl=1","width":350,"height":200,"srcset":"https:\/\/i0.wp.com\/www.grieta.org.mx\/wp-content\/uploads\/2018\/03\/14524434_1106112876131411_958039263622046936_o.jpg?resize=350%2C200&ssl=1 1x, https:\/\/i0.wp.com\/www.grieta.org.mx\/wp-content\/uploads\/2018\/03\/14524434_1106112876131411_958039263622046936_o.jpg?resize=525%2C300&ssl=1 1.5x, https:\/\/i0.wp.com\/www.grieta.org.mx\/wp-content\/uploads\/2018\/03\/14524434_1106112876131411_958039263622046936_o.jpg?resize=700%2C400&ssl=1 2x"},"classes":[]},{"id":16180,"url":"https:\/\/www.grieta.org.mx\/index.php\/2016\/07\/05\/fallece-profesor-por-golpes-recibidos-durante-desalojo-del-ieepo-el-11-de-junio\/","url_meta":{"origin":5031,"position":1},"title":"Fallece profesor por golpes recibidos durante desalojo del IEEPO el 11 de junio","author":"grieta","date":"5 julio, 2016","format":false,"excerpt":"Voces Oaxaca. Franco Garc\u00eda M., Oaxaca.-A consecuencia de los golpes recibidos por elementos de la Polic\u00eda Federal y Estatal durante el desalojo del Instituto Estatal de Educaci\u00f3n P\u00fablica de Oaxaca (IEEPO) el 11 de junio pasado, el profesor Jos\u00e9 Caballero Juli\u00e1n falleci\u00f3, convirti\u00e9ndolo as\u00ed en una v\u00edctima m\u00e1s de la\u2026","rel":"","context":"En &quot;CINTILLO&quot;","block_context":{"text":"CINTILLO","link":"https:\/\/www.grieta.org.mx\/index.php\/category\/cintillo\/"},"img":{"alt_text":"","src":"https:\/\/i0.wp.com\/www.grieta.org.mx\/wp-content\/uploads\/2018\/03\/14524434_1106112876131411_958039263622046936_o.jpg?resize=350%2C200&ssl=1","width":350,"height":200,"srcset":"https:\/\/i0.wp.com\/www.grieta.org.mx\/wp-content\/uploads\/2018\/03\/14524434_1106112876131411_958039263622046936_o.jpg?resize=350%2C200&ssl=1 1x, https:\/\/i0.wp.com\/www.grieta.org.mx\/wp-content\/uploads\/2018\/03\/14524434_1106112876131411_958039263622046936_o.jpg?resize=525%2C300&ssl=1 1.5x, https:\/\/i0.wp.com\/www.grieta.org.mx\/wp-content\/uploads\/2018\/03\/14524434_1106112876131411_958039263622046936_o.jpg?resize=700%2C400&ssl=1 2x"},"classes":[]},{"id":5110,"url":"https:\/\/www.grieta.org.mx\/index.php\/2015\/08\/10\/maestros-de-la-seccion-22-toman-de-forma-indefinida-coordinacion-de-ieepo-en-juchitan\/","url_meta":{"origin":5031,"position":2},"title":"Maestros de la secci\u00f3n 22 \u201ctoman\u201d de forma indefinida coordinaci\u00f3n de IEEPO en Juchit\u00e1n","author":"grieta","date":"10 agosto, 2015","format":false,"excerpt":"P\u00e1gina 3. Diana Manzo, Jucht\u00e1n, Oaxaca.- Maestros de la secci\u00f3n 22 de la regi\u00f3n Istmo despu\u00e9s de reunirse con trabajadores de la coordinaci\u00f3n regional del IEEPO en Juchit\u00e1n acordaron una \u201ctoma\u201d de forma indefinida para el resguardo de las instalaciones y exigir al gobierno de Oaxaca la instalaci\u00f3n de una\u2026","rel":"","context":"En &quot;CINTILLO&quot;","block_context":{"text":"CINTILLO","link":"https:\/\/www.grieta.org.mx\/index.php\/category\/cintillo\/"},"img":{"alt_text":"","src":"https:\/\/i0.wp.com\/www.grieta.org.mx\/wp-content\/uploads\/2018\/03\/14524434_1106112876131411_958039263622046936_o.jpg?resize=350%2C200&ssl=1","width":350,"height":200,"srcset":"https:\/\/i0.wp.com\/www.grieta.org.mx\/wp-content\/uploads\/2018\/03\/14524434_1106112876131411_958039263622046936_o.jpg?resize=350%2C200&ssl=1 1x, https:\/\/i0.wp.com\/www.grieta.org.mx\/wp-content\/uploads\/2018\/03\/14524434_1106112876131411_958039263622046936_o.jpg?resize=525%2C300&ssl=1 1.5x, https:\/\/i0.wp.com\/www.grieta.org.mx\/wp-content\/uploads\/2018\/03\/14524434_1106112876131411_958039263622046936_o.jpg?resize=700%2C400&ssl=1 2x"},"classes":[]},{"id":21073,"url":"https:\/\/www.grieta.org.mx\/index.php\/2016\/09\/05\/bloquean-docentes-accesos-a-las-oficinas-centrales-del-ieepo-oaxaca\/","url_meta":{"origin":5031,"position":3},"title":"Bloquean docentes accesos a las oficinas centrales del IEEPO (Oaxaca)","author":"grieta","date":"5 septiembre, 2016","format":false,"excerpt":"Quadrat\u00edn. Ernesto Rojas, Oaxaca.- Un grupo de maestros disidentes de la Secci\u00f3n 22 del SNTE bloquearon este lunes los accesos a las oficinas centrales del Instituto Estatal de Educaci\u00f3n P\u00fablica de Oaxaca (IEEPO). Seg\u00fan la convocatoria de la dirigencia magisterial, correspondi\u00f3 a profesores de los sectores Ca\u00f1ada, Tuxtepec, Istmo, Sierra\u2026","rel":"","context":"En &quot;CINTILLO&quot;","block_context":{"text":"CINTILLO","link":"https:\/\/www.grieta.org.mx\/index.php\/category\/cintillo\/"},"img":{"alt_text":"","src":"https:\/\/i0.wp.com\/www.grieta.org.mx\/wp-content\/uploads\/2018\/03\/14524434_1106112876131411_958039263622046936_o.jpg?resize=350%2C200&ssl=1","width":350,"height":200,"srcset":"https:\/\/i0.wp.com\/www.grieta.org.mx\/wp-content\/uploads\/2018\/03\/14524434_1106112876131411_958039263622046936_o.jpg?resize=350%2C200&ssl=1 1x, https:\/\/i0.wp.com\/www.grieta.org.mx\/wp-content\/uploads\/2018\/03\/14524434_1106112876131411_958039263622046936_o.jpg?resize=525%2C300&ssl=1 1.5x, https:\/\/i0.wp.com\/www.grieta.org.mx\/wp-content\/uploads\/2018\/03\/14524434_1106112876131411_958039263622046936_o.jpg?resize=700%2C400&ssl=1 2x"},"classes":[]},{"id":9383,"url":"https:\/\/www.grieta.org.mx\/index.php\/2016\/03\/17\/protestan-maestros-de-educacion-indigena-frente-al-ieepo\/","url_meta":{"origin":5031,"position":4},"title":"Protestan maestros de educaci\u00f3n ind\u00edgena frente al IEEPO","author":"grieta","date":"17 marzo, 2016","format":false,"excerpt":"Luis Jer\u00f3nimo, Oaxaca. OAXACA, Oax., 17 de marzo de 2016.- Maestros de educaci\u00f3n ind\u00edgena de Oaxaca de la Secci\u00f3n 22 del Sindicato Nacional de Trabajadores de la Educaci\u00f3n (SNTE) iniciaron este jueves un mitin frente a las oficinas del Instituto Estatal de Educaci\u00f3n P\u00fablica de Oaxaca (IEEPO) para protestar por\u2026","rel":"","context":"En &quot;CINTILLO&quot;","block_context":{"text":"CINTILLO","link":"https:\/\/www.grieta.org.mx\/index.php\/category\/cintillo\/"},"img":{"alt_text":"","src":"https:\/\/i0.wp.com\/www.grieta.org.mx\/wp-content\/uploads\/2018\/03\/14524434_1106112876131411_958039263622046936_o.jpg?resize=350%2C200&ssl=1","width":350,"height":200,"srcset":"https:\/\/i0.wp.com\/www.grieta.org.mx\/wp-content\/uploads\/2018\/03\/14524434_1106112876131411_958039263622046936_o.jpg?resize=350%2C200&ssl=1 1x, https:\/\/i0.wp.com\/www.grieta.org.mx\/wp-content\/uploads\/2018\/03\/14524434_1106112876131411_958039263622046936_o.jpg?resize=525%2C300&ssl=1 1.5x, https:\/\/i0.wp.com\/www.grieta.org.mx\/wp-content\/uploads\/2018\/03\/14524434_1106112876131411_958039263622046936_o.jpg?resize=700%2C400&ssl=1 2x"},"classes":[]},{"id":21079,"url":"https:\/\/www.grieta.org.mx\/index.php\/2016\/08\/31\/bloquean-normalistas-transito-en-3-puntos-cercanos-al-ieepo-oaxaca\/","url_meta":{"origin":5031,"position":5},"title":"Bloquean normalistas tr\u00e1nsito en 3 puntos cercanos al IEEPO  (Oaxaca)","author":"grieta","date":"31 agosto, 2016","format":false,"excerpt":"Quadrat\u00edn. Ernesto Rojas, Oaxaca.- Normalistas que apoyan las protestas magisteriales contra la reforma educativa realizaron este mi\u00e9rcoles tres bloqueos totales de veh\u00edculos en las cercan\u00edas al Instituto Estatal de Educaci\u00f3n P\u00fablica de Oaxaca (IEEPO). Los normalistas mantuvieron en la ma\u00f1ana el acordonamiento a los accesos del IEEPO, y alrededor del\u2026","rel":"","context":"En &quot;CINTILLO&quot;","block_context":{"text":"CINTILLO","link":"https:\/\/www.grieta.org.mx\/index.php\/category\/cintillo\/"},"img":{"alt_text":"","src":"https:\/\/i0.wp.com\/www.grieta.org.mx\/wp-content\/uploads\/2018\/03\/14524434_1106112876131411_958039263622046936_o.jpg?resize=350%2C200&ssl=1","width":350,"height":200,"srcset":"https:\/\/i0.wp.com\/www.grieta.org.mx\/wp-content\/uploads\/2018\/03\/14524434_1106112876131411_958039263622046936_o.jpg?resize=350%2C200&ssl=1 1x, https:\/\/i0.wp.com\/www.grieta.org.mx\/wp-content\/uploads\/2018\/03\/14524434_1106112876131411_958039263622046936_o.jpg?resize=525%2C300&ssl=1 1.5x, https:\/\/i0.wp.com\/www.grieta.org.mx\/wp-content\/uploads\/2018\/03\/14524434_1106112876131411_958039263622046936_o.jpg?resize=700%2C400&ssl=1 2x"},"classes":[]}],"_links":{"self":[{"href":"https:\/\/www.grieta.org.mx\/index.php\/wp-json\/wp\/v2\/posts\/5031","targetHints":{"allow":["GET"]}}],"collection":[{"href":"https:\/\/www.grieta.org.mx\/index.php\/wp-json\/wp\/v2\/posts"}],"about":[{"href":"https:\/\/www.grieta.org.mx\/index.php\/wp-json\/wp\/v2\/types\/post"}],"author":[{"embeddable":true,"href":"https:\/\/www.grieta.org.mx\/index.php\/wp-json\/wp\/v2\/users\/2"}],"replies":[{"embeddable":true,"href":"https:\/\/www.grieta.org.mx\/index.php\/wp-json\/wp\/v2\/comments?post=5031"}],"version-history":[{"count":1,"href":"https:\/\/www.grieta.org.mx\/index.php\/wp-json\/wp\/v2\/posts\/5031\/revisions"}],"predecessor-version":[{"id":23709,"href":"https:\/\/www.grieta.org.mx\/index.php\/wp-json\/wp\/v2\/posts\/5031\/revisions\/23709"}],"wp:featuredmedia":[{"embeddable":true,"href":"https:\/\/www.grieta.org.mx\/index.php\/wp-json\/wp\/v2\/media\/21928"}],"wp:attachment":[{"href":"https:\/\/www.grieta.org.mx\/index.php\/wp-json\/wp\/v2\/media?parent=5031"}],"wp:term":[{"taxonomy":"category","embeddable":true,"href":"https:\/\/www.grieta.org.mx\/index.php\/wp-json\/wp\/v2\/categories?post=5031"},{"taxonomy":"post_tag","embeddable":true,"href":"https:\/\/www.grieta.org.mx\/index.php\/wp-json\/wp\/v2\/tags?post=5031"}],"curies":[{"name":"wp","href":"https:\/\/api.w.org\/{rel}","templated":true}]}}