{"id":50232,"date":"2020-06-02T20:00:48","date_gmt":"2020-06-03T01:00:48","guid":{"rendered":"http:\/\/www.grieta.org.mx\/?p=50232"},"modified":"2020-06-04T20:10:32","modified_gmt":"2020-06-05T01:10:32","slug":"medicos-cierran-carretera-en-tamaulipas-para-exigir-basificacion","status":"publish","type":"post","link":"https:\/\/www.grieta.org.mx\/index.php\/2020\/06\/02\/medicos-cierran-carretera-en-tamaulipas-para-exigir-basificacion\/","title":{"rendered":"M\u00e9dicos cierran carretera en Tamaulipas para exigir basificaci\u00f3n"},"content":{"rendered":"<p>Perla Res\u00e9ndiz\/El Financiero<br \/>\n2 junio 2020<\/p>\n<blockquote><p>Denunciaron que desde hace casi una d\u00e9cada est\u00e1n laborando como eventuales, con un sueldo de 6 mil y 8 mil pesos mensuales.<\/p><\/blockquote>\n<p><img loading=\"lazy\" decoding=\"async\" data-attachment-id=\"50233\" data-permalink=\"https:\/\/www.grieta.org.mx\/index.php\/2020\/06\/02\/medicos-cierran-carretera-en-tamaulipas-para-exigir-basificacion\/protesta-medicos\/\" data-orig-file=\"https:\/\/www.grieta.org.mx\/wp-content\/uploads\/2020\/06\/protesta-medicos.png\" data-orig-size=\"757,449\" data-comments-opened=\"0\" data-image-meta=\"{&quot;aperture&quot;:&quot;0&quot;,&quot;credit&quot;:&quot;&quot;,&quot;camera&quot;:&quot;&quot;,&quot;caption&quot;:&quot;&quot;,&quot;created_timestamp&quot;:&quot;0&quot;,&quot;copyright&quot;:&quot;&quot;,&quot;focal_length&quot;:&quot;0&quot;,&quot;iso&quot;:&quot;0&quot;,&quot;shutter_speed&quot;:&quot;0&quot;,&quot;title&quot;:&quot;&quot;,&quot;orientation&quot;:&quot;0&quot;}\" data-image-title=\"protesta medicos\" data-image-description=\"\" data-image-caption=\"\" data-medium-file=\"https:\/\/www.grieta.org.mx\/wp-content\/uploads\/2020\/06\/protesta-medicos-300x178.png\" data-large-file=\"https:\/\/www.grieta.org.mx\/wp-content\/uploads\/2020\/06\/protesta-medicos.png\" src=\"http:\/\/www.grieta.org.mx\/wp-content\/uploads\/2020\/06\/protesta-medicos.png\" alt=\"\" width=\"757\" height=\"449\" class=\"aligncenter size-full wp-image-50233\" srcset=\"https:\/\/www.grieta.org.mx\/wp-content\/uploads\/2020\/06\/protesta-medicos.png 757w, https:\/\/www.grieta.org.mx\/wp-content\/uploads\/2020\/06\/protesta-medicos-300x178.png 300w\" sizes=\"auto, (max-width: 757px) 100vw, 757px\" \/><\/p>\n<p>Altamira, Tamps.- M\u00e9dicos, enfermeras y personal administrativo del Hospital General &#8220;Rodolfo Torre Cant\u00fa&#8221;, en esta ciudad al sur del estado, bloquearon la carretera Tampico-Mante en ambos sentidos para exigir la basificaci\u00f3n de sus plazas.<\/p>\n<p>A la altura del llamado \u201cPuente Roto\u201d, los llamados \u201cH\u00e9roes de la Salud\u201d, denunciaron que desde hace casi una d\u00e9cada est\u00e1n laborando como eventuales, con un sueldo de 6 mil y 8 mil pesos mensuales.<\/p>\n<p>\u201cCuando los nuevos contratados del Insabi, est\u00e1n ganando 30 mil las enfermeras y 40 mil los doctores, cuando un doctor gana actualmente 8 mil pesos mensuales\u201d, coment\u00f3 Daniel Olvera Barrag\u00e1n.<\/p>\n<p>Se\u00f1alaron que el Director del nosocomio, Jos\u00e9 Manuel Sierra, les prometi\u00f3 otorgarles un bono hace dos meses, promesa que, dicen, se mantiene sin cumplir, se\u00f1alando que tampoco los ha recibido.<\/p>\n<p>\u201cLas bases no nos las otorgan y s\u00ed las hay, las est\u00e1n vendiendo en 150 mil pesos, bases s\u00ed hay desde Reynosa, Matamoros, en el Canseco; nosotros tenemos 10 a\u00f1os y no nos han podido dar nada, ya estamos hartos\u201d.<\/p>\n<p>Los manifestantes se\u00f1alaron tener miedo ante la condici\u00f3n actual a causa de la pandemia, luego que al ser el hospital COVID, reciben a pacientes graves y muy graves con la enfermedad, teniendo tres compa\u00f1eros con diagn\u00f3stico positivo, contagiados al estar prestando sus servicios.<\/p>\n<p>\u201cTenemos compa\u00f1eros contagiados de COVID, son tres y no les pagan, no tienen licencia m\u00e9dica, no hay nada, est\u00e1n en su casa y se mantienen por sus propios medios\u201d, coment\u00f3.<\/p>\n<p>Denunciaron que en el hospital no cuentan con el equipo al ciento por ciento, por lo que pidieron a la Secretar\u00eda de Salud estatal y federal atiendan las carencias de equipo y laborales, en las que trabajan actualmente.<\/p>\n<p>\u201cTodos tenemos un riesgo grande al atender a pacientes COVID; no tenemos salarios dignos, prestaciones, servicio m\u00e9dico, no tenemos absolutamente nada; yo arriesgo mi vida y de mi familia por 8 mil pesos al mes y el personal de enfermer\u00eda por 6 mil pesos\u201d, coment\u00f3 Jos\u00e9 Alfredo L\u00f3pez Meraz, m\u00e9dico del Hospital General de Altamira.<\/p>\n<p>Coment\u00f3 que desde el d\u00eda de ayer realizaron una manifestaci\u00f3n para exigir a las autoridades del hospital y de la Secretar\u00eda de Salud en Tamaulipas y Federal atendieran sus demandas, sin respuesta alguna, por lo que este d\u00eda decidieron bloquear el paso en la carretera.<\/p>\n<p>\u201cLo que pedimos son bases, no pedimos homologaci\u00f3n, bono, son bases, hay algunos con ocho a\u00f1os, otros con diez como eventuales; llegando la base, el salario ser\u00e1 digno, pues los que contrataron por medio del Insabi, ganan 40 mil pesos mensuales y enfermeras con 28 a 30 mil mensuales\u201d.<\/p>\n<p>Se\u00f1alaron que es injusto que la Federaci\u00f3n realizara nuevas contrataciones, cuando hay personal que tiene casi una d\u00e9cada trabajando como eventuales, sin prestaciones y salarios bajos.<\/p>\n<p><a href=\"https:\/\/www.elfinanciero.com.mx\/estados\/medicos-cierran-carretera-en-tamaulpas-para-exigir-basificacion\" rel=\"noopener noreferrer\" target=\"_blank\">https:\/\/www.elfinanciero.com.mx\/estados\/medicos-cierran-carretera-en-tamaulpas-para-exigir-basificacion<\/a><\/p>\n","protected":false},"excerpt":{"rendered":"<p>Perla Res\u00e9ndiz\/El Financiero 2 junio 2020 Denunciaron que desde hace casi una d\u00e9cada est\u00e1n laborando como eventuales, con un sueldo de 6 mil y 8 mil pesos mensuales. Altamira, Tamps.- &hellip; <a href=\"https:\/\/www.grieta.org.mx\/index.php\/2020\/06\/02\/medicos-cierran-carretera-en-tamaulipas-para-exigir-basificacion\/\" class=\"more-link\">Leer m\u00e1s<\/a><\/p>\n","protected":false},"author":2,"featured_media":50233,"comment_status":"closed","ping_status":"closed","sticky":false,"template":"","format":"standard","meta":{"ngg_post_thumbnail":0,"_jetpack_newsletter_access":"","_jetpack_dont_email_post_to_subs":false,"_jetpack_newsletter_tier_id":0,"_jetpack_memberships_contains_paywalled_content":false,"_jetpack_memberships_contains_paid_content":false,"footnotes":""},"categories":[80,3269,918,2368,2,33,83],"tags":[3241,3133,3247,3443,3195],"class_list":["post-50232","post","type-post","status-publish","format-standard","has-post-thumbnail","hentry","category-cintillo","category-covid-19-en-tamaulipas","category-privatizacion-del-sector-salud","category-crisis-del-sector-salud-en-tamaulipas","category-noticias-nacionales","category-tamaulipas","category-temas-nacionales","tag-covid-19","tag-crisis-del-sector-salud","tag-falta-de-insumos-medicos","tag-lucha-por-basificacion","tag-protestas-de-medicos","entry"],"jetpack_featured_media_url":"https:\/\/www.grieta.org.mx\/wp-content\/uploads\/2020\/06\/protesta-medicos.png","jetpack_sharing_enabled":true,"jetpack_shortlink":"https:\/\/wp.me\/p7ZJR4-d4c","jetpack_likes_enabled":false,"jetpack-related-posts":[{"id":31592,"url":"https:\/\/www.grieta.org.mx\/index.php\/2019\/04\/01\/piden-basificacion-trabajadores-de-salud-de-la-zona-sur-de-tamaulipas\/","url_meta":{"origin":50232,"position":0},"title":"Piden basificaci\u00f3n trabajadores de Salud de la zona sur de Tamaulipas","author":"grieta","date":"1 abril, 2019","format":false,"excerpt":"Noticias Reynosa Realizaron protesta pac\u00edfica en Tampico Tampico, Tamaulipas Un grupo de profesionales de la medicina en la zona sur de Tamaulipas aprovecharon la presencia del presidente de la rep\u00fablica Andr\u00e9s Manuel L\u00f3pez Obrador para hacer una protesta pac\u00edfica en donde solicitan la masificaci\u00f3n para 2 mil 400 trabajadores que\u2026","rel":"","context":"En &quot;CINTILLO&quot;","block_context":{"text":"CINTILLO","link":"https:\/\/www.grieta.org.mx\/index.php\/category\/cintillo\/"},"img":{"alt_text":"","src":"https:\/\/i0.wp.com\/www.grieta.org.mx\/wp-content\/uploads\/2019\/04\/Piden-basificaci%C3%B3n-trabajadores-de-Salud-de-la-zona-sur-de-Tamaulipas-abr.jpg?resize=350%2C200&ssl=1","width":350,"height":200,"srcset":"https:\/\/i0.wp.com\/www.grieta.org.mx\/wp-content\/uploads\/2019\/04\/Piden-basificaci%C3%B3n-trabajadores-de-Salud-de-la-zona-sur-de-Tamaulipas-abr.jpg?resize=350%2C200&ssl=1 1x, https:\/\/i0.wp.com\/www.grieta.org.mx\/wp-content\/uploads\/2019\/04\/Piden-basificaci%C3%B3n-trabajadores-de-Salud-de-la-zona-sur-de-Tamaulipas-abr.jpg?resize=525%2C300&ssl=1 1.5x, https:\/\/i0.wp.com\/www.grieta.org.mx\/wp-content\/uploads\/2019\/04\/Piden-basificaci%C3%B3n-trabajadores-de-Salud-de-la-zona-sur-de-Tamaulipas-abr.jpg?resize=700%2C400&ssl=1 2x"},"classes":[]},{"id":50235,"url":"https:\/\/www.grieta.org.mx\/index.php\/2020\/06\/02\/protesta-personal-medico-del-hospital-general-de-matamoros-exigen-su-base-tamaulipas\/","url_meta":{"origin":50232,"position":1},"title":"Protesta personal m\u00e9dico del Hospital General de Matamoros; exigen su base (Tamaulipas)","author":"grieta","date":"2 junio, 2020","format":false,"excerpt":"Marco Rodr\u00edguez\/Hoy T.am 2 junio 2020 Un grupo de doctores y enfermeros del Hospital General de Matamoros llevaron a cabo esta tarde una protesta pac\u00edfica, para exigir al gobierno federal que les entregue su base para que puedan estar asegurados. Matamoros, Tamaulipas. - Un grupo de doctores y enfermeros del\u2026","rel":"","context":"En &quot;CINTILLO&quot;","block_context":{"text":"CINTILLO","link":"https:\/\/www.grieta.org.mx\/index.php\/category\/cintillo\/"},"img":{"alt_text":"","src":"https:\/\/i0.wp.com\/www.grieta.org.mx\/wp-content\/uploads\/2020\/06\/Protesta-personal-medico-del-Hospital-General-de-Matamoros-exigen-su-base.jpg?resize=350%2C200&ssl=1","width":350,"height":200,"srcset":"https:\/\/i0.wp.com\/www.grieta.org.mx\/wp-content\/uploads\/2020\/06\/Protesta-personal-medico-del-Hospital-General-de-Matamoros-exigen-su-base.jpg?resize=350%2C200&ssl=1 1x, https:\/\/i0.wp.com\/www.grieta.org.mx\/wp-content\/uploads\/2020\/06\/Protesta-personal-medico-del-Hospital-General-de-Matamoros-exigen-su-base.jpg?resize=525%2C300&ssl=1 1.5x, https:\/\/i0.wp.com\/www.grieta.org.mx\/wp-content\/uploads\/2020\/06\/Protesta-personal-medico-del-Hospital-General-de-Matamoros-exigen-su-base.jpg?resize=700%2C400&ssl=1 2x"},"classes":[]},{"id":47245,"url":"https:\/\/www.grieta.org.mx\/index.php\/2020\/04\/03\/protestan-medicos-de-tamaulipas-por-falta-de-insumos-ante-covid-19\/","url_meta":{"origin":50232,"position":2},"title":"Protestan m\u00e9dicos de Tamaulipas por falta de insumos ante Covid-19","author":"grieta","date":"3 abril, 2020","format":false,"excerpt":"El Arsenal\/Redacci\u00f3n 03 abril 2020 Tamaulipas.- M\u00e9dicos y enfermeros, as\u00ed como empleados del Hospital General de Zona \u201cSolidaridad\u201d se manifestaron para denunciar la falta de insumos para protegerse ante la pandemia de Covid-19, y amenazan con irse a paro de labores; eso, luego de que se confirmara que el segundo\u2026","rel":"","context":"En &quot;CINTILLO&quot;","block_context":{"text":"CINTILLO","link":"https:\/\/www.grieta.org.mx\/index.php\/category\/cintillo\/"},"img":{"alt_text":"","src":"https:\/\/i0.wp.com\/www.grieta.org.mx\/wp-content\/uploads\/2020\/04\/laredo-1.png?resize=350%2C200&ssl=1","width":350,"height":200,"srcset":"https:\/\/i0.wp.com\/www.grieta.org.mx\/wp-content\/uploads\/2020\/04\/laredo-1.png?resize=350%2C200&ssl=1 1x, https:\/\/i0.wp.com\/www.grieta.org.mx\/wp-content\/uploads\/2020\/04\/laredo-1.png?resize=525%2C300&ssl=1 1.5x, https:\/\/i0.wp.com\/www.grieta.org.mx\/wp-content\/uploads\/2020\/04\/laredo-1.png?resize=700%2C400&ssl=1 2x"},"classes":[]},{"id":47205,"url":"https:\/\/www.grieta.org.mx\/index.php\/2020\/03\/26\/denuncian-falta-de-insumos-en-issste-de-reynosa-en-plena-pandemia-tamaulipas\/","url_meta":{"origin":50232,"position":3},"title":"Denuncian falta de insumos en Issste de Reynosa en plena pandemia (Tamaulipas)","author":"grieta","date":"26 marzo, 2020","format":false,"excerpt":"Agencia Reforma, Miguel Dominguez y Mariela Trinidad\/Debate 26 marzo 2020 La dependecia no cuenta con los insumos b\u00e1sicos para atender y evitar el coronavirus Tamaulipas.-A punto de entrar a un contagio mayor por el Covid-19, el personal del ISSSTE en Tamaulipas con apoyo sindical trabaja bajo protesta y exhibe mantas\u2026","rel":"","context":"En &quot;CINTILLO&quot;","block_context":{"text":"CINTILLO","link":"https:\/\/www.grieta.org.mx\/index.php\/category\/cintillo\/"},"img":{"alt_text":"","src":"https:\/\/i0.wp.com\/www.grieta.org.mx\/wp-content\/uploads\/2020\/04\/issste.png?resize=350%2C200&ssl=1","width":350,"height":200,"srcset":"https:\/\/i0.wp.com\/www.grieta.org.mx\/wp-content\/uploads\/2020\/04\/issste.png?resize=350%2C200&ssl=1 1x, https:\/\/i0.wp.com\/www.grieta.org.mx\/wp-content\/uploads\/2020\/04\/issste.png?resize=525%2C300&ssl=1 1.5x, https:\/\/i0.wp.com\/www.grieta.org.mx\/wp-content\/uploads\/2020\/04\/issste.png?resize=700%2C400&ssl=1 2x"},"classes":[]},{"id":28417,"url":"https:\/\/www.grieta.org.mx\/index.php\/2019\/01\/18\/denuncian-tortuguismo-de-conciliacion-en-tamaulipas-en-demandas-contra-salud\/","url_meta":{"origin":50232,"position":4},"title":"Denuncian tortuguismo de Conciliaci\u00f3n en Tamaulipas en demandas contra Salud","author":"grieta","date":"18 enero, 2019","format":false,"excerpt":"Carlos Ju\u00e1rez \/ hoytamaulipas El representante de los trabajadores eventuales de Salud en Tamaulipas, Daniel Alejandro Olvera, se\u00f1al\u00f3 que tambi\u00e9n acudieron al Tribunal de la Federaci\u00f3n, pero tampoco ah\u00ed les dan respuesta Altamira, Tamaulipas.- Trabajadores eventuales denunciaron el \"tortuguismo\" con el que trabajan las oficinas de Conciliaci\u00f3n de Tamaulipas, al\u2026","rel":"","context":"En &quot;CINTILLO&quot;","block_context":{"text":"CINTILLO","link":"https:\/\/www.grieta.org.mx\/index.php\/category\/cintillo\/"},"img":{"alt_text":"","src":"https:\/\/i0.wp.com\/www.grieta.org.mx\/wp-content\/uploads\/2019\/01\/Denuncian-tortuguismo-de-Conciliacion-en-Tamaulipas-en-demandas-contra-Salud.jpg?resize=350%2C200&ssl=1","width":350,"height":200,"srcset":"https:\/\/i0.wp.com\/www.grieta.org.mx\/wp-content\/uploads\/2019\/01\/Denuncian-tortuguismo-de-Conciliacion-en-Tamaulipas-en-demandas-contra-Salud.jpg?resize=350%2C200&ssl=1 1x, https:\/\/i0.wp.com\/www.grieta.org.mx\/wp-content\/uploads\/2019\/01\/Denuncian-tortuguismo-de-Conciliacion-en-Tamaulipas-en-demandas-contra-Salud.jpg?resize=525%2C300&ssl=1 1.5x, https:\/\/i0.wp.com\/www.grieta.org.mx\/wp-content\/uploads\/2019\/01\/Denuncian-tortuguismo-de-Conciliacion-en-Tamaulipas-en-demandas-contra-Salud.jpg?resize=700%2C400&ssl=1 2x"},"classes":[]},{"id":51769,"url":"https:\/\/www.grieta.org.mx\/index.php\/2020\/07\/07\/trabajaran-bajo-protesta-en-el-hospital-general-de-reynosa-tamaulipas\/","url_meta":{"origin":50232,"position":5},"title":"Trabajar\u00e1n bajo protesta en el Hospital General de Reynosa (Tamaulipas)","author":"grieta","date":"7 julio, 2020","format":false,"excerpt":"Rosal\u00eda Quint\u00e1 Uresti\/Hoy T.am 7 julio 2020 Foto: Rosal\u00eda Quint\u00e1 Uresti Reynosa, Tamaulipas. - Trabajadores del Hospital General (HG) de Reynosa volvieron a manifestarse con el prop\u00f3sito de exponer las carencias con las que est\u00e1n enfrentando la pandemia por Covid-19. Se\u00f1alaron que se mantendr\u00e1n dentro de sus labores, pero trabajar\u00e1n\u2026","rel":"","context":"En &quot;CINTILLO&quot;","block_context":{"text":"CINTILLO","link":"https:\/\/www.grieta.org.mx\/index.php\/category\/cintillo\/"},"img":{"alt_text":"","src":"https:\/\/i0.wp.com\/www.grieta.org.mx\/wp-content\/uploads\/2020\/07\/Tamaulipas-Trabajarn-bajo-protesta-en-el-Hospital-General-de-Reynosa.jpg?resize=350%2C200&ssl=1","width":350,"height":200,"srcset":"https:\/\/i0.wp.com\/www.grieta.org.mx\/wp-content\/uploads\/2020\/07\/Tamaulipas-Trabajarn-bajo-protesta-en-el-Hospital-General-de-Reynosa.jpg?resize=350%2C200&ssl=1 1x, https:\/\/i0.wp.com\/www.grieta.org.mx\/wp-content\/uploads\/2020\/07\/Tamaulipas-Trabajarn-bajo-protesta-en-el-Hospital-General-de-Reynosa.jpg?resize=525%2C300&ssl=1 1.5x, https:\/\/i0.wp.com\/www.grieta.org.mx\/wp-content\/uploads\/2020\/07\/Tamaulipas-Trabajarn-bajo-protesta-en-el-Hospital-General-de-Reynosa.jpg?resize=700%2C400&ssl=1 2x"},"classes":[]}],"_links":{"self":[{"href":"https:\/\/www.grieta.org.mx\/index.php\/wp-json\/wp\/v2\/posts\/50232","targetHints":{"allow":["GET"]}}],"collection":[{"href":"https:\/\/www.grieta.org.mx\/index.php\/wp-json\/wp\/v2\/posts"}],"about":[{"href":"https:\/\/www.grieta.org.mx\/index.php\/wp-json\/wp\/v2\/types\/post"}],"author":[{"embeddable":true,"href":"https:\/\/www.grieta.org.mx\/index.php\/wp-json\/wp\/v2\/users\/2"}],"replies":[{"embeddable":true,"href":"https:\/\/www.grieta.org.mx\/index.php\/wp-json\/wp\/v2\/comments?post=50232"}],"version-history":[{"count":1,"href":"https:\/\/www.grieta.org.mx\/index.php\/wp-json\/wp\/v2\/posts\/50232\/revisions"}],"predecessor-version":[{"id":50234,"href":"https:\/\/www.grieta.org.mx\/index.php\/wp-json\/wp\/v2\/posts\/50232\/revisions\/50234"}],"wp:featuredmedia":[{"embeddable":true,"href":"https:\/\/www.grieta.org.mx\/index.php\/wp-json\/wp\/v2\/media\/50233"}],"wp:attachment":[{"href":"https:\/\/www.grieta.org.mx\/index.php\/wp-json\/wp\/v2\/media?parent=50232"}],"wp:term":[{"taxonomy":"category","embeddable":true,"href":"https:\/\/www.grieta.org.mx\/index.php\/wp-json\/wp\/v2\/categories?post=50232"},{"taxonomy":"post_tag","embeddable":true,"href":"https:\/\/www.grieta.org.mx\/index.php\/wp-json\/wp\/v2\/tags?post=50232"}],"curies":[{"name":"wp","href":"https:\/\/api.w.org\/{rel}","templated":true}]}}