{"id":50211,"date":"2020-06-03T20:12:16","date_gmt":"2020-06-04T01:12:16","guid":{"rendered":"http:\/\/www.grieta.org.mx\/?p=50211"},"modified":"2020-06-03T23:12:38","modified_gmt":"2020-06-04T04:12:38","slug":"tunden-policias-a-enfermero-por-miedo-a-covid-19-en-santiago-astata-oaxaca","status":"publish","type":"post","link":"https:\/\/www.grieta.org.mx\/index.php\/2020\/06\/03\/tunden-policias-a-enfermero-por-miedo-a-covid-19-en-santiago-astata-oaxaca\/","title":{"rendered":"Tunden polic\u00edas a enfermero por miedo a COVID-19, en Santiago Astata (Oaxaca)"},"content":{"rendered":"<p>Noticias \/ Por El Sol de M\u00e9xico.<\/p>\n<p><img loading=\"lazy\" decoding=\"async\" src=\"http:\/\/www.nvinoticias.com\/sites\/default\/files\/styles\/node\/public\/notas\/2020\/06\/03\/enfermero_atacado_en_oaxaca_0.png?itok=ZHRLHDGi\" width=\"1144\" height=\"645\" class=\"alignnone size-full\" \/><\/p>\n<p>Anoche result\u00f3 salvajemente golpeado el enfermero Pedro Rosales Avenda\u00f1o a manos de polic\u00edas municipales de Santiago Astata, en la regi\u00f3n de la Sierra de Oaxaca, cuando se dirig\u00eda a sus labores, luego de considerarlo un contagio para la comunidad.<\/p>\n<p>En los primeros informes se estableci\u00f3 que los hechos ocurrieron anoche alrededor de las 21:00 horas cuando la victima, quien es originario de La Barra de Copalita, regresaba a Santiago Astata para laborar en el centro de salud del lugar, donde est\u00e1 asignado.<\/p>\n<p>Resulta que al pasar por el filtro de sanidad, fue detenido por la Polic\u00eda y al identificarse como enfermero, con lujo de violencia lo bajaron de su auto, indic\u00e1ndole que era un contagiado del COVID-19 y que no pod\u00eda pasar.<\/p>\n<p>De esta forma se hicieron de palabras, por lo que los polic\u00edas lo tundieron a golpes hasta dejarlo ba\u00f1ado en sangre.<\/p>\n<p>Pedro Rosales denunci\u00f3 que los polic\u00edas municipales de Santiago Astata acataron una orden del edil municipal Doriam Ricardez y tras una brutal golpiza, presenta heridas de gravedad a la altura de la cabeza.<\/p>\n<p>El trabajador de los Servicios de Salud de Oaxaca denunci\u00f3 este hecho como parte del riesgo que desafortunadamente enfrentan trabajadores de salud por la emergencia sanitaria y como un acto de abuso de autoridad.<\/p>\n<p>Por su parte los polic\u00edas acusaron al enfermero de haber sido el agresivo, indicando que el golpeo al polic\u00eda de nombre Obed Rosas Hern\u00e1ndez, con una llave de cruz automotriz y un marro, resultando con lesiones en la cabeza, cuello y espalda.<\/p>\n<p>Del caso ya est\u00e1 tomando conocimiento la Fiscal\u00eda General de Justicia del estado, quien determinar\u00e1 los hechos.<\/p>\n<p><a href=\"http:\/\/www.nvinoticias.com\/nota\/148320\/tunden-policias-enfermero-por-miedo-covid-19-en-santiago-astata\" rel=\"noopener noreferrer\" target=\"_blank\">http:\/\/www.nvinoticias.com\/nota\/148320\/tunden-policias-enfermero-por-miedo-covid-19-en-santiago-astata<\/a><\/p>\n","protected":false},"excerpt":{"rendered":"<p>Noticias \/ Por El Sol de M\u00e9xico. Anoche result\u00f3 salvajemente golpeado el enfermero Pedro Rosales Avenda\u00f1o a manos de polic\u00edas municipales de Santiago Astata, en la regi\u00f3n de la Sierra &hellip; <a href=\"https:\/\/www.grieta.org.mx\/index.php\/2020\/06\/03\/tunden-policias-a-enfermero-por-miedo-a-covid-19-en-santiago-astata-oaxaca\/\" class=\"more-link\">Leer m\u00e1s<\/a><\/p>\n","protected":false},"author":2,"featured_media":21928,"comment_status":"closed","ping_status":"closed","sticky":false,"template":"","format":"standard","meta":{"ngg_post_thumbnail":0,"_jetpack_newsletter_access":"","_jetpack_dont_email_post_to_subs":false,"_jetpack_newsletter_tier_id":0,"_jetpack_memberships_contains_paywalled_content":false,"_jetpack_memberships_contains_paid_content":false,"footnotes":""},"categories":[2242,80,3262,1728,2,25],"tags":[],"class_list":["post-50211","post","type-post","status-publish","format-standard","has-post-thumbnail","hentry","category-brutalidad-policiaca-en-oaxaca","category-cintillo","category-crisis-covid-19-en-oaxaca","category-crisis-del-sector-salud-en-oaxaca","category-noticias-nacionales","category-oaxaca","entry"],"jetpack_featured_media_url":"https:\/\/www.grieta.org.mx\/wp-content\/uploads\/2018\/03\/14524434_1106112876131411_958039263622046936_o.jpg","jetpack_sharing_enabled":true,"jetpack_shortlink":"https:\/\/wp.me\/p7ZJR4-d3R","jetpack_likes_enabled":false,"jetpack-related-posts":[{"id":71240,"url":"https:\/\/www.grieta.org.mx\/index.php\/2025\/03\/01\/asesinan-a-cristino-castro-perea-ambientalista-y-defensor-comunitario-en-santiago-astata-oaxaca-contaba-con-medidas-de-proteccion-del-mecanismo\/","url_meta":{"origin":50211,"position":0},"title":"Asesinan a Cristino Castro Perea, ambientalista y defensor comunitario en Santiago Astata, Oaxaca; contaba con medidas de protecci\u00f3n del Mecanismo","author":"grieta","date":"1 marzo, 2025","format":false,"excerpt":"Imagen: Itsmo Press Diana Manzo Oaxaca, Oax.- Ayer por la tarde, a\u00fan con medidas de protecci\u00f3n, fue asesinado Cristino Castro Perea conocido como \u201cTino Castro\u201d de 63 a\u00f1os de edad, integrante del colectivo de defensores ambientalistas de Barra de la Cruz y defensor comunitario en el municipio de Santiago Astata,\u2026","rel":"","context":"En &quot;CINTILLO&quot;","block_context":{"text":"CINTILLO","link":"https:\/\/www.grieta.org.mx\/index.php\/category\/cintillo\/"},"img":{"alt_text":"","src":"https:\/\/i0.wp.com\/www.grieta.org.mx\/wp-content\/uploads\/2025\/03\/Gk_EEiLWYAAuzeD.jpeg?resize=350%2C200&ssl=1","width":350,"height":200,"srcset":"https:\/\/i0.wp.com\/www.grieta.org.mx\/wp-content\/uploads\/2025\/03\/Gk_EEiLWYAAuzeD.jpeg?resize=350%2C200&ssl=1 1x, https:\/\/i0.wp.com\/www.grieta.org.mx\/wp-content\/uploads\/2025\/03\/Gk_EEiLWYAAuzeD.jpeg?resize=525%2C300&ssl=1 1.5x, https:\/\/i0.wp.com\/www.grieta.org.mx\/wp-content\/uploads\/2025\/03\/Gk_EEiLWYAAuzeD.jpeg?resize=700%2C400&ssl=1 2x"},"classes":[]},{"id":27365,"url":"https:\/\/www.grieta.org.mx\/index.php\/2018\/10\/26\/ejecutan-a-otro-integrante-de-codedi-suman-cinco-los-crimenes-politicos-en-este-ano-contra-esa-organizacion-oaxaca\/","url_meta":{"origin":50211,"position":1},"title":"Ejecutan a otro integrante de CODEDI; suman cinco los cr\u00edmenes pol\u00edticos en este a\u00f1o contra esa organizaci\u00f3n (Oaxaca)","author":"grieta","date":"26 octubre, 2018","format":false,"excerpt":"P\u00e1gina 3. Pedro Mat\u00edas, Oaxaca, Oax.- El integrante del Comit\u00e9 por la Defensa de los Derechos Ind\u00edgenas (CODEDI), Noel Castillo Aguilar, fue asesinado este jueves 25 de octubre, en el crucero de Barra de la Cruz, perteneciente al municipio de Santiago Astata, con lo que suman cinco los cr\u00edmenes pol\u00edticos\u2026","rel":"","context":"En &quot;CINTILLO&quot;","block_context":{"text":"CINTILLO","link":"https:\/\/www.grieta.org.mx\/index.php\/category\/cintillo\/"},"img":{"alt_text":"","src":"https:\/\/i0.wp.com\/www.grieta.org.mx\/wp-content\/uploads\/2018\/10\/Noel-Castillo-Aguilar-defensor-de-derechos-indigenas-oaxaca-1.jpg?resize=350%2C200&ssl=1","width":350,"height":200,"srcset":"https:\/\/i0.wp.com\/www.grieta.org.mx\/wp-content\/uploads\/2018\/10\/Noel-Castillo-Aguilar-defensor-de-derechos-indigenas-oaxaca-1.jpg?resize=350%2C200&ssl=1 1x, https:\/\/i0.wp.com\/www.grieta.org.mx\/wp-content\/uploads\/2018\/10\/Noel-Castillo-Aguilar-defensor-de-derechos-indigenas-oaxaca-1.jpg?resize=525%2C300&ssl=1 1.5x, https:\/\/i0.wp.com\/www.grieta.org.mx\/wp-content\/uploads\/2018\/10\/Noel-Castillo-Aguilar-defensor-de-derechos-indigenas-oaxaca-1.jpg?resize=700%2C400&ssl=1 2x"},"classes":[]},{"id":49243,"url":"https:\/\/www.grieta.org.mx\/index.php\/2020\/05\/08\/oaxaca-de-los-estados-con-mas-muertes-por-covid-19-del-pais\/","url_meta":{"origin":50211,"position":2},"title":"Oaxaca, de los estados con m\u00e1s muertes por COVID-19 del pa\u00eds","author":"grieta","date":"8 mayo, 2020","format":false,"excerpt":"Noticias \/ Citlalli Luciana. Es de las 7 entidades del pa\u00eds con mayor tasa de defunci\u00f3n Oaxaca se ubica entre los siete estados con mayor tasa de defunci\u00f3n por cada 100 casos positivos del virus SARS-COV-2 (COVID-19) registrados hasta el pasado 5 de mayo. La lista la integran Chihuahua, Campeche,\u2026","rel":"","context":"En &quot;CINTILLO&quot;","block_context":{"text":"CINTILLO","link":"https:\/\/www.grieta.org.mx\/index.php\/category\/cintillo\/"},"img":{"alt_text":"","src":"https:\/\/i0.wp.com\/www.grieta.org.mx\/wp-content\/uploads\/2018\/03\/14524434_1106112876131411_958039263622046936_o.jpg?resize=350%2C200&ssl=1","width":350,"height":200,"srcset":"https:\/\/i0.wp.com\/www.grieta.org.mx\/wp-content\/uploads\/2018\/03\/14524434_1106112876131411_958039263622046936_o.jpg?resize=350%2C200&ssl=1 1x, https:\/\/i0.wp.com\/www.grieta.org.mx\/wp-content\/uploads\/2018\/03\/14524434_1106112876131411_958039263622046936_o.jpg?resize=525%2C300&ssl=1 1.5x, https:\/\/i0.wp.com\/www.grieta.org.mx\/wp-content\/uploads\/2018\/03\/14524434_1106112876131411_958039263622046936_o.jpg?resize=700%2C400&ssl=1 2x"},"classes":[]},{"id":51947,"url":"https:\/\/www.grieta.org.mx\/index.php\/2020\/07\/15\/juchitan-ahora-40-policias-se-encuentran-aislados-al-contagiarse-de-covid-19-oaxaca\/","url_meta":{"origin":50211,"position":3},"title":"Juchit\u00e1n: ahora 40 polic\u00edas se encuentran aislados al contagiarse de covid-19 (Oaxaca)","author":"grieta","date":"15 julio, 2020","format":false,"excerpt":"P\u00e1gina 3 \/ Diana Manzo y Pedro Mat\u00edas \u00a0 *Ya fueron cerrados los mercados p\u00fablicos y el Hospital *Juchit\u00e1n podr\u00eda convertirse en el epicentro de la pandemia Ante el incremento desbordado de casos por covid-19 y el aumento de muertes en los \u00faltimos 15 d\u00edas, fueron cerrados al p\u00fablico los\u2026","rel":"","context":"En &quot;CINTILLO&quot;","block_context":{"text":"CINTILLO","link":"https:\/\/www.grieta.org.mx\/index.php\/category\/cintillo\/"},"img":{"alt_text":"","src":"https:\/\/i0.wp.com\/www.grieta.org.mx\/wp-content\/uploads\/2020\/07\/1-1.jpeg?resize=350%2C200&ssl=1","width":350,"height":200,"srcset":"https:\/\/i0.wp.com\/www.grieta.org.mx\/wp-content\/uploads\/2020\/07\/1-1.jpeg?resize=350%2C200&ssl=1 1x, https:\/\/i0.wp.com\/www.grieta.org.mx\/wp-content\/uploads\/2020\/07\/1-1.jpeg?resize=525%2C300&ssl=1 1.5x"},"classes":[]},{"id":60855,"url":"https:\/\/www.grieta.org.mx\/index.php\/2021\/07\/31\/oaxaca-a-punto-del-semaforo-rojo-y-con-19-hospitales-saturados\/","url_meta":{"origin":50211,"position":4},"title":"Oaxaca, a punto del sem\u00e1foro rojo y con 19 hospitales saturados","author":"grieta","date":"31 julio, 2021","format":false,"excerpt":"Proceso \/ Pedro Mat\u00edas. Oaxaca se encuentra en la antesala del sem\u00e1foro epidemiol\u00f3gico rojo, al registrar dos mil 454 casos activos de coronavirus y 19 de sus hospitales con una ocupaci\u00f3n de 100%. OAXACA, Oax. (proceso.com.mx).\u2013 Oaxaca se encuentra en la antesala del sem\u00e1foro epidemiol\u00f3gico rojo, al registrar dos mil\u2026","rel":"","context":"En &quot;CINTILLO&quot;","block_context":{"text":"CINTILLO","link":"https:\/\/www.grieta.org.mx\/index.php\/category\/cintillo\/"},"img":{"alt_text":"","src":"https:\/\/i0.wp.com\/www.grieta.org.mx\/wp-content\/uploads\/2021\/08\/1.jpg?resize=350%2C200&ssl=1","width":350,"height":200,"srcset":"https:\/\/i0.wp.com\/www.grieta.org.mx\/wp-content\/uploads\/2021\/08\/1.jpg?resize=350%2C200&ssl=1 1x, https:\/\/i0.wp.com\/www.grieta.org.mx\/wp-content\/uploads\/2021\/08\/1.jpg?resize=525%2C300&ssl=1 1.5x, https:\/\/i0.wp.com\/www.grieta.org.mx\/wp-content\/uploads\/2021\/08\/1.jpg?resize=700%2C400&ssl=1 2x"},"classes":[]},{"id":50628,"url":"https:\/\/www.grieta.org.mx\/index.php\/2020\/06\/10\/trabajadores-del-imss-amagan-con-un-paro-y-los-de-salud-denuncian-ocultamiento-de-casos-de-covid-19-oaxaca\/","url_meta":{"origin":50211,"position":5},"title":"Trabajadores del IMSS amagan con un paro y los de Salud denuncian ocultamiento de casos de covid-19 (Oaxaca)","author":"grieta","date":"10 junio, 2020","format":false,"excerpt":"P\u00e1gina 3 \/ Pedro Mat\u00edas. Delegaci\u00f3n del IMSS-Oaxaca la \u00fanica en el pa\u00eds con infectados en su propia oficina En Servicios de Salud hay infectados en direcci\u00f3n de Promoci\u00f3n y la orden es no subir los casos a plataforma Pedro Mat\u00edas OAXACA, Oax. (pagina3.mx).- Trabajadores del Almac\u00e9n Delegacional del Instituto\u2026","rel":"","context":"En &quot;CINTILLO&quot;","block_context":{"text":"CINTILLO","link":"https:\/\/www.grieta.org.mx\/index.php\/category\/cintillo\/"},"img":{"alt_text":"","src":"https:\/\/i0.wp.com\/www.grieta.org.mx\/wp-content\/uploads\/2020\/06\/imss.jpg?resize=350%2C200&ssl=1","width":350,"height":200,"srcset":"https:\/\/i0.wp.com\/www.grieta.org.mx\/wp-content\/uploads\/2020\/06\/imss.jpg?resize=350%2C200&ssl=1 1x, https:\/\/i0.wp.com\/www.grieta.org.mx\/wp-content\/uploads\/2020\/06\/imss.jpg?resize=525%2C300&ssl=1 1.5x, https:\/\/i0.wp.com\/www.grieta.org.mx\/wp-content\/uploads\/2020\/06\/imss.jpg?resize=700%2C400&ssl=1 2x"},"classes":[]}],"_links":{"self":[{"href":"https:\/\/www.grieta.org.mx\/index.php\/wp-json\/wp\/v2\/posts\/50211","targetHints":{"allow":["GET"]}}],"collection":[{"href":"https:\/\/www.grieta.org.mx\/index.php\/wp-json\/wp\/v2\/posts"}],"about":[{"href":"https:\/\/www.grieta.org.mx\/index.php\/wp-json\/wp\/v2\/types\/post"}],"author":[{"embeddable":true,"href":"https:\/\/www.grieta.org.mx\/index.php\/wp-json\/wp\/v2\/users\/2"}],"replies":[{"embeddable":true,"href":"https:\/\/www.grieta.org.mx\/index.php\/wp-json\/wp\/v2\/comments?post=50211"}],"version-history":[{"count":1,"href":"https:\/\/www.grieta.org.mx\/index.php\/wp-json\/wp\/v2\/posts\/50211\/revisions"}],"predecessor-version":[{"id":50212,"href":"https:\/\/www.grieta.org.mx\/index.php\/wp-json\/wp\/v2\/posts\/50211\/revisions\/50212"}],"wp:featuredmedia":[{"embeddable":true,"href":"https:\/\/www.grieta.org.mx\/index.php\/wp-json\/wp\/v2\/media\/21928"}],"wp:attachment":[{"href":"https:\/\/www.grieta.org.mx\/index.php\/wp-json\/wp\/v2\/media?parent=50211"}],"wp:term":[{"taxonomy":"category","embeddable":true,"href":"https:\/\/www.grieta.org.mx\/index.php\/wp-json\/wp\/v2\/categories?post=50211"},{"taxonomy":"post_tag","embeddable":true,"href":"https:\/\/www.grieta.org.mx\/index.php\/wp-json\/wp\/v2\/tags?post=50211"}],"curies":[{"name":"wp","href":"https:\/\/api.w.org\/{rel}","templated":true}]}}