{"id":50186,"date":"2020-06-02T18:58:12","date_gmt":"2020-06-02T23:58:12","guid":{"rendered":"http:\/\/www.grieta.org.mx\/?p=50186"},"modified":"2020-06-03T19:20:40","modified_gmt":"2020-06-04T00:20:40","slug":"queremos-que-nos-paguen-trabajadores-de-grupo-mandala-se-manifiestan-en-cancun-por-incumplimiento-de-pago-desde-marzo","status":"publish","type":"post","link":"https:\/\/www.grieta.org.mx\/index.php\/2020\/06\/02\/queremos-que-nos-paguen-trabajadores-de-grupo-mandala-se-manifiestan-en-cancun-por-incumplimiento-de-pago-desde-marzo\/","title":{"rendered":"\u201c\u00a1Queremos que nos paguen!: Trabajadores de Grupo Mandala se manifiestan en Canc\u00fan por incumplimiento de pago desde marzo"},"content":{"rendered":"<p><img loading=\"lazy\" decoding=\"async\" data-attachment-id=\"50187\" data-permalink=\"https:\/\/www.grieta.org.mx\/index.php\/2020\/06\/02\/queremos-que-nos-paguen-trabajadores-de-grupo-mandala-se-manifiestan-en-cancun-por-incumplimiento-de-pago-desde-marzo\/trabajadorescancun\/\" data-orig-file=\"https:\/\/www.grieta.org.mx\/wp-content\/uploads\/2020\/06\/TrabajadoresCancun-e1591229743952.png\" data-orig-size=\"800,390\" data-comments-opened=\"0\" data-image-meta=\"{&quot;aperture&quot;:&quot;0&quot;,&quot;credit&quot;:&quot;&quot;,&quot;camera&quot;:&quot;&quot;,&quot;caption&quot;:&quot;&quot;,&quot;created_timestamp&quot;:&quot;0&quot;,&quot;copyright&quot;:&quot;&quot;,&quot;focal_length&quot;:&quot;0&quot;,&quot;iso&quot;:&quot;0&quot;,&quot;shutter_speed&quot;:&quot;0&quot;,&quot;title&quot;:&quot;&quot;,&quot;orientation&quot;:&quot;0&quot;}\" data-image-title=\"TrabajadoresCancun\" data-image-description=\"\" data-image-caption=\"\" data-medium-file=\"https:\/\/www.grieta.org.mx\/wp-content\/uploads\/2020\/06\/TrabajadoresCancun-300x146.png\" data-large-file=\"https:\/\/www.grieta.org.mx\/wp-content\/uploads\/2020\/06\/TrabajadoresCancun-e1591229743952.png\" src=\"http:\/\/www.grieta.org.mx\/wp-content\/uploads\/2020\/06\/TrabajadoresCancun-e1591229743952.png\" alt=\"\" width=\"800\" height=\"390\" class=\"aligncenter size-full wp-image-50187\" \/><\/p>\n<p>Noticaribe<\/p>\n<blockquote><p>Aseguraron que la CROC, que mes con mes les descontaba su cuota sindical, ahora los ha dejado en el abandono<\/p><\/blockquote>\n<p>CANC\u00daN, MX.- Unos cerca de 70 trabajadores de Grupo Mandala (Antromex), entre meseros, seguridad, cocineros, stewart y m\u00e1s, marcharon por la avenida Tulum hoy para exigir el pago que se les debe desde marzo. En total son cerca de 150 colaboradores los afectados.<\/p>\n<p>La CROC, que mes con mes les descontaba su cuota sindical, ahora los ha dejado en el abandono, al negarse a interceder por ellos en este caso, raz\u00f3n por al que tuvieron que manifestarse de manera independiente, comentaron.<\/p>\n<p>\u201c\u00a1Mandala da la cara! \u00a1Queremos que nos paguen!\u201d, gritaban los inconformes que avanzaban, a pesar del tiempo lluvioso, desde el Palacio Municipal a la Glorieta de la Historia, para luego regresar al Ceviche y de ah\u00ed nuevamente ir al Ayuntamiento. Todos llevaban cubrebocas y eran escoltados por patrullas policiacas.<\/p>\n<p>\u201cNos piden trabajar en turnos de 24 horas y accedimos, pero ahora que les toc\u00f3 a ellos apoyarnos, no lo hacen\u201d, lament\u00f3 un trabajador, que pidi\u00f3 mantenerse en el anonimato.<\/p>\n<p>\u201cQue nos paguen lo que nos debe Mandala, nos traen vuelta y vuelta y no vemos fecha clara para solucionar esto\u201d, reclam\u00f3 otro.<\/p>\n<p>Un tercero explic\u00f3 que son varias quincenas las que les deben, pues desde marzo s\u00f3lo les han dado dos \u201capoyos\u201d y, aunque en varias ocasiones les han dado fechas para el pago, todas han sido incumplidas.<\/p>\n<p>\u201cGanamos el salario m\u00ednimo, ni siquiera pedimos una gran cantidad. Se entiende que la situaci\u00f3n est\u00e1 mal, pero son una empresa muy grande y s\u00ed podr\u00edan costearlo\u201d, afirm\u00f3. (Agencia SIM)<\/p>\n<p><a href=\"https:\/\/noticaribe.com.mx\/2020\/06\/02\/trabajadores-de-grupo-mandala-se-manifiestan-en-cancun-por-incumplimiento-de-pago-desde-marzo\/\" rel=\"noopener noreferrer\" target=\"_blank\">https:\/\/noticaribe.com.mx\/2020\/06\/02\/trabajadores-de-grupo-mandala-se-manifiestan-en-cancun-por-incumplimiento-de-pago-desde-marzo\/<\/a><\/p>\n","protected":false},"excerpt":{"rendered":"<p>Noticaribe Aseguraron que la CROC, que mes con mes les descontaba su cuota sindical, ahora los ha dejado en el abandono CANC\u00daN, MX.- Unos cerca de 70 trabajadores de Grupo &hellip; <a href=\"https:\/\/www.grieta.org.mx\/index.php\/2020\/06\/02\/queremos-que-nos-paguen-trabajadores-de-grupo-mandala-se-manifiestan-en-cancun-por-incumplimiento-de-pago-desde-marzo\/\" class=\"more-link\">Leer m\u00e1s<\/a><\/p>\n","protected":false},"author":2,"featured_media":50187,"comment_status":"closed","ping_status":"closed","sticky":false,"template":"","format":"standard","meta":{"ngg_post_thumbnail":0,"_jetpack_newsletter_access":"","_jetpack_dont_email_post_to_subs":false,"_jetpack_newsletter_tier_id":0,"_jetpack_memberships_contains_paywalled_content":false,"_jetpack_memberships_contains_paid_content":false,"footnotes":""},"categories":[80,1084,910,2,28,83],"tags":[113,105],"class_list":["post-50186","post","type-post","status-publish","format-standard","has-post-thumbnail","hentry","category-cintillo","category-conflictos-laborales-en-quintana-roo","category-explotacion-y-precariedad-laboral","category-noticias-nacionales","category-quintana-roo","category-temas-nacionales","tag-conflictos-laborales","tag-derechos-laborales","entry"],"jetpack_featured_media_url":"https:\/\/www.grieta.org.mx\/wp-content\/uploads\/2020\/06\/TrabajadoresCancun-e1591229743952.png","jetpack_sharing_enabled":true,"jetpack_shortlink":"https:\/\/wp.me\/p7ZJR4-d3s","jetpack_likes_enabled":false,"jetpack-related-posts":[{"id":69177,"url":"https:\/\/www.grieta.org.mx\/index.php\/2024\/06\/12\/protestan-trabajadores-del-hotel-allegro-en-cozumel-por-reparto-de-utilidades-amenazan-con-paro-quintana-roo\/","url_meta":{"origin":50186,"position":0},"title":"Protestan trabajadores del Hotel Allegro en Cozumel por reparto de utilidades; amenazan con paro (Quintana Roo)","author":"grieta","date":"12 junio, 2024","format":false,"excerpt":"Noticaribe COZUMEL, MX.- Trabajadores del Hotel Allegro se manifestaron afuera de las instalaciones del centro de hospedaje, ubicado en la zona sur de la isla, quienes exigen el pago justo de sus utilidades, ya que la empresa solo les entreg\u00f3 una \u201cgratificaci\u00f3n\u201d. Los manifestantes, que llevan realizando estas protestas desde\u2026","rel":"","context":"En &quot;CINTILLO&quot;","block_context":{"text":"CINTILLO","link":"https:\/\/www.grieta.org.mx\/index.php\/category\/cintillo\/"},"img":{"alt_text":"","src":"https:\/\/i0.wp.com\/www.grieta.org.mx\/wp-content\/uploads\/2024\/06\/Paro-e1718673643497.jpg?resize=350%2C200&ssl=1","width":350,"height":200,"srcset":"https:\/\/i0.wp.com\/www.grieta.org.mx\/wp-content\/uploads\/2024\/06\/Paro-e1718673643497.jpg?resize=350%2C200&ssl=1 1x, https:\/\/i0.wp.com\/www.grieta.org.mx\/wp-content\/uploads\/2024\/06\/Paro-e1718673643497.jpg?resize=525%2C300&ssl=1 1.5x, https:\/\/i0.wp.com\/www.grieta.org.mx\/wp-content\/uploads\/2024\/06\/Paro-e1718673643497.jpg?resize=700%2C400&ssl=1 2x"},"classes":[]},{"id":66902,"url":"https:\/\/www.grieta.org.mx\/index.php\/2023\/05\/02\/conflicto-laboral-en-tulum-anuncian-emplazamiento-a-huelga-contra-grupo-rumba-hospitality-quintana-roo\/","url_meta":{"origin":50186,"position":1},"title":"Conflicto laboral en Tulum: Anuncian emplazamiento a huelga contra Grupo Rumba Hospitality (Quintana Roo)","author":"grieta","date":"2 mayo, 2023","format":false,"excerpt":"Noticaribe TULUM, MX. \u2013 Ante el incumplimiento del incremento salarial y el pago de prestaciones establecidas en el Contrato Colectivo de Trabajo (CCT), trabajadores cinco hoteles del Grupo Rumba Hospitality que operan en Tulum, anunciaron que reactivar\u00e1n el emplazamiento a huelga contra la patronal. Esta empresa administra el Hotel Copal,\u2026","rel":"","context":"En &quot;CINTILLO&quot;","block_context":{"text":"CINTILLO","link":"https:\/\/www.grieta.org.mx\/index.php\/category\/cintillo\/"},"img":{"alt_text":"","src":"https:\/\/i0.wp.com\/www.grieta.org.mx\/wp-content\/uploads\/2023\/05\/Tulum-e1683343399346.jpg?resize=350%2C200&ssl=1","width":350,"height":200,"srcset":"https:\/\/i0.wp.com\/www.grieta.org.mx\/wp-content\/uploads\/2023\/05\/Tulum-e1683343399346.jpg?resize=350%2C200&ssl=1 1x, https:\/\/i0.wp.com\/www.grieta.org.mx\/wp-content\/uploads\/2023\/05\/Tulum-e1683343399346.jpg?resize=525%2C300&ssl=1 1.5x, https:\/\/i0.wp.com\/www.grieta.org.mx\/wp-content\/uploads\/2023\/05\/Tulum-e1683343399346.jpg?resize=700%2C400&ssl=1 2x"},"classes":[]},{"id":54284,"url":"https:\/\/www.grieta.org.mx\/index.php\/2020\/10\/15\/crisis-por-la-basura-en-cancun-ahora-trabajadores-se-van-a-paro-laboral\/","url_meta":{"origin":50186,"position":2},"title":"Crisis por la basura en Canc\u00fan; ahora trabajadores se van a paro laboral","author":"grieta","date":"15 octubre, 2020","format":false,"excerpt":"MC \/ Meganews Por ahora solo 15 de los m\u00e1s de 60 camiones recolectores de basura, se encuentran circulando por la ciudad Canc\u00fan.- Desde hace varias semanas se ha hecho evidente que en distintos puntos de la ciudad no ha pasado el cami\u00f3n de la basura y esta se ha\u2026","rel":"","context":"En &quot;CINTILLO&quot;","block_context":{"text":"CINTILLO","link":"https:\/\/www.grieta.org.mx\/index.php\/category\/cintillo\/"},"img":{"alt_text":"","src":"https:\/\/i0.wp.com\/www.grieta.org.mx\/wp-content\/uploads\/2020\/10\/CrisisBasura.png?resize=350%2C200&ssl=1","width":350,"height":200,"srcset":"https:\/\/i0.wp.com\/www.grieta.org.mx\/wp-content\/uploads\/2020\/10\/CrisisBasura.png?resize=350%2C200&ssl=1 1x, https:\/\/i0.wp.com\/www.grieta.org.mx\/wp-content\/uploads\/2020\/10\/CrisisBasura.png?resize=525%2C300&ssl=1 1.5x"},"classes":[]},{"id":70235,"url":"https:\/\/www.grieta.org.mx\/index.php\/2024\/10\/11\/trabajadores-de-aguakan-de-cancun-e-isla-mujeres-se-manifiestan-ante-inconformidades-quintana-roo\/","url_meta":{"origin":50186,"position":3},"title":"Trabajadores de Aguakan de Canc\u00fan e Isla Mujeres se manifiestan ante inconformidades (Quintana Roo)","author":"grieta","date":"11 octubre, 2024","format":false,"excerpt":"Redacci\u00f3n \/ Por Esto! Fueron alrededor de 500 trabajadores que llevaron a cabo las protestas debido al despido de sus compa\u00f1eros Unos 500 trabajadores de Aguakan, afiliados a la Confederaci\u00f3n Revolucionaria de Obreros y Campesinos (CROC), realizaron una manifestaci\u00f3n en cuatro puntos de oficinas de la compa\u00f1\u00eda en Canc\u00fan e\u2026","rel":"","context":"En &quot;CINTILLO&quot;","block_context":{"text":"CINTILLO","link":"https:\/\/www.grieta.org.mx\/index.php\/category\/cintillo\/"},"img":{"alt_text":"","src":"https:\/\/i0.wp.com\/www.grieta.org.mx\/wp-content\/uploads\/2024\/10\/Aguakan-1-e1732189551779.jpg?resize=350%2C200&ssl=1","width":350,"height":200,"srcset":"https:\/\/i0.wp.com\/www.grieta.org.mx\/wp-content\/uploads\/2024\/10\/Aguakan-1-e1732189551779.jpg?resize=350%2C200&ssl=1 1x, https:\/\/i0.wp.com\/www.grieta.org.mx\/wp-content\/uploads\/2024\/10\/Aguakan-1-e1732189551779.jpg?resize=525%2C300&ssl=1 1.5x, https:\/\/i0.wp.com\/www.grieta.org.mx\/wp-content\/uploads\/2024\/10\/Aguakan-1-e1732189551779.jpg?resize=700%2C400&ssl=1 2x"},"classes":[]},{"id":13507,"url":"https:\/\/www.grieta.org.mx\/index.php\/2016\/05\/26\/exigen-mejores-condiciones-laborales-trabajadores-de-un-hotel-de-cancun\/","url_meta":{"origin":50186,"position":4},"title":"Exigen mejores condiciones laborales trabajadores de un hotel de Canc\u00fan","author":"grieta","date":"26 mayo, 2016","format":false,"excerpt":"Isla Mujeres. Un grupo de 50 trabajadores del \u00e1rea de alberca del hotel villas Palmar en Punta Sam en la parte continental de Isla Mujeres se manifestaron minutos antes de las 8 de la ma\u00f1ana para exigir mejores condiciones laborales, ya que les hacen firmar contratos mensuales con su renuncia,\u2026","rel":"","context":"En &quot;CINTILLO&quot;","block_context":{"text":"CINTILLO","link":"https:\/\/www.grieta.org.mx\/index.php\/category\/cintillo\/"},"img":{"alt_text":"","src":"https:\/\/i0.wp.com\/www.grieta.org.mx\/wp-content\/uploads\/2018\/03\/14524434_1106112876131411_958039263622046936_o.jpg?resize=350%2C200&ssl=1","width":350,"height":200,"srcset":"https:\/\/i0.wp.com\/www.grieta.org.mx\/wp-content\/uploads\/2018\/03\/14524434_1106112876131411_958039263622046936_o.jpg?resize=350%2C200&ssl=1 1x, https:\/\/i0.wp.com\/www.grieta.org.mx\/wp-content\/uploads\/2018\/03\/14524434_1106112876131411_958039263622046936_o.jpg?resize=525%2C300&ssl=1 1.5x, https:\/\/i0.wp.com\/www.grieta.org.mx\/wp-content\/uploads\/2018\/03\/14524434_1106112876131411_958039263622046936_o.jpg?resize=700%2C400&ssl=1 2x"},"classes":[]},{"id":63055,"url":"https:\/\/www.grieta.org.mx\/index.php\/2021\/12\/13\/denuncian-abusos-laborales-extrabajadores-de-grupo-turquesa-y-del-diario-por-esto-quintana-roo\/","url_meta":{"origin":50186,"position":5},"title":"Denuncian abusos laborales extrabajadores de Grupo Turquesa y del diario Por Esto! (Quintana Roo)","author":"grieta","date":"13 diciembre, 2021","format":false,"excerpt":"Rosa Santana \/ Proceso CANC\u00daN, Q. Roo. (apro).- Extrabajadores de Grupo Turquesa, de Luis Alegre Salazar, y del peri\u00f3dico Por Esto!, de Mario Renato Men\u00e9ndez Rodr\u00edguez, denunciaron --por separado-- abusos laborales por parte de dichas empresas. En conferencia de prensa en esta ciudad, extrabajadores de Grupo Turquesa acusaron a Alegre\u2026","rel":"","context":"En &quot;CINTILLO&quot;","block_context":{"text":"CINTILLO","link":"https:\/\/www.grieta.org.mx\/index.php\/category\/cintillo\/"},"img":{"alt_text":"","src":"https:\/\/i0.wp.com\/www.grieta.org.mx\/wp-content\/uploads\/2022\/01\/PorEstoChetumal-e1642026132131.png?resize=350%2C200&ssl=1","width":350,"height":200,"srcset":"https:\/\/i0.wp.com\/www.grieta.org.mx\/wp-content\/uploads\/2022\/01\/PorEstoChetumal-e1642026132131.png?resize=350%2C200&ssl=1 1x, https:\/\/i0.wp.com\/www.grieta.org.mx\/wp-content\/uploads\/2022\/01\/PorEstoChetumal-e1642026132131.png?resize=525%2C300&ssl=1 1.5x, https:\/\/i0.wp.com\/www.grieta.org.mx\/wp-content\/uploads\/2022\/01\/PorEstoChetumal-e1642026132131.png?resize=700%2C400&ssl=1 2x"},"classes":[]}],"_links":{"self":[{"href":"https:\/\/www.grieta.org.mx\/index.php\/wp-json\/wp\/v2\/posts\/50186","targetHints":{"allow":["GET"]}}],"collection":[{"href":"https:\/\/www.grieta.org.mx\/index.php\/wp-json\/wp\/v2\/posts"}],"about":[{"href":"https:\/\/www.grieta.org.mx\/index.php\/wp-json\/wp\/v2\/types\/post"}],"author":[{"embeddable":true,"href":"https:\/\/www.grieta.org.mx\/index.php\/wp-json\/wp\/v2\/users\/2"}],"replies":[{"embeddable":true,"href":"https:\/\/www.grieta.org.mx\/index.php\/wp-json\/wp\/v2\/comments?post=50186"}],"version-history":[{"count":1,"href":"https:\/\/www.grieta.org.mx\/index.php\/wp-json\/wp\/v2\/posts\/50186\/revisions"}],"predecessor-version":[{"id":50189,"href":"https:\/\/www.grieta.org.mx\/index.php\/wp-json\/wp\/v2\/posts\/50186\/revisions\/50189"}],"wp:featuredmedia":[{"embeddable":true,"href":"https:\/\/www.grieta.org.mx\/index.php\/wp-json\/wp\/v2\/media\/50187"}],"wp:attachment":[{"href":"https:\/\/www.grieta.org.mx\/index.php\/wp-json\/wp\/v2\/media?parent=50186"}],"wp:term":[{"taxonomy":"category","embeddable":true,"href":"https:\/\/www.grieta.org.mx\/index.php\/wp-json\/wp\/v2\/categories?post=50186"},{"taxonomy":"post_tag","embeddable":true,"href":"https:\/\/www.grieta.org.mx\/index.php\/wp-json\/wp\/v2\/tags?post=50186"}],"curies":[{"name":"wp","href":"https:\/\/api.w.org\/{rel}","templated":true}]}}