{"id":50146,"date":"2020-05-20T18:39:16","date_gmt":"2020-05-20T23:39:16","guid":{"rendered":"http:\/\/www.grieta.org.mx\/?p=50146"},"modified":"2020-06-02T18:42:32","modified_gmt":"2020-06-02T23:42:32","slug":"el-hambre-llega-a-las-calles-de-culiacan-desempleados-y-ambulantes-piden-ayuda","status":"publish","type":"post","link":"https:\/\/www.grieta.org.mx\/index.php\/2020\/05\/20\/el-hambre-llega-a-las-calles-de-culiacan-desempleados-y-ambulantes-piden-ayuda\/","title":{"rendered":"El hambre llega a las calles de Culiac\u00e1n; desempleados y ambulantes piden ayuda"},"content":{"rendered":"<p>Rio Doce\/Alejandro Monjard\u00edn<br \/>\n<img loading=\"lazy\" decoding=\"async\" data-attachment-id=\"50147\" data-permalink=\"https:\/\/www.grieta.org.mx\/index.php\/2020\/05\/20\/el-hambre-llega-a-las-calles-de-culiacan-desempleados-y-ambulantes-piden-ayuda\/culiacan-artesanos-covid19-opq3ai6qb7mtkd5kasfj9cd4ntslkbyn2k87aeeoaw\/\" data-orig-file=\"https:\/\/www.grieta.org.mx\/wp-content\/uploads\/2020\/06\/culiacan-artesanos-covid19-opq3ai6qb7mtkd5kasfj9cd4ntslkbyn2k87aeeoaw.jpg\" data-orig-size=\"1140,500\" data-comments-opened=\"0\" data-image-meta=\"{&quot;aperture&quot;:&quot;0&quot;,&quot;credit&quot;:&quot;&quot;,&quot;camera&quot;:&quot;&quot;,&quot;caption&quot;:&quot;&quot;,&quot;created_timestamp&quot;:&quot;0&quot;,&quot;copyright&quot;:&quot;&quot;,&quot;focal_length&quot;:&quot;0&quot;,&quot;iso&quot;:&quot;0&quot;,&quot;shutter_speed&quot;:&quot;0&quot;,&quot;title&quot;:&quot;&quot;,&quot;orientation&quot;:&quot;0&quot;}\" data-image-title=\"culiacan-artesanos-covid19-opq3ai6qb7mtkd5kasfj9cd4ntslkbyn2k87aeeoaw\" data-image-description=\"\" data-image-caption=\"\" data-medium-file=\"https:\/\/www.grieta.org.mx\/wp-content\/uploads\/2020\/06\/culiacan-artesanos-covid19-opq3ai6qb7mtkd5kasfj9cd4ntslkbyn2k87aeeoaw-300x132.jpg\" data-large-file=\"https:\/\/www.grieta.org.mx\/wp-content\/uploads\/2020\/06\/culiacan-artesanos-covid19-opq3ai6qb7mtkd5kasfj9cd4ntslkbyn2k87aeeoaw-1024x449.jpg\" class=\"aligncenter size-full wp-image-50147\" src=\"http:\/\/www.grieta.org.mx\/wp-content\/uploads\/2020\/06\/culiacan-artesanos-covid19-opq3ai6qb7mtkd5kasfj9cd4ntslkbyn2k87aeeoaw.jpg\" alt=\"\" width=\"1140\" height=\"500\" srcset=\"https:\/\/www.grieta.org.mx\/wp-content\/uploads\/2020\/06\/culiacan-artesanos-covid19-opq3ai6qb7mtkd5kasfj9cd4ntslkbyn2k87aeeoaw.jpg 1140w, https:\/\/www.grieta.org.mx\/wp-content\/uploads\/2020\/06\/culiacan-artesanos-covid19-opq3ai6qb7mtkd5kasfj9cd4ntslkbyn2k87aeeoaw-300x132.jpg 300w, https:\/\/www.grieta.org.mx\/wp-content\/uploads\/2020\/06\/culiacan-artesanos-covid19-opq3ai6qb7mtkd5kasfj9cd4ntslkbyn2k87aeeoaw-768x337.jpg 768w, https:\/\/www.grieta.org.mx\/wp-content\/uploads\/2020\/06\/culiacan-artesanos-covid19-opq3ai6qb7mtkd5kasfj9cd4ntslkbyn2k87aeeoaw-1024x449.jpg 1024w\" sizes=\"auto, (max-width: 1140px) 100vw, 1140px\" \/><\/p>\n<p>La falta de comida los sac\u00f3 a la calle. Rompieron el confinamiento por el hambre. En la medida que se prolonga la cuarentena, empiezan a salir a pedir comida personas que no tienen trabajo y tampoco qu\u00e9 comer.<\/p>\n<p>En las calles de Culiac\u00e1n se pueden observar a trabajadoras dom\u00e9sticas y meseros eventuales pidiendo despensas, o artesanos cambiando sus productos por pa\u00f1ales o comida. Dicen que les da verg\u00fcenza pedir, pero se la aguantan porque no tienen otra opci\u00f3n, empleo no hay.<\/p>\n<p>Entre meseros y trabajadoras dom\u00e9sticas son m\u00e1s de 200 personas que ya no tienen qu\u00e9 comer.<\/p>\n<p>Algunos tienen hasta dos meses sin trabajar. Desde que empez\u00f3 la pandemia por Covid-19 las actividades que realizan quedaron suspendidas y su fuente de ingresos tambi\u00e9n. Se quedaron sin dinero porque viven al d\u00eda, no trabajan un d\u00eda no hay ingreso.<\/p>\n<p>Si no morimos de coronavirus, vamos a morir de hambre, coinciden algunos.<\/p>\n<p>Cambian bolsas por pa\u00f1ales<\/p>\n<p>Jocelyn y Maximiliano dejaron Huajuapan de Le\u00f3n, en Oaxaca, porque all\u00e1 hay mucha pobreza y a veces no hay ni para comer; tres a\u00f1os despu\u00e9s, aqu\u00ed en Culiac\u00e1n est\u00e1n en la misma situaci\u00f3n, tampoco tienen para comer; o est\u00e1n peor, porque ahora tienen a su hijo Andr\u00e9s de un a\u00f1o y medio de edad y ella un embarazo de siete meses.<\/p>\n<p>La pareja atiende un puesto ambulante de venta de bolsas y pulseras tejidas a mano en la entrada al estacionamiento de Sams Club Tres R\u00edos. Desde la semana pasada cambian sus productos por pa\u00f1ales etapa 4, toallitas h\u00famedas, comida o productos de limpieza.<\/p>\n<p>En su pueblo, en la regi\u00f3n mixteca, Maximiliano aprendi\u00f3 a tejer bolsas y pulseras por tradici\u00f3n familiar y las vend\u00eda, a eso se dedicaba, pero si algo hay all\u00e1 en Oaxaca es artesanos vendiendo sus productos.<\/p>\n<p>Debido a que hay mucho artesano y vend\u00edan poco y a veces no ten\u00edan ni para comer, se vinieron a Culiac\u00e1n. Y aqu\u00ed, dice Jocelyn, con la venta de bolsas y pulseras al menos sacaban para comer y pagar la renta y el agua y la luz, hasta hace algunas semanas.<\/p>\n<p>Con el inicio de la pandemia las ventas empezaron a bajar. Cuando el Gobierno orden\u00f3 el cierre de actividades no esenciales dejaron de salir a vender.<\/p>\n<p>La semana pasada, a pesar del riesgo de contagio, volvieron a instalar el puesto porque ya no ten\u00edan qu\u00e9 comer ni para pagar la renta. \u201cQue sea lo que Dios quiera\u201d, dice Jocelyn.<\/p>\n<p>Ahora cambian las bolsas que cuestan entre 150 y 200 pesos y pulseras con valor de 50 a 80 pesos, por comida o por pa\u00f1ales y toallitas h\u00famedas para Andr\u00e9s.<\/p>\n<p>Hay d\u00edas en que no hay ventas, y en otros a lo mucho venden dos bolsas. Parte de ese dinero lo dan de adelanto al casero por la renta que deben.<\/p>\n<p>Cuenta Jocelyn que la gente s\u00ed los ha apoyado con algunas cosas de despensa y pa\u00f1ales. \u201cHay gente de buen coraz\u00f3n que nos trae algo, pa\u00f1ales, toallitas h\u00famedas o algo de ropa\u201d, comenta.<\/p>\n<p>Las personas que los han apoyado lo han hecho solo por ayudarlos, dice, pues no han aceptado una pulsera o una bolsa a cambio.<\/p>\n<p>La pareja oaxaque\u00f1a seguir\u00e1 ofreciendo sus productos a cambio de comida o pa\u00f1ales mientras se regularizan las ventas, que esperan sea pronto porque otro hijo viene en camino.<\/p>\n<p>TRABAJADORAS DOM\u00c9STICAS. A la calle.<\/p>\n<p>El hambre puede m\u00e1s que la verg\u00fcenza<\/p>\n<p>Les da verg\u00fcenza, pero ah\u00ed andan. Se quedaron sin trabajo, sin dinero y sin comida y la necesidad las hace aguantarse la pena de sostener un cartel en el que piden ayuda o un bote para que depositen dinero.<\/p>\n<p>Son trabajadoras dom\u00e9sticas que desde hace tres semanas sus patronas las mandaron a descansar sin goce de sueldo. La justificaci\u00f3n fue que pod\u00edan llevar el virus del Covid-19 e infectar a la familia.<\/p>\n<p>\u201cNos dijeron que como somos de entrada por salida, entrabamos y sal\u00edamos a la casa todos los d\u00edas y que nos fu\u00e9ramos a resguardar, ten\u00edan miedo que fu\u00e9ramos a llevar el virus\u201d, expresa Isabel.<\/p>\n<p>Este grupo de 12 mujeres, todas son jefas de familia, ellas son la \u00fanica fuente de ingreso en sus casas.<\/p>\n<p>Desde la semana pasada, piden ayuda en el cruce de los bulevares Jes\u00fas Kumate y Aeropuerto, frente a la plaza Del Valle.<\/p>\n<p>Las mujeres se ven t\u00edmidas. Cuando el sem\u00e1foro se pone en rojo, dudan para caminar por entre los carros, algunas con un bote para que los choferes depositen dinero y otras con una pancarta con la frase \u201cnecesitamos de su apoyo, empleadas dom\u00e9sticas y jefas de familia desempleadas\u201d.<\/p>\n<p>\u201cNos quedamos sin trabajar y si nos da un poquito de verg\u00fcenza venir a pararnos aqu\u00ed, pero la necesidad fue muy grande porque ya no tuvimos m\u00e1s para donde arrancar y nos juntamos y con verg\u00fcenza y lo que quieran pero aqu\u00ed estamos\u201d, comenta Isabel.<\/p>\n<p>Ella no tiene ingreso econ\u00f3mico desde hace tres semanas y mantiene a su mam\u00e1 y a su hija.<\/p>\n<p>Cuando dejaron de trabajar se estuvieron echando la mano, si alguien por ejemplo no completaba para pagar el agua, entre todas juntaban; si a otra le hac\u00eda falta algo de comida, las que ten\u00edan le daban, pero despu\u00e9s de tres semanas sin ganar un peso todas est\u00e1n igual, sin dinero y sin comida.<\/p>\n<p>La gente les ha estado llevando algo de despensa, o comida ya preparada para que coman algo mientras est\u00e1n ah\u00ed o les dan desde un peso.<\/p>\n<p>Tienen la esperanza de seguir juntando los principal que es la comida; los pagos de renta o luz, dicen, ya despu\u00e9s ver\u00e1n c\u00f3mo le hacen.<\/p>\n<p>\u201cSomos madres de familia con hijos y no sabemos cu\u00e1nto tiempo va durar esto la verdad. Y la verdad es que no nos matar\u00e1 el virus pero s\u00ed nos va matar el hambre\u201d, expresa Isabel.<\/p>\n<p>MESEROS CULICHIS. Se acab\u00f3 la comida.<\/p>\n<p>Meseros, dos meses sin trabajar<\/p>\n<p>Mariel ya no carga charolas con comida o alimentos, hoy en sus manos trae una pancarta que dice \u201ccentro de acopio para meseros eventuales\u201d.<\/p>\n<p>Desde hace dos meses no tiene trabajo como mesera. Todos los eventos se cancelaron. En estos d\u00edas deber\u00eda estar en Hermosillo, trabajando en el palenque pero se suspendi\u00f3 y est\u00e1 en el cruce de Zapata y Bravo pidiendo despensa.<\/p>\n<p>Junto con ella, alrededor de 20 de sus compa\u00f1eros vestidos con el chaleco negro y la corbata, camisa blanca manga larga y pantal\u00f3n negro, esperan a que el sem\u00e1foro se ponga en rojo para pasar por entre los carros.<\/p>\n<p>Dice Mariel que son alrededor de 200 meseros eventuales los afectados. Ellos son los que sirven la comida y bebidas en las fiestas particulares, los que atienden en el palenque, en los estadios, en los conciertos.<\/p>\n<p>Desde marzo se quedaron sin trabajo porque se cancelaron todos los eventos y tambi\u00e9n sin ingresos porque ellos solo se dedican a \u201cmeserear\u201d.<\/p>\n<p>\u201cEs el \u00fanico trabajo que tenemos, nosotros si trabajamos ganamos, si no, no ganamos nada, m\u00e1s que nada nuestro trabajo es por propina. Muchos se fueron quedando sin trabajo y sin dinero porque la pareja, los dos eran meseros, y pagan renta, agua, luz, tiene ni\u00f1os, hay familias que nom\u00e1s son meseros\u201d, dice.<\/p>\n<p>Los meseros se organizan en turnos y por grupos de 20 \u00f3 30 para salir a la calle y lo que juntan lo reparten entre los m\u00e1s de 200.<\/p>\n<p>La semana pasada, hasta el jueves, hab\u00edan armado 25 despensas.<\/p>\n<p>Mariel ve un panorama muy angustiante para los pr\u00f3ximos meses porque duda que las actividades en las que ellos trabajan se reanuden pronto por ser eventos masivos.<\/p>\n<p>Por ejemplo, dice, despu\u00e9s del palenque de Hermosillo, algunos de sus compa\u00f1eros se iban a trabajar al de Tijuana y luego al de Mexicali y ya est\u00e1n cancelados.<\/p>\n<p>\u201cNos la estamos viendo negras todos, a muchos nos van a sacar de las casas porque no tenemos para pagar la renta pero mientras que no nos falte la comida, porque si no nos mata el Covid-19, nos va matar el hambre\u201d, expresa.<\/p>\n","protected":false},"excerpt":{"rendered":"<p>Rio Doce\/Alejandro Monjard\u00edn La falta de comida los sac\u00f3 a la calle. Rompieron el confinamiento por el hambre. En la medida que se prolonga la cuarentena, empiezan a salir a &hellip; <a href=\"https:\/\/www.grieta.org.mx\/index.php\/2020\/05\/20\/el-hambre-llega-a-las-calles-de-culiacan-desempleados-y-ambulantes-piden-ayuda\/\" class=\"more-link\">Leer m\u00e1s<\/a><\/p>\n","protected":false},"author":2,"featured_media":21928,"comment_status":"closed","ping_status":"closed","sticky":false,"template":"","format":"standard","meta":{"ngg_post_thumbnail":0,"_jetpack_newsletter_access":"","_jetpack_dont_email_post_to_subs":false,"_jetpack_newsletter_tier_id":0,"_jetpack_memberships_contains_paywalled_content":false,"_jetpack_memberships_contains_paid_content":false,"footnotes":""},"categories":[80,3253,30],"tags":[859],"class_list":["post-50146","post","type-post","status-publish","format-standard","has-post-thumbnail","hentry","category-cintillo","category-covid-19-en-sinaloa","category-sinaloa","tag-desempleo","entry"],"jetpack_featured_media_url":"https:\/\/www.grieta.org.mx\/wp-content\/uploads\/2018\/03\/14524434_1106112876131411_958039263622046936_o.jpg","jetpack_sharing_enabled":true,"jetpack_shortlink":"https:\/\/wp.me\/p7ZJR4-d2O","jetpack_likes_enabled":false,"jetpack-related-posts":[{"id":63887,"url":"https:\/\/www.grieta.org.mx\/index.php\/2022\/04\/02\/sin-seguridad-social-asi-laboran-99-de-las-trabajadoras-domesticas-en-edomex\/","url_meta":{"origin":50146,"position":0},"title":"Sin seguridad social, as\u00ed laboran 99% de las trabajadoras dom\u00e9sticas en Edomex","author":"grieta","date":"2 abril, 2022","format":false,"excerpt":"Redacci\u00f3n AD Noticias Hasta agosto del 2020, solo hab\u00eda 2 mil 601 trabajadoras del hogar en Edomex dadas de alta en el IMSS. El 30 de marzo se conmemora el D\u00eda Internacional de las Trabajadoras Dom\u00e9sticas. Un trabajo que realizan 249 mil 936 personas en el Edomex \u2013\u2013la mayor\u00eda mujeres\u2013\u2013,\u2026","rel":"","context":"En &quot;CINTILLO&quot;","block_context":{"text":"CINTILLO","link":"https:\/\/www.grieta.org.mx\/index.php\/category\/cintillo\/"},"img":{"alt_text":"","src":"https:\/\/i0.wp.com\/www.grieta.org.mx\/wp-content\/uploads\/2018\/03\/14524434_1106112876131411_958039263622046936_o.jpg?resize=350%2C200&ssl=1","width":350,"height":200,"srcset":"https:\/\/i0.wp.com\/www.grieta.org.mx\/wp-content\/uploads\/2018\/03\/14524434_1106112876131411_958039263622046936_o.jpg?resize=350%2C200&ssl=1 1x, https:\/\/i0.wp.com\/www.grieta.org.mx\/wp-content\/uploads\/2018\/03\/14524434_1106112876131411_958039263622046936_o.jpg?resize=525%2C300&ssl=1 1.5x, https:\/\/i0.wp.com\/www.grieta.org.mx\/wp-content\/uploads\/2018\/03\/14524434_1106112876131411_958039263622046936_o.jpg?resize=700%2C400&ssl=1 2x"},"classes":[]},{"id":70199,"url":"https:\/\/www.grieta.org.mx\/index.php\/2024\/10\/10\/familias-de-desaparecidos-protestan-en-culiacan-por-un-alto-a-la-violencia\/","url_meta":{"origin":50146,"position":1},"title":"Familias de desaparecidos protestan en Culiac\u00e1n por un alto a la violencia","author":"grieta","date":"10 octubre, 2024","format":false,"excerpt":"El Sol de Sinaloa Colectivos de madres buscadores, recorrieron las calles de Culiac\u00e1n desde Catedral hasta la Fiscal\u00eda General del Estado ante m\u00e1s de 190 casos de desaparici\u00f3n que se han presentado en el mes de septiembre Madres buscadoras y familiares de desaparecidos se manifestaron este jueves en la ciudad\u2026","rel":"","context":"En &quot;Desaparecidos en Sinaloa&quot;","block_context":{"text":"Desaparecidos en Sinaloa","link":"https:\/\/www.grieta.org.mx\/index.php\/category\/noticias-nacionales\/sinaloa\/desaparecidos-en-sinaloa\/"},"img":{"alt_text":"","src":"https:\/\/i0.wp.com\/www.grieta.org.mx\/wp-content\/uploads\/2024\/10\/imagen.jpg?resize=350%2C200&ssl=1","width":350,"height":200,"srcset":"https:\/\/i0.wp.com\/www.grieta.org.mx\/wp-content\/uploads\/2024\/10\/imagen.jpg?resize=350%2C200&ssl=1 1x, https:\/\/i0.wp.com\/www.grieta.org.mx\/wp-content\/uploads\/2024\/10\/imagen.jpg?resize=525%2C300&ssl=1 1.5x, https:\/\/i0.wp.com\/www.grieta.org.mx\/wp-content\/uploads\/2024\/10\/imagen.jpg?resize=700%2C400&ssl=1 2x"},"classes":[]},{"id":48266,"url":"https:\/\/www.grieta.org.mx\/index.php\/2020\/04\/17\/choferes-de-camiones-protestan-tras-primer-contagiado-de-covid-19-en-sinaloa\/","url_meta":{"origin":50146,"position":2},"title":"Ch\u00f3feres de camiones protestan tras primer contagiado de covid-19 en Sinaloa","author":"grieta","date":"17 abril, 2020","format":false,"excerpt":"BRIELA ALEJANDRA CASTRO BOJ\u00d3RQUEZ Gabriela Alejandra Castro Boj\u00f3rquez\/El Debate Foto: El Debate Sinaloa.- En protesta ante la vulnerabilidad que representa continuar trabajando con la pandemia de Covid-19, choferes de transporte urbano de diferentes partes de Sinaloa se manifiestan en gobierno del estado. Despu\u00e9s de la noticia del primer caso de\u2026","rel":"","context":"En &quot;CIG&quot;","block_context":{"text":"CIG","link":"https:\/\/www.grieta.org.mx\/index.php\/category\/cig\/"},"img":{"alt_text":"","src":"https:\/\/i0.wp.com\/www.grieta.org.mx\/wp-content\/uploads\/2020\/04\/sinaloa-1.jpg?resize=350%2C200&ssl=1","width":350,"height":200,"srcset":"https:\/\/i0.wp.com\/www.grieta.org.mx\/wp-content\/uploads\/2020\/04\/sinaloa-1.jpg?resize=350%2C200&ssl=1 1x, https:\/\/i0.wp.com\/www.grieta.org.mx\/wp-content\/uploads\/2020\/04\/sinaloa-1.jpg?resize=525%2C300&ssl=1 1.5x, https:\/\/i0.wp.com\/www.grieta.org.mx\/wp-content\/uploads\/2020\/04\/sinaloa-1.jpg?resize=700%2C400&ssl=1 2x"},"classes":[]},{"id":47212,"url":"https:\/\/www.grieta.org.mx\/index.php\/2020\/04\/04\/sinaloa-enfermeras-blanco-de-ataques-agreden-a-una-con-cloro\/","url_meta":{"origin":50146,"position":3},"title":"Sinaloa. Enfermeras, blanco de ataques; agreden a una con cloro.","author":"grieta","date":"4 abril, 2020","format":false,"excerpt":"El Universal\/Javier Cabrera Mart\u00ednez Culiac\u00e1n, Sin.\u2013 Enfermeras de los hospitales son v\u00edctimas de agresiones verbales en las calles, incluso, una de ellas, identificada como Imelda, adscrita a la cl\u00ednica del Instituto Mexicano del Seguro Social, en el fraccionamiento Terranova de Culiac\u00e1n, sufri\u00f3 un ataque con cloro por un desconocido. Las\u2026","rel":"","context":"En &quot;CINTILLO&quot;","block_context":{"text":"CINTILLO","link":"https:\/\/www.grieta.org.mx\/index.php\/category\/cintillo\/"},"img":{"alt_text":"","src":"https:\/\/i0.wp.com\/www.grieta.org.mx\/wp-content\/uploads\/2020\/04\/sinaloa.jpg?resize=350%2C200&ssl=1","width":350,"height":200,"srcset":"https:\/\/i0.wp.com\/www.grieta.org.mx\/wp-content\/uploads\/2020\/04\/sinaloa.jpg?resize=350%2C200&ssl=1 1x, https:\/\/i0.wp.com\/www.grieta.org.mx\/wp-content\/uploads\/2020\/04\/sinaloa.jpg?resize=525%2C300&ssl=1 1.5x, https:\/\/i0.wp.com\/www.grieta.org.mx\/wp-content\/uploads\/2020\/04\/sinaloa.jpg?resize=700%2C400&ssl=1 2x"},"classes":[]},{"id":25893,"url":"https:\/\/www.grieta.org.mx\/index.php\/2018\/08\/27\/familiares-de-desaparecidos-no-dejaran-de-exigir-justicia-sinaloa\/","url_meta":{"origin":50146,"position":4},"title":"Familiares de desaparecidos no dejar\u00e1n de exigir justicia (Sinaloa)","author":"grieta","date":"27 agosto, 2018","format":false,"excerpt":"Retrato de los 43 estudiantes desaparecidos de Ayotzinapa en la Plazuela \u00c1lvaro Obreg\u00f3n en Culiac\u00e1n, Sinaloa. | Foto: El Debate Al lugar acudieron cientos de familiares de personas desaparecidas en todo el estado Francisca Mart\u00ednez Culiac\u00e1n, Sinaloa.- Unidos por la angustia y el dolor cada 26 de cada mes, decenas\u2026","rel":"","context":"En &quot;CINTILLO&quot;","block_context":{"text":"CINTILLO","link":"https:\/\/www.grieta.org.mx\/index.php\/category\/cintillo\/"},"img":{"alt_text":"","src":"https:\/\/i0.wp.com\/www.grieta.org.mx\/wp-content\/uploads\/2018\/08\/ayotzi_desaparecidos.jpg_539665225.jpg?resize=350%2C200&ssl=1","width":350,"height":200,"srcset":"https:\/\/i0.wp.com\/www.grieta.org.mx\/wp-content\/uploads\/2018\/08\/ayotzi_desaparecidos.jpg_539665225.jpg?resize=350%2C200&ssl=1 1x, https:\/\/i0.wp.com\/www.grieta.org.mx\/wp-content\/uploads\/2018\/08\/ayotzi_desaparecidos.jpg_539665225.jpg?resize=525%2C300&ssl=1 1.5x"},"classes":[]},{"id":35849,"url":"https:\/\/www.grieta.org.mx\/index.php\/2019\/07\/02\/tienen-tres-dias-sin-energia-electrica-en-ejido-argentina-2-sinaloa\/","url_meta":{"origin":50146,"position":5},"title":"Tienen tres d\u00edas sin energ\u00eda el\u00e9ctrica en ejido Argentina 2 (Sinaloa)","author":"grieta","date":"2 julio, 2019","format":false,"excerpt":"Foto: El Debate Culiac\u00e1n, Sinaloa.- Vecinos del ejido Argentina 2 dicen estar desesperados porque desde el pasado viernes \u201ctron\u00f3\u201d un transformador que dej\u00f3 sin servicio de energ\u00eda el\u00e9ctrica a varios domicilios de la comunidad. Durante el mediod\u00eda de ayer, los afectados comentaron estar viviendo un infierno porque no soportan el\u2026","rel":"","context":"En &quot;CINTILLO&quot;","block_context":{"text":"CINTILLO","link":"https:\/\/www.grieta.org.mx\/index.php\/category\/cintillo\/"},"img":{"alt_text":"","src":"https:\/\/i0.wp.com\/www.grieta.org.mx\/wp-content\/uploads\/2019\/07\/tienen_tres_dxas_sin_energxa_elxctrica_en_ejido_argentina_2.jpg_219914347.jpg?resize=350%2C200&ssl=1","width":350,"height":200,"srcset":"https:\/\/i0.wp.com\/www.grieta.org.mx\/wp-content\/uploads\/2019\/07\/tienen_tres_dxas_sin_energxa_elxctrica_en_ejido_argentina_2.jpg_219914347.jpg?resize=350%2C200&ssl=1 1x, https:\/\/i0.wp.com\/www.grieta.org.mx\/wp-content\/uploads\/2019\/07\/tienen_tres_dxas_sin_energxa_elxctrica_en_ejido_argentina_2.jpg_219914347.jpg?resize=525%2C300&ssl=1 1.5x, https:\/\/i0.wp.com\/www.grieta.org.mx\/wp-content\/uploads\/2019\/07\/tienen_tres_dxas_sin_energxa_elxctrica_en_ejido_argentina_2.jpg_219914347.jpg?resize=700%2C400&ssl=1 2x"},"classes":[]}],"_links":{"self":[{"href":"https:\/\/www.grieta.org.mx\/index.php\/wp-json\/wp\/v2\/posts\/50146","targetHints":{"allow":["GET"]}}],"collection":[{"href":"https:\/\/www.grieta.org.mx\/index.php\/wp-json\/wp\/v2\/posts"}],"about":[{"href":"https:\/\/www.grieta.org.mx\/index.php\/wp-json\/wp\/v2\/types\/post"}],"author":[{"embeddable":true,"href":"https:\/\/www.grieta.org.mx\/index.php\/wp-json\/wp\/v2\/users\/2"}],"replies":[{"embeddable":true,"href":"https:\/\/www.grieta.org.mx\/index.php\/wp-json\/wp\/v2\/comments?post=50146"}],"version-history":[{"count":1,"href":"https:\/\/www.grieta.org.mx\/index.php\/wp-json\/wp\/v2\/posts\/50146\/revisions"}],"predecessor-version":[{"id":50148,"href":"https:\/\/www.grieta.org.mx\/index.php\/wp-json\/wp\/v2\/posts\/50146\/revisions\/50148"}],"wp:featuredmedia":[{"embeddable":true,"href":"https:\/\/www.grieta.org.mx\/index.php\/wp-json\/wp\/v2\/media\/21928"}],"wp:attachment":[{"href":"https:\/\/www.grieta.org.mx\/index.php\/wp-json\/wp\/v2\/media?parent=50146"}],"wp:term":[{"taxonomy":"category","embeddable":true,"href":"https:\/\/www.grieta.org.mx\/index.php\/wp-json\/wp\/v2\/categories?post=50146"},{"taxonomy":"post_tag","embeddable":true,"href":"https:\/\/www.grieta.org.mx\/index.php\/wp-json\/wp\/v2\/tags?post=50146"}],"curies":[{"name":"wp","href":"https:\/\/api.w.org\/{rel}","templated":true}]}}