{"id":50141,"date":"2020-06-02T18:36:22","date_gmt":"2020-06-02T23:36:22","guid":{"rendered":"http:\/\/www.grieta.org.mx\/?p=50141"},"modified":"2020-06-03T16:07:29","modified_gmt":"2020-06-03T21:07:29","slug":"reanuda-lear-su-produccion-en-la-zona-donde-se-desato-el-contagio-ciudad-juarez","status":"publish","type":"post","link":"https:\/\/www.grieta.org.mx\/index.php\/2020\/06\/02\/reanuda-lear-su-produccion-en-la-zona-donde-se-desato-el-contagio-ciudad-juarez\/","title":{"rendered":"Reanuda Lear su producci\u00f3n en la zona donde se desat\u00f3 el contagio (Ciudad Ju\u00e1rez, Chihuahua)"},"content":{"rendered":"<p>La Verdad<\/p>\n<p><strong>Gabriela Minj\u00e1res<\/strong>\/<strong>Roc\u00edo Gallegos<\/strong><\/p>\n<p><img loading=\"lazy\" decoding=\"async\" data-attachment-id=\"50143\" data-permalink=\"https:\/\/www.grieta.org.mx\/index.php\/2020\/06\/02\/reanuda-lear-su-produccion-en-la-zona-donde-se-desato-el-contagio-ciudad-juarez\/foto-1-obreros-regresan-a-lear_-del-video\/\" data-orig-file=\"https:\/\/www.grieta.org.mx\/wp-content\/uploads\/2020\/06\/Foto-1-Obreros-regresan-a-Lear_-del-video.jpg\" data-orig-size=\"1366,568\" data-comments-opened=\"0\" data-image-meta=\"{&quot;aperture&quot;:&quot;0&quot;,&quot;credit&quot;:&quot;&quot;,&quot;camera&quot;:&quot;&quot;,&quot;caption&quot;:&quot;&quot;,&quot;created_timestamp&quot;:&quot;1590995593&quot;,&quot;copyright&quot;:&quot;&quot;,&quot;focal_length&quot;:&quot;0&quot;,&quot;iso&quot;:&quot;0&quot;,&quot;shutter_speed&quot;:&quot;0&quot;,&quot;title&quot;:&quot;&quot;,&quot;orientation&quot;:&quot;1&quot;}\" data-image-title=\"Foto-1-Obreros-regresan-a-Lear_-del-video\" data-image-description=\"\" data-image-caption=\"\" data-medium-file=\"https:\/\/www.grieta.org.mx\/wp-content\/uploads\/2020\/06\/Foto-1-Obreros-regresan-a-Lear_-del-video-300x125.jpg\" data-large-file=\"https:\/\/www.grieta.org.mx\/wp-content\/uploads\/2020\/06\/Foto-1-Obreros-regresan-a-Lear_-del-video-1024x426.jpg\" class=\"aligncenter wp-image-50143\" src=\"http:\/\/www.grieta.org.mx\/wp-content\/uploads\/2020\/06\/Foto-1-Obreros-regresan-a-Lear_-del-video.jpg\" alt=\"\" width=\"796\" height=\"332\" srcset=\"https:\/\/www.grieta.org.mx\/wp-content\/uploads\/2020\/06\/Foto-1-Obreros-regresan-a-Lear_-del-video.jpg 1366w, https:\/\/www.grieta.org.mx\/wp-content\/uploads\/2020\/06\/Foto-1-Obreros-regresan-a-Lear_-del-video-300x125.jpg 300w, https:\/\/www.grieta.org.mx\/wp-content\/uploads\/2020\/06\/Foto-1-Obreros-regresan-a-Lear_-del-video-768x319.jpg 768w, https:\/\/www.grieta.org.mx\/wp-content\/uploads\/2020\/06\/Foto-1-Obreros-regresan-a-Lear_-del-video-1024x426.jpg 1024w, https:\/\/www.grieta.org.mx\/wp-content\/uploads\/2020\/06\/Foto-1-Obreros-regresan-a-Lear_-del-video-1202x500.jpg 1202w\" sizes=\"auto, (max-width: 796px) 100vw, 796px\" \/><\/p>\n<p>Ciudad Ju\u00e1rez \u2013 La maquiladora en la que se tiene documentado el brote de coronavirus (COVID-19) con mayor letalidad en Ciudad Ju\u00e1rez, Lear Corporation Planta R\u00edo Bravo, reanud\u00f3 operaciones el fin de semana, d\u00edas antes de la fecha establecida por el gobierno estatal para que la industria del giro automotriz se reactivara a partir del 1 de junio con ciertas medidas preventivas.<\/p>\n<p>A 60 d\u00edas de haber frenado la producci\u00f3n, tiempo en el que se tiene documentada la muerte de 18 trabajadores de la planta R\u00edo Bravo como consecuencia del contagio, la empresa multinacional reinici\u00f3 las operaciones con turnos especiales de 10 y 12 horas que abri\u00f3 el s\u00e1bado y el domingo, por los que ofreci\u00f3 un bono de 500 pesos a quienes se presentaran a trabajar.<\/p>\n<p>Las operaciones reiniciaron en el \u00e1rea BR, donde se producen asientos para carros de la marca Mercedes-Benz, justo el lugar que se convirti\u00f3 en la zona cero del contagio, donde de acuerdo con trabajadores y familiares de v\u00edctimas presuntamente se desat\u00f3 el brote.<\/p>\n<p>Aunque tambi\u00e9n, de acuerdo con trabajadores, en la planta La Cuesta se reactiv\u00f3 la producci\u00f3n en algunos m\u00f3dulos con la finalidad de entregar un pedido urgente de Mercedes-Benz, por lo que hasta ah\u00ed llevaron a un grupo de trabajadores de R\u00edo Bravo para guiar la elaboraci\u00f3n del producto.<\/p>\n<p>\u201cVenimos porque nos necesitan, nos pidieron trabajar para sacar un pedido especial y aqu\u00ed estamos, claro que tenemos mucho miedo, pero la necesidad nos hace estar aqu\u00ed\u201d, dijo una empleada de Lear R\u00edo Bravo.<\/p>\n<p>Entrevistada mientras caminaba junto a otros compa\u00f1eros para llegar a la planta que se localiza cerca del puente internacional Zaragoza-Ysleta, la obrera coment\u00f3 que era tal el miedo de regresar a trabajar que sent\u00eda un temblor que le recorr\u00eda el cuerpo, pero sab\u00eda que deb\u00eda sobreponerse porque estaba a unos pasos de llegar y a unos minutos de iniciar la jornada laboral programada para las ocho de la noche del s\u00e1bado.<\/p>\n<p>\u201cNo hay de otra\u201d, agreg\u00f3 con resignaci\u00f3n la mujer que portaba su bata de trabajo y un cubrebocas casero.<\/p>\n<p>Como ella llegaron uno 100 trabajadores que se trasladaron en poco m\u00e1s de 50 camiones de transporte de personal que entraron uno a uno a la planta para bajarlos frente a la puerta de acceso, donde los esperaba una persona que los conduc\u00eda a una carpa localizada en el exterior.<\/p>\n<p>Otros empleados, los menos, llegaron por su propio pie o en autom\u00f3viles particulares, donde guardias de seguridad les daban acceso, les tomaban la temperatura y ofrec\u00edan cubrebocas en caso de no llevar uno puesto.<\/p>\n<p>La mayor\u00eda del personal que acudi\u00f3 a trabajar acudi\u00f3 con cubrebocas, caretas, guantes y lentes, equipo que la empresa les entreg\u00f3 durante los cursos de entrenamiento de regreso seguro al trabajo que les impartieron durante el mes de mayo.<\/p>\n<p>En el exterior, una persona de la empresa que transporta a los obreros tambi\u00e9n dotaba de caretas, cubrebocas, guantes y hasta clorox a los choferes de los camiones que ofrecen el servicio a Lear.<\/p>\n<div class=\"wp-block-image\">\n<figure class=\"alignright size-large is-resized\"><img loading=\"lazy\" decoding=\"async\" class=\"wp-image-12124\" src=\"https:\/\/laverdadjuarez.com\/wp-content\/uploads\/2020\/06\/Foto-de-turno-extra-1.jpg\" sizes=\"auto, (max-width: 315px) 100vw, 315px\" srcset=\"https:\/\/laverdadjuarez.com\/wp-content\/uploads\/2020\/06\/Foto-de-turno-extra-1.jpg 558w, https:\/\/laverdadjuarez.com\/wp-content\/uploads\/2020\/06\/Foto-de-turno-extra-1-300x273.jpg 300w\" alt=\"\" width=\"315\" height=\"286\" \/><figcaption>Mensaje de Lear para llamar a sus trabajadores al turno especial con el que reiniciaron actividades. Fotograf\u00eda: Cortes\u00eda<\/figcaption><\/figure>\n<\/div>\n<p>Choferes comentaron que recorrieron las rutas que normalmente realizan y en algunas de las unidades solo trasladaron a uno o dos trabajadores, aunque tambi\u00e9n hubo algunos en los que no subi\u00f3 ning\u00fan pasajero y en unos cuantos se vio hasta cuatro pasajeros.<\/p>\n<p>De acuerdo con el anuncio que la empresa circul\u00f3 v\u00eda telef\u00f3nica y en redes sociales a los trabajadores, la planta R\u00edo Bravo realiz\u00f3 tres turnos extras, el s\u00e1bado 30 de mayo de ocho de la noche a las seis de la ma\u00f1ana; y el domingo 31, en dos horarios: de seis de la ma\u00f1ana a seis de la tarde; y de seis de la tarde a las seis de la ma\u00f1ana.<\/p>\n<p>El mensaje dirigido a los l\u00edderes de grupo resaltaba que recibir\u00edan 500 pesos de bono por cada turno trabajado, solo ped\u00edan esperar que los supervisores y gerentes de producci\u00f3n los llamaran para acudir a los tiempos extras.<\/p>\n<p>Adem\u00e1s, en el anuncio firmado por el departamento de Recursos Humanos, se mencionaba que para poder asistir al turno extra deb\u00edan haber tomado el entrenamiento \u201cregreso seguro\u201d que d\u00edas antes realizaron en todas las plantas y que el supervisor o gente les haya pedido que asistieran.<\/p>\n<p>La Verdad pidi\u00f3 el s\u00e1bado una entrevista con representantes de la planta, pero la solicitud no fue atendida.<\/p>\n<p>Sin embargo, de acuerdo con directivos de Lear que pidieron no ser identificados por no tener autorizaci\u00f3n para dar informaci\u00f3n, se mencion\u00f3 que fue poco el personal que acudi\u00f3 al turno especial que abrieron el fin de semana, ya que convocaron a m\u00e1s trabajadores para sacar el pedido, pero no acudieron.<\/p>\n<p>\u201cLa respuesta fue escasa, acudi\u00f3 menos gente de la que se requer\u00eda\u201d, dijeron.<\/p>\n<p>Confirmaron que personal de R\u00edo Bravo fue trasladado a la planta La Cuesta, donde tambi\u00e9n se convoc\u00f3 a turnos extras para sacar con mayor rapidez el proyecto del contrato con Mercedes-Benz, empresa alemana fabricante de veh\u00edculos de lujo.<\/p>\n<p>\u201cSe llevaron a unos cuantos para que guiaran la producci\u00f3n en La Cuesta, porque ellos son los que realizan ese trabajo\u201d, se inform\u00f3.<\/p>\n<p>Se pregunt\u00f3 a la secretaria estatal del Trabajo y Previsi\u00f3n Social, Ana Luisa Herrera Lazo, c\u00f3mo proceder\u00edan con las empresas que se reactivaran antes del 1 de junio, como lo hizo Lear en algunas de sus plantas, pero no respondi\u00f3 al cuestionamiento que se le hizo en la conferencia virtual en la que particip\u00f3 el s\u00e1bado.<\/p>\n<h3 class=\"has-text-align-center\"><strong>OBREROS TEMEN REGRESAR A TRABAJAR<\/strong><\/h3>\n<p>Mientras que a partir de este lunes 1 de junio el Gobierno del Estado acord\u00f3 que la industria automotriz y aeroespacial en Chihuahua pod\u00eda reanudar actividades de manera parcial, un 30 por ciento de su capacidad, trabajadores de Lear manifiestan tener miedo de contraer el virus en las l\u00edneas de producci\u00f3n, como ocurri\u00f3 en marzo.<\/p>\n<p>\u201cS\u00ed pienso regresar porque necesito mucho el trabajo, pero tengo mucho temor, creo que todos, no solamente yo, todos tenemos miedo, es como dicen, el virus sigue ah\u00ed y en donde quiera, pero m\u00e1s ah\u00ed donde fue el brote\u201d, dijo una empleada de la planta R\u00edo Bravo que a\u00fan no sabe la fecha en la que se reincorporara porque se encuentra entre el grupo de personas vulnerables por tener un hijo con problemas de salud.<\/p>\n<p>Otro trabajador agreg\u00f3 que tambi\u00e9n tiene miedo, que su familia le ha pedido que no vuelva a la empresa, que busque otro empleo, pero teme no encontrarlo en las condiciones actuales derivadas de la pandemia, por la cual se suspendieron la mayor\u00eda de las actividades econ\u00f3micas.<\/p>\n<p>\u201cCuando fui al entrenamiento me dio mucho miedo, no nada m\u00e1s a m\u00ed, casi a todos los que fuimos, nos dio mucho miedo entrar a la planta, todo el tiempo que estuve ah\u00ed anduve con unos nervios, pero ahorita no hay trabajo y si renuncio me van a dar bien poquito dinero\u201d, coment\u00f3.<\/p>\n<p>Los obreros agregaron que a la fecha no saben cu\u00e1ntos compa\u00f1eros murieron y cu\u00e1ntos resultaron contagiados, porque en la empresa no les informaron antes ni durante los cursos que les dieron para regresar.<\/p>\n<p>Solo les dijeron que hab\u00edan fallecido varios de sus compa\u00f1eros y que por eso hab\u00edan tomado una serie de medidas al interior de la planta para evitar que vuelva a presentarse un brote como el que se present\u00f3 en marzo, informaron.<\/p>\n<p>Adem\u00e1s del kit que les dieron con la finalidad de prevenir otro brote, el cual contiene cubrebocas, careta, lentes, guantes, gel antibacterial, toallas desinfectantes, term\u00f3metro y jabones en una mochila mediana que les pidieron usar porque no los dejar\u00e1n utilizar los casilleros, en la empresa establecieron una serie de medidas.<\/p>\n<p>Por ejemplo, contaron, en todas las l\u00edneas de producci\u00f3n colocaron separadores de pl\u00e1stico para evitar el contacto entre el personal, con lo que dejaron m\u00f3dulos individuales que no les permitir\u00e1 ni ver a sus compa\u00f1eros.<\/p>\n<p>\u201cLas m\u00e1quinas est\u00e1n completamente cerradas, no se puede ver ni para enfrente ni para los lados, hicieron como peque\u00f1os cuartos de pl\u00e1stico blanco, unos cubos donde solo puede estar una persona\u201d, explicaron.<\/p>\n<p>Agregaron que algo similar hicieron en la cafeter\u00eda, donde colocaron separadores en las mesas para dividirlas en cuatro y les prohibieron platicar durante el horario de comida o estar en grupo.<\/p>\n<p>Tambi\u00e9n, les anunciaron que cada dos horas van a parar la producci\u00f3n para limpiar las m\u00e1quinas y los objetos con los que trabajan, mientras que en los camiones de transporte de personal tambi\u00e9n les asignaron lugares para evitar que est\u00e9n juntos.<\/p>\n<p>Las adecuaciones en las plantas se empezaron a realizar a finales de abril por personal de mantenimiento, los que tambi\u00e9n se encargaron de desinfectar el edificio, como consta en videos difundidos en redes sociales por los mismos trabajadores.<\/p>\n<p>\u201cSon muchas medidas preventivas las que se han tomado ahora, sabemos que son para el bienestar de uno como trabajador, pero hay cosas que son muy exageradas, reglas que nos impusieron y que tenemos que acatar porque nos advirtieron que el que no cumpla a la primera se har\u00e1 una llamada de atenci\u00f3n verbal, a la segunda por escrito y a la tercera es despido\u201d, expusieron.<\/p>\n<p>Mencionaron que los representantes sindicales no han estado en contacto con ellos, que no siquiera les han enviado alg\u00fan comunicado o aviso v\u00eda telef\u00f3nica.<\/p>\n<p>El sindicato que representa a los trabajadores de las plantas de costura de Lear, como R\u00edo Bravo y La Cuesta, pertenece a la Confederaci\u00f3n de Trabajadores de M\u00e9xico (CTM), mientras que los de arneses a la Confederaci\u00f3n Revolucionaria de Obreros y Campesinos (CROC).<\/p>\n<p>El secretario General de la CTM en Ciudad Ju\u00e1rez, Jes\u00fas Jos\u00e9 D\u00edaz Mon\u00e1rrez, no respondi\u00f3 a las llamadas telef\u00f3nicas para conocer sobre las acciones de representaci\u00f3n que han realizado a favor de los trabajadores.<\/p>\n<p>Empleados de otras plantas de Lear en la ciudad, como Monarca y Ju\u00e1rez, ambas de arneses y donde los representantes sindicales son de la CROC, mencionaron que durante el periodo en el que suspendieron las actividades laborales recibieron llamadas telef\u00f3nicas y mensajes de sus l\u00edderes para conocer su estado de salud y el de sus familiares, as\u00ed como para informarles sobre las fechas previstas para regresar a trabajar.<\/p>\n<p>En estas condiciones este lunes se reanudan las actividades de manera parcial en Lear, empresa estadounidense que en Ciudad Ju\u00e1rez cuenta con 24 mil empleados en 10 plantas, as\u00ed como en otras f\u00e1bricas de la industria automotriz y aeroespacial, consideradas nuevas actividades esenciales en Chihuahua en la etapa actual.<\/p>\n<p>Se estima que a partir de este lunes unos 50 mil trabajadores, que representan el 30 por ciento del aforo de las nuevas actividades esenciales, regresar\u00e1n a trabajar en el estado, dio a conocer la secretaria estatal del Trabajo.<\/p>\n<p>Sin embargo, tan solo algunos de los trabajadores de Lear que fueron entrevistados comentaron que en su c\u00edrculo inmediato saben de hasta ocho o 10 personas que no piensan regresar a trabajar por temor a contagiarse de coronavirus en la maquiladora.<\/p>\n<p>\u201cMuchos nos han dicho que no van a regresar, sobre todo los que conoc\u00edan directamente a las personas que fallecieron, yo no tengo de otra, pero voy a ver c\u00f3mo siguen las cosas en la planta y el empleo en Ju\u00e1rez para decidir qu\u00e9 voy a hacer\u201d, dice una de las trabajadoras de Lear R\u00edo Bravo.<\/p>\n<p><a href=\"https:\/\/laverdadjuarez.com\/index.php\/2020\/06\/01\/reanuda-lear-su-produccion-en-la-zona-donde-se-desato-el-contagio\/\u00a0\">https:\/\/laverdadjuarez.com\/index.php\/2020\/06\/01\/reanuda-lear-su-produccion-en-la-zona-donde-se-desato-el-contagio\/\u00a0<\/a><\/p>\n","protected":false},"excerpt":{"rendered":"<p>La Verdad Gabriela Minj\u00e1res\/Roc\u00edo Gallegos Ciudad Ju\u00e1rez \u2013 La maquiladora en la que se tiene documentado el brote de coronavirus (COVID-19) con mayor letalidad en Ciudad Ju\u00e1rez, Lear Corporation Planta &hellip; <a href=\"https:\/\/www.grieta.org.mx\/index.php\/2020\/06\/02\/reanuda-lear-su-produccion-en-la-zona-donde-se-desato-el-contagio-ciudad-juarez\/\" class=\"more-link\">Leer m\u00e1s<\/a><\/p>\n","protected":false},"author":2,"featured_media":50143,"comment_status":"closed","ping_status":"closed","sticky":false,"template":"","format":"standard","meta":{"ngg_post_thumbnail":0,"_jetpack_newsletter_access":"","_jetpack_dont_email_post_to_subs":false,"_jetpack_newsletter_tier_id":0,"_jetpack_memberships_contains_paywalled_content":false,"_jetpack_memberships_contains_paid_content":false,"footnotes":""},"categories":[12,80,1398,3244],"tags":[326],"class_list":["post-50141","post","type-post","status-publish","format-standard","has-post-thumbnail","hentry","category-chihuahua","category-cintillo","category-conflictos-laborales-en-chihuahua","category-covid-19-en-chihuahua","tag-maquila","entry"],"jetpack_featured_media_url":"https:\/\/www.grieta.org.mx\/wp-content\/uploads\/2020\/06\/Foto-1-Obreros-regresan-a-Lear_-del-video.jpg","jetpack_sharing_enabled":true,"jetpack_shortlink":"https:\/\/wp.me\/p7ZJR4-d2J","jetpack_likes_enabled":false,"jetpack-related-posts":[{"id":48003,"url":"https:\/\/www.grieta.org.mx\/index.php\/2020\/04\/21\/suman-cuatro-brotes-de-covid-19-en-maquilas-obligan-el-cierre-de-14-empresas-ciudad-juarez\/","url_meta":{"origin":50141,"position":0},"title":"Suman cuatro brotes de COVID-19 en maquilas; obligan el cierre de 14 empresas (Ciudad Ju\u00e1rez)","author":"grieta","date":"21 abril, 2020","format":false,"excerpt":"Roc\u00edo Gallegos\/La Verdad Ju\u00e1rez FOTOGRAF\u00cdA: ALEJANDRO S\u00c1NCHEZ Ciudad Ju\u00e1rez \u2013Los contagios por COVID-19 detectados en los centros de trabajo van en aumento en la ciudad. Arturo Valenzuela Zorrilla, director m\u00e9dico de la Zona Norte, report\u00f3 este lunes que se han registrado cuatro brotes en maquiladoras del estado de Chihuahua, de\u2026","rel":"","context":"En &quot;Chihuahua&quot;","block_context":{"text":"Chihuahua","link":"https:\/\/www.grieta.org.mx\/index.php\/category\/noticias-nacionales\/chihuahua\/"},"img":{"alt_text":"","src":"https:\/\/i0.wp.com\/www.grieta.org.mx\/wp-content\/uploads\/2020\/04\/Foto-Paro-en-Electrocomponentes-Parque-JU%C3%81REZ_Alejandro-S%C3%A1nchez-1536x1152.jpg?resize=350%2C200&ssl=1","width":350,"height":200,"srcset":"https:\/\/i0.wp.com\/www.grieta.org.mx\/wp-content\/uploads\/2020\/04\/Foto-Paro-en-Electrocomponentes-Parque-JU%C3%81REZ_Alejandro-S%C3%A1nchez-1536x1152.jpg?resize=350%2C200&ssl=1 1x, https:\/\/i0.wp.com\/www.grieta.org.mx\/wp-content\/uploads\/2020\/04\/Foto-Paro-en-Electrocomponentes-Parque-JU%C3%81REZ_Alejandro-S%C3%A1nchez-1536x1152.jpg?resize=525%2C300&ssl=1 1.5x, https:\/\/i0.wp.com\/www.grieta.org.mx\/wp-content\/uploads\/2020\/04\/Foto-Paro-en-Electrocomponentes-Parque-JU%C3%81REZ_Alejandro-S%C3%A1nchez-1536x1152.jpg?resize=700%2C400&ssl=1 2x, https:\/\/i0.wp.com\/www.grieta.org.mx\/wp-content\/uploads\/2020\/04\/Foto-Paro-en-Electrocomponentes-Parque-JU%C3%81REZ_Alejandro-S%C3%A1nchez-1536x1152.jpg?resize=1050%2C600&ssl=1 3x, https:\/\/i0.wp.com\/www.grieta.org.mx\/wp-content\/uploads\/2020\/04\/Foto-Paro-en-Electrocomponentes-Parque-JU%C3%81REZ_Alejandro-S%C3%A1nchez-1536x1152.jpg?resize=1400%2C800&ssl=1 4x"},"classes":[]},{"id":48573,"url":"https:\/\/www.grieta.org.mx\/index.php\/2020\/05\/04\/juarez-mueren-6-obreros-de-syncreon-por-covid-19\/","url_meta":{"origin":50141,"position":1},"title":"Ju\u00e1rez: mueren 6 obreros de Syncreon, por Covid-19","author":"grieta","date":"4 mayo, 2020","format":false,"excerpt":"La Jornada\/Rub\u00e9n Villalpando, Foto: La Jornada Ciudad Ju\u00e1rez. Chih., En lo que ser\u00eda el segundo mayor brote de Covid-19 en las plantas maquiladoras de Ciudad Ju\u00e1rez, seis empleados de la empresa Syncreon Borderland murieron en d\u00edas recientes, informaron obreros y familiares de los fallecidos. Un trabajador de la empresa referida,\u2026","rel":"","context":"En &quot;Chihuahua&quot;","block_context":{"text":"Chihuahua","link":"https:\/\/www.grieta.org.mx\/index.php\/category\/noticias-nacionales\/chihuahua\/"},"img":{"alt_text":"","src":"https:\/\/i0.wp.com\/www.grieta.org.mx\/wp-content\/uploads\/2020\/05\/image_large.jpeg?resize=350%2C200&ssl=1","width":350,"height":200},"classes":[]},{"id":35505,"url":"https:\/\/www.grieta.org.mx\/index.php\/2019\/06\/20\/galeria-migrantes-cruzan-el-rio-bravo-desafian-a-la-guardia-nacional-chihuahua\/","url_meta":{"origin":50141,"position":2},"title":"Galer\u00eda: Migrantes cruzan el r\u00edo Bravo, desaf\u00edan a la Guardia Nacional (Chihuahua)","author":"grieta","date":"20 junio, 2019","format":false,"excerpt":"Fotograf\u00edas: Rey R. Jauregui\/ LA VERDAD Ciudad Ju\u00e1rez \u2013 Trepados a la estructura ferroviaria binacional conocida como el puente negro o resistiendo el afluente del r\u00edo Bravo, los migrantes extranjeros contin\u00faan su trayecto hacia Estados Unido por Ciudad Ju\u00e1rez, en un franco desaf\u00edo a la custodia que mantienen elementos militarizados\u2026","rel":"","context":"En &quot;Chihuahua&quot;","block_context":{"text":"Chihuahua","link":"https:\/\/www.grieta.org.mx\/index.php\/category\/noticias-nacionales\/chihuahua\/"},"img":{"alt_text":"","src":"https:\/\/i0.wp.com\/www.grieta.org.mx\/wp-content\/uploads\/2019\/06\/Mujer-y-adolescente-migrate-Rey-R.-Jauregui-1000x600.jpeg?resize=350%2C200&ssl=1","width":350,"height":200,"srcset":"https:\/\/i0.wp.com\/www.grieta.org.mx\/wp-content\/uploads\/2019\/06\/Mujer-y-adolescente-migrate-Rey-R.-Jauregui-1000x600.jpeg?resize=350%2C200&ssl=1 1x, https:\/\/i0.wp.com\/www.grieta.org.mx\/wp-content\/uploads\/2019\/06\/Mujer-y-adolescente-migrate-Rey-R.-Jauregui-1000x600.jpeg?resize=525%2C300&ssl=1 1.5x, https:\/\/i0.wp.com\/www.grieta.org.mx\/wp-content\/uploads\/2019\/06\/Mujer-y-adolescente-migrate-Rey-R.-Jauregui-1000x600.jpeg?resize=700%2C400&ssl=1 2x"},"classes":[]},{"id":51033,"url":"https:\/\/www.grieta.org.mx\/index.php\/2020\/06\/15\/indiferencia-gubernamental-y-empresarial-expone-a-obreros-de-maquilas-al-covid-19-chihuahua\/","url_meta":{"origin":50141,"position":3},"title":"Indiferencia gubernamental y empresarial expone a obreros de maquilas al Covid-19 (Chihuahua)","author":"grieta","date":"15 junio, 2020","format":false,"excerpt":"Foto: Raichali Patricia Mayorga\/Ra\u00edchali CIUDAD DE M\u00c9XICO. La pandemia que desat\u00f3 el nuevo coronavirus evidenci\u00f3 el desprecio del empresariado y el gobierno hacia los obreros de la industria manufacturera en Ciudad Ju\u00e1rez. Se les ocultaron las medidas sanitarias y las consecuencias de la enfermedad Covid-19 y entre los gobiernos estatal\u2026","rel":"","context":"En &quot;Chihuahua&quot;","block_context":{"text":"Chihuahua","link":"https:\/\/www.grieta.org.mx\/index.php\/category\/noticias-nacionales\/chihuahua\/"},"img":{"alt_text":"","src":"https:\/\/i0.wp.com\/www.grieta.org.mx\/wp-content\/uploads\/2020\/06\/a-2.jpeg?resize=350%2C200&ssl=1","width":350,"height":200,"srcset":"https:\/\/i0.wp.com\/www.grieta.org.mx\/wp-content\/uploads\/2020\/06\/a-2.jpeg?resize=350%2C200&ssl=1 1x, https:\/\/i0.wp.com\/www.grieta.org.mx\/wp-content\/uploads\/2020\/06\/a-2.jpeg?resize=525%2C300&ssl=1 1.5x"},"classes":[]},{"id":48018,"url":"https:\/\/www.grieta.org.mx\/index.php\/2020\/04\/11\/empleados-de-maquiladoras-la-mitad-de-los-muertos-por-covid-19-en-chihuahua\/","url_meta":{"origin":50141,"position":4},"title":"Empleados de maquiladoras, la mitad de los muertos por covid-19 en Chihuahua","author":"grieta","date":"11 abril, 2020","format":false,"excerpt":"Patricia Mayorga\/Revista Proceso Foto: Eduardo Miranda CIUDAD DE M\u00c9XICO (proceso.com.mx).\u2013 De los 16 decesos por covid-19 reportados en el estado de Chihuahua, 14 corresponden a Ciudad Ju\u00e1rez y de, de ellos, ocho trabajaban en una empresa maquiladora, sector que no dej\u00f3 de trabajar cuando los gobiernos estatal y federal decretaron\u2026","rel":"","context":"En &quot;Chihuahua&quot;","block_context":{"text":"Chihuahua","link":"https:\/\/www.grieta.org.mx\/index.php\/category\/noticias-nacionales\/chihuahua\/"},"img":{"alt_text":"","src":"https:\/\/i0.wp.com\/www.grieta.org.mx\/wp-content\/uploads\/2020\/04\/coronavirus-2-870x522.jpeg?resize=350%2C200&ssl=1","width":350,"height":200,"srcset":"https:\/\/i0.wp.com\/www.grieta.org.mx\/wp-content\/uploads\/2020\/04\/coronavirus-2-870x522.jpeg?resize=350%2C200&ssl=1 1x, https:\/\/i0.wp.com\/www.grieta.org.mx\/wp-content\/uploads\/2020\/04\/coronavirus-2-870x522.jpeg?resize=525%2C300&ssl=1 1.5x, https:\/\/i0.wp.com\/www.grieta.org.mx\/wp-content\/uploads\/2020\/04\/coronavirus-2-870x522.jpeg?resize=700%2C400&ssl=1 2x"},"classes":[]},{"id":35519,"url":"https:\/\/www.grieta.org.mx\/index.php\/2019\/06\/27\/galeria-guardia-nacional-extiende-muro-humano-a-zonas-semideserticas-chihuahua\/","url_meta":{"origin":50141,"position":5},"title":"Galer\u00eda: Guardia Nacional extiende \u2018muro humano\u2019 a zonas semides\u00e9rticas (Chihuahua)","author":"grieta","date":"27 junio, 2019","format":false,"excerpt":"Fotograf\u00edas: Rey R. Jauregui\/ LA VERDAD Ciudad Ju\u00e1rez \u2013 La Guardia Nacional (GN) endureci\u00f3 sus acciones para evitar el paso de migrantes hacia Estados Unidos al extender su patrullaje m\u00e1s all\u00e1 del r\u00edo Bravo, colocando vigilancia en la zona fronteriza entre Anapra, Ciudad Ju\u00e1rez y Sunland Park, Nuevo M\u00e9xico. Elementos\u2026","rel":"","context":"En &quot;Chihuahua&quot;","block_context":{"text":"Chihuahua","link":"https:\/\/www.grieta.org.mx\/index.php\/category\/noticias-nacionales\/chihuahua\/"},"img":{"alt_text":"","src":"https:\/\/i0.wp.com\/www.grieta.org.mx\/wp-content\/uploads\/2019\/06\/Militares-en-el-Muro-Rey-R.-Jauregui.jpeg?resize=350%2C200&ssl=1","width":350,"height":200,"srcset":"https:\/\/i0.wp.com\/www.grieta.org.mx\/wp-content\/uploads\/2019\/06\/Militares-en-el-Muro-Rey-R.-Jauregui.jpeg?resize=350%2C200&ssl=1 1x, https:\/\/i0.wp.com\/www.grieta.org.mx\/wp-content\/uploads\/2019\/06\/Militares-en-el-Muro-Rey-R.-Jauregui.jpeg?resize=525%2C300&ssl=1 1.5x, https:\/\/i0.wp.com\/www.grieta.org.mx\/wp-content\/uploads\/2019\/06\/Militares-en-el-Muro-Rey-R.-Jauregui.jpeg?resize=700%2C400&ssl=1 2x, https:\/\/i0.wp.com\/www.grieta.org.mx\/wp-content\/uploads\/2019\/06\/Militares-en-el-Muro-Rey-R.-Jauregui.jpeg?resize=1050%2C600&ssl=1 3x"},"classes":[]}],"_links":{"self":[{"href":"https:\/\/www.grieta.org.mx\/index.php\/wp-json\/wp\/v2\/posts\/50141","targetHints":{"allow":["GET"]}}],"collection":[{"href":"https:\/\/www.grieta.org.mx\/index.php\/wp-json\/wp\/v2\/posts"}],"about":[{"href":"https:\/\/www.grieta.org.mx\/index.php\/wp-json\/wp\/v2\/types\/post"}],"author":[{"embeddable":true,"href":"https:\/\/www.grieta.org.mx\/index.php\/wp-json\/wp\/v2\/users\/2"}],"replies":[{"embeddable":true,"href":"https:\/\/www.grieta.org.mx\/index.php\/wp-json\/wp\/v2\/comments?post=50141"}],"version-history":[{"count":1,"href":"https:\/\/www.grieta.org.mx\/index.php\/wp-json\/wp\/v2\/posts\/50141\/revisions"}],"predecessor-version":[{"id":50163,"href":"https:\/\/www.grieta.org.mx\/index.php\/wp-json\/wp\/v2\/posts\/50141\/revisions\/50163"}],"wp:featuredmedia":[{"embeddable":true,"href":"https:\/\/www.grieta.org.mx\/index.php\/wp-json\/wp\/v2\/media\/50143"}],"wp:attachment":[{"href":"https:\/\/www.grieta.org.mx\/index.php\/wp-json\/wp\/v2\/media?parent=50141"}],"wp:term":[{"taxonomy":"category","embeddable":true,"href":"https:\/\/www.grieta.org.mx\/index.php\/wp-json\/wp\/v2\/categories?post=50141"},{"taxonomy":"post_tag","embeddable":true,"href":"https:\/\/www.grieta.org.mx\/index.php\/wp-json\/wp\/v2\/tags?post=50141"}],"curies":[{"name":"wp","href":"https:\/\/api.w.org\/{rel}","templated":true}]}}