{"id":50077,"date":"2020-05-19T20:09:25","date_gmt":"2020-05-20T01:09:25","guid":{"rendered":"http:\/\/www.grieta.org.mx\/?p=50077"},"modified":"2020-05-31T20:15:08","modified_gmt":"2020-06-01T01:15:08","slug":"trabajadores-de-la-salud-uno-de-cada-cinco-contagiados-por-covid-19-en-puebla","status":"publish","type":"post","link":"https:\/\/www.grieta.org.mx\/index.php\/2020\/05\/19\/trabajadores-de-la-salud-uno-de-cada-cinco-contagiados-por-covid-19-en-puebla\/","title":{"rendered":"Trabajadores de la salud, uno de cada cinco contagiados por covid-19 en Puebla"},"content":{"rendered":"<figure id=\"attachment_50078\" aria-describedby=\"caption-attachment-50078\" style=\"width: 800px\" class=\"wp-caption aligncenter\"><a href=\"http:\/\/www.grieta.org.mx\/wp-content\/uploads\/2020\/05\/puebla-870x522.jpg\"><img loading=\"lazy\" decoding=\"async\" data-attachment-id=\"50078\" data-permalink=\"https:\/\/www.grieta.org.mx\/index.php\/2020\/05\/19\/trabajadores-de-la-salud-uno-de-cada-cinco-contagiados-por-covid-19-en-puebla\/puebla-870x522\/\" data-orig-file=\"https:\/\/www.grieta.org.mx\/wp-content\/uploads\/2020\/05\/puebla-870x522.jpg\" data-orig-size=\"870,522\" data-comments-opened=\"0\" data-image-meta=\"{&quot;aperture&quot;:&quot;0&quot;,&quot;credit&quot;:&quot;&quot;,&quot;camera&quot;:&quot;&quot;,&quot;caption&quot;:&quot;&quot;,&quot;created_timestamp&quot;:&quot;0&quot;,&quot;copyright&quot;:&quot;&quot;,&quot;focal_length&quot;:&quot;0&quot;,&quot;iso&quot;:&quot;0&quot;,&quot;shutter_speed&quot;:&quot;0&quot;,&quot;title&quot;:&quot;&quot;,&quot;orientation&quot;:&quot;0&quot;}\" data-image-title=\"puebla-870&amp;#215;522\" data-image-description=\"\" data-image-caption=\"&lt;p&gt;Puebla en tiempos de covid-19. Foto: Fernando Camacho&lt;\/p&gt;\n\" data-medium-file=\"https:\/\/www.grieta.org.mx\/wp-content\/uploads\/2020\/05\/puebla-870x522-300x180.jpg\" data-large-file=\"https:\/\/www.grieta.org.mx\/wp-content\/uploads\/2020\/05\/puebla-870x522.jpg\" class=\"wp-image-50078\" src=\"http:\/\/www.grieta.org.mx\/wp-content\/uploads\/2020\/05\/puebla-870x522.jpg\" alt=\"\" width=\"800\" height=\"480\" srcset=\"https:\/\/www.grieta.org.mx\/wp-content\/uploads\/2020\/05\/puebla-870x522.jpg 870w, https:\/\/www.grieta.org.mx\/wp-content\/uploads\/2020\/05\/puebla-870x522-300x180.jpg 300w, https:\/\/www.grieta.org.mx\/wp-content\/uploads\/2020\/05\/puebla-870x522-768x461.jpg 768w, https:\/\/www.grieta.org.mx\/wp-content\/uploads\/2020\/05\/puebla-870x522-833x500.jpg 833w\" sizes=\"auto, (max-width: 800px) 100vw, 800px\" \/><\/a><figcaption id=\"caption-attachment-50078\" class=\"wp-caption-text\">Puebla en tiempos de covid-19. Foto: Fernando Camacho<\/figcaption><\/figure>\n<p>Gabriela Hern\u00e1ndez \/ Proceso<\/p>\n<p>PUEBLA, Pue. (apro).- Uno de cada cinco contagios registrados en Puebla por covid-19 es de trabajadores del sector salud, report\u00f3 Fernando Huerta Romano, subsecretario de Vigilancia Epidemiol\u00f3gica.<\/p>\n<p>El funcionario indic\u00f3 que 18% del total de los mil 474 casos positivos registrados al 18 de mayo en la entidad (265) es personal m\u00e9dico y de enfermer\u00eda, mientras que entre un 2 y 3%, que ser\u00edan entre 30 y 44, corresponde a otras categor\u00edas de trabajadores de instituciones m\u00e9dicas.<\/p>\n<p>Sin precisar las cifras, Huerta Romano sostuvo que los contagios no se han dado entre m\u00e9dicos, enfermeras, camilleros y dem\u00e1s personal que atiende en hospitales covid, sino que adquirieron el virus fuera de los centros m\u00e9dicos.<\/p>\n<p>\u201cIncluso personal de salud que se fue de licencia por decreto ha resultado positivo. Muchos lo est\u00e1n adquiriendo fuera, otros por convivencia entre ellos mismos, y s\u00f3lo fue un contagio intrahospitalario, pero fue por descuido de esta persona\u201d, insisti\u00f3.<\/p>\n<p>El subsecretario tampoco precis\u00f3 cu\u00e1ntos fallecimientos se han registrado entre los trabajadores de la salud en la entidad.<\/p>\n<p>S\u00f3lo esta semana, familiares dieron a conocer en redes sociales la muerte de un camillero del hospital de Traumatolog\u00eda y Ortopedia del IMSS, as\u00ed como de un doctor del hospital de la Margarita, tambi\u00e9n del Seguro Social.<\/p>\n<p>En la conferencia de prensa de este martes se inform\u00f3 que en las \u00faltimas 24 horas se registraron 55 nuevos contagios y 14 decesos en Puebla a causa de la pandemia.<\/p>\n<p>El secretario de Salud, Humberto Uribe, se\u00f1al\u00f3 que hay 415 personas hospitalizadas, y que instituciones Covid, como los nosocomios de Cholula, Traumatolog\u00eda y el de Teziutl\u00e1n, ya empiezan a presentar saturaci\u00f3n.<\/p>\n<p>Indic\u00f3 que esta semana quedar\u00e1n reconvertidos los Centros de Salud con Servicios Ampliados (Cessa) de Cholula y Huejotzingo, adem\u00e1s de que se empezar\u00e1 a acondicionar el de San Mart\u00edn Texmelucan y se avanza con el de Atlixco.<\/p>\n<p>Por otro lado, el gobernador Miguel Barbosa insisti\u00f3 que la pandemia en Puebla se encuentra actualmente \u201cen su peor momento\u201d, por lo que consider\u00f3 que no hay condiciones para que el 1 de junio se reactive la producci\u00f3n de la industria automotriz.<\/p>\n<p>\u201cHoy no hay condiciones para que el primero de junio regrese a actividades la industria automotriz en Puebla. Estamos en el peor momento de la pandemia y estamos crecientes en esta horrible realidad, as\u00ed es que por lo que a mis atribuciones corresponda, esto no va a ocurrir, lo dejo claro\u201d, lanz\u00f3.<\/p>\n<p>Barbosa dijo que, si la curva de contagios se aplana al 31 de mayo, estar\u00e1 de acuerdo con la reactivaci\u00f3n, pero de seguir la alta incidencia de coronavirus no habr\u00e1 condiciones, pero no aclar\u00f3 qu\u00e9 atribuciones har\u00e1 valer su gobierno.<\/p>\n<p><a href=\"https:\/\/www.proceso.com.mx\/630762\/trabajadores-de-la-salud-uno-de-cada-cinco-contagiados-por-covid-19-en-puebla\">https:\/\/www.proceso.com.mx\/630762\/trabajadores-de-la-salud-uno-de-cada-cinco-contagiados-por-covid-19-en-puebla<\/a><\/p>\n","protected":false},"excerpt":{"rendered":"<p>Gabriela Hern\u00e1ndez \/ Proceso PUEBLA, Pue. (apro).- Uno de cada cinco contagios registrados en Puebla por covid-19 es de trabajadores del sector salud, report\u00f3 Fernando Huerta Romano, subsecretario de Vigilancia &hellip; <a href=\"https:\/\/www.grieta.org.mx\/index.php\/2020\/05\/19\/trabajadores-de-la-salud-uno-de-cada-cinco-contagiados-por-covid-19-en-puebla\/\" class=\"more-link\">Leer m\u00e1s<\/a><\/p>\n","protected":false},"author":1,"featured_media":50078,"comment_status":"closed","ping_status":"closed","sticky":false,"template":"","format":"standard","meta":{"ngg_post_thumbnail":0,"_jetpack_newsletter_access":"","_jetpack_dont_email_post_to_subs":false,"_jetpack_newsletter_tier_id":0,"_jetpack_memberships_contains_paywalled_content":false,"_jetpack_memberships_contains_paid_content":false,"footnotes":""},"categories":[80,3273,918,1247,2,26,83],"tags":[3241,3411],"class_list":["post-50077","post","type-post","status-publish","format-standard","has-post-thumbnail","hentry","category-cintillo","category-covid-19-en-puebla","category-privatizacion-del-sector-salud","category-movilizaciones-contra-reforma-al-sector-y-privatizacion-de-la-salud-en-puebla","category-noticias-nacionales","category-puebla","category-temas-nacionales","tag-covid-19","tag-muerte-de-trabajadores-por-covid","entry"],"jetpack_featured_media_url":"https:\/\/www.grieta.org.mx\/wp-content\/uploads\/2020\/05\/puebla-870x522.jpg","jetpack_sharing_enabled":true,"jetpack_shortlink":"https:\/\/wp.me\/p7ZJR4-d1H","jetpack_likes_enabled":false,"jetpack-related-posts":[{"id":47434,"url":"https:\/\/www.grieta.org.mx\/index.php\/2020\/03\/23\/trabajadores-del-sector-salud-protestan-en-puebla-y-veracruz\/","url_meta":{"origin":50077,"position":0},"title":"Trabajadores del sector salud protestan en Puebla y Veracruz","author":"Admin","date":"23 marzo, 2020","format":false,"excerpt":"Edgar \u00c1vila \/ El Universal En dos estados trabajadores del sector salud se manifiestan en el marco de la epidemia de coronavirus o Covid-19.Protestan en Puebla Trabajadores del sector salud de Puebla se manifestaron en distintos hospitales y cl\u00ednicas para exigir medidas adecuadas para enfrentar la pandemia del coronavirus. En\u2026","rel":"","context":"En &quot;CINTILLO&quot;","block_context":{"text":"CINTILLO","link":"https:\/\/www.grieta.org.mx\/index.php\/category\/cintillo\/"},"img":{"alt_text":"","src":"https:\/\/i0.wp.com\/www.grieta.org.mx\/wp-content\/uploads\/2020\/04\/Captura-de-pantalla-2020-04-08-a-las-10.55.53-a.m..png?resize=350%2C200&ssl=1","width":350,"height":200,"srcset":"https:\/\/i0.wp.com\/www.grieta.org.mx\/wp-content\/uploads\/2020\/04\/Captura-de-pantalla-2020-04-08-a-las-10.55.53-a.m..png?resize=350%2C200&ssl=1 1x, https:\/\/i0.wp.com\/www.grieta.org.mx\/wp-content\/uploads\/2020\/04\/Captura-de-pantalla-2020-04-08-a-las-10.55.53-a.m..png?resize=525%2C300&ssl=1 1.5x"},"classes":[]},{"id":56824,"url":"https:\/\/www.grieta.org.mx\/index.php\/2021\/01\/29\/soy-trabajador-del-imss-puebla-y-no-me-han-vacunado\/","url_meta":{"origin":50077,"position":1},"title":"&#8220;Soy trabajador del IMSS-Puebla y no me han vacunado&#8221;","author":"Admin","date":"29 enero, 2021","format":false,"excerpt":"Gabriela Hern\u00e1ndez \/ Proceso PUEBLA, Pue. (apro).- Trabajadores del Hospital de Traumatolog\u00eda y Ortopedia de esta capital, as\u00ed como de las cl\u00ednicas 9 y 30 de Tehuac\u00e1n, pertenecientes al Instituto Mexicano del Seguro Social (IMSS), realizaron hoy una manifestaci\u00f3n virtual porque no fueron incluidos en la primera fase de vacunaci\u00f3n\u2026","rel":"","context":"En &quot;CINTILLO&quot;","block_context":{"text":"CINTILLO","link":"https:\/\/www.grieta.org.mx\/index.php\/category\/cintillo\/"},"img":{"alt_text":"","src":"https:\/\/i0.wp.com\/www.grieta.org.mx\/wp-content\/uploads\/2021\/02\/f800x450-129272_180718_5050.jpg?resize=350%2C200&ssl=1","width":350,"height":200,"srcset":"https:\/\/i0.wp.com\/www.grieta.org.mx\/wp-content\/uploads\/2021\/02\/f800x450-129272_180718_5050.jpg?resize=350%2C200&ssl=1 1x, https:\/\/i0.wp.com\/www.grieta.org.mx\/wp-content\/uploads\/2021\/02\/f800x450-129272_180718_5050.jpg?resize=525%2C300&ssl=1 1.5x, https:\/\/i0.wp.com\/www.grieta.org.mx\/wp-content\/uploads\/2021\/02\/f800x450-129272_180718_5050.jpg?resize=700%2C400&ssl=1 2x"},"classes":[]},{"id":46942,"url":"https:\/\/www.grieta.org.mx\/index.php\/2020\/03\/26\/de-por-si-no-habia-jeringas-ahora-no-hay-ni-cubrebocas-en-hospital-del-sur-puebla\/","url_meta":{"origin":50077,"position":2},"title":"De por s\u00ed no hab\u00eda jeringas, ahora no hay ni cubrebocas en Hospital del Sur (Puebla)","author":"Admin","date":"26 marzo, 2020","format":false,"excerpt":"Cristian Escobar \/ Lado B A las carencias que de por s\u00ed padecen los servicios de salud en el estado, ahora se suma la lenta distribuci\u00f3n de insumos b\u00e1sicos para enfrentar la contingencia por el COVID-19 en los 550 centros de salud y 56 hospitales de Puebla, as\u00ed como la\u2026","rel":"","context":"En &quot;CINTILLO&quot;","block_context":{"text":"CINTILLO","link":"https:\/\/www.grieta.org.mx\/index.php\/category\/cintillo\/"},"img":{"alt_text":"","src":"https:\/\/i0.wp.com\/www.grieta.org.mx\/wp-content\/uploads\/2020\/03\/laboratorio-2.jpg?resize=350%2C200&ssl=1","width":350,"height":200,"srcset":"https:\/\/i0.wp.com\/www.grieta.org.mx\/wp-content\/uploads\/2020\/03\/laboratorio-2.jpg?resize=350%2C200&ssl=1 1x, https:\/\/i0.wp.com\/www.grieta.org.mx\/wp-content\/uploads\/2020\/03\/laboratorio-2.jpg?resize=525%2C300&ssl=1 1.5x, https:\/\/i0.wp.com\/www.grieta.org.mx\/wp-content\/uploads\/2020\/03\/laboratorio-2.jpg?resize=700%2C400&ssl=1 2x"},"classes":[]},{"id":49784,"url":"https:\/\/www.grieta.org.mx\/index.php\/2020\/05\/21\/automovilistas-reportan-residuos-biologicos-en-la-mexico-puebla\/","url_meta":{"origin":50077,"position":3},"title":"AUTOMOVILISTAS REPORTAN RESIDUOS BIOL\u00d3GICOS EN LA M\u00c9XICO-PUEBLA","author":"grieta","date":"21 mayo, 2020","format":false,"excerpt":"Imagen tomada de: www.reporteindigo.com Reporte \u00cdndigo Entre los materiales hallados se encuentran; batas, cubrebocas, gorros, deshechos de cirug\u00edas y residuos de laboratorios como muestras de sangre Cajas y bolsas con Residuos Patol\u00f3gicos Biol\u00f3gicos Infecciosos (RPBI) fueron localizados la ma\u00f1ana de este jueves en los carriles de la autopista M\u00e9xico-Puebla, reportaron\u2026","rel":"","context":"En &quot;CINTILLO&quot;","block_context":{"text":"CINTILLO","link":"https:\/\/www.grieta.org.mx\/index.php\/category\/cintillo\/"},"img":{"alt_text":"","src":"https:\/\/i0.wp.com\/www.grieta.org.mx\/wp-content\/uploads\/2020\/05\/AUTOMOVILISTAS-REPORTAN-RESIDUOS-BIOL%C3%93GICOS-EN-LA-M%C3%89XICO-PUEBLA-cdmx-may.jpg?resize=350%2C200","width":350,"height":200},"classes":[]},{"id":43937,"url":"https:\/\/www.grieta.org.mx\/index.php\/2020\/01\/24\/pacientes-con-cancer-de-mama-se-manifiestan-en-el-hospital-del-norte-de-puebla-para-denunciar-falta-de-medicamentos\/","url_meta":{"origin":50077,"position":4},"title":"Pacientes con c\u00e1ncer de mama se manifiestan en el Hospital del Norte de Puebla para denunciar falta de medicamentos","author":"Admin","date":"24 enero, 2020","format":false,"excerpt":"Por Redacci\u00f3n \/ Peri\u00f3dico Central Los inconformes acusaron que adem\u00e1s existe falta de personal m\u00e9dico, lo cual pone en riesgo su salud pues debido a la enfermedad que padecen no pueden detener el tratamiento que reciben. Familiares y pacientes de enfermos con c\u00e1ncer de mama se manifestaron la ma\u00f1ana de\u2026","rel":"","context":"En &quot;CINTILLO&quot;","block_context":{"text":"CINTILLO","link":"https:\/\/www.grieta.org.mx\/index.php\/category\/cintillo\/"},"img":{"alt_text":"","src":"https:\/\/i0.wp.com\/www.grieta.org.mx\/wp-content\/uploads\/2020\/02\/1f9e52f5766a7a5e24af756d4d3b3708_XL.jpg?resize=350%2C200&ssl=1","width":350,"height":200,"srcset":"https:\/\/i0.wp.com\/www.grieta.org.mx\/wp-content\/uploads\/2020\/02\/1f9e52f5766a7a5e24af756d4d3b3708_XL.jpg?resize=350%2C200&ssl=1 1x, https:\/\/i0.wp.com\/www.grieta.org.mx\/wp-content\/uploads\/2020\/02\/1f9e52f5766a7a5e24af756d4d3b3708_XL.jpg?resize=525%2C300&ssl=1 1.5x, https:\/\/i0.wp.com\/www.grieta.org.mx\/wp-content\/uploads\/2020\/02\/1f9e52f5766a7a5e24af756d4d3b3708_XL.jpg?resize=700%2C400&ssl=1 2x"},"classes":[]},{"id":48363,"url":"https:\/\/www.grieta.org.mx\/index.php\/2020\/04\/16\/logran-amparo-medicos-del-hospital-del-norte-para-recibir-insumos-contra-covid-19-puebla\/","url_meta":{"origin":50077,"position":5},"title":"Logran amparo m\u00e9dicos del Hospital del Norte para recibir insumos contra Covid-19 (Puebla)","author":"Admin","date":"16 abril, 2020","format":false,"excerpt":"Exhiben falta de insumos, equipo y herramientas para enfrentar la pandemia y protegerse de posibles contagios de coronavirus Norma Marcial \/ El Sol de Puebla El Juzgado Octavo de Distrito en Materia de Amparos Civil, Administrativa y de Trabajo y Juicios Federales en el Estado de Puebla concedi\u00f3 a un\u2026","rel":"","context":"En &quot;CINTILLO&quot;","block_context":{"text":"CINTILLO","link":"https:\/\/www.grieta.org.mx\/index.php\/category\/cintillo\/"},"img":{"alt_text":"","src":"https:\/\/i0.wp.com\/www.grieta.org.mx\/wp-content\/uploads\/2020\/04\/HOSPITAL-GENERAL-DEL-NORTE.jpg?resize=350%2C200&ssl=1","width":350,"height":200,"srcset":"https:\/\/i0.wp.com\/www.grieta.org.mx\/wp-content\/uploads\/2020\/04\/HOSPITAL-GENERAL-DEL-NORTE.jpg?resize=350%2C200&ssl=1 1x, https:\/\/i0.wp.com\/www.grieta.org.mx\/wp-content\/uploads\/2020\/04\/HOSPITAL-GENERAL-DEL-NORTE.jpg?resize=525%2C300&ssl=1 1.5x, https:\/\/i0.wp.com\/www.grieta.org.mx\/wp-content\/uploads\/2020\/04\/HOSPITAL-GENERAL-DEL-NORTE.jpg?resize=700%2C400&ssl=1 2x"},"classes":[]}],"_links":{"self":[{"href":"https:\/\/www.grieta.org.mx\/index.php\/wp-json\/wp\/v2\/posts\/50077","targetHints":{"allow":["GET"]}}],"collection":[{"href":"https:\/\/www.grieta.org.mx\/index.php\/wp-json\/wp\/v2\/posts"}],"about":[{"href":"https:\/\/www.grieta.org.mx\/index.php\/wp-json\/wp\/v2\/types\/post"}],"author":[{"embeddable":true,"href":"https:\/\/www.grieta.org.mx\/index.php\/wp-json\/wp\/v2\/users\/1"}],"replies":[{"embeddable":true,"href":"https:\/\/www.grieta.org.mx\/index.php\/wp-json\/wp\/v2\/comments?post=50077"}],"version-history":[{"count":1,"href":"https:\/\/www.grieta.org.mx\/index.php\/wp-json\/wp\/v2\/posts\/50077\/revisions"}],"predecessor-version":[{"id":50079,"href":"https:\/\/www.grieta.org.mx\/index.php\/wp-json\/wp\/v2\/posts\/50077\/revisions\/50079"}],"wp:featuredmedia":[{"embeddable":true,"href":"https:\/\/www.grieta.org.mx\/index.php\/wp-json\/wp\/v2\/media\/50078"}],"wp:attachment":[{"href":"https:\/\/www.grieta.org.mx\/index.php\/wp-json\/wp\/v2\/media?parent=50077"}],"wp:term":[{"taxonomy":"category","embeddable":true,"href":"https:\/\/www.grieta.org.mx\/index.php\/wp-json\/wp\/v2\/categories?post=50077"},{"taxonomy":"post_tag","embeddable":true,"href":"https:\/\/www.grieta.org.mx\/index.php\/wp-json\/wp\/v2\/tags?post=50077"}],"curies":[{"name":"wp","href":"https:\/\/api.w.org\/{rel}","templated":true}]}}