{"id":50005,"date":"2020-05-28T15:12:01","date_gmt":"2020-05-28T20:12:01","guid":{"rendered":"http:\/\/www.grieta.org.mx\/?p=50005"},"modified":"2020-05-30T15:18:42","modified_gmt":"2020-05-30T20:18:42","slug":"elementos-de-seguridad-impiden-instalacion-del-tianguis-de-tonala-jalisco","status":"publish","type":"post","link":"https:\/\/www.grieta.org.mx\/index.php\/2020\/05\/28\/elementos-de-seguridad-impiden-instalacion-del-tianguis-de-tonala-jalisco\/","title":{"rendered":"Elementos de seguridad impiden instalaci\u00f3n del Tianguis de Tonal\u00e1 (Jalisco)"},"content":{"rendered":"<p><img loading=\"lazy\" decoding=\"async\" data-attachment-id=\"50006\" data-permalink=\"https:\/\/www.grieta.org.mx\/index.php\/2020\/05\/28\/elementos-de-seguridad-impiden-instalacion-del-tianguis-de-tonala-jalisco\/tianguis-tonala-pablo-toledo-696x378\/\" data-orig-file=\"https:\/\/www.grieta.org.mx\/wp-content\/uploads\/2020\/05\/Tianguis-Tonal\u00e1-Pablo-Toledo-696x378.jpeg\" data-orig-size=\"696,378\" data-comments-opened=\"0\" data-image-meta=\"{&quot;aperture&quot;:&quot;0&quot;,&quot;credit&quot;:&quot;&quot;,&quot;camera&quot;:&quot;&quot;,&quot;caption&quot;:&quot;&quot;,&quot;created_timestamp&quot;:&quot;1590659289&quot;,&quot;copyright&quot;:&quot;&quot;,&quot;focal_length&quot;:&quot;0&quot;,&quot;iso&quot;:&quot;0&quot;,&quot;shutter_speed&quot;:&quot;0&quot;,&quot;title&quot;:&quot;&quot;,&quot;orientation&quot;:&quot;1&quot;}\" data-image-title=\"Tianguis-Tonal\u00e1-Pablo-Toledo-696&amp;#215;378\" data-image-description=\"\" data-image-caption=\"\" data-medium-file=\"https:\/\/www.grieta.org.mx\/wp-content\/uploads\/2020\/05\/Tianguis-Tonal\u00e1-Pablo-Toledo-696x378-300x163.jpeg\" data-large-file=\"https:\/\/www.grieta.org.mx\/wp-content\/uploads\/2020\/05\/Tianguis-Tonal\u00e1-Pablo-Toledo-696x378.jpeg\" class=\"aligncenter size-full wp-image-50006\" src=\"http:\/\/www.grieta.org.mx\/wp-content\/uploads\/2020\/05\/Tianguis-Tonal\u00e1-Pablo-Toledo-696x378.jpeg\" alt=\"\" width=\"696\" height=\"378\" srcset=\"https:\/\/www.grieta.org.mx\/wp-content\/uploads\/2020\/05\/Tianguis-Tonal\u00e1-Pablo-Toledo-696x378.jpeg 696w, https:\/\/www.grieta.org.mx\/wp-content\/uploads\/2020\/05\/Tianguis-Tonal\u00e1-Pablo-Toledo-696x378-300x163.jpeg 300w\" sizes=\"auto, (max-width: 696px) 100vw, 696px\" \/><\/p>\n<p>Foto: Pablo Toledo<\/p>\n<p><em>Desde las primeras horas del d\u00eda patrullas cercaron la avenida e invitaron a los comerciantes que llegaron, a retirarse. Al ver la negativa de la autoridad, los inconformes exigieron al alcalde los deje trabajar<\/em><\/p>\n<p>Pablo Toledo \/ UDGTV<\/p>\n<p>Guadalajara, Jalisco. Elementos de la Polic\u00eda Estatal, municipal y la Guardia Nacional<strong>\u00a0impidieron que los comerciantes del tradicional Tianguis de Tonal\u00e1 se instalaran<\/strong>\u00a0sobre la avenida Tonaltecas este jueves, como lo hicieron el domingo pasado.<\/p>\n<p>Desde las primeras horas del d\u00eda patrullas cercaron la avenida e invitaron a los comerciantes que llegaron para tomar lugar, a retirarse. Al ver la negativa de la autoridad, los inconformes se agruparon para\u00a0<strong>manifestarse y solicitar al primer edil dejarlos laborar.<\/strong><\/p>\n<p>Cerca de 60 personas recorrieron la avenida Tonaltecas hasta llegar a la presidencia en busca de di\u00e1logo con la autoridad, y es que este grupo en especial se dice inconforme por la negativa a dejarlos instalarse y la falta de apoyos.<\/p>\n<p><strong>Se\u00f1alan que de los apoyos brindados, a muchos no se les han entregado ninguno,<\/strong>\u00a0inclusive, mencionan que a las mesas de negociaci\u00f3n entre ayuntamiento y delegados, a ellos no se les ha permitido el acceso.<\/p>\n<p>Y aunque en esta ocasi\u00f3n no se les permiti\u00f3 instalarse para realizar sus ventas, comerciantes del tianguis tradicional de Tonal\u00e1 advierten que<strong>\u00a0seguir\u00e1n en busca de di\u00e1logo con la autoridad<\/strong>\u00a0pero de seguir con la negativa continuar\u00e1n manifest\u00e1ndose en el primero cuadro del municipio.<\/p>\n<p><a href=\"http:\/\/udgtv.com\/noticias\/elementos-seguridad-impiden-instalacion-tianguis-tonala\/\">http:\/\/udgtv.com\/noticias\/elementos-seguridad-impiden-instalacion-tianguis-tonala\/<\/a><\/p>\n","protected":false},"excerpt":{"rendered":"<p>Foto: Pablo Toledo Desde las primeras horas del d\u00eda patrullas cercaron la avenida e invitaron a los comerciantes que llegaron, a retirarse. Al ver la negativa de la autoridad, los &hellip; <a href=\"https:\/\/www.grieta.org.mx\/index.php\/2020\/05\/28\/elementos-de-seguridad-impiden-instalacion-del-tianguis-de-tonala-jalisco\/\" class=\"more-link\">Leer m\u00e1s<\/a><\/p>\n","protected":false},"author":2,"featured_media":50006,"comment_status":"closed","ping_status":"closed","sticky":false,"template":"","format":"standard","meta":{"ngg_post_thumbnail":0,"_jetpack_newsletter_access":"","_jetpack_dont_email_post_to_subs":false,"_jetpack_newsletter_tier_id":0,"_jetpack_memberships_contains_paywalled_content":false,"_jetpack_memberships_contains_paid_content":false,"footnotes":""},"categories":[80,3271,911,3289,20,912,2631,2,83],"tags":[3408,614,1290,3222],"class_list":["post-50005","post","type-post","status-publish","format-standard","has-post-thumbnail","hentry","category-cintillo","category-covid-19-en-jalisco","category-explotacion-y-precariedad-laboral-analisis","category-explotacion-y-precariedad-laboral-en-jalisco","category-jalisco","category-militarizacion","category-militarizacion-en-jalisco","category-noticias-nacionales","category-temas-nacionales","tag-aumento-militarizacion","tag-militarizacion","tag-precariedad-laboral","tag-trabajo-precario","entry"],"jetpack_featured_media_url":"https:\/\/www.grieta.org.mx\/wp-content\/uploads\/2020\/05\/Tianguis-Tonal\u00e1-Pablo-Toledo-696x378.jpeg","jetpack_sharing_enabled":true,"jetpack_shortlink":"https:\/\/wp.me\/p7ZJR4-d0x","jetpack_likes_enabled":false,"jetpack-related-posts":[{"id":47525,"url":"https:\/\/www.grieta.org.mx\/index.php\/2020\/04\/07\/comerciantes-exigen-que-los-dejen-vender-jalisco\/","url_meta":{"origin":50005,"position":0},"title":"Comerciantes exigen que los dejen vender (Jalisco)","author":"grieta","date":"7 abril, 2020","format":false,"excerpt":"Foto: Especial Edgar Flores Alrededor de 70 comerciantes de diferentes tianguis de la Zona Metropolitana de Guadalajara (ZMG), pero mayormente de El Baratillo, se manifestaron ayer a las afueras de palacio de gobierno para exigir a las autoridades que los dejen trabajar, ya que sus negocios son considerados no esenciales\u2026","rel":"","context":"En &quot;CINTILLO&quot;","block_context":{"text":"CINTILLO","link":"https:\/\/www.grieta.org.mx\/index.php\/category\/cintillo\/"},"img":{"alt_text":"","src":"https:\/\/i0.wp.com\/www.grieta.org.mx\/wp-content\/uploads\/2020\/04\/2020-04-07_12-04-19___6858.jpg?resize=350%2C200&ssl=1","width":350,"height":200,"srcset":"https:\/\/i0.wp.com\/www.grieta.org.mx\/wp-content\/uploads\/2020\/04\/2020-04-07_12-04-19___6858.jpg?resize=350%2C200&ssl=1 1x, https:\/\/i0.wp.com\/www.grieta.org.mx\/wp-content\/uploads\/2020\/04\/2020-04-07_12-04-19___6858.jpg?resize=525%2C300&ssl=1 1.5x, https:\/\/i0.wp.com\/www.grieta.org.mx\/wp-content\/uploads\/2020\/04\/2020-04-07_12-04-19___6858.jpg?resize=700%2C400&ssl=1 2x"},"classes":[]},{"id":48810,"url":"https:\/\/www.grieta.org.mx\/index.php\/2020\/05\/08\/inspectores-multan-a-artesanos-en-jalisco-y-les-quitan-producto-que-intentaban-cambiar-por-comida\/","url_meta":{"origin":50005,"position":1},"title":"Inspectores multan a artesanos en Jalisco y les quitan producto que intentaban cambiar por comida","author":"grieta","date":"8 mayo, 2020","format":false,"excerpt":"Foto: Captura de pantalla Redacci\u00f3n \/ Sin Embargo Ciudad de M\u00e9xico, 8 de mayo (SinEmbargo).- En medio de la contingencia sanitaria a causa del\u00a0COVID-19, inspectores\u00a0del Ayuntamiento de\u00a0Tonal\u00e1, en\u00a0Jalisco,\u00a0multaron y decomisaron\u00a0la\u00a0mercanc\u00eda\u00a0de\u00a0artesanos\u00a0que buscaban intercambiar sus productos por comida ante las bajas ventas provocadas por la pandemia. A trav\u00e9s de un video que\u2026","rel":"","context":"En &quot;CINTILLO&quot;","block_context":{"text":"CINTILLO","link":"https:\/\/www.grieta.org.mx\/index.php\/category\/cintillo\/"},"img":{"alt_text":"","src":"https:\/\/i0.wp.com\/www.grieta.org.mx\/wp-content\/uploads\/2020\/05\/inspectores-tonala.jpg?resize=350%2C200&ssl=1","width":350,"height":200,"srcset":"https:\/\/i0.wp.com\/www.grieta.org.mx\/wp-content\/uploads\/2020\/05\/inspectores-tonala.jpg?resize=350%2C200&ssl=1 1x, https:\/\/i0.wp.com\/www.grieta.org.mx\/wp-content\/uploads\/2020\/05\/inspectores-tonala.jpg?resize=525%2C300&ssl=1 1.5x, https:\/\/i0.wp.com\/www.grieta.org.mx\/wp-content\/uploads\/2020\/05\/inspectores-tonala.jpg?resize=700%2C400&ssl=1 2x, https:\/\/i0.wp.com\/www.grieta.org.mx\/wp-content\/uploads\/2020\/05\/inspectores-tonala.jpg?resize=1050%2C600&ssl=1 3x"},"classes":[]},{"id":49692,"url":"https:\/\/www.grieta.org.mx\/index.php\/2020\/05\/20\/exigen-garantias-de-salud-para-trabajadores-de-reclusorios-en-jalisco\/","url_meta":{"origin":50005,"position":2},"title":"Exigen garant\u00edas de salud para trabajadores de reclusorios en Jalisco","author":"grieta","date":"20 mayo, 2020","format":false,"excerpt":"Foto. Pablo Toledo Integrantes del Sindicato Democr\u00e1tico del Sistema Penitenciario del Estado de Jalisco denunciaron tambi\u00e9n la falta de pagos de bonos, discriminaci\u00f3n laboral y la falta de protocolos sanitarios Pablo Toledo \/ UDGTV Guadalajara, Jalisco. Integrantes del Sindicato Democr\u00e1tico del Sistema Penitenciario del Estado de Jalisco entregaron un pliego\u2026","rel":"","context":"En &quot;CINTILLO&quot;","block_context":{"text":"CINTILLO","link":"https:\/\/www.grieta.org.mx\/index.php\/category\/cintillo\/"},"img":{"alt_text":"","src":"https:\/\/i0.wp.com\/www.grieta.org.mx\/wp-content\/uploads\/2020\/05\/reclusorios-de-Jalisco-Pablo-Toledo-696x385.jpeg?resize=350%2C200&ssl=1","width":350,"height":200,"srcset":"https:\/\/i0.wp.com\/www.grieta.org.mx\/wp-content\/uploads\/2020\/05\/reclusorios-de-Jalisco-Pablo-Toledo-696x385.jpeg?resize=350%2C200&ssl=1 1x, https:\/\/i0.wp.com\/www.grieta.org.mx\/wp-content\/uploads\/2020\/05\/reclusorios-de-Jalisco-Pablo-Toledo-696x385.jpeg?resize=525%2C300&ssl=1 1.5x"},"classes":[]},{"id":48838,"url":"https:\/\/www.grieta.org.mx\/index.php\/2020\/05\/05\/nos-estan-matando-de-hambre-dicen-comerciantes-de-el-pitillal-jalisco\/","url_meta":{"origin":50005,"position":3},"title":"\u201cNos est\u00e1n matando de hambre\u201d, dicen comerciantes de El Pitillal (Jalisco)","author":"grieta","date":"5 mayo, 2020","format":false,"excerpt":"Foto: Tribuna de la Bah\u00eda Alberto Garc\u00eda \/ Tribuna de la Bah\u00eda Un buen n\u00famero de comerciantes de la ciudad piden que se reactive\u00a0 el comercio no esencial, \"Nos estan matando de hambre\" Con estas consignas se reunieron en la plaza Aquiles Serdan frente a la presidencia donde solicitan la\u2026","rel":"","context":"En &quot;CINTILLO&quot;","block_context":{"text":"CINTILLO","link":"https:\/\/www.grieta.org.mx\/index.php\/category\/cintillo\/"},"img":{"alt_text":"","src":"https:\/\/i0.wp.com\/www.grieta.org.mx\/wp-content\/uploads\/2020\/05\/OJ54s3xd5eHuxlIcDRFuJAEt4jc5cJiECUemVjnd-p.jpg?resize=350%2C200&ssl=1","width":350,"height":200,"srcset":"https:\/\/i0.wp.com\/www.grieta.org.mx\/wp-content\/uploads\/2020\/05\/OJ54s3xd5eHuxlIcDRFuJAEt4jc5cJiECUemVjnd-p.jpg?resize=350%2C200&ssl=1 1x, https:\/\/i0.wp.com\/www.grieta.org.mx\/wp-content\/uploads\/2020\/05\/OJ54s3xd5eHuxlIcDRFuJAEt4jc5cJiECUemVjnd-p.jpg?resize=525%2C300&ssl=1 1.5x, https:\/\/i0.wp.com\/www.grieta.org.mx\/wp-content\/uploads\/2020\/05\/OJ54s3xd5eHuxlIcDRFuJAEt4jc5cJiECUemVjnd-p.jpg?resize=700%2C400&ssl=1 2x"},"classes":[]},{"id":48430,"url":"https:\/\/www.grieta.org.mx\/index.php\/2020\/04\/28\/comerciantes-de-union-de-tula-piden-los-dejen-trabajar-ahi-no-hay-casos-de-covid-19-jalisco\/","url_meta":{"origin":50005,"position":4},"title":"Comerciantes de Uni\u00f3n de Tula piden los dejen trabajar: ah\u00ed no hay casos de COVID-19 (Jalisco)","author":"grieta","date":"28 abril, 2020","format":false,"excerpt":"Foto: Ayuntamiento de Uni\u00f3n Tula \u201cLlevamos m\u00e1s de un mes sin poder trabajar, y la mayor\u00eda de las personas no est\u00e1bamos preparados para esta situaci\u00f3n, nuestro municipio no es muy grande y nuestros comercios son peque\u00f1os, las medidas deben adaptarse a cada municipio\u201d se\u00f1alan los comerciantes afectados Antonio D\u00edaz \/\u2026","rel":"","context":"En &quot;CINTILLO&quot;","block_context":{"text":"CINTILLO","link":"https:\/\/www.grieta.org.mx\/index.php\/category\/cintillo\/"},"img":{"alt_text":"","src":"https:\/\/i0.wp.com\/www.grieta.org.mx\/wp-content\/uploads\/2020\/05\/Uni%C3%B3n-de-Tula-600x327.jpg?resize=350%2C200&ssl=1","width":350,"height":200,"srcset":"https:\/\/i0.wp.com\/www.grieta.org.mx\/wp-content\/uploads\/2020\/05\/Uni%C3%B3n-de-Tula-600x327.jpg?resize=350%2C200&ssl=1 1x, https:\/\/i0.wp.com\/www.grieta.org.mx\/wp-content\/uploads\/2020\/05\/Uni%C3%B3n-de-Tula-600x327.jpg?resize=525%2C300&ssl=1 1.5x"},"classes":[]},{"id":57360,"url":"https:\/\/www.grieta.org.mx\/index.php\/2021\/03\/05\/llegan-600-elementos-de-la-gn-a-jalisco\/","url_meta":{"origin":50005,"position":5},"title":"Llegan 600 elementos de la GN a Jalisco","author":"grieta","date":"5 marzo, 2021","format":false,"excerpt":"Foto: Presidencia \/ Cuartoscuro Redacci\u00f3n \/ El Diario NTR Llegan a Jalisco 600 efectivos de la Guardia Nacional para reforzamiento de la seguridad en el estado. Desde la madrugada de este viernes, empezaron a arribar los elementos que habr\u00e1n de montar operativos y patrullajes prioritariamente en la Zona Metropolitana de\u2026","rel":"","context":"En &quot;CINTILLO&quot;","block_context":{"text":"CINTILLO","link":"https:\/\/www.grieta.org.mx\/index.php\/category\/cintillo\/"},"img":{"alt_text":"","src":"https:\/\/i0.wp.com\/www.grieta.org.mx\/wp-content\/uploads\/2021\/03\/2021-03-05_01-03-15___7889.jpg?resize=350%2C200&ssl=1","width":350,"height":200,"srcset":"https:\/\/i0.wp.com\/www.grieta.org.mx\/wp-content\/uploads\/2021\/03\/2021-03-05_01-03-15___7889.jpg?resize=350%2C200&ssl=1 1x, https:\/\/i0.wp.com\/www.grieta.org.mx\/wp-content\/uploads\/2021\/03\/2021-03-05_01-03-15___7889.jpg?resize=525%2C300&ssl=1 1.5x, https:\/\/i0.wp.com\/www.grieta.org.mx\/wp-content\/uploads\/2021\/03\/2021-03-05_01-03-15___7889.jpg?resize=700%2C400&ssl=1 2x"},"classes":[]}],"_links":{"self":[{"href":"https:\/\/www.grieta.org.mx\/index.php\/wp-json\/wp\/v2\/posts\/50005","targetHints":{"allow":["GET"]}}],"collection":[{"href":"https:\/\/www.grieta.org.mx\/index.php\/wp-json\/wp\/v2\/posts"}],"about":[{"href":"https:\/\/www.grieta.org.mx\/index.php\/wp-json\/wp\/v2\/types\/post"}],"author":[{"embeddable":true,"href":"https:\/\/www.grieta.org.mx\/index.php\/wp-json\/wp\/v2\/users\/2"}],"replies":[{"embeddable":true,"href":"https:\/\/www.grieta.org.mx\/index.php\/wp-json\/wp\/v2\/comments?post=50005"}],"version-history":[{"count":1,"href":"https:\/\/www.grieta.org.mx\/index.php\/wp-json\/wp\/v2\/posts\/50005\/revisions"}],"predecessor-version":[{"id":50007,"href":"https:\/\/www.grieta.org.mx\/index.php\/wp-json\/wp\/v2\/posts\/50005\/revisions\/50007"}],"wp:featuredmedia":[{"embeddable":true,"href":"https:\/\/www.grieta.org.mx\/index.php\/wp-json\/wp\/v2\/media\/50006"}],"wp:attachment":[{"href":"https:\/\/www.grieta.org.mx\/index.php\/wp-json\/wp\/v2\/media?parent=50005"}],"wp:term":[{"taxonomy":"category","embeddable":true,"href":"https:\/\/www.grieta.org.mx\/index.php\/wp-json\/wp\/v2\/categories?post=50005"},{"taxonomy":"post_tag","embeddable":true,"href":"https:\/\/www.grieta.org.mx\/index.php\/wp-json\/wp\/v2\/tags?post=50005"}],"curies":[{"name":"wp","href":"https:\/\/api.w.org\/{rel}","templated":true}]}}