{"id":49953,"date":"2020-05-24T10:12:28","date_gmt":"2020-05-24T15:12:28","guid":{"rendered":"http:\/\/www.grieta.org.mx\/?p=49953"},"modified":"2020-05-30T10:29:27","modified_gmt":"2020-05-30T15:29:27","slug":"persiste-el-desbasto-de-medicamentos-para-ninos-con-cancer-colima","status":"publish","type":"post","link":"https:\/\/www.grieta.org.mx\/index.php\/2020\/05\/24\/persiste-el-desbasto-de-medicamentos-para-ninos-con-cancer-colima\/","title":{"rendered":"Persiste el desbasto de medicamentos para ni\u00f1os con c\u00e1ncer (Colima)"},"content":{"rendered":"<p><img loading=\"lazy\" decoding=\"async\" data-attachment-id=\"49960\" data-permalink=\"https:\/\/www.grieta.org.mx\/index.php\/2020\/05\/24\/persiste-el-desbasto-de-medicamentos-para-ninos-con-cancer-colima\/fotonoticia_20180124081232_640\/\" data-orig-file=\"https:\/\/www.grieta.org.mx\/wp-content\/uploads\/2020\/05\/fotonoticia_20180124081232_640.jpg\" data-orig-size=\"640,427\" data-comments-opened=\"0\" data-image-meta=\"{&quot;aperture&quot;:&quot;0&quot;,&quot;credit&quot;:&quot;&quot;,&quot;camera&quot;:&quot;&quot;,&quot;caption&quot;:&quot;&quot;,&quot;created_timestamp&quot;:&quot;0&quot;,&quot;copyright&quot;:&quot;&quot;,&quot;focal_length&quot;:&quot;0&quot;,&quot;iso&quot;:&quot;0&quot;,&quot;shutter_speed&quot;:&quot;0&quot;,&quot;title&quot;:&quot;&quot;,&quot;orientation&quot;:&quot;0&quot;}\" data-image-title=\"fotonoticia_20180124081232_640\" data-image-description=\"\" data-image-caption=\"\" data-medium-file=\"https:\/\/www.grieta.org.mx\/wp-content\/uploads\/2020\/05\/fotonoticia_20180124081232_640-300x200.jpg\" data-large-file=\"https:\/\/www.grieta.org.mx\/wp-content\/uploads\/2020\/05\/fotonoticia_20180124081232_640.jpg\" class=\"aligncenter wp-image-49960\" src=\"http:\/\/www.grieta.org.mx\/wp-content\/uploads\/2020\/05\/fotonoticia_20180124081232_640.jpg\" alt=\"\" width=\"800\" height=\"534\" srcset=\"https:\/\/www.grieta.org.mx\/wp-content\/uploads\/2020\/05\/fotonoticia_20180124081232_640.jpg 640w, https:\/\/www.grieta.org.mx\/wp-content\/uploads\/2020\/05\/fotonoticia_20180124081232_640-300x200.jpg 300w\" sizes=\"auto, (max-width: 800px) 100vw, 800px\" \/><\/p>\n<p>Foto: Tomada de la Red \/ Ilustrativa<\/p>\n<p>Colima, M\u00e9xico, Avanzada (24\/05\/2020).- Desde antes de que se decretara la emergencia sanitaria por el Covid-19 en la entidad, Colima registraba el desabasto de algunos medicamentos para atender a los ni\u00f1os con c\u00e1ncer, sin embargo, \u00a0conforme transcurren las semanas y los meses, la situaci\u00f3n ha empeorado y ahora es alarmante.<\/p>\n<p>Las secretar\u00edas de Salud estatal y federal pr\u00e1cticamente se han concentrado a atender los contagios por coronavirus, y no han resuelto el desabasto de medicamentos oncol\u00f3gicos y tampoco han evitado que los precios de \u00e9stos se\u00a0 incrementen en m\u00e1s de 1000 por ciento.<\/p>\n<p>Fuentes consultadas al interior de la dependencia sanitaria expusieron que hay un desabasto a nivel nacional de medicamentos, porque las empresas farmac\u00e9uticas no los est\u00e1n elaborando y algunos de los que s\u00ed se est\u00e1n fabricando incrementaron sus precios en cuesti\u00f3n de semanas.<\/p>\n<p>\u201cAlgunos medicamentos ten\u00edan un costo de 300 o 400 pesos, ahorita se venden en 3 mil o 4 mil pesos.\u00a0 Para atender a un ni\u00f1o con su ciclo de quimioterapias el costo se elev\u00f3 hasta en los 42 mil pesos. La situaci\u00f3n es alarmante\u201d.<\/p>\n<p>Las fuentes consultadas \u2013quienes omiten sus nombres por temor a represalias e incluso despidos- manifestaron que la falta de medicamentos oncol\u00f3gicos se registr\u00f3 desde las primeras semanas de e este a\u00f1o, pero se agudiz\u00f3 a partir de la declaratoria de emergencia por Covid-19.<\/p>\n<p>\u201cLos pap\u00e1s de los ni\u00f1os con c\u00e1ncer protestaron hace algunas semanas y la autoridad se comprometi\u00f3 a que habr\u00eda medicamento, pero han pasado los d\u00edas y no llegaron todos los medicamentos\u201d.<\/p>\n<p>Las mismas fuentes indicaron que en la misma situaci\u00f3n que los ni\u00f1os con c\u00e1ncer se encuentran las personas adultas que tienen estos padecimientos, \u201ces un problema grave que no se est\u00e1 atendiendo\u201d.<\/p>\n<p><a href=\"https:\/\/www.diarioavanzada.com.mx\/?p=12822\">https:\/\/www.diarioavanzada.com.mx\/?p=12822<\/a><\/p>\n","protected":false},"excerpt":{"rendered":"<p>Foto: Tomada de la Red \/ Ilustrativa Colima, M\u00e9xico, Avanzada (24\/05\/2020).- Desde antes de que se decretara la emergencia sanitaria por el Covid-19 en la entidad, Colima registraba el desabasto &hellip; <a href=\"https:\/\/www.grieta.org.mx\/index.php\/2020\/05\/24\/persiste-el-desbasto-de-medicamentos-para-ninos-con-cancer-colima\/\" class=\"more-link\">Leer m\u00e1s<\/a><\/p>\n","protected":false},"author":2,"featured_media":49960,"comment_status":"closed","ping_status":"closed","sticky":false,"template":"","format":"standard","meta":{"ngg_post_thumbnail":0,"_jetpack_newsletter_access":"","_jetpack_dont_email_post_to_subs":false,"_jetpack_newsletter_tier_id":0,"_jetpack_memberships_contains_paywalled_content":false,"_jetpack_memberships_contains_paid_content":false,"footnotes":""},"categories":[80,13,3286,2365,3112,2],"tags":[2551,2362],"class_list":["post-49953","post","type-post","status-publish","format-standard","has-post-thumbnail","hentry","category-cintillo","category-colima","category-covid-19-en-colima","category-crisis-en-el-sector-salud-en-colima","category-la-ninez-en-la-tormenta-en-colima","category-noticias-nacionales","tag-falta-de-medicinas","tag-la-ninez-en-la-tormenta","entry"],"jetpack_featured_media_url":"https:\/\/www.grieta.org.mx\/wp-content\/uploads\/2020\/05\/fotonoticia_20180124081232_640.jpg","jetpack_sharing_enabled":true,"jetpack_shortlink":"https:\/\/wp.me\/p7ZJR4-cZH","jetpack_likes_enabled":false,"jetpack-related-posts":[{"id":48243,"url":"https:\/\/www.grieta.org.mx\/index.php\/2020\/04\/20\/temen-padres-retroceso-en-tratamientos-a-ninos-con-cancer-por-desabasto-de-medicinas-colima\/","url_meta":{"origin":49953,"position":0},"title":"Temen padres retroceso en tratamientos a ni\u00f1os con c\u00e1ncer por desabasto de medicinas (Colima)","author":"grieta","date":"20 abril, 2020","format":false,"excerpt":"Foto: El Comentario Carlos A. Arevalo \/ El Comentario Debido al\u00a0desabasto de medicinas\u00a0para la atenci\u00f3n a\u00a0ni\u00f1os con c\u00e1ncer, en el\u00a0Instituto Estatal de Cancerolog\u00eda\u00a0(IEC), padres de los menores temen que sus hijos puedan tener un\u00a0retroceso en su tratamiento, advirtieron\u00a0familiares\u00a0de los\u00a0pacientes. Adem\u00e1s, \u201cel medicamento lo estamos comprando y es caro\u201d, dijo\u00a0Ver\u00f3nica Mendoza\u2026","rel":"","context":"En &quot;CINTILLO&quot;","block_context":{"text":"CINTILLO","link":"https:\/\/www.grieta.org.mx\/index.php\/category\/cintillo\/"},"img":{"alt_text":"","src":"https:\/\/i0.wp.com\/www.grieta.org.mx\/wp-content\/uploads\/2020\/04\/b961a278861b298363b98b44acef8563.jpg?resize=350%2C200&ssl=1","width":350,"height":200,"srcset":"https:\/\/i0.wp.com\/www.grieta.org.mx\/wp-content\/uploads\/2020\/04\/b961a278861b298363b98b44acef8563.jpg?resize=350%2C200&ssl=1 1x, https:\/\/i0.wp.com\/www.grieta.org.mx\/wp-content\/uploads\/2020\/04\/b961a278861b298363b98b44acef8563.jpg?resize=525%2C300&ssl=1 1.5x, https:\/\/i0.wp.com\/www.grieta.org.mx\/wp-content\/uploads\/2020\/04\/b961a278861b298363b98b44acef8563.jpg?resize=700%2C400&ssl=1 2x"},"classes":[]},{"id":44940,"url":"https:\/\/www.grieta.org.mx\/index.php\/2020\/02\/18\/a-cuenta-gotas-tratamiento-para-ninos-con-cancer-en-colima\/","url_meta":{"origin":49953,"position":1},"title":"\u201cA cuenta gotas\u201d, tratamiento para ni\u00f1os con c\u00e1ncer en Colima","author":"grieta","date":"18 febrero, 2020","format":false,"excerpt":"Foto: Ilustrativa Heidi de Le\u00f3n Gutierrez \/ Diario Avanzada Colima, M\u00e9xico, Avanzada (18\/02\/2020).-\u00a0La onc\u00f3loga pediatra del IEC, Sandra Lagarda se\u00f1al\u00f3 que en la entidad se han tenido que modificar los protocolos de atenci\u00f3n para los ni\u00f1os con estos padecimientos, con la finalidad de garantizar el tratamiento a partir de los\u2026","rel":"","context":"En &quot;CINTILLO&quot;","block_context":{"text":"CINTILLO","link":"https:\/\/www.grieta.org.mx\/index.php\/category\/cintillo\/"},"img":{"alt_text":"","src":"https:\/\/i0.wp.com\/www.grieta.org.mx\/wp-content\/uploads\/2020\/02\/cancerologia-1160x700.jpg?resize=350%2C200&ssl=1","width":350,"height":200,"srcset":"https:\/\/i0.wp.com\/www.grieta.org.mx\/wp-content\/uploads\/2020\/02\/cancerologia-1160x700.jpg?resize=350%2C200&ssl=1 1x, https:\/\/i0.wp.com\/www.grieta.org.mx\/wp-content\/uploads\/2020\/02\/cancerologia-1160x700.jpg?resize=525%2C300&ssl=1 1.5x, https:\/\/i0.wp.com\/www.grieta.org.mx\/wp-content\/uploads\/2020\/02\/cancerologia-1160x700.jpg?resize=700%2C400&ssl=1 2x, https:\/\/i0.wp.com\/www.grieta.org.mx\/wp-content\/uploads\/2020\/02\/cancerologia-1160x700.jpg?resize=1050%2C600&ssl=1 3x"},"classes":[]},{"id":49949,"url":"https:\/\/www.grieta.org.mx\/index.php\/2020\/05\/27\/la-semana-pasada-no-se-le-aplico-quimioterapia-a-mi-nina-por-desabasto-en-cancerologia\/","url_meta":{"origin":49953,"position":2},"title":"La semana pasada no se le aplic\u00f3 quimioterapia a mi ni\u00f1a\u2026 por desabasto en Cancerolog\u00eda (Colima)","author":"grieta","date":"27 mayo, 2020","format":false,"excerpt":"Foto: Diario Avanzada Heidi de Le\u00f3n Guti\u00e9rrez \/ Diario Avanzada Colima, M\u00e9xico, Avanzada (27\/05\/2020).- Norma Adriana Carrasco Chocotero solicit\u00f3 a las autoridades del Sector Salud a no olvidarse de los ni\u00f1os con c\u00e1ncer y por el contrario, garantizarles los medicamentos que requieren para sus quimioterapias. La madre de familia de\u2026","rel":"","context":"En &quot;CINTILLO&quot;","block_context":{"text":"CINTILLO","link":"https:\/\/www.grieta.org.mx\/index.php\/category\/cintillo\/"},"img":{"alt_text":"","src":"https:\/\/i0.wp.com\/www.grieta.org.mx\/wp-content\/uploads\/2020\/05\/Hospital-Camas.jpg?resize=350%2C200&ssl=1","width":350,"height":200,"srcset":"https:\/\/i0.wp.com\/www.grieta.org.mx\/wp-content\/uploads\/2020\/05\/Hospital-Camas.jpg?resize=350%2C200&ssl=1 1x, https:\/\/i0.wp.com\/www.grieta.org.mx\/wp-content\/uploads\/2020\/05\/Hospital-Camas.jpg?resize=525%2C300&ssl=1 1.5x, https:\/\/i0.wp.com\/www.grieta.org.mx\/wp-content\/uploads\/2020\/05\/Hospital-Camas.jpg?resize=700%2C400&ssl=1 2x"},"classes":[]},{"id":68882,"url":"https:\/\/www.grieta.org.mx\/index.php\/2024\/05\/08\/bajo-en-colima-del-70-al-50-tasa-de-sobrevivencia-de-ninos-con-cancer\/","url_meta":{"origin":49953,"position":3},"title":"Baj\u00f3 en Colima del 70 al 50% tasa de sobrevivencia de ni\u00f1os con c\u00e1ncer","author":"grieta","date":"8 mayo, 2024","format":false,"excerpt":"Imagen: El Comentario Francis Bravo \/ El Comentario En el estado de Colima, de 2020 a la fecha, la tasa de sobrevivencia de ni\u00f1os y ni\u00f1as con\u00a0c\u00e1ncer\u00a0baj\u00f3 de un 70 a un 50%, de acuerdo a informaci\u00f3n registrada por la\u00a0Asociaci\u00f3n Mexicana de Apoyo a Ni\u00f1os con C\u00e1ncer\u00a0(Amanc). En una entrevista,\u2026","rel":"","context":"En &quot;CINTILLO&quot;","block_context":{"text":"CINTILLO","link":"https:\/\/www.grieta.org.mx\/index.php\/category\/cintillo\/"},"img":{"alt_text":"","src":"https:\/\/i0.wp.com\/www.grieta.org.mx\/wp-content\/uploads\/2024\/05\/347244296_802027911135309_3749736937323892131_n.webp?resize=350%2C200&ssl=1","width":350,"height":200,"srcset":"https:\/\/i0.wp.com\/www.grieta.org.mx\/wp-content\/uploads\/2024\/05\/347244296_802027911135309_3749736937323892131_n.webp?resize=350%2C200&ssl=1 1x, https:\/\/i0.wp.com\/www.grieta.org.mx\/wp-content\/uploads\/2024\/05\/347244296_802027911135309_3749736937323892131_n.webp?resize=525%2C300&ssl=1 1.5x, https:\/\/i0.wp.com\/www.grieta.org.mx\/wp-content\/uploads\/2024\/05\/347244296_802027911135309_3749736937323892131_n.webp?resize=700%2C400&ssl=1 2x, https:\/\/i0.wp.com\/www.grieta.org.mx\/wp-content\/uploads\/2024\/05\/347244296_802027911135309_3749736937323892131_n.webp?resize=1050%2C600&ssl=1 3x, https:\/\/i0.wp.com\/www.grieta.org.mx\/wp-content\/uploads\/2024\/05\/347244296_802027911135309_3749736937323892131_n.webp?resize=1400%2C800&ssl=1 4x"},"classes":[]},{"id":51685,"url":"https:\/\/www.grieta.org.mx\/index.php\/2020\/07\/06\/issste-colima-con-desabasto-del-55-en-medicamentos-colima\/","url_meta":{"origin":49953,"position":4},"title":"ISSSTE Colima con desabasto del 55 % en medicamentos (Colima)","author":"grieta","date":"6 julio, 2020","format":false,"excerpt":"Foto: Ecos de la Costa Infoecos \/ Ecos de la Costa Derechohabientes del ISSSTE en Colima se quejan del desabasto de medicamentos que persiste en el sistema de salud hasta en un 55% en el cuadro b\u00e1sico, lo cual consideran como una afrenta grave por parte de las autoridades delegacionales\u2026","rel":"","context":"En &quot;CINTILLO&quot;","block_context":{"text":"CINTILLO","link":"https:\/\/www.grieta.org.mx\/index.php\/category\/cintillo\/"},"img":{"alt_text":"","src":"https:\/\/i0.wp.com\/www.grieta.org.mx\/wp-content\/uploads\/2020\/07\/p1f1.jpeg?resize=350%2C200&ssl=1","width":350,"height":200,"srcset":"https:\/\/i0.wp.com\/www.grieta.org.mx\/wp-content\/uploads\/2020\/07\/p1f1.jpeg?resize=350%2C200&ssl=1 1x, https:\/\/i0.wp.com\/www.grieta.org.mx\/wp-content\/uploads\/2020\/07\/p1f1.jpeg?resize=525%2C300&ssl=1 1.5x, https:\/\/i0.wp.com\/www.grieta.org.mx\/wp-content\/uploads\/2020\/07\/p1f1.jpeg?resize=700%2C400&ssl=1 2x"},"classes":[]},{"id":42862,"url":"https:\/\/www.grieta.org.mx\/index.php\/2020\/01\/08\/denuncian-desabasto-de-medicamentos-contra-el-cancer-en-el-imss-colima\/","url_meta":{"origin":49953,"position":5},"title":"Denuncian desabasto de medicamentos contra el c\u00e1ncer en el IMSS Colima","author":"grieta","date":"8 enero, 2020","format":false,"excerpt":"Foto: El Comentario Francis Bravo \/ El Comentario Seg\u00fan\u00a0manifestaron\u00a0a esta reportera varios\u00a0derechohabientes,\u00a0nuevamente se est\u00e1 presentando en el\u00a0Instituto Mexicano del Seguro Social\u00a0(IMSS) en Colima, un\u00a0desabasto de medicamentos\u00a0para el tratamiento de pacientes con\u00a0c\u00e1ncer. Seg\u00fan manifestaron algunos pacientes con esa enfermedad, derechohabientes del IMSS, los cuales pidieron omitir sus nombres, desde el pasado\u2026","rel":"","context":"En &quot;CINTILLO&quot;","block_context":{"text":"CINTILLO","link":"https:\/\/www.grieta.org.mx\/index.php\/category\/cintillo\/"},"img":{"alt_text":"","src":"https:\/\/i0.wp.com\/www.grieta.org.mx\/wp-content\/uploads\/2020\/01\/fd07eb2d9ecb3911e1f13320a78bccd9-2.jpg?resize=350%2C200&ssl=1","width":350,"height":200,"srcset":"https:\/\/i0.wp.com\/www.grieta.org.mx\/wp-content\/uploads\/2020\/01\/fd07eb2d9ecb3911e1f13320a78bccd9-2.jpg?resize=350%2C200&ssl=1 1x, https:\/\/i0.wp.com\/www.grieta.org.mx\/wp-content\/uploads\/2020\/01\/fd07eb2d9ecb3911e1f13320a78bccd9-2.jpg?resize=525%2C300&ssl=1 1.5x, https:\/\/i0.wp.com\/www.grieta.org.mx\/wp-content\/uploads\/2020\/01\/fd07eb2d9ecb3911e1f13320a78bccd9-2.jpg?resize=700%2C400&ssl=1 2x"},"classes":[]}],"_links":{"self":[{"href":"https:\/\/www.grieta.org.mx\/index.php\/wp-json\/wp\/v2\/posts\/49953","targetHints":{"allow":["GET"]}}],"collection":[{"href":"https:\/\/www.grieta.org.mx\/index.php\/wp-json\/wp\/v2\/posts"}],"about":[{"href":"https:\/\/www.grieta.org.mx\/index.php\/wp-json\/wp\/v2\/types\/post"}],"author":[{"embeddable":true,"href":"https:\/\/www.grieta.org.mx\/index.php\/wp-json\/wp\/v2\/users\/2"}],"replies":[{"embeddable":true,"href":"https:\/\/www.grieta.org.mx\/index.php\/wp-json\/wp\/v2\/comments?post=49953"}],"version-history":[{"count":1,"href":"https:\/\/www.grieta.org.mx\/index.php\/wp-json\/wp\/v2\/posts\/49953\/revisions"}],"predecessor-version":[{"id":49961,"href":"https:\/\/www.grieta.org.mx\/index.php\/wp-json\/wp\/v2\/posts\/49953\/revisions\/49961"}],"wp:featuredmedia":[{"embeddable":true,"href":"https:\/\/www.grieta.org.mx\/index.php\/wp-json\/wp\/v2\/media\/49960"}],"wp:attachment":[{"href":"https:\/\/www.grieta.org.mx\/index.php\/wp-json\/wp\/v2\/media?parent=49953"}],"wp:term":[{"taxonomy":"category","embeddable":true,"href":"https:\/\/www.grieta.org.mx\/index.php\/wp-json\/wp\/v2\/categories?post=49953"},{"taxonomy":"post_tag","embeddable":true,"href":"https:\/\/www.grieta.org.mx\/index.php\/wp-json\/wp\/v2\/tags?post=49953"}],"curies":[{"name":"wp","href":"https:\/\/api.w.org\/{rel}","templated":true}]}}