{"id":49942,"date":"2020-05-25T09:20:08","date_gmt":"2020-05-25T14:20:08","guid":{"rendered":"http:\/\/www.grieta.org.mx\/?p=49942"},"modified":"2020-05-30T09:34:31","modified_gmt":"2020-05-30T14:34:31","slug":"protestan-en-el-hospital-general-de-cancun-personal-medico-demanda-la-entrega-de-equipo-de-seguridad","status":"publish","type":"post","link":"https:\/\/www.grieta.org.mx\/index.php\/2020\/05\/25\/protestan-en-el-hospital-general-de-cancun-personal-medico-demanda-la-entrega-de-equipo-de-seguridad\/","title":{"rendered":"Protestan en el Hospital General de Canc\u00fan: Personal m\u00e9dico demanda la entrega de equipo de seguridad"},"content":{"rendered":"<p><img loading=\"lazy\" decoding=\"async\" data-attachment-id=\"49943\" data-permalink=\"https:\/\/www.grieta.org.mx\/index.php\/2020\/05\/25\/protestan-en-el-hospital-general-de-cancun-personal-medico-demanda-la-entrega-de-equipo-de-seguridad\/protestahospitalgralcancun\/\" data-orig-file=\"https:\/\/www.grieta.org.mx\/wp-content\/uploads\/2020\/05\/ProtestaHospitalGralCancun-e1590849080818.png\" data-orig-size=\"800,515\" data-comments-opened=\"0\" data-image-meta=\"{&quot;aperture&quot;:&quot;0&quot;,&quot;credit&quot;:&quot;&quot;,&quot;camera&quot;:&quot;&quot;,&quot;caption&quot;:&quot;&quot;,&quot;created_timestamp&quot;:&quot;0&quot;,&quot;copyright&quot;:&quot;&quot;,&quot;focal_length&quot;:&quot;0&quot;,&quot;iso&quot;:&quot;0&quot;,&quot;shutter_speed&quot;:&quot;0&quot;,&quot;title&quot;:&quot;&quot;,&quot;orientation&quot;:&quot;0&quot;}\" data-image-title=\"ProtestaHospitalGralCancun\" data-image-description=\"\" data-image-caption=\"\" data-medium-file=\"https:\/\/www.grieta.org.mx\/wp-content\/uploads\/2020\/05\/ProtestaHospitalGralCancun-300x193.png\" data-large-file=\"https:\/\/www.grieta.org.mx\/wp-content\/uploads\/2020\/05\/ProtestaHospitalGralCancun-e1590849080818.png\" src=\"http:\/\/www.grieta.org.mx\/wp-content\/uploads\/2020\/05\/ProtestaHospitalGralCancun-e1590849080818.png\" alt=\"\" width=\"800\" height=\"515\" class=\"aligncenter size-full wp-image-49943\" \/><\/p>\n<p>Noticaribe<br \/>\nCANC\u00daN, MX.- Personal m\u00e9dico del hospital general \u201cJes\u00fas Kumate\u201d de Canc\u00fan, se manifest\u00f3 esta ma\u00f1ana para exigir les mejoren las condiciones para atender a pacientes que llegan con coronavirus COVID-19.<\/p>\n<p>M\u00e9dicos, enfermeras, camilleros y personal administrativo del nosocomio, denunciaron que directivos y funcionarios de la Secretar\u00eda estatal de Salud, no les entregan completo el material para enfrentar la situaci\u00f3n, que saben que le sociedad est\u00e1 donando buen equipo pero no se los proporcionan.<\/p>\n<p>El grupo, de alrededor de 20 personas, ofreci\u00f3 una rueda de prensa en uno de los acceso al inmueble, habilitado como Hospital COVID-19 y preparado con varios m\u00f3dulos m\u00f3viles para la atenci\u00f3n de las personas infectadas.<\/p>\n<p>En su reporte t\u00e9cnico de todos los d\u00edas, la Secretar\u00eda estatal de Salud (SESA) inform\u00f3 que hasta las 12 horas del 24 de mayo, se han notificado 1480 casos negativos, 150 en estudio, 1609 positivos, 291 defunciones y 842 personas recuperadas de la enfermedad.<\/p>\n<p>En este momento, el municipio de Benito Ju\u00e1rez reporta 1186 casos positivos, 223 defunciones y 655 recuperados. (Infoqroo)<\/p>\n<p><a href=\"https:\/\/noticaribe.com.mx\/2020\/05\/25\/protestan-en-el-hospital-general-de-cancun-personal-medico-demanda-la-entrega-de-equipo-de-seguridad\/\" rel=\"noopener noreferrer\" target=\"_blank\">https:\/\/noticaribe.com.mx\/2020\/05\/25\/protestan-en-el-hospital-general-de-cancun-personal-medico-demanda-la-entrega-de-equipo-de-seguridad\/<\/a><\/p>\n","protected":false},"excerpt":{"rendered":"<p>Noticaribe CANC\u00daN, MX.- Personal m\u00e9dico del hospital general \u201cJes\u00fas Kumate\u201d de Canc\u00fan, se manifest\u00f3 esta ma\u00f1ana para exigir les mejoren las condiciones para atender a pacientes que llegan con coronavirus &hellip; <a href=\"https:\/\/www.grieta.org.mx\/index.php\/2020\/05\/25\/protestan-en-el-hospital-general-de-cancun-personal-medico-demanda-la-entrega-de-equipo-de-seguridad\/\" class=\"more-link\">Leer m\u00e1s<\/a><\/p>\n","protected":false},"author":2,"featured_media":49943,"comment_status":"closed","ping_status":"closed","sticky":false,"template":"","format":"standard","meta":{"ngg_post_thumbnail":0,"_jetpack_newsletter_access":"","_jetpack_dont_email_post_to_subs":false,"_jetpack_newsletter_tier_id":0,"_jetpack_memberships_contains_paywalled_content":false,"_jetpack_memberships_contains_paid_content":false,"footnotes":""},"categories":[80,3279,918,2853,2,28,83],"tags":[3241,2367,3226],"class_list":["post-49942","post","type-post","status-publish","format-standard","has-post-thumbnail","hentry","category-cintillo","category-covid-19-en-quintana-roo","category-privatizacion-del-sector-salud","category-crisis-en-el-sector-salud-en-quintana-roo","category-noticias-nacionales","category-quintana-roo","category-temas-nacionales","tag-covid-19","tag-crisis-en-el-sector-salud","tag-falta-de-material-y-equipo-medico","entry"],"jetpack_featured_media_url":"https:\/\/www.grieta.org.mx\/wp-content\/uploads\/2020\/05\/ProtestaHospitalGralCancun-e1590849080818.png","jetpack_sharing_enabled":true,"jetpack_shortlink":"https:\/\/wp.me\/p7ZJR4-cZw","jetpack_likes_enabled":false,"jetpack-related-posts":[{"id":48400,"url":"https:\/\/www.grieta.org.mx\/index.php\/2020\/04\/30\/cancun-infierno-para-los-medicos-en-el-covid-19\/","url_meta":{"origin":49942,"position":0},"title":"Canc\u00fan, infierno para los m\u00e9dicos en el Covid-19","author":"grieta","date":"30 abril, 2020","format":false,"excerpt":"Laura Islas \/ Reporte Indigo Canc\u00fan, el para\u00edso tur\u00edstico de M\u00e9xico, se convirti\u00f3 en un infierno para los profesionales de la salud que atienden en dos hospitales p\u00fablicos: uno del IMSS y otro del ISSSTE. El fin de semana se registr\u00f3 la muerte del neurocirujano Francisco Brito Barrera, quien fue\u2026","rel":"","context":"En &quot;CINTILLO&quot;","block_context":{"text":"CINTILLO","link":"https:\/\/www.grieta.org.mx\/index.php\/category\/cintillo\/"},"img":{"alt_text":"","src":"https:\/\/i0.wp.com\/www.grieta.org.mx\/wp-content\/uploads\/2020\/04\/CancunInfierno.png?resize=350%2C200&ssl=1","width":350,"height":200,"srcset":"https:\/\/i0.wp.com\/www.grieta.org.mx\/wp-content\/uploads\/2020\/04\/CancunInfierno.png?resize=350%2C200&ssl=1 1x, https:\/\/i0.wp.com\/www.grieta.org.mx\/wp-content\/uploads\/2020\/04\/CancunInfierno.png?resize=525%2C300&ssl=1 1.5x"},"classes":[]},{"id":55818,"url":"https:\/\/www.grieta.org.mx\/index.php\/2020\/12\/18\/se-extiende-reclamo-por-el-bono-covid-se-suma-personal-del-hospital-general-de-cancun-a-protestas-por-promesa-de-apoyo-presidencial\/","url_meta":{"origin":49942,"position":1},"title":"Se extiende reclamo por el  \u2018Bono Covid\u2019: Se suma personal del Hospital General de Canc\u00fan a protestas por promesa de apoyo presidencial","author":"grieta","date":"18 diciembre, 2020","format":false,"excerpt":"Sara\u00ed Reyes \/ Noticaribe CANC\u00daN, MX.- Alrededor de 50 trabajadores de la salud del Hospital General de Canc\u00fan se manifestaron este mediod\u00eda en las afueras de las instalaciones del nosocomio, para exigir el pago del \u2018bono COVID-19\u2019 que les prometi\u00f3 el gobierno federal a todos los de la primera l\u00ednea\u2026","rel":"","context":"En &quot;CINTILLO&quot;","block_context":{"text":"CINTILLO","link":"https:\/\/www.grieta.org.mx\/index.php\/category\/cintillo\/"},"img":{"alt_text":"","src":"https:\/\/i0.wp.com\/www.grieta.org.mx\/wp-content\/uploads\/2020\/12\/WhatsApp-Image-2020-12-18-at-1.07.00-PM-1.jpg?resize=350%2C200&ssl=1","width":350,"height":200,"srcset":"https:\/\/i0.wp.com\/www.grieta.org.mx\/wp-content\/uploads\/2020\/12\/WhatsApp-Image-2020-12-18-at-1.07.00-PM-1.jpg?resize=350%2C200&ssl=1 1x, https:\/\/i0.wp.com\/www.grieta.org.mx\/wp-content\/uploads\/2020\/12\/WhatsApp-Image-2020-12-18-at-1.07.00-PM-1.jpg?resize=525%2C300&ssl=1 1.5x"},"classes":[]},{"id":63431,"url":"https:\/\/www.grieta.org.mx\/index.php\/2022\/02\/15\/nos-humillan-y-amenazan-medicos-del-hospital-de-chetumal-denuncian-abuso-laboral-quintana-roo\/","url_meta":{"origin":49942,"position":2},"title":"\u201cNos humillan y amenazan\u201d, m\u00e9dicos del hospital de Chetumal denuncian abuso laboral (Quintana Roo)","author":"grieta","date":"15 febrero, 2022","format":false,"excerpt":"Armando Galera Foto: Daniel Tejada \/ Novedades Quintana Roo Enfermeros, camilleros y doctores de suplencias exigen aumento de salario, vacaciones y poner fin al acoso de sus jefes. Por presunta explotaci\u00f3n laboral, amenazas y humillaciones, un grupo de 40 enfermeros, camilleros y doctores de suplencias de Chetumal presentaron una denuncia\u2026","rel":"","context":"En &quot;CINTILLO&quot;","block_context":{"text":"CINTILLO","link":"https:\/\/www.grieta.org.mx\/index.php\/category\/cintillo\/"},"img":{"alt_text":"","src":"https:\/\/i0.wp.com\/www.grieta.org.mx\/wp-content\/uploads\/2022\/02\/HospitalChetumal-e1645378815885.png?resize=350%2C200&ssl=1","width":350,"height":200,"srcset":"https:\/\/i0.wp.com\/www.grieta.org.mx\/wp-content\/uploads\/2022\/02\/HospitalChetumal-e1645378815885.png?resize=350%2C200&ssl=1 1x, https:\/\/i0.wp.com\/www.grieta.org.mx\/wp-content\/uploads\/2022\/02\/HospitalChetumal-e1645378815885.png?resize=525%2C300&ssl=1 1.5x, https:\/\/i0.wp.com\/www.grieta.org.mx\/wp-content\/uploads\/2022\/02\/HospitalChetumal-e1645378815885.png?resize=700%2C400&ssl=1 2x"},"classes":[]},{"id":49441,"url":"https:\/\/www.grieta.org.mx\/index.php\/2020\/05\/17\/trabajadores-del-imss-de-la-510-cancun-denuncian-amenazas-por-directivos\/","url_meta":{"origin":49942,"position":3},"title":"Trabajadores del IMSS de la 510 Canc\u00fan, denuncian amenazas por directivos","author":"grieta","date":"17 mayo, 2020","format":false,"excerpt":"La Verdad De manera an\u00f3nima algunos dijeron que est\u00e1n siendo amenazados por alzar la voz, al grado de ser despedidos, esto en el IMSS de la 510 de Canc\u00fan. Luego de que el manejador de alimentos del IMSS de la 510, Cristian Javier Erosa G\u00f3mez, fue despedido por directivos de\u2026","rel":"","context":"En &quot;CINTILLO&quot;","block_context":{"text":"CINTILLO","link":"https:\/\/www.grieta.org.mx\/index.php\/category\/cintillo\/"},"img":{"alt_text":"","src":"https:\/\/i0.wp.com\/www.grieta.org.mx\/wp-content\/uploads\/2020\/05\/IMSSCancun.png?resize=350%2C200&ssl=1","width":350,"height":200,"srcset":"https:\/\/i0.wp.com\/www.grieta.org.mx\/wp-content\/uploads\/2020\/05\/IMSSCancun.png?resize=350%2C200&ssl=1 1x, https:\/\/i0.wp.com\/www.grieta.org.mx\/wp-content\/uploads\/2020\/05\/IMSSCancun.png?resize=525%2C300&ssl=1 1.5x"},"classes":[]},{"id":55967,"url":"https:\/\/www.grieta.org.mx\/index.php\/2020\/12\/24\/100-trabajadores-de-la-salud-en-q-roo-son-despedidos-por-insabi\/","url_meta":{"origin":49942,"position":4},"title":"100 trabajadores de la salud en Q.Roo son despedidos por INSABI","author":"grieta","date":"24 diciembre, 2020","format":false,"excerpt":"Gustavo Guardian \/ Yucat\u00e1n a la Mano Personal m\u00e9dico recibi\u00f3 el aviso de que su contrato termina a partir del 31 de diciembre. Quintana Roo empezar\u00e1 el 2021 con 100 trabajadores de salud menos en el \u00e1rea de atenci\u00f3n a COVID-19, porque a solo d\u00edas de concluir el a\u00f1o, el\u2026","rel":"","context":"En &quot;CINTILLO&quot;","block_context":{"text":"CINTILLO","link":"https:\/\/www.grieta.org.mx\/index.php\/category\/cintillo\/"},"img":{"alt_text":"","src":"https:\/\/i0.wp.com\/www.grieta.org.mx\/wp-content\/uploads\/2020\/12\/InsabiQRoo-e1609090541376.png?resize=350%2C200&ssl=1","width":350,"height":200,"srcset":"https:\/\/i0.wp.com\/www.grieta.org.mx\/wp-content\/uploads\/2020\/12\/InsabiQRoo-e1609090541376.png?resize=350%2C200&ssl=1 1x, https:\/\/i0.wp.com\/www.grieta.org.mx\/wp-content\/uploads\/2020\/12\/InsabiQRoo-e1609090541376.png?resize=525%2C300&ssl=1 1.5x, https:\/\/i0.wp.com\/www.grieta.org.mx\/wp-content\/uploads\/2020\/12\/InsabiQRoo-e1609090541376.png?resize=700%2C400&ssl=1 2x"},"classes":[]},{"id":63373,"url":"https:\/\/www.grieta.org.mx\/index.php\/2022\/02\/12\/enfermeras-quedan-sin-trabajo-y-hasta-mueren-por-covid-19-quintana-roo\/","url_meta":{"origin":49942,"position":5},"title":"Enfermeras quedan sin trabajo y hasta mueren por COVID-19 (Quintana Roo)","author":"grieta","date":"12 febrero, 2022","format":false,"excerpt":"Efr\u00e9n Mart\u00edn \/ La Verdad Al menos el 70 por ciento de los 400 trabajadores de la salud que se desempe\u00f1aban como suplentes y que no fueron recontratados por la Secretar\u00eda de Salud al concluir enero, han dado positivo a COVID-19 y de ellos, ocho fallecieron sin recibir ning\u00fan tipo\u2026","rel":"","context":"En &quot;CINTILLO&quot;","block_context":{"text":"CINTILLO","link":"https:\/\/www.grieta.org.mx\/index.php\/category\/cintillo\/"},"img":{"alt_text":"","src":"https:\/\/i0.wp.com\/www.grieta.org.mx\/wp-content\/uploads\/2022\/02\/Enfermeras-e1644797796592.png?resize=350%2C200&ssl=1","width":350,"height":200,"srcset":"https:\/\/i0.wp.com\/www.grieta.org.mx\/wp-content\/uploads\/2022\/02\/Enfermeras-e1644797796592.png?resize=350%2C200&ssl=1 1x, https:\/\/i0.wp.com\/www.grieta.org.mx\/wp-content\/uploads\/2022\/02\/Enfermeras-e1644797796592.png?resize=525%2C300&ssl=1 1.5x, https:\/\/i0.wp.com\/www.grieta.org.mx\/wp-content\/uploads\/2022\/02\/Enfermeras-e1644797796592.png?resize=700%2C400&ssl=1 2x"},"classes":[]}],"_links":{"self":[{"href":"https:\/\/www.grieta.org.mx\/index.php\/wp-json\/wp\/v2\/posts\/49942","targetHints":{"allow":["GET"]}}],"collection":[{"href":"https:\/\/www.grieta.org.mx\/index.php\/wp-json\/wp\/v2\/posts"}],"about":[{"href":"https:\/\/www.grieta.org.mx\/index.php\/wp-json\/wp\/v2\/types\/post"}],"author":[{"embeddable":true,"href":"https:\/\/www.grieta.org.mx\/index.php\/wp-json\/wp\/v2\/users\/2"}],"replies":[{"embeddable":true,"href":"https:\/\/www.grieta.org.mx\/index.php\/wp-json\/wp\/v2\/comments?post=49942"}],"version-history":[{"count":1,"href":"https:\/\/www.grieta.org.mx\/index.php\/wp-json\/wp\/v2\/posts\/49942\/revisions"}],"predecessor-version":[{"id":49944,"href":"https:\/\/www.grieta.org.mx\/index.php\/wp-json\/wp\/v2\/posts\/49942\/revisions\/49944"}],"wp:featuredmedia":[{"embeddable":true,"href":"https:\/\/www.grieta.org.mx\/index.php\/wp-json\/wp\/v2\/media\/49943"}],"wp:attachment":[{"href":"https:\/\/www.grieta.org.mx\/index.php\/wp-json\/wp\/v2\/media?parent=49942"}],"wp:term":[{"taxonomy":"category","embeddable":true,"href":"https:\/\/www.grieta.org.mx\/index.php\/wp-json\/wp\/v2\/categories?post=49942"},{"taxonomy":"post_tag","embeddable":true,"href":"https:\/\/www.grieta.org.mx\/index.php\/wp-json\/wp\/v2\/tags?post=49942"}],"curies":[{"name":"wp","href":"https:\/\/api.w.org\/{rel}","templated":true}]}}