{"id":49891,"date":"2020-05-16T19:25:34","date_gmt":"2020-05-17T00:25:34","guid":{"rendered":"http:\/\/www.grieta.org.mx\/?p=49891"},"modified":"2020-05-27T23:35:33","modified_gmt":"2020-05-28T04:35:33","slug":"que-hacemos-los-que-no-tenemos-agua-para-frenar-el-covid-19-cuestiona-jornalera-de-san-quintin-baja-california-y-oaxaca","status":"publish","type":"post","link":"https:\/\/www.grieta.org.mx\/index.php\/2020\/05\/16\/que-hacemos-los-que-no-tenemos-agua-para-frenar-el-covid-19-cuestiona-jornalera-de-san-quintin-baja-california-y-oaxaca\/","title":{"rendered":"\u00bfQu\u00e9 hacemos los que no tenemos agua para frenar el Covid-19? cuestiona jornalera de San Quint\u00edn (Baja California y Oaxaca)"},"content":{"rendered":"<p>Lindero Norte \/ Antonio Heras<\/p>\n<p><img loading=\"lazy\" decoding=\"async\" src=\"https:\/\/i2.wp.com\/linderonorte.com\/wp-content\/uploads\/2020\/05\/IMG-20200516-WA0022.jpg?w=1080&#038;ssl=1\" width=\"1080\" height=\"911\" class=\"alignnone size-full\" \/><\/p>\n<p>Mexicali.- Luego de calificar de cacicazgo la concentraci\u00f3n en una sola persona de los apoyos de gobierno para San Quint\u00edn, la dirigente de la organizaci\u00f3n Alianza de Mujeres de Diversos Colores, Lucila Hern\u00e1ndez, se\u00f1al\u00f3 que el gran problema de los jornaleros agr\u00edcolas para contener el coronavirus es la falta de agua en las casas.<\/p>\n<p>En los campos hay agua, ellos tienen, pero no en la mayor\u00eda de comunidades ni en las casas. Dependemos del agua que se vende en pipas o que manda el gobierno, advirti\u00f3.<\/p>\n<p>La luchadora social se refiri\u00f3 a las campa\u00f1as de salud del gobierno donde se recomienda el lavado de manos de manera constante, entre otras medidas de higiene para mitigar al Covid 19. \u00bfC\u00f3mo le hacemos nosotros que no tenemos agua? expres\u00f3. <\/p>\n<p>Datos de la Secretar\u00eda de Salud de Baja California se\u00f1alan que de las 519 defunciones por Covid 19 en la entidad tres corresponden a San Quint\u00edn y de los 3 mil 136 contagios acumulados hasta el 16 de mayo un total de 19 casos son de esta zona ubicada al sur de Ensenada y que, por decreto, se autogobernar\u00e1 como municipio en 2024. <\/p>\n<p>Los trabajadores agr\u00edcolas salen de sus casas a diario a las 3 de la ma\u00f1ana y su jornada laboral se extiende hasta las 6 o 7 de la tarde, sobre todo ahora que est\u00e1 la pizca de fresa, ar\u00e1ndano y frambuesa. <\/p>\n<p>Originaria de Oaxaca, directa, coment\u00f3 que el problema es mayor para los ni\u00f1os y adultos mayores que se quedan en casa por la emergencia sanitaria y m\u00e1s tarde cuando los trabajadores llegan a descansar pues se encuentran sin agua ni para higiene personal  <\/p>\n<p>Se\u00f1al\u00f3 que integrantes de la Coordinaci\u00f3n Social Regional ha insistido con el gobierno, a trav\u00e9s de la Comisi\u00f3n Estatal de Servicios P\u00fablicos de Ensenada, que nos apoyen con agua y esperamos que se regularicen los env\u00edos de pipas porque lo hacen una o dos veces al mes.<\/p>\n<p>En entrevista para Lindero Norte, critic\u00f3 la falta de apoyos sociales al concentrarse en una sola \u00e1rea pues dijo que los beneficuarios ya no saben con quien acudir cuando hay problemas o no llegan los apoyos. Es una especie de cacicazgo, dijo la dirigente de jornaleras agricolas, al tiempo de de se\u00f1alar que apenas a fines de abril llegaron despensas a las comunidades Santa Mar\u00eda los Pinos y Venustiano Carranza. <\/p>\n<p>Esta semana, Lucila Hern\u00e1ndez y Rito Valle acudieron como representantes de sus comunidades a una reuni\u00f3n con empresarios del Rancho los Pinos para  buscar una soluci\u00f3n para la canalizaci\u00f3n del agua, \u00bb para que ya no afecte a la comunidad\u00bb.<\/p>\n<p>Nota completa:<br \/>\n<a href=\"https:\/\/linderonorte.com\/2020\/05\/16\/que-hacemos-los-que-no-tenemos-agua-para-frenar-el-covid-19-cuestiona-jornalera-de-san-quintin\/\" rel=\"noopener noreferrer\" target=\"_blank\">https:\/\/linderonorte.com\/2020\/05\/16\/que-hacemos-los-que-no-tenemos-agua-para-frenar-el-covid-19-cuestiona-jornalera-de-san-quintin\/<\/a><\/p>\n","protected":false},"excerpt":{"rendered":"<p>Lindero Norte \/ Antonio Heras Mexicali.- Luego de calificar de cacicazgo la concentraci\u00f3n en una sola persona de los apoyos de gobierno para San Quint\u00edn, la dirigente de la organizaci\u00f3n &hellip; <a href=\"https:\/\/www.grieta.org.mx\/index.php\/2020\/05\/16\/que-hacemos-los-que-no-tenemos-agua-para-frenar-el-covid-19-cuestiona-jornalera-de-san-quintin-baja-california-y-oaxaca\/\" class=\"more-link\">Leer m\u00e1s<\/a><\/p>\n","protected":false},"author":2,"featured_media":21928,"comment_status":"closed","ping_status":"closed","sticky":false,"template":"","format":"standard","meta":{"ngg_post_thumbnail":0,"_jetpack_newsletter_access":"","_jetpack_dont_email_post_to_subs":false,"_jetpack_newsletter_tier_id":0,"_jetpack_memberships_contains_paywalled_content":false,"_jetpack_memberships_contains_paid_content":false,"footnotes":""},"categories":[5,80,1207,3263,3262,85,2323,2955,2,25,83],"tags":[],"class_list":["post-49891","post","type-post","status-publish","format-standard","has-post-thumbnail","hentry","category-baja-california","category-cintillo","category-conflictos-laborales-en-baja-california","category-crisis-covid-19-en-baja-california","category-crisis-covid-19-en-oaxaca","category-jornaleros","category-jornaleros-en-baja-california","category-jornaleros-en-oaxaca","category-noticias-nacionales","category-oaxaca","category-temas-nacionales","entry"],"jetpack_featured_media_url":"https:\/\/www.grieta.org.mx\/wp-content\/uploads\/2018\/03\/14524434_1106112876131411_958039263622046936_o.jpg","jetpack_sharing_enabled":true,"jetpack_shortlink":"https:\/\/wp.me\/p7ZJR4-cYH","jetpack_likes_enabled":false,"jetpack-related-posts":[{"id":35471,"url":"https:\/\/www.grieta.org.mx\/index.php\/2019\/06\/27\/jornaleros-agricolas-de-oaxaca-fueron-esclavizados-en-rancho-constitucion-baja-california\/","url_meta":{"origin":49891,"position":0},"title":"Jornaleros agr\u00edcolas de Oaxaca fueron esclavizados en Rancho Constituci\u00f3n, Baja California","author":"grieta","date":"27 junio, 2019","format":false,"excerpt":"Jaime Guerrero \/ P\u00e1gina 3. Oaxaca.- Cerca de 45 jornaleros migrantes de Oaxaca viv\u00edan en condiciones de esclavizaci\u00f3n en Rancho Constituci\u00f3n, ubicado en Baja California. Las personas se encontraban hacinadas en insalubres cuartos de l\u00e1mina, con una paga m\u00ednima de 4 pesos por bote y sin seguridad social. Por las\u2026","rel":"","context":"En &quot;Baja California&quot;","block_context":{"text":"Baja California","link":"https:\/\/www.grieta.org.mx\/index.php\/category\/noticias-nacionales\/baja-california\/"},"img":{"alt_text":"","src":"https:\/\/i0.wp.com\/www.grieta.org.mx\/wp-content\/uploads\/2019\/06\/ninosjornaleros.jpg?resize=350%2C200&ssl=1","width":350,"height":200,"srcset":"https:\/\/i0.wp.com\/www.grieta.org.mx\/wp-content\/uploads\/2019\/06\/ninosjornaleros.jpg?resize=350%2C200&ssl=1 1x, https:\/\/i0.wp.com\/www.grieta.org.mx\/wp-content\/uploads\/2019\/06\/ninosjornaleros.jpg?resize=525%2C300&ssl=1 1.5x"},"classes":[]},{"id":47221,"url":"https:\/\/www.grieta.org.mx\/index.php\/2020\/04\/04\/el-dilema-los-jornaleros-ante-la-pandemia\/","url_meta":{"origin":49891,"position":1},"title":"El dilema los jornaleros ante la pandemia","author":"grieta","date":"4 abril, 2020","format":false,"excerpt":"Pi\u00e9 de P\u00e1gina \/ Texto: Kau Sirenio; fotos: Pablo Mendoza. Los jornaleros en el norte de M\u00e9xico temen que los contagios del COVID-19 inunden los campos agr\u00edcolas y ya no puedan trabajar. El otro riesgo es volver a sus pueblos en Oaxaca, Chiapas y Guerrero sin ahorros para sobrevivir la\u2026","rel":"","context":"En &quot;Baja California&quot;","block_context":{"text":"Baja California","link":"https:\/\/www.grieta.org.mx\/index.php\/category\/noticias-nacionales\/baja-california\/"},"img":{"alt_text":"","src":"https:\/\/i0.wp.com\/www.grieta.org.mx\/wp-content\/uploads\/2020\/04\/1.jpg?resize=350%2C200&ssl=1","width":350,"height":200,"srcset":"https:\/\/i0.wp.com\/www.grieta.org.mx\/wp-content\/uploads\/2020\/04\/1.jpg?resize=350%2C200&ssl=1 1x, https:\/\/i0.wp.com\/www.grieta.org.mx\/wp-content\/uploads\/2020\/04\/1.jpg?resize=525%2C300&ssl=1 1.5x, https:\/\/i0.wp.com\/www.grieta.org.mx\/wp-content\/uploads\/2020\/04\/1.jpg?resize=700%2C400&ssl=1 2x"},"classes":[]},{"id":34934,"url":"https:\/\/www.grieta.org.mx\/index.php\/2019\/06\/17\/esclavizan-a-oaxaquenos-en-baja-california\/","url_meta":{"origin":49891,"position":2},"title":"Esclavizan a oaxaque\u00f1os en Baja California","author":"grieta","date":"17 junio, 2019","format":false,"excerpt":"Noticias. Citlalli Luciana, Casuchas construidas con materiales endebles \"cobijan\" a los jornaleros oaxaque\u00f1os. Al menos 45 jornaleros migrantes originarios de Oaxaca viven en condiciones de esclavizaci\u00f3n en Rancho Constituci\u00f3n, ubicado en Baja California. Las personas se encuentran hacinadas en insalubres cuartos de l\u00e1mina, con una paga m\u00ednima y sin seguridad\u2026","rel":"","context":"En &quot;Baja California&quot;","block_context":{"text":"Baja California","link":"https:\/\/www.grieta.org.mx\/index.php\/category\/noticias-nacionales\/baja-california\/"},"img":{"alt_text":"","src":"https:\/\/i0.wp.com\/www.grieta.org.mx\/wp-content\/uploads\/2019\/06\/image_3_469.jpg?resize=350%2C200&ssl=1","width":350,"height":200,"srcset":"https:\/\/i0.wp.com\/www.grieta.org.mx\/wp-content\/uploads\/2019\/06\/image_3_469.jpg?resize=350%2C200&ssl=1 1x, https:\/\/i0.wp.com\/www.grieta.org.mx\/wp-content\/uploads\/2019\/06\/image_3_469.jpg?resize=525%2C300&ssl=1 1.5x, https:\/\/i0.wp.com\/www.grieta.org.mx\/wp-content\/uploads\/2019\/06\/image_3_469.jpg?resize=700%2C400&ssl=1 2x, https:\/\/i0.wp.com\/www.grieta.org.mx\/wp-content\/uploads\/2019\/06\/image_3_469.jpg?resize=1050%2C600&ssl=1 3x"},"classes":[]},{"id":22307,"url":"https:\/\/www.grieta.org.mx\/index.php\/2018\/03\/17\/se-manifiestan-jornaleros-de-san-quintin-a-tres-anos-de-su-levantamiento-baja-california\/","url_meta":{"origin":49891,"position":3},"title":"Se manifiestan jornaleros de San Quint\u00edn a tres a\u00f1os de su levantamiento (Baja California)","author":"grieta","date":"17 marzo, 2018","format":false,"excerpt":"San Quint\u00edn, 17 de marzo.- Jornaleros del Valle de San Quint\u00edn se manifestaron al cumplirse el tercer aniversario del movimiento que protagonizaron el 17 de marzo de 2015 para exigir mejoras en sus condiciones laborales. Alrededor de 60 personas, integrantes del Sindicato Nacional de Jornaleros Agr\u00edcolas (Sindja) se plantaron en\u2026","rel":"","context":"En &quot;Baja California&quot;","block_context":{"text":"Baja California","link":"https:\/\/www.grieta.org.mx\/index.php\/category\/noticias-nacionales\/baja-california\/"},"img":{"alt_text":"","src":"https:\/\/i0.wp.com\/www.grieta.org.mx\/wp-content\/uploads\/2018\/03\/sq_0.jpeg?resize=350%2C200&ssl=1","width":350,"height":200,"srcset":"https:\/\/i0.wp.com\/www.grieta.org.mx\/wp-content\/uploads\/2018\/03\/sq_0.jpeg?resize=350%2C200&ssl=1 1x, https:\/\/i0.wp.com\/www.grieta.org.mx\/wp-content\/uploads\/2018\/03\/sq_0.jpeg?resize=525%2C300&ssl=1 1.5x"},"classes":[]},{"id":47969,"url":"https:\/\/www.grieta.org.mx\/index.php\/2020\/04\/08\/coronavirus-denuncian-riesgo-de-jornaleros-agricolas-a-covid-19\/","url_meta":{"origin":49891,"position":4},"title":"Coronavirus: Denuncian riesgo de jornaleros agr\u00edcolas a COVID-19","author":"grieta","date":"8 abril, 2020","format":false,"excerpt":"En M\u00e9xico, al menos 2 millones de personas migran de su lugar de origen a los campos agr\u00edcolas para emplearse como jornaleras agr\u00edcolas Alina Escobedo, Plumas at\u00f3micas \/8 de abril de 2020 En M\u00e9xico, al menos 2 millones de personas migran de su lugar de origen a los campos agr\u00edcolas\u2026","rel":"","context":"En &quot;Baja California&quot;","block_context":{"text":"Baja California","link":"https:\/\/www.grieta.org.mx\/index.php\/category\/noticias-nacionales\/baja-california\/"},"img":{"alt_text":"","src":"https:\/\/i0.wp.com\/www.grieta.org.mx\/wp-content\/uploads\/2020\/04\/JornalerosCOVID.jpg?resize=350%2C200&ssl=1","width":350,"height":200,"srcset":"https:\/\/i0.wp.com\/www.grieta.org.mx\/wp-content\/uploads\/2020\/04\/JornalerosCOVID.jpg?resize=350%2C200&ssl=1 1x, https:\/\/i0.wp.com\/www.grieta.org.mx\/wp-content\/uploads\/2020\/04\/JornalerosCOVID.jpg?resize=525%2C300&ssl=1 1.5x, https:\/\/i0.wp.com\/www.grieta.org.mx\/wp-content\/uploads\/2020\/04\/JornalerosCOVID.jpg?resize=700%2C400&ssl=1 2x, https:\/\/i0.wp.com\/www.grieta.org.mx\/wp-content\/uploads\/2020\/04\/JornalerosCOVID.jpg?resize=1050%2C600&ssl=1 3x"},"classes":[]},{"id":35274,"url":"https:\/\/www.grieta.org.mx\/index.php\/2019\/06\/21\/alertan-por-fraude-a-jornaleros-mixtecos-oaxaca-y-baja-california\/","url_meta":{"origin":49891,"position":5},"title":"Alertan por fraude a jornaleros mixtecos (Oaxaca y Baja California)","author":"grieta","date":"21 junio, 2019","format":false,"excerpt":"Noticias. Lesli Aguilar Fueron expuestas situaciones de hacinamiento y m\u00ednimos servicios en los que habitaban jornaleros agr\u00edcolas en el rancho Constituci\u00f3n, en Baja California. HUAJUAPAN DE LE\u00d3N, Oaxaca.- La directora del Instituto Oaxaque\u00f1o de Atenci\u00f3n al Migrante (IOAM), A\u00edda Ruiz Garc\u00eda, alert\u00f3 a los jornaleros agr\u00edcolas de la regi\u00f3n Mixteca\u2026","rel":"","context":"En &quot;Baja California&quot;","block_context":{"text":"Baja California","link":"https:\/\/www.grieta.org.mx\/index.php\/category\/noticias-nacionales\/baja-california\/"},"img":{"alt_text":"","src":"https:\/\/i0.wp.com\/www.grieta.org.mx\/wp-content\/uploads\/2019\/06\/image_24_396.jpg?resize=350%2C200&ssl=1","width":350,"height":200,"srcset":"https:\/\/i0.wp.com\/www.grieta.org.mx\/wp-content\/uploads\/2019\/06\/image_24_396.jpg?resize=350%2C200&ssl=1 1x, https:\/\/i0.wp.com\/www.grieta.org.mx\/wp-content\/uploads\/2019\/06\/image_24_396.jpg?resize=525%2C300&ssl=1 1.5x, https:\/\/i0.wp.com\/www.grieta.org.mx\/wp-content\/uploads\/2019\/06\/image_24_396.jpg?resize=700%2C400&ssl=1 2x, https:\/\/i0.wp.com\/www.grieta.org.mx\/wp-content\/uploads\/2019\/06\/image_24_396.jpg?resize=1050%2C600&ssl=1 3x"},"classes":[]}],"_links":{"self":[{"href":"https:\/\/www.grieta.org.mx\/index.php\/wp-json\/wp\/v2\/posts\/49891","targetHints":{"allow":["GET"]}}],"collection":[{"href":"https:\/\/www.grieta.org.mx\/index.php\/wp-json\/wp\/v2\/posts"}],"about":[{"href":"https:\/\/www.grieta.org.mx\/index.php\/wp-json\/wp\/v2\/types\/post"}],"author":[{"embeddable":true,"href":"https:\/\/www.grieta.org.mx\/index.php\/wp-json\/wp\/v2\/users\/2"}],"replies":[{"embeddable":true,"href":"https:\/\/www.grieta.org.mx\/index.php\/wp-json\/wp\/v2\/comments?post=49891"}],"version-history":[{"count":1,"href":"https:\/\/www.grieta.org.mx\/index.php\/wp-json\/wp\/v2\/posts\/49891\/revisions"}],"predecessor-version":[{"id":49892,"href":"https:\/\/www.grieta.org.mx\/index.php\/wp-json\/wp\/v2\/posts\/49891\/revisions\/49892"}],"wp:featuredmedia":[{"embeddable":true,"href":"https:\/\/www.grieta.org.mx\/index.php\/wp-json\/wp\/v2\/media\/21928"}],"wp:attachment":[{"href":"https:\/\/www.grieta.org.mx\/index.php\/wp-json\/wp\/v2\/media?parent=49891"}],"wp:term":[{"taxonomy":"category","embeddable":true,"href":"https:\/\/www.grieta.org.mx\/index.php\/wp-json\/wp\/v2\/categories?post=49891"},{"taxonomy":"post_tag","embeddable":true,"href":"https:\/\/www.grieta.org.mx\/index.php\/wp-json\/wp\/v2\/tags?post=49891"}],"curies":[{"name":"wp","href":"https:\/\/api.w.org\/{rel}","templated":true}]}}