{"id":49868,"date":"2020-05-22T20:08:35","date_gmt":"2020-05-23T01:08:35","guid":{"rendered":"http:\/\/www.grieta.org.mx\/?p=49868"},"modified":"2020-05-26T22:12:22","modified_gmt":"2020-05-27T03:12:22","slug":"en-plena-pandemia-se-queda-sin-consultas-medicas-comunidad-indigena-en-la-cuenca-del-papaloapan-oaxaca","status":"publish","type":"post","link":"https:\/\/www.grieta.org.mx\/index.php\/2020\/05\/22\/en-plena-pandemia-se-queda-sin-consultas-medicas-comunidad-indigena-en-la-cuenca-del-papaloapan-oaxaca\/","title":{"rendered":"En plena pandemia, se queda sin consultas m\u00e9dicas comunidad ind\u00edgena en la Cuenca del Papaloapan  (Oaxaca)"},"content":{"rendered":"<p>P\u00e1gina 3 \/ Corresponsal\u00eda.<\/p>\n<p><img loading=\"lazy\" decoding=\"async\" src=\"https:\/\/pagina3.mx\/wp-content\/uploads\/2020\/05\/sin-consultas-m%C3%A9dica-comunidad-ind%C3%ADgena-en-la-Cuenca-del-Papaloapan.jpg\" width=\"729\" height=\"480\" class=\"alignnone size-full\" \/><\/p>\n<p>Tuxtepec, Oax.- La Unidad M\u00e9dica de del Instituto Mexicano del Seguro Social (IMSS) de la comunidad Cerro Concha, perteneciente al municipio de Santa Mar\u00eda Jacatepec, en la Cuenca del Papaloapan, se qued\u00f3 sin consultas m\u00e9dicas porque el personal encargado fue mandado a cuarentena.<\/p>\n<p>Lo anterior, como consecuencia de los acontecimientos del pasado martes 19 de mayo, donde funcionarios del Ayuntamiento fueron retenidos durante m\u00e1s de 17 horas, por habitantes de la comunidad de La Joya, los cuales, se negaban a aceptar que uno de sus integrantes falleci\u00f3 a consecuencia de la COVID-19.<\/p>\n<p>En este contexto, el gobierno municipal inform\u00f3 que, ante lo ocurrido y por no haber existido las condiciones adecuadas para que el funcionariado del \u00e1rea de salud tomara las medidas sanitarias necesarias, para hacer frente a la pandemia, estos fueron mandados a aislamiento preventivo.<\/p>\n<p>Por lo tanto, las labores quedaron suspendidas temporalmente en el consultorio m\u00e9dico municipal y en la Unidad M\u00e9dica del IMSS, en la comunidad de Cerro Concha, al quedarse sin personal para otorgar el servicio.<\/p>\n<p>Esta medida perdurar\u00e1 hasta que la salud de los y las trabajadoras del consultorio y la unidad m\u00e9dica del IMSS, sean confirmadas como fuera de riesgo por COVID-19, previo a los estudios y an\u00e1lisis cl\u00ednicos.<\/p>\n<p><a href=\"https:\/\/pagina3.mx\/2020\/05\/sin-consultas-medicas-comunidad-indigena-en-la-cuenca-del-papaloapan\/\" target=\"_blank\" rel=\"noopener noreferrer\">https:\/\/pagina3.mx\/2020\/05\/sin-consultas-medicas-comunidad-indigena-en-la-cuenca-del-papaloapan\/<\/a><\/p>\n","protected":false},"excerpt":{"rendered":"<p>P\u00e1gina 3 \/ Corresponsal\u00eda. Tuxtepec, Oax.- La Unidad M\u00e9dica de del Instituto Mexicano del Seguro Social (IMSS) de la comunidad Cerro Concha, perteneciente al municipio de Santa Mar\u00eda Jacatepec, en &hellip; <a href=\"https:\/\/www.grieta.org.mx\/index.php\/2020\/05\/22\/en-plena-pandemia-se-queda-sin-consultas-medicas-comunidad-indigena-en-la-cuenca-del-papaloapan-oaxaca\/\" class=\"more-link\">Leer m\u00e1s<\/a><\/p>\n","protected":false},"author":2,"featured_media":21928,"comment_status":"closed","ping_status":"closed","sticky":false,"template":"","format":"standard","meta":{"ngg_post_thumbnail":0,"_jetpack_newsletter_access":"","_jetpack_dont_email_post_to_subs":false,"_jetpack_newsletter_tier_id":0,"_jetpack_memberships_contains_paywalled_content":false,"_jetpack_memberships_contains_paid_content":false,"footnotes":""},"categories":[80,3262,1728,2,25],"tags":[],"class_list":["post-49868","post","type-post","status-publish","format-standard","has-post-thumbnail","hentry","category-cintillo","category-crisis-covid-19-en-oaxaca","category-crisis-del-sector-salud-en-oaxaca","category-noticias-nacionales","category-oaxaca","entry"],"jetpack_featured_media_url":"https:\/\/www.grieta.org.mx\/wp-content\/uploads\/2018\/03\/14524434_1106112876131411_958039263622046936_o.jpg","jetpack_sharing_enabled":true,"jetpack_shortlink":"https:\/\/wp.me\/p7ZJR4-cYk","jetpack_likes_enabled":false,"jetpack-related-posts":[{"id":27730,"url":"https:\/\/www.grieta.org.mx\/index.php\/2018\/11\/22\/pueblos-de-la-cuenca-del-papaloapan-rechazan-megaproyectos-mineros-e-hidroelectricos-oaxaca\/","url_meta":{"origin":49868,"position":0},"title":"Pueblos de la Cuenca del Papaloapan rechazan megaproyectos mineros e hidroel\u00e9ctricos (Oaxaca)","author":"grieta","date":"22 noviembre, 2018","format":false,"excerpt":"Proceso. Pedro Mat\u00edas, Oaxaca, Oax. (apro).- La Asamblea de Pueblos Originarios en Defensa del Territorio de la Cuenca del Papaloapan rechazaron todo tipo de megaproyectos, la iniciativa de ley para el desarrollo agrario y las consultas que promueve el presidente electo Andr\u00e9s Manuel L\u00f3pez Obrador porque \u201chay antecedentes de lo\u2026","rel":"","context":"En &quot;CINTILLO&quot;","block_context":{"text":"CINTILLO","link":"https:\/\/www.grieta.org.mx\/index.php\/category\/cintillo\/"},"img":{"alt_text":"","src":"https:\/\/i0.wp.com\/www.grieta.org.mx\/wp-content\/uploads\/2018\/11\/estados-8-1.jpg?resize=350%2C200&ssl=1","width":350,"height":200,"srcset":"https:\/\/i0.wp.com\/www.grieta.org.mx\/wp-content\/uploads\/2018\/11\/estados-8-1.jpg?resize=350%2C200&ssl=1 1x, https:\/\/i0.wp.com\/www.grieta.org.mx\/wp-content\/uploads\/2018\/11\/estados-8-1.jpg?resize=525%2C300&ssl=1 1.5x, https:\/\/i0.wp.com\/www.grieta.org.mx\/wp-content\/uploads\/2018\/11\/estados-8-1.jpg?resize=700%2C400&ssl=1 2x"},"classes":[]},{"id":50721,"url":"https:\/\/www.grieta.org.mx\/index.php\/2020\/06\/06\/sigue-en-riesgo-personal-de-salud-en-tuxtepec-ante-covid-19-oaxaca\/","url_meta":{"origin":49868,"position":1},"title":"Sigue en riesgo personal de salud en Tuxtepec ante COVID-19  (Oaxaca)","author":"grieta","date":"6 junio, 2020","format":false,"excerpt":"Noticias \/ Victoria Bustos. M\u00e9dicos y enfermeras dan batalla al virus con miedo a enfermarse. TUXTEPEC, Oaxaca.-Debido al incremento constante de casos de COVID-19 en la regi\u00f3n Cuenca del Papaloapan y el municipio de Tuxtepec, el personal de salud no se da abasto para atenderlos, adem\u00e1s de que enfrentan el\u2026","rel":"","context":"En &quot;CINTILLO&quot;","block_context":{"text":"CINTILLO","link":"https:\/\/www.grieta.org.mx\/index.php\/category\/cintillo\/"},"img":{"alt_text":"","src":"https:\/\/i0.wp.com\/www.grieta.org.mx\/wp-content\/uploads\/2018\/03\/14524434_1106112876131411_958039263622046936_o.jpg?resize=350%2C200&ssl=1","width":350,"height":200,"srcset":"https:\/\/i0.wp.com\/www.grieta.org.mx\/wp-content\/uploads\/2018\/03\/14524434_1106112876131411_958039263622046936_o.jpg?resize=350%2C200&ssl=1 1x, https:\/\/i0.wp.com\/www.grieta.org.mx\/wp-content\/uploads\/2018\/03\/14524434_1106112876131411_958039263622046936_o.jpg?resize=525%2C300&ssl=1 1.5x, https:\/\/i0.wp.com\/www.grieta.org.mx\/wp-content\/uploads\/2018\/03\/14524434_1106112876131411_958039263622046936_o.jpg?resize=700%2C400&ssl=1 2x"},"classes":[]},{"id":51061,"url":"https:\/\/www.grieta.org.mx\/index.php\/2020\/06\/19\/feministas-declaran-luto-en-la-cuenca-piden-guelaguetza-sin-flor-de-pina-oaxaca\/","url_meta":{"origin":49868,"position":2},"title":"Feministas declaran luto en la Cuenca, piden Guelaguetza sin Flor de Pi\u00f1a (Oaxaca)","author":"grieta","date":"19 junio, 2020","format":false,"excerpt":"Noticias \/ Citlalli Luciana. Ante el incremento de desapariciones y feminicidios en la regi\u00f3n de la Cuenca del Papaloapan, integrantes de la colectiva feminista Tuxfem, pidieron analizar la presentaci\u00f3n de la \u201cFlor de Pi\u00f1a\u201d en la Guelaguetza convocada por el gobierno del estado a realizarse en diciembre. Mon, \u00c1ngela y\u2026","rel":"","context":"En &quot;CINTILLO&quot;","block_context":{"text":"CINTILLO","link":"https:\/\/www.grieta.org.mx\/index.php\/category\/cintillo\/"},"img":{"alt_text":"","src":"https:\/\/i0.wp.com\/www.grieta.org.mx\/wp-content\/uploads\/2018\/03\/14524434_1106112876131411_958039263622046936_o.jpg?resize=350%2C200&ssl=1","width":350,"height":200,"srcset":"https:\/\/i0.wp.com\/www.grieta.org.mx\/wp-content\/uploads\/2018\/03\/14524434_1106112876131411_958039263622046936_o.jpg?resize=350%2C200&ssl=1 1x, https:\/\/i0.wp.com\/www.grieta.org.mx\/wp-content\/uploads\/2018\/03\/14524434_1106112876131411_958039263622046936_o.jpg?resize=525%2C300&ssl=1 1.5x, https:\/\/i0.wp.com\/www.grieta.org.mx\/wp-content\/uploads\/2018\/03\/14524434_1106112876131411_958039263622046936_o.jpg?resize=700%2C400&ssl=1 2x"},"classes":[]},{"id":49094,"url":"https:\/\/www.grieta.org.mx\/index.php\/2020\/04\/14\/agua-para-ayutla-ya-comunidad-en-oaxaca-enfrenta-al-covid-19-sin-agua-oaxaca\/","url_meta":{"origin":49868,"position":3},"title":"Agua para Ayutla ya: comunidad en Oaxaca enfrenta al COVID-19 sin agua (Oaxaca)","author":"grieta","date":"14 abril, 2020","format":false,"excerpt":"ANIMAL POL\u00cdTICO Ante la actual pandemia por COVID-19 los cerca de 5 mil habitantes de San Pedro y San Pablo Ayutla, Oaxaca exigen que ya se resuelva esta problem\u00e1tica. Ayutla lleva casi tres a\u00f1os sin agua desde que un grupo armado de Tamazulapan, un municipio vecino, se adue\u00f1\u00f3 del manantial\u2026","rel":"","context":"En &quot;CINTILLO&quot;","block_context":{"text":"CINTILLO","link":"https:\/\/www.grieta.org.mx\/index.php\/category\/cintillo\/"},"img":{"alt_text":"","src":"https:\/\/i0.wp.com\/www.grieta.org.mx\/wp-content\/uploads\/2018\/03\/14524434_1106112876131411_958039263622046936_o.jpg?resize=350%2C200&ssl=1","width":350,"height":200,"srcset":"https:\/\/i0.wp.com\/www.grieta.org.mx\/wp-content\/uploads\/2018\/03\/14524434_1106112876131411_958039263622046936_o.jpg?resize=350%2C200&ssl=1 1x, https:\/\/i0.wp.com\/www.grieta.org.mx\/wp-content\/uploads\/2018\/03\/14524434_1106112876131411_958039263622046936_o.jpg?resize=525%2C300&ssl=1 1.5x, https:\/\/i0.wp.com\/www.grieta.org.mx\/wp-content\/uploads\/2018\/03\/14524434_1106112876131411_958039263622046936_o.jpg?resize=700%2C400&ssl=1 2x"},"classes":[]},{"id":51016,"url":"https:\/\/www.grieta.org.mx\/index.php\/2020\/06\/15\/detienen-a-presunto-enganchador-y-localizan-restos-de-jovencita-desaparecida-en-fosa-clandestina-oaxaca\/","url_meta":{"origin":49868,"position":4},"title":"Detienen a presunto enganchador y localizan restos de jovencita desaparecida en fosa clandestina (Oaxaca)","author":"grieta","date":"15 junio, 2020","format":false,"excerpt":"P\u00e1gina 3 \/ Pedro Mat\u00edas. OAXACA, Oax.- La detenci\u00f3n de Omar B. G., presunto enganchador de jovencitas v\u00eda Facebook, permiti\u00f3 ubicar una fosa clandestina. Se localizaron los restos que podr\u00edan ser de F\u00e1tima Palacios Moreno y Casandra Ram\u00edrez Salom\u00f3n, desaparecidas, una el 2 de marzo y la otra el 6\u2026","rel":"","context":"En &quot;CINTILLO&quot;","block_context":{"text":"CINTILLO","link":"https:\/\/www.grieta.org.mx\/index.php\/category\/cintillo\/"},"img":{"alt_text":"","src":"https:\/\/i0.wp.com\/www.grieta.org.mx\/wp-content\/uploads\/2020\/06\/1-3.jpg?resize=350%2C200&ssl=1","width":350,"height":200,"srcset":"https:\/\/i0.wp.com\/www.grieta.org.mx\/wp-content\/uploads\/2020\/06\/1-3.jpg?resize=350%2C200&ssl=1 1x, https:\/\/i0.wp.com\/www.grieta.org.mx\/wp-content\/uploads\/2020\/06\/1-3.jpg?resize=525%2C300&ssl=1 1.5x, https:\/\/i0.wp.com\/www.grieta.org.mx\/wp-content\/uploads\/2020\/06\/1-3.jpg?resize=700%2C400&ssl=1 2x"},"classes":[]},{"id":51063,"url":"https:\/\/www.grieta.org.mx\/index.php\/2020\/06\/15\/detienen-a-presunto-secuestrador-de-mujer-en-oaxaca-y-ubican-fosa-con-restos-humanos\/","url_meta":{"origin":49868,"position":5},"title":"Detienen a presunto secuestrador de mujer en Oaxaca y ubican fosa con restos humanos","author":"grieta","date":"15 junio, 2020","format":false,"excerpt":"Proceso \/ Pedro Mat\u00edas. OAXACA, Oax. (apro). \u2013 La detenci\u00f3n de Omar B. G., presunto acosador de jovencitas v\u00eda Facebook, permiti\u00f3 ubicar una fosa clandestina donde localizaron los restos de una persona que podr\u00eda ser de F\u00e1tima Palacios Moreno y Casandra Ram\u00edrez Salom\u00f3n, desaparecidas, una el dos de marzo y\u2026","rel":"","context":"En &quot;CINTILLO&quot;","block_context":{"text":"CINTILLO","link":"https:\/\/www.grieta.org.mx\/index.php\/category\/cintillo\/"},"img":{"alt_text":"","src":"https:\/\/i0.wp.com\/www.grieta.org.mx\/wp-content\/uploads\/2018\/03\/14524434_1106112876131411_958039263622046936_o.jpg?resize=350%2C200&ssl=1","width":350,"height":200,"srcset":"https:\/\/i0.wp.com\/www.grieta.org.mx\/wp-content\/uploads\/2018\/03\/14524434_1106112876131411_958039263622046936_o.jpg?resize=350%2C200&ssl=1 1x, https:\/\/i0.wp.com\/www.grieta.org.mx\/wp-content\/uploads\/2018\/03\/14524434_1106112876131411_958039263622046936_o.jpg?resize=525%2C300&ssl=1 1.5x, https:\/\/i0.wp.com\/www.grieta.org.mx\/wp-content\/uploads\/2018\/03\/14524434_1106112876131411_958039263622046936_o.jpg?resize=700%2C400&ssl=1 2x"},"classes":[]}],"_links":{"self":[{"href":"https:\/\/www.grieta.org.mx\/index.php\/wp-json\/wp\/v2\/posts\/49868","targetHints":{"allow":["GET"]}}],"collection":[{"href":"https:\/\/www.grieta.org.mx\/index.php\/wp-json\/wp\/v2\/posts"}],"about":[{"href":"https:\/\/www.grieta.org.mx\/index.php\/wp-json\/wp\/v2\/types\/post"}],"author":[{"embeddable":true,"href":"https:\/\/www.grieta.org.mx\/index.php\/wp-json\/wp\/v2\/users\/2"}],"replies":[{"embeddable":true,"href":"https:\/\/www.grieta.org.mx\/index.php\/wp-json\/wp\/v2\/comments?post=49868"}],"version-history":[{"count":1,"href":"https:\/\/www.grieta.org.mx\/index.php\/wp-json\/wp\/v2\/posts\/49868\/revisions"}],"predecessor-version":[{"id":49870,"href":"https:\/\/www.grieta.org.mx\/index.php\/wp-json\/wp\/v2\/posts\/49868\/revisions\/49870"}],"wp:featuredmedia":[{"embeddable":true,"href":"https:\/\/www.grieta.org.mx\/index.php\/wp-json\/wp\/v2\/media\/21928"}],"wp:attachment":[{"href":"https:\/\/www.grieta.org.mx\/index.php\/wp-json\/wp\/v2\/media?parent=49868"}],"wp:term":[{"taxonomy":"category","embeddable":true,"href":"https:\/\/www.grieta.org.mx\/index.php\/wp-json\/wp\/v2\/categories?post=49868"},{"taxonomy":"post_tag","embeddable":true,"href":"https:\/\/www.grieta.org.mx\/index.php\/wp-json\/wp\/v2\/tags?post=49868"}],"curies":[{"name":"wp","href":"https:\/\/api.w.org\/{rel}","templated":true}]}}