{"id":49859,"date":"2020-05-23T21:48:51","date_gmt":"2020-05-24T02:48:51","guid":{"rendered":"http:\/\/www.grieta.org.mx\/?p=49859"},"modified":"2020-05-26T21:52:55","modified_gmt":"2020-05-27T02:52:55","slug":"brote-de-coronavirus-en-el-penal-de-tanivet-hay-siete-casos-seguridad-publica-oaxaca","status":"publish","type":"post","link":"https:\/\/www.grieta.org.mx\/index.php\/2020\/05\/23\/brote-de-coronavirus-en-el-penal-de-tanivet-hay-siete-casos-seguridad-publica-oaxaca\/","title":{"rendered":"Brote de coronavirus en el Penal de Tanivet: hay siete casos: Seguridad P\u00fablica (Oaxaca)"},"content":{"rendered":"<p>P\u00e1gina 3 \/ Pedro Mat\u00edas.<\/p>\n<p><img loading=\"lazy\" decoding=\"async\" data-attachment-id=\"49861\" data-permalink=\"https:\/\/www.grieta.org.mx\/index.php\/2020\/05\/23\/brote-de-coronavirus-en-el-penal-de-tanivet-hay-siete-casos-seguridad-publica-oaxaca\/i-5\/\" data-orig-file=\"https:\/\/www.grieta.org.mx\/wp-content\/uploads\/2020\/05\/I-1.jpg\" data-orig-size=\"950,475\" data-comments-opened=\"0\" data-image-meta=\"{&quot;aperture&quot;:&quot;0&quot;,&quot;credit&quot;:&quot;&quot;,&quot;camera&quot;:&quot;&quot;,&quot;caption&quot;:&quot;&quot;,&quot;created_timestamp&quot;:&quot;1519310777&quot;,&quot;copyright&quot;:&quot;&quot;,&quot;focal_length&quot;:&quot;0&quot;,&quot;iso&quot;:&quot;0&quot;,&quot;shutter_speed&quot;:&quot;0&quot;,&quot;title&quot;:&quot;&quot;,&quot;orientation&quot;:&quot;1&quot;}\" data-image-title=\"I\" data-image-description=\"\" data-image-caption=\"\" data-medium-file=\"https:\/\/www.grieta.org.mx\/wp-content\/uploads\/2020\/05\/I-1-300x150.jpg\" data-large-file=\"https:\/\/www.grieta.org.mx\/wp-content\/uploads\/2020\/05\/I-1.jpg\" class=\"aligncenter wp-image-49861\" src=\"http:\/\/www.grieta.org.mx\/wp-content\/uploads\/2020\/05\/I-1.jpg\" alt=\"\" width=\"800\" height=\"400\" srcset=\"https:\/\/www.grieta.org.mx\/wp-content\/uploads\/2020\/05\/I-1.jpg 950w, https:\/\/www.grieta.org.mx\/wp-content\/uploads\/2020\/05\/I-1-300x150.jpg 300w, https:\/\/www.grieta.org.mx\/wp-content\/uploads\/2020\/05\/I-1-768x384.jpg 768w\" sizes=\"auto, (max-width: 800px) 100vw, 800px\" \/><\/p>\n<p>OAXACA. (pagina3.mx).- La SSPO confirm\u00f3 la existencia de un brote de siete enfermos por Covid-19 en el Centro Penitenciario Varonil de Tanivet, Tlacolula.<\/p>\n<p>En las redes sociales circul\u00f3 de la posibilidad de que existieran 30 casos de coronavirus en el Penal de Tanivet.<\/p>\n<p>Ante ello, la Secretar\u00eda de Seguridad P\u00fablica de Oaxaca aclar\u00f3 que solo son siete casos del virus SARS-CoV-2.<\/p>\n<p>Esas cifras las confirmaron a trav\u00e9s de las pruebas realizadas por los Servicios de Salud de Oaxaca.<\/p>\n<p>Detall\u00f3 que las siete Personas Privadas de Libertad (PPL), de los pabellones 1 y 4, se mantienen en aislamiento.<\/p>\n<p>Se encuentran en el \u00c1rea de Hospitalizaci\u00f3n de este Centro Penitenciario, donde est\u00e1n bajo vigilancia y observaci\u00f3n permanentes.<\/p>\n<p>La dependencia asegur\u00f3 que se guardan las debidas precauciones sanitarias de acuerdo con los grupos de riesgo.<\/p>\n<p>De igual forma, el personal y la poblaci\u00f3n penitenciaria que estuvo en contacto con las siete Personas Privadas de Libertad que dieron positivo a Covid-19, se encuentran bajo las mismas medidas de atenci\u00f3n y observaci\u00f3n m\u00e9dica.<\/p>\n<p>Mencion\u00f3 que la SSPO ha llevado a cabo las medidas de prevenci\u00f3n necesarias y ha realizado trabajos de sanitizaci\u00f3n en este Centro Penitenciario.<\/p>\n<p>Para garantizar el bienestar de las PPL, personal administrativo, as\u00ed como de elementos de Seguridad y Custodia, desde el inicio de la contingencia en Oaxaca.<\/p>\n<p>Tambi\u00e9n se ha entregado de equipo de protecci\u00f3n (cubre bocas, guantes y caretas o mascarillas) al personal operativo y m\u00e9dico del lugar.<\/p>\n<p>Asimismo, a trav\u00e9s de la Subsecretar\u00eda de Prevenci\u00f3n y Reinserci\u00f3n Social, se mantiene comunicaci\u00f3n permanente con sus familias.<\/p>\n<p>Y finalmente solicitaron a los Servicios de Salud de Oaxaca el monitoreo constante del desarrollo epidemiol\u00f3gico de los 11 Centros Penitenciarios de la entidad.<\/p>\n<p style=\"text-align: right;\"><a href=\"https:\/\/pagina3.mx\/2020\/05\/brote-de-coronavirus-en-el-penal-de-tanivet-hay-siete-casos-sspo\/\" target=\"_blank\" rel=\"noopener noreferrer\">https:\/\/pagina3.mx\/2020\/05\/brote-de-coronavirus-en-el-penal-de-tanivet-hay-siete-casos-sspo\/<\/a><\/p>\n","protected":false},"excerpt":{"rendered":"<p>P\u00e1gina 3 \/ Pedro Mat\u00edas. OAXACA. (pagina3.mx).- La SSPO confirm\u00f3 la existencia de un brote de siete enfermos por Covid-19 en el Centro Penitenciario Varonil de Tanivet, Tlacolula. En las &hellip; <a href=\"https:\/\/www.grieta.org.mx\/index.php\/2020\/05\/23\/brote-de-coronavirus-en-el-penal-de-tanivet-hay-siete-casos-seguridad-publica-oaxaca\/\" class=\"more-link\">Leer m\u00e1s<\/a><\/p>\n","protected":false},"author":2,"featured_media":21928,"comment_status":"closed","ping_status":"closed","sticky":false,"template":"","format":"standard","meta":{"ngg_post_thumbnail":0,"_jetpack_newsletter_access":"","_jetpack_dont_email_post_to_subs":false,"_jetpack_newsletter_tier_id":0,"_jetpack_memberships_contains_paywalled_content":false,"_jetpack_memberships_contains_paid_content":false,"footnotes":""},"categories":[80,3262,2,25,1496],"tags":[],"class_list":["post-49859","post","type-post","status-publish","format-standard","has-post-thumbnail","hentry","category-cintillo","category-crisis-covid-19-en-oaxaca","category-noticias-nacionales","category-oaxaca","category-represion-en-oaxaca","entry"],"jetpack_featured_media_url":"https:\/\/www.grieta.org.mx\/wp-content\/uploads\/2018\/03\/14524434_1106112876131411_958039263622046936_o.jpg","jetpack_sharing_enabled":true,"jetpack_shortlink":"https:\/\/wp.me\/p7ZJR4-cYb","jetpack_likes_enabled":false,"jetpack-related-posts":[{"id":50611,"url":"https:\/\/www.grieta.org.mx\/index.php\/2020\/06\/09\/muere-un-preso-del-penal-de-tanivet-donde-se-confirmo-un-brote-de-covid-19-oaxaca\/","url_meta":{"origin":49859,"position":0},"title":"Muere un preso del Penal de Tanivet donde se confirm\u00f3 un brote de Covid-19 (Oaxaca)","author":"grieta","date":"9 junio, 2020","format":false,"excerpt":"P\u00e1gina 3 \/ Pedro Mat\u00edas. OAXACA, Oax. (p\u00e1gina3.mx).- La Secretar\u00eda de Seguridad P\u00fablica de Oaxaca confirm\u00f3 la muerte de una Persona Privada de la Libertad (PPL) en el Centro Penitenciario Varonil de Tanivet donde se detect\u00f3 un brote de covid-19 con siete casos confirmados, independientemente de que custodios fueron aislados.\u2026","rel":"","context":"En &quot;CINTILLO&quot;","block_context":{"text":"CINTILLO","link":"https:\/\/www.grieta.org.mx\/index.php\/category\/cintillo\/"},"img":{"alt_text":"","src":"https:\/\/i0.wp.com\/www.grieta.org.mx\/wp-content\/uploads\/2020\/06\/Penal-de-Tanivet-Oaxaca.jpg?resize=350%2C200&ssl=1","width":350,"height":200,"srcset":"https:\/\/i0.wp.com\/www.grieta.org.mx\/wp-content\/uploads\/2020\/06\/Penal-de-Tanivet-Oaxaca.jpg?resize=350%2C200&ssl=1 1x, https:\/\/i0.wp.com\/www.grieta.org.mx\/wp-content\/uploads\/2020\/06\/Penal-de-Tanivet-Oaxaca.jpg?resize=525%2C300&ssl=1 1.5x, https:\/\/i0.wp.com\/www.grieta.org.mx\/wp-content\/uploads\/2020\/06\/Penal-de-Tanivet-Oaxaca.jpg?resize=700%2C400&ssl=1 2x"},"classes":[]},{"id":49857,"url":"https:\/\/www.grieta.org.mx\/index.php\/2020\/05\/08\/trasladan-a-49-presos-al-penal-de-tanivet-ante-riesgo-de-contagio-por-covid-19-oaxaca\/","url_meta":{"origin":49859,"position":1},"title":"Trasladan a 49 presos al penal de Tanivet ante riesgo de contagio por Covid-19 (Oaxaca)","author":"grieta","date":"8 mayo, 2020","format":false,"excerpt":"P\u00e1gina 3 \/ Pedro Mat\u00edas. OAXACA, Oax.- La Secretar\u00eda de Seguridad P\u00fablica de Oaxaca (SSPO) traslad\u00f3 a 49 Personas Privadas de Libertad (PPL) del Centro Penitenciario de Santa Mar\u00eda Ixcotel al ubicado en San Francisco Tanivet por encontrarse dentro del grupo vulnerable de contagio por Covid-19. La medida preventiva ante\u2026","rel":"","context":"En &quot;CINTILLO&quot;","block_context":{"text":"CINTILLO","link":"https:\/\/www.grieta.org.mx\/index.php\/category\/cintillo\/"},"img":{"alt_text":"","src":"https:\/\/i0.wp.com\/www.grieta.org.mx\/wp-content\/uploads\/2020\/05\/A.png?resize=350%2C200&ssl=1","width":350,"height":200,"srcset":"https:\/\/i0.wp.com\/www.grieta.org.mx\/wp-content\/uploads\/2020\/05\/A.png?resize=350%2C200&ssl=1 1x, https:\/\/i0.wp.com\/www.grieta.org.mx\/wp-content\/uploads\/2020\/05\/A.png?resize=525%2C300&ssl=1 1.5x, https:\/\/i0.wp.com\/www.grieta.org.mx\/wp-content\/uploads\/2020\/05\/A.png?resize=700%2C400&ssl=1 2x"},"classes":[]},{"id":50206,"url":"https:\/\/www.grieta.org.mx\/index.php\/2020\/06\/03\/confirman-brote-de-covid-en-penal-de-ixcotel-hay-seis-casos-german-tenorio-entre-ellos-oaxaca\/","url_meta":{"origin":49859,"position":2},"title":"Confirman brote de Covid en Penal de Ixcotel: hay seis casos; Germ\u00e1n Tenorio, entre ellos (Oaxaca)","author":"grieta","date":"3 junio, 2020","format":false,"excerpt":"P\u00e1gina 3 \/ Pedro Mat\u00edas. *Este hecho se suma a los siete casos de Covid-19 en el Penal de Tanivet, donde dicen se mantiene el brote. Pedro MAT\u00cdAS OAXACA, Oax. (pagina3.mx).- Los Servicios de Salud de Oaxaca (SSO) confirmaron seis casos positivos del virus SARS-CoV-2 y entre ellos est\u00e1 el\u2026","rel":"","context":"En &quot;CINTILLO&quot;","block_context":{"text":"CINTILLO","link":"https:\/\/www.grieta.org.mx\/index.php\/category\/cintillo\/"},"img":{"alt_text":"","src":"https:\/\/i0.wp.com\/www.grieta.org.mx\/wp-content\/uploads\/2018\/03\/14524434_1106112876131411_958039263622046936_o.jpg?resize=350%2C200&ssl=1","width":350,"height":200,"srcset":"https:\/\/i0.wp.com\/www.grieta.org.mx\/wp-content\/uploads\/2018\/03\/14524434_1106112876131411_958039263622046936_o.jpg?resize=350%2C200&ssl=1 1x, https:\/\/i0.wp.com\/www.grieta.org.mx\/wp-content\/uploads\/2018\/03\/14524434_1106112876131411_958039263622046936_o.jpg?resize=525%2C300&ssl=1 1.5x, https:\/\/i0.wp.com\/www.grieta.org.mx\/wp-content\/uploads\/2018\/03\/14524434_1106112876131411_958039263622046936_o.jpg?resize=700%2C400&ssl=1 2x"},"classes":[]},{"id":52621,"url":"https:\/\/www.grieta.org.mx\/index.php\/2020\/08\/11\/brote-de-covid-19-en-hospital-civil-9-recien-nacidos-contagiados-sso-oaxaca\/","url_meta":{"origin":49859,"position":3},"title":"Brote de Covid-19 en Hospital Civil; 9 reci\u00e9n nacidos contagiados: SSO (Oaxaca)","author":"grieta","date":"11 agosto, 2020","format":false,"excerpt":"P\u00e1gina 3 \/ Pedro Mat\u00edas OAXACA, Oax.- Los Servicios de Salud de Oaxaca activaron el protocolo de bioseguridad en el \u00e1rea de Pediatr\u00eda del Hospital Civil \u201cAurelio Valdivieso\u201d al confirmar que nueve menores de edad dieron positivo a la prueba de covid-19. El encargado del hospital, Manuel S\u00e1nchez S\u00e1nchez, detall\u00f3\u2026","rel":"","context":"En &quot;CINTILLO&quot;","block_context":{"text":"CINTILLO","link":"https:\/\/www.grieta.org.mx\/index.php\/category\/cintillo\/"},"img":{"alt_text":"","src":"https:\/\/i0.wp.com\/www.grieta.org.mx\/wp-content\/uploads\/2020\/08\/1-2.jpg?resize=350%2C200&ssl=1","width":350,"height":200,"srcset":"https:\/\/i0.wp.com\/www.grieta.org.mx\/wp-content\/uploads\/2020\/08\/1-2.jpg?resize=350%2C200&ssl=1 1x, https:\/\/i0.wp.com\/www.grieta.org.mx\/wp-content\/uploads\/2020\/08\/1-2.jpg?resize=525%2C300&ssl=1 1.5x, https:\/\/i0.wp.com\/www.grieta.org.mx\/wp-content\/uploads\/2020\/08\/1-2.jpg?resize=700%2C400&ssl=1 2x, https:\/\/i0.wp.com\/www.grieta.org.mx\/wp-content\/uploads\/2020\/08\/1-2.jpg?resize=1050%2C600&ssl=1 3x"},"classes":[]},{"id":49879,"url":"https:\/\/www.grieta.org.mx\/index.php\/2020\/05\/27\/suman-21-mujeres-asesinadas-durante-el-confinamiento-en-oaxaca-gesmujer\/","url_meta":{"origin":49859,"position":4},"title":"Suman 21 mujeres asesinadas durante el confinamiento en Oaxaca: GESMujer","author":"grieta","date":"27 mayo, 2020","format":false,"excerpt":"Noticias \/ Vanguardia OAXACA. Oax. De acuerdo con el reporte preliminar de la organizaci\u00f3n no gubernamental Grupo de Estudios Sobre la Mujer \u201cRosario Castellanos\u201d (GESMujer), 21 mujeres fueron asesinadas entre marzo y mayo, periodo que coincide con la etapa de confinamiento preventivo para mitigar los contagios por la enfermedad de\u2026","rel":"","context":"En &quot;CINTILLO&quot;","block_context":{"text":"CINTILLO","link":"https:\/\/www.grieta.org.mx\/index.php\/category\/cintillo\/"},"img":{"alt_text":"","src":"https:\/\/i0.wp.com\/www.grieta.org.mx\/wp-content\/uploads\/2018\/03\/14524434_1106112876131411_958039263622046936_o.jpg?resize=350%2C200&ssl=1","width":350,"height":200,"srcset":"https:\/\/i0.wp.com\/www.grieta.org.mx\/wp-content\/uploads\/2018\/03\/14524434_1106112876131411_958039263622046936_o.jpg?resize=350%2C200&ssl=1 1x, https:\/\/i0.wp.com\/www.grieta.org.mx\/wp-content\/uploads\/2018\/03\/14524434_1106112876131411_958039263622046936_o.jpg?resize=525%2C300&ssl=1 1.5x, https:\/\/i0.wp.com\/www.grieta.org.mx\/wp-content\/uploads\/2018\/03\/14524434_1106112876131411_958039263622046936_o.jpg?resize=700%2C400&ssl=1 2x"},"classes":[]},{"id":51718,"url":"https:\/\/www.grieta.org.mx\/index.php\/2020\/07\/12\/contagio-masivo-de-covid-19-entre-personal-medico-del-hospital-de-juchitan-dan-positivo-115-oaxaca\/","url_meta":{"origin":49859,"position":5},"title":"Contagio masivo de covid-19 entre personal m\u00e9dico del Hospital de Juchit\u00e1n; dan positivo 115 (Oaxaca)","author":"grieta","date":"12 julio, 2020","format":false,"excerpt":"P\u00e1gina 3 \/ Diana Manzo y Pedro Mat\u00edas. OAXACA, Oax.- A unas horas de la reapertura del Hospital General \u201cMacedonio Ben\u00edtez Fuentes\u201d de Juchit\u00e1n de Zaragoza, en el Istmo de Tehuantepec, surge un nuevo brote masivo de contagio de covid-19 al confirmarse que 115 trabajadores de Salud dieron positivo. Esto\u2026","rel":"","context":"En &quot;CINTILLO&quot;","block_context":{"text":"CINTILLO","link":"https:\/\/www.grieta.org.mx\/index.php\/category\/cintillo\/"},"img":{"alt_text":"","src":"https:\/\/i0.wp.com\/www.grieta.org.mx\/wp-content\/uploads\/2018\/03\/14524434_1106112876131411_958039263622046936_o.jpg?resize=350%2C200&ssl=1","width":350,"height":200,"srcset":"https:\/\/i0.wp.com\/www.grieta.org.mx\/wp-content\/uploads\/2018\/03\/14524434_1106112876131411_958039263622046936_o.jpg?resize=350%2C200&ssl=1 1x, https:\/\/i0.wp.com\/www.grieta.org.mx\/wp-content\/uploads\/2018\/03\/14524434_1106112876131411_958039263622046936_o.jpg?resize=525%2C300&ssl=1 1.5x, https:\/\/i0.wp.com\/www.grieta.org.mx\/wp-content\/uploads\/2018\/03\/14524434_1106112876131411_958039263622046936_o.jpg?resize=700%2C400&ssl=1 2x"},"classes":[]}],"_links":{"self":[{"href":"https:\/\/www.grieta.org.mx\/index.php\/wp-json\/wp\/v2\/posts\/49859","targetHints":{"allow":["GET"]}}],"collection":[{"href":"https:\/\/www.grieta.org.mx\/index.php\/wp-json\/wp\/v2\/posts"}],"about":[{"href":"https:\/\/www.grieta.org.mx\/index.php\/wp-json\/wp\/v2\/types\/post"}],"author":[{"embeddable":true,"href":"https:\/\/www.grieta.org.mx\/index.php\/wp-json\/wp\/v2\/users\/2"}],"replies":[{"embeddable":true,"href":"https:\/\/www.grieta.org.mx\/index.php\/wp-json\/wp\/v2\/comments?post=49859"}],"version-history":[{"count":1,"href":"https:\/\/www.grieta.org.mx\/index.php\/wp-json\/wp\/v2\/posts\/49859\/revisions"}],"predecessor-version":[{"id":49862,"href":"https:\/\/www.grieta.org.mx\/index.php\/wp-json\/wp\/v2\/posts\/49859\/revisions\/49862"}],"wp:featuredmedia":[{"embeddable":true,"href":"https:\/\/www.grieta.org.mx\/index.php\/wp-json\/wp\/v2\/media\/21928"}],"wp:attachment":[{"href":"https:\/\/www.grieta.org.mx\/index.php\/wp-json\/wp\/v2\/media?parent=49859"}],"wp:term":[{"taxonomy":"category","embeddable":true,"href":"https:\/\/www.grieta.org.mx\/index.php\/wp-json\/wp\/v2\/categories?post=49859"},{"taxonomy":"post_tag","embeddable":true,"href":"https:\/\/www.grieta.org.mx\/index.php\/wp-json\/wp\/v2\/tags?post=49859"}],"curies":[{"name":"wp","href":"https:\/\/api.w.org\/{rel}","templated":true}]}}