{"id":49857,"date":"2020-05-08T21:33:05","date_gmt":"2020-05-09T02:33:05","guid":{"rendered":"http:\/\/www.grieta.org.mx\/?p=49857"},"modified":"2020-05-26T21:49:18","modified_gmt":"2020-05-27T02:49:18","slug":"trasladan-a-49-presos-al-penal-de-tanivet-ante-riesgo-de-contagio-por-covid-19-oaxaca","status":"publish","type":"post","link":"https:\/\/www.grieta.org.mx\/index.php\/2020\/05\/08\/trasladan-a-49-presos-al-penal-de-tanivet-ante-riesgo-de-contagio-por-covid-19-oaxaca\/","title":{"rendered":"Trasladan a 49 presos al penal de Tanivet ante riesgo de contagio por Covid-19 (Oaxaca)"},"content":{"rendered":"<p>P\u00e1gina 3 \/ Pedro Mat\u00edas.<\/p>\n<p><img loading=\"lazy\" decoding=\"async\" data-attachment-id=\"49858\" data-permalink=\"https:\/\/www.grieta.org.mx\/index.php\/2020\/05\/08\/trasladan-a-49-presos-al-penal-de-tanivet-ante-riesgo-de-contagio-por-covid-19-oaxaca\/a-28\/\" data-orig-file=\"https:\/\/www.grieta.org.mx\/wp-content\/uploads\/2020\/05\/A.png\" data-orig-size=\"950,486\" data-comments-opened=\"0\" data-image-meta=\"{&quot;aperture&quot;:&quot;0&quot;,&quot;credit&quot;:&quot;&quot;,&quot;camera&quot;:&quot;&quot;,&quot;caption&quot;:&quot;&quot;,&quot;created_timestamp&quot;:&quot;0&quot;,&quot;copyright&quot;:&quot;&quot;,&quot;focal_length&quot;:&quot;0&quot;,&quot;iso&quot;:&quot;0&quot;,&quot;shutter_speed&quot;:&quot;0&quot;,&quot;title&quot;:&quot;&quot;,&quot;orientation&quot;:&quot;0&quot;}\" data-image-title=\"A\" data-image-description=\"\" data-image-caption=\"\" data-medium-file=\"https:\/\/www.grieta.org.mx\/wp-content\/uploads\/2020\/05\/A-300x153.png\" data-large-file=\"https:\/\/www.grieta.org.mx\/wp-content\/uploads\/2020\/05\/A.png\" class=\"aligncenter wp-image-49858\" src=\"http:\/\/www.grieta.org.mx\/wp-content\/uploads\/2020\/05\/A.png\" alt=\"\" width=\"800\" height=\"409\" srcset=\"https:\/\/www.grieta.org.mx\/wp-content\/uploads\/2020\/05\/A.png 950w, https:\/\/www.grieta.org.mx\/wp-content\/uploads\/2020\/05\/A-300x153.png 300w, https:\/\/www.grieta.org.mx\/wp-content\/uploads\/2020\/05\/A-768x393.png 768w\" sizes=\"auto, (max-width: 800px) 100vw, 800px\" \/><\/p>\n<p>OAXACA, Oax.- La Secretar\u00eda de Seguridad P\u00fablica de Oaxaca (SSPO) traslad\u00f3 a 49 Personas Privadas de Libertad (PPL) del Centro Penitenciario de Santa Mar\u00eda Ixcotel al ubicado en San Francisco Tanivet por encontrarse dentro del grupo vulnerable de contagio por Covid-19.<\/p>\n<p>La medida preventiva ante la Fase III de la Contingencia Sanitaria por el virus SARS-CoV2, es porque los 49 presos padecen de enfermedades cr\u00f3nico degenerativas o son adultos mayores.<\/p>\n<p>La instituci\u00f3n de seguridad destac\u00f3 que en este proceso se dar\u00e1n todas las facilidades a sus familiares para garantizar la comunicaci\u00f3n, para que conozcan las nuevas formas de acceso y reglas en su nueva reclusi\u00f3n.<\/p>\n<p>Consideran que con esta medida se reducir\u00e1 significativamente el riesgo de contagio, aumentando las medidas sanitarias y la atenci\u00f3n m\u00e9dica en su nueva estancia.<\/p>\n<p>Es importante destacar que dichas condiciones de prevenci\u00f3n fueron garantizadas tambi\u00e9n durante su traslado.<\/p>\n<p>Adem\u00e1s, la Secretar\u00eda de Seguridad P\u00fablica contin\u00faa implementando acciones en resguardo de la seguridad y salubridad de las internos, de sus familiares y del personal penitenciario, al igual que de la ciudadan\u00eda en general.<\/p>\n<p><a href=\"https:\/\/pagina3.mx\/2020\/05\/trasladan-a-49-presos-al-penal-de-tanivet-ante-riesgo-de-contagio-por-covid-19\/\" target=\"_blank\" rel=\"noopener noreferrer\">https:\/\/pagina3.mx\/2020\/05\/trasladan-a-49-presos-al-penal-de-tanivet-ante-riesgo-de-contagio-por-covid-19\/<\/a><\/p>\n","protected":false},"excerpt":{"rendered":"<p>P\u00e1gina 3 \/ Pedro Mat\u00edas. OAXACA, Oax.- La Secretar\u00eda de Seguridad P\u00fablica de Oaxaca (SSPO) traslad\u00f3 a 49 Personas Privadas de Libertad (PPL) del Centro Penitenciario de Santa Mar\u00eda Ixcotel &hellip; <a href=\"https:\/\/www.grieta.org.mx\/index.php\/2020\/05\/08\/trasladan-a-49-presos-al-penal-de-tanivet-ante-riesgo-de-contagio-por-covid-19-oaxaca\/\" class=\"more-link\">Leer m\u00e1s<\/a><\/p>\n","protected":false},"author":2,"featured_media":49858,"comment_status":"closed","ping_status":"closed","sticky":false,"template":"","format":"standard","meta":{"ngg_post_thumbnail":0,"_jetpack_newsletter_access":"","_jetpack_dont_email_post_to_subs":false,"_jetpack_newsletter_tier_id":0,"_jetpack_memberships_contains_paywalled_content":false,"_jetpack_memberships_contains_paid_content":false,"footnotes":""},"categories":[80,3262,2,25,1496],"tags":[],"class_list":["post-49857","post","type-post","status-publish","format-standard","has-post-thumbnail","hentry","category-cintillo","category-crisis-covid-19-en-oaxaca","category-noticias-nacionales","category-oaxaca","category-represion-en-oaxaca","entry"],"jetpack_featured_media_url":"https:\/\/www.grieta.org.mx\/wp-content\/uploads\/2020\/05\/A.png","jetpack_sharing_enabled":true,"jetpack_shortlink":"https:\/\/wp.me\/p7ZJR4-cY9","jetpack_likes_enabled":false,"jetpack-related-posts":[{"id":49859,"url":"https:\/\/www.grieta.org.mx\/index.php\/2020\/05\/23\/brote-de-coronavirus-en-el-penal-de-tanivet-hay-siete-casos-seguridad-publica-oaxaca\/","url_meta":{"origin":49857,"position":0},"title":"Brote de coronavirus en el Penal de Tanivet: hay siete casos: Seguridad P\u00fablica (Oaxaca)","author":"grieta","date":"23 mayo, 2020","format":false,"excerpt":"P\u00e1gina 3 \/ Pedro Mat\u00edas. OAXACA. (pagina3.mx).- La SSPO confirm\u00f3 la existencia de un brote de siete enfermos por Covid-19 en el Centro Penitenciario Varonil de Tanivet, Tlacolula. En las redes sociales circul\u00f3 de la posibilidad de que existieran 30 casos de coronavirus en el Penal de Tanivet. Ante ello,\u2026","rel":"","context":"En &quot;CINTILLO&quot;","block_context":{"text":"CINTILLO","link":"https:\/\/www.grieta.org.mx\/index.php\/category\/cintillo\/"},"img":{"alt_text":"","src":"https:\/\/i0.wp.com\/www.grieta.org.mx\/wp-content\/uploads\/2018\/03\/14524434_1106112876131411_958039263622046936_o.jpg?resize=350%2C200&ssl=1","width":350,"height":200,"srcset":"https:\/\/i0.wp.com\/www.grieta.org.mx\/wp-content\/uploads\/2018\/03\/14524434_1106112876131411_958039263622046936_o.jpg?resize=350%2C200&ssl=1 1x, https:\/\/i0.wp.com\/www.grieta.org.mx\/wp-content\/uploads\/2018\/03\/14524434_1106112876131411_958039263622046936_o.jpg?resize=525%2C300&ssl=1 1.5x, https:\/\/i0.wp.com\/www.grieta.org.mx\/wp-content\/uploads\/2018\/03\/14524434_1106112876131411_958039263622046936_o.jpg?resize=700%2C400&ssl=1 2x"},"classes":[]},{"id":50611,"url":"https:\/\/www.grieta.org.mx\/index.php\/2020\/06\/09\/muere-un-preso-del-penal-de-tanivet-donde-se-confirmo-un-brote-de-covid-19-oaxaca\/","url_meta":{"origin":49857,"position":1},"title":"Muere un preso del Penal de Tanivet donde se confirm\u00f3 un brote de Covid-19 (Oaxaca)","author":"grieta","date":"9 junio, 2020","format":false,"excerpt":"P\u00e1gina 3 \/ Pedro Mat\u00edas. OAXACA, Oax. (p\u00e1gina3.mx).- La Secretar\u00eda de Seguridad P\u00fablica de Oaxaca confirm\u00f3 la muerte de una Persona Privada de la Libertad (PPL) en el Centro Penitenciario Varonil de Tanivet donde se detect\u00f3 un brote de covid-19 con siete casos confirmados, independientemente de que custodios fueron aislados.\u2026","rel":"","context":"En &quot;CINTILLO&quot;","block_context":{"text":"CINTILLO","link":"https:\/\/www.grieta.org.mx\/index.php\/category\/cintillo\/"},"img":{"alt_text":"","src":"https:\/\/i0.wp.com\/www.grieta.org.mx\/wp-content\/uploads\/2020\/06\/Penal-de-Tanivet-Oaxaca.jpg?resize=350%2C200&ssl=1","width":350,"height":200,"srcset":"https:\/\/i0.wp.com\/www.grieta.org.mx\/wp-content\/uploads\/2020\/06\/Penal-de-Tanivet-Oaxaca.jpg?resize=350%2C200&ssl=1 1x, https:\/\/i0.wp.com\/www.grieta.org.mx\/wp-content\/uploads\/2020\/06\/Penal-de-Tanivet-Oaxaca.jpg?resize=525%2C300&ssl=1 1.5x, https:\/\/i0.wp.com\/www.grieta.org.mx\/wp-content\/uploads\/2020\/06\/Penal-de-Tanivet-Oaxaca.jpg?resize=700%2C400&ssl=1 2x"},"classes":[]},{"id":50206,"url":"https:\/\/www.grieta.org.mx\/index.php\/2020\/06\/03\/confirman-brote-de-covid-en-penal-de-ixcotel-hay-seis-casos-german-tenorio-entre-ellos-oaxaca\/","url_meta":{"origin":49857,"position":2},"title":"Confirman brote de Covid en Penal de Ixcotel: hay seis casos; Germ\u00e1n Tenorio, entre ellos (Oaxaca)","author":"grieta","date":"3 junio, 2020","format":false,"excerpt":"P\u00e1gina 3 \/ Pedro Mat\u00edas. *Este hecho se suma a los siete casos de Covid-19 en el Penal de Tanivet, donde dicen se mantiene el brote. Pedro MAT\u00cdAS OAXACA, Oax. (pagina3.mx).- Los Servicios de Salud de Oaxaca (SSO) confirmaron seis casos positivos del virus SARS-CoV-2 y entre ellos est\u00e1 el\u2026","rel":"","context":"En &quot;CINTILLO&quot;","block_context":{"text":"CINTILLO","link":"https:\/\/www.grieta.org.mx\/index.php\/category\/cintillo\/"},"img":{"alt_text":"","src":"https:\/\/i0.wp.com\/www.grieta.org.mx\/wp-content\/uploads\/2018\/03\/14524434_1106112876131411_958039263622046936_o.jpg?resize=350%2C200&ssl=1","width":350,"height":200,"srcset":"https:\/\/i0.wp.com\/www.grieta.org.mx\/wp-content\/uploads\/2018\/03\/14524434_1106112876131411_958039263622046936_o.jpg?resize=350%2C200&ssl=1 1x, https:\/\/i0.wp.com\/www.grieta.org.mx\/wp-content\/uploads\/2018\/03\/14524434_1106112876131411_958039263622046936_o.jpg?resize=525%2C300&ssl=1 1.5x, https:\/\/i0.wp.com\/www.grieta.org.mx\/wp-content\/uploads\/2018\/03\/14524434_1106112876131411_958039263622046936_o.jpg?resize=700%2C400&ssl=1 2x"},"classes":[]},{"id":49606,"url":"https:\/\/www.grieta.org.mx\/index.php\/2020\/05\/19\/comunidad-de-ayutla-oaxaca-con-casos-de-covid-19-pero-sin-agua\/","url_meta":{"origin":49857,"position":3},"title":"Comunidad de Ayutla, Oaxaca, con casos de Covid-19 pero sin agua","author":"grieta","date":"19 mayo, 2020","format":false,"excerpt":"Contral\u00ednea \/ Nayeli Escalona. En plena emergencia sanitaria por la Covid-19 \u2013y ya con casos de contagio detectados\u2013, la comunidad de Ayutla, Oaxaca, no puede seguir las recomendaciones de higiene, pues las autoridades siguen sin resolver la problem\u00e1tica del agua. Las mujeres defensoras del derecho al agua de la comunidad\u2026","rel":"","context":"En &quot;CINTILLO&quot;","block_context":{"text":"CINTILLO","link":"https:\/\/www.grieta.org.mx\/index.php\/category\/cintillo\/"},"img":{"alt_text":"","src":"https:\/\/i0.wp.com\/www.grieta.org.mx\/wp-content\/uploads\/2018\/03\/14524434_1106112876131411_958039263622046936_o.jpg?resize=350%2C200&ssl=1","width":350,"height":200,"srcset":"https:\/\/i0.wp.com\/www.grieta.org.mx\/wp-content\/uploads\/2018\/03\/14524434_1106112876131411_958039263622046936_o.jpg?resize=350%2C200&ssl=1 1x, https:\/\/i0.wp.com\/www.grieta.org.mx\/wp-content\/uploads\/2018\/03\/14524434_1106112876131411_958039263622046936_o.jpg?resize=525%2C300&ssl=1 1.5x, https:\/\/i0.wp.com\/www.grieta.org.mx\/wp-content\/uploads\/2018\/03\/14524434_1106112876131411_958039263622046936_o.jpg?resize=700%2C400&ssl=1 2x"},"classes":[]},{"id":51718,"url":"https:\/\/www.grieta.org.mx\/index.php\/2020\/07\/12\/contagio-masivo-de-covid-19-entre-personal-medico-del-hospital-de-juchitan-dan-positivo-115-oaxaca\/","url_meta":{"origin":49857,"position":4},"title":"Contagio masivo de covid-19 entre personal m\u00e9dico del Hospital de Juchit\u00e1n; dan positivo 115 (Oaxaca)","author":"grieta","date":"12 julio, 2020","format":false,"excerpt":"P\u00e1gina 3 \/ Diana Manzo y Pedro Mat\u00edas. OAXACA, Oax.- A unas horas de la reapertura del Hospital General \u201cMacedonio Ben\u00edtez Fuentes\u201d de Juchit\u00e1n de Zaragoza, en el Istmo de Tehuantepec, surge un nuevo brote masivo de contagio de covid-19 al confirmarse que 115 trabajadores de Salud dieron positivo. Esto\u2026","rel":"","context":"En &quot;CINTILLO&quot;","block_context":{"text":"CINTILLO","link":"https:\/\/www.grieta.org.mx\/index.php\/category\/cintillo\/"},"img":{"alt_text":"","src":"https:\/\/i0.wp.com\/www.grieta.org.mx\/wp-content\/uploads\/2018\/03\/14524434_1106112876131411_958039263622046936_o.jpg?resize=350%2C200&ssl=1","width":350,"height":200,"srcset":"https:\/\/i0.wp.com\/www.grieta.org.mx\/wp-content\/uploads\/2018\/03\/14524434_1106112876131411_958039263622046936_o.jpg?resize=350%2C200&ssl=1 1x, https:\/\/i0.wp.com\/www.grieta.org.mx\/wp-content\/uploads\/2018\/03\/14524434_1106112876131411_958039263622046936_o.jpg?resize=525%2C300&ssl=1 1.5x, https:\/\/i0.wp.com\/www.grieta.org.mx\/wp-content\/uploads\/2018\/03\/14524434_1106112876131411_958039263622046936_o.jpg?resize=700%2C400&ssl=1 2x"},"classes":[]},{"id":50721,"url":"https:\/\/www.grieta.org.mx\/index.php\/2020\/06\/06\/sigue-en-riesgo-personal-de-salud-en-tuxtepec-ante-covid-19-oaxaca\/","url_meta":{"origin":49857,"position":5},"title":"Sigue en riesgo personal de salud en Tuxtepec ante COVID-19  (Oaxaca)","author":"grieta","date":"6 junio, 2020","format":false,"excerpt":"Noticias \/ Victoria Bustos. M\u00e9dicos y enfermeras dan batalla al virus con miedo a enfermarse. TUXTEPEC, Oaxaca.-Debido al incremento constante de casos de COVID-19 en la regi\u00f3n Cuenca del Papaloapan y el municipio de Tuxtepec, el personal de salud no se da abasto para atenderlos, adem\u00e1s de que enfrentan el\u2026","rel":"","context":"En &quot;CINTILLO&quot;","block_context":{"text":"CINTILLO","link":"https:\/\/www.grieta.org.mx\/index.php\/category\/cintillo\/"},"img":{"alt_text":"","src":"https:\/\/i0.wp.com\/www.grieta.org.mx\/wp-content\/uploads\/2018\/03\/14524434_1106112876131411_958039263622046936_o.jpg?resize=350%2C200&ssl=1","width":350,"height":200,"srcset":"https:\/\/i0.wp.com\/www.grieta.org.mx\/wp-content\/uploads\/2018\/03\/14524434_1106112876131411_958039263622046936_o.jpg?resize=350%2C200&ssl=1 1x, https:\/\/i0.wp.com\/www.grieta.org.mx\/wp-content\/uploads\/2018\/03\/14524434_1106112876131411_958039263622046936_o.jpg?resize=525%2C300&ssl=1 1.5x, https:\/\/i0.wp.com\/www.grieta.org.mx\/wp-content\/uploads\/2018\/03\/14524434_1106112876131411_958039263622046936_o.jpg?resize=700%2C400&ssl=1 2x"},"classes":[]}],"_links":{"self":[{"href":"https:\/\/www.grieta.org.mx\/index.php\/wp-json\/wp\/v2\/posts\/49857","targetHints":{"allow":["GET"]}}],"collection":[{"href":"https:\/\/www.grieta.org.mx\/index.php\/wp-json\/wp\/v2\/posts"}],"about":[{"href":"https:\/\/www.grieta.org.mx\/index.php\/wp-json\/wp\/v2\/types\/post"}],"author":[{"embeddable":true,"href":"https:\/\/www.grieta.org.mx\/index.php\/wp-json\/wp\/v2\/users\/2"}],"replies":[{"embeddable":true,"href":"https:\/\/www.grieta.org.mx\/index.php\/wp-json\/wp\/v2\/comments?post=49857"}],"version-history":[{"count":1,"href":"https:\/\/www.grieta.org.mx\/index.php\/wp-json\/wp\/v2\/posts\/49857\/revisions"}],"predecessor-version":[{"id":49860,"href":"https:\/\/www.grieta.org.mx\/index.php\/wp-json\/wp\/v2\/posts\/49857\/revisions\/49860"}],"wp:featuredmedia":[{"embeddable":true,"href":"https:\/\/www.grieta.org.mx\/index.php\/wp-json\/wp\/v2\/media\/49858"}],"wp:attachment":[{"href":"https:\/\/www.grieta.org.mx\/index.php\/wp-json\/wp\/v2\/media?parent=49857"}],"wp:term":[{"taxonomy":"category","embeddable":true,"href":"https:\/\/www.grieta.org.mx\/index.php\/wp-json\/wp\/v2\/categories?post=49857"},{"taxonomy":"post_tag","embeddable":true,"href":"https:\/\/www.grieta.org.mx\/index.php\/wp-json\/wp\/v2\/tags?post=49857"}],"curies":[{"name":"wp","href":"https:\/\/api.w.org\/{rel}","templated":true}]}}