{"id":49839,"date":"2020-05-18T17:07:15","date_gmt":"2020-05-18T22:07:15","guid":{"rendered":"http:\/\/www.grieta.org.mx\/?p=49839"},"modified":"2020-05-26T17:18:49","modified_gmt":"2020-05-26T22:18:49","slug":"investigadores-denuncian-ante-fgr-posible-dano-al-patrimonio-por-tren-maya","status":"publish","type":"post","link":"https:\/\/www.grieta.org.mx\/index.php\/2020\/05\/18\/investigadores-denuncian-ante-fgr-posible-dano-al-patrimonio-por-tren-maya\/","title":{"rendered":"Investigadores denuncian ante FGR posible da\u00f1o al patrimonio por Tren Maya"},"content":{"rendered":"<p><img loading=\"lazy\" decoding=\"async\" data-attachment-id=\"49840\" data-permalink=\"https:\/\/www.grieta.org.mx\/index.php\/2020\/05\/18\/investigadores-denuncian-ante-fgr-posible-dano-al-patrimonio-por-tren-maya\/tren-870x522\/\" data-orig-file=\"https:\/\/www.grieta.org.mx\/wp-content\/uploads\/2020\/05\/tren-870x522-e1590531242649.jpg\" data-orig-size=\"800,480\" data-comments-opened=\"0\" data-image-meta=\"{&quot;aperture&quot;:&quot;0&quot;,&quot;credit&quot;:&quot;&quot;,&quot;camera&quot;:&quot;&quot;,&quot;caption&quot;:&quot;&quot;,&quot;created_timestamp&quot;:&quot;0&quot;,&quot;copyright&quot;:&quot;&quot;,&quot;focal_length&quot;:&quot;0&quot;,&quot;iso&quot;:&quot;0&quot;,&quot;shutter_speed&quot;:&quot;0&quot;,&quot;title&quot;:&quot;&quot;,&quot;orientation&quot;:&quot;0&quot;}\" data-image-title=\"tren-870&amp;#215;522\" data-image-description=\"\" data-image-caption=\"\" data-medium-file=\"https:\/\/www.grieta.org.mx\/wp-content\/uploads\/2020\/05\/tren-870x522-300x180.jpg\" data-large-file=\"https:\/\/www.grieta.org.mx\/wp-content\/uploads\/2020\/05\/tren-870x522-e1590531242649.jpg\" src=\"http:\/\/www.grieta.org.mx\/wp-content\/uploads\/2020\/05\/tren-870x522-e1590531242649.jpg\" alt=\"\" width=\"800\" height=\"480\" class=\"aligncenter size-full wp-image-49840\" \/><\/p>\n<p>Judith Amador Tello \/ Proceso<\/p>\n<p>CIUDAD DE M\u00c9XICO (apro).- Investigadores del Instituto Nacional de Antropolog\u00eda e Historia (INAH) informaron a esta agencia que el pasado viernes 15 entregaron a la Fiscal\u00eda General de la Rep\u00fablica (FGR) una denuncia de hechos, por la presunta destrucci\u00f3n de monumentos arqueol\u00f3gicos que podr\u00edan resultar afectados por la construcci\u00f3n de los proyectos Tren Maya y Corredor Interoce\u00e1nico del Istmo de Tehuantepec.<\/p>\n<p>La denuncia, con sello de recibido de la Direcci\u00f3n de la Unidad de Documentaci\u00f3n y An\u00e1lisis de la FGR, est\u00e1 dirigida al fiscal Alejandro Gertz Manero y firmada por los profesores investigadores Felipe Echenique March y Juan Manuel Sandoval Palacios.<\/p>\n<p>El texto se ampara tanto en la Constituci\u00f3n Pol\u00edtica como en las leyes General de Bienes Nacionales, Federal sobre Monumentos y Zonas Arqueol\u00f3gicos, Art\u00edsticos, Hist\u00f3ricos y Paleontol\u00f3gicos, su reglamento, y la Ley Org\u00e1nica del INAH, as\u00ed como sus condiciones generales de trabajo.<\/p>\n<p>No es una denuncia sobre hechos consumados, dado que los proyectos ferroviarios que iniciar\u00e1 en breve el gobierno de Andr\u00e9s Manuel L\u00f3pez Obrador (aun en medio del confinamiento por la pandemia de covid-19) apenas est\u00e1n asign\u00e1ndose a los inversionistas.<\/p>\n<p>Sin embargo, afirman que de llevarse a cabo afectar\u00e1n un n\u00famero indeterminado de monumentos arqueol\u00f3gicos en los estados de Chiapas, Campeche, Tabasco, Yucat\u00e1n y Quintana Roo, en el caso del Tren Maya, y Oaxaca y Veracruz, en el Trans\u00edstmico.<\/p>\n<p>Los investigadores se\u00f1alaron v\u00eda WhatsApp que las instituciones responsables del proyecto, como el Fondo Nacional para el Turismo (Fonatur) y la propia Presidencia de la Rep\u00fablica, a las que se suman la Secretar\u00eda de Cultura y el INAH, act\u00faan en contra de lo que ordena la legislaci\u00f3n que protege los monumentos arqueol\u00f3gicos, lo cual es una omisi\u00f3n.<\/p>\n<p>Consideraron que no se ha comprobado que se hayan hecho los trabajos necesarios e indispensables para salvaguardar ese patrimonio ubicado en el sur-sureste de la Rep\u00fablica.<\/p>\n<p>Y advirtieron que las afectaciones no provendr\u00e1n exclusivamente de la apertura del circuito ferroviario, ya que \u201cimplicar\u00e1 una colonizaci\u00f3n intensiva, extensiva y de gran velocidad, que dejar\u00e1 sentir sus olas expansivas de transformaci\u00f3n y destrucci\u00f3n, m\u00e1s all\u00e1 de sus rieles y sus estaciones, pues a esos circuitos de alta velocidad se les a\u00f1adir\u00e1n m\u00e1s de 18 polos de desarrollo que comprenden nuevas ciudades, parques industriales, parques agroindustriales, e\u00f3licos, de turismo y hasta arqueol\u00f3gicos\u201d.<\/p>\n<p>Asimismo, los especialistas lamentaron que el titular del INAH, Diego Prieto, se\u00f1alara en reiteradas ocasiones que su papel no es detener obras de este tipo, sino hacer \u201csalvamentos arqueol\u00f3gicos\u201d, lo cual implica rescatar apenas piezas transportables, no grandes monumentos. Para ello, como se anunci\u00f3 hace unas semanas en el semanario Proceso, se abri\u00f3 una convocatoria a los arque\u00f3logos de los estados por donde pasar\u00e1 el tren Maya.<\/p>\n<p><a href=\"https:\/\/www.proceso.com.mx\/630556\/investigadores-denuncian-ante-fgr-posible-dano-al-patrimonio-por-tren-maya\" rel=\"noopener noreferrer\" target=\"_blank\">https:\/\/www.proceso.com.mx\/630556\/investigadores-denuncian-ante-fgr-posible-dano-al-patrimonio-por-tren-maya<\/a><\/p>\n","protected":false},"excerpt":{"rendered":"<p>Judith Amador Tello \/ Proceso CIUDAD DE M\u00c9XICO (apro).- Investigadores del Instituto Nacional de Antropolog\u00eda e Historia (INAH) informaron a esta agencia que el pasado viernes 15 entregaron a la &hellip; <a href=\"https:\/\/www.grieta.org.mx\/index.php\/2020\/05\/18\/investigadores-denuncian-ante-fgr-posible-dano-al-patrimonio-por-tren-maya\/\" class=\"more-link\">Leer m\u00e1s<\/a><\/p>\n","protected":false},"author":2,"featured_media":49840,"comment_status":"closed","ping_status":"closed","sticky":false,"template":"","format":"standard","meta":{"ngg_post_thumbnail":0,"_jetpack_newsletter_access":"","_jetpack_dont_email_post_to_subs":false,"_jetpack_newsletter_tier_id":0,"_jetpack_memberships_contains_paywalled_content":false,"_jetpack_memberships_contains_paid_content":false,"footnotes":""},"categories":[11,80,3,2,28,1876,1877,1875,2026,36],"tags":[208,1878],"class_list":["post-49839","post","type-post","status-publish","format-standard","has-post-thumbnail","hentry","category-campeche","category-cintillo","category-megaproyectos","category-noticias-nacionales","category-quintana-roo","category-resistencia-al-tren-maya-en-la-peninsula-de-yucatan-quintana-roo","category-resistencia-al-tren-maya-en-la-peninsula-de-yucatan-campeche","category-resistencia-al-tren-maya-en-la-peninsula-de-yucatan","category-tren-maya","category-yucatan","tag-inah","tag-tren-maya","entry"],"jetpack_featured_media_url":"https:\/\/www.grieta.org.mx\/wp-content\/uploads\/2020\/05\/tren-870x522-e1590531242649.jpg","jetpack_sharing_enabled":true,"jetpack_shortlink":"https:\/\/wp.me\/p7ZJR4-cXR","jetpack_likes_enabled":false,"jetpack-related-posts":[{"id":53770,"url":"https:\/\/www.grieta.org.mx\/index.php\/2020\/09\/22\/tal-como-advirtieron-arqueologos-tren-maya-podria-danar-vestigios-y-zonas-arqueologicas-detienen-obras-en-campeche-por-hallazgo\/","url_meta":{"origin":49839,"position":0},"title":"Tal como advirtieron arque\u00f3logos, Tren Maya podr\u00eda da\u00f1ar vestigios y zonas arqueol\u00f3gicas; detienen obras en Campeche por hallazgo","author":"grieta","date":"22 septiembre, 2020","format":false,"excerpt":"Itzel Chan \/ Noticaribe M\u00c9RIDA, MX.- Tal como han expuesto m\u00e1s de 100 arque\u00f3logos, acad\u00e9micos e investigadores de M\u00e9xico, Brasil, Canad\u00e1, Estados Unidos y otros pa\u00edses sobre el riesgo que existe de que el Tren Maya podr\u00eda destruir algunos monumentos arqueol\u00f3gicos, recientemente fueron canceladas las obras en Campeche, debido a\u2026","rel":"","context":"En &quot;Campeche&quot;","block_context":{"text":"Campeche","link":"https:\/\/www.grieta.org.mx\/index.php\/category\/noticias-nacionales\/campeche\/"},"img":{"alt_text":"","src":"https:\/\/i0.wp.com\/www.grieta.org.mx\/wp-content\/uploads\/2020\/09\/TrenViasCampeche-e1600970198628.png?resize=350%2C200&ssl=1","width":350,"height":200,"srcset":"https:\/\/i0.wp.com\/www.grieta.org.mx\/wp-content\/uploads\/2020\/09\/TrenViasCampeche-e1600970198628.png?resize=350%2C200&ssl=1 1x, https:\/\/i0.wp.com\/www.grieta.org.mx\/wp-content\/uploads\/2020\/09\/TrenViasCampeche-e1600970198628.png?resize=525%2C300&ssl=1 1.5x, https:\/\/i0.wp.com\/www.grieta.org.mx\/wp-content\/uploads\/2020\/09\/TrenViasCampeche-e1600970198628.png?resize=700%2C400&ssl=1 2x"},"classes":[]},{"id":47874,"url":"https:\/\/www.grieta.org.mx\/index.php\/2020\/04\/13\/las-vias-torcidas-del-tren-maya-video\/","url_meta":{"origin":49839,"position":1},"title":"Las v\u00edas torcidas del tren maya (Video)","author":"grieta","date":"13 abril, 2020","format":false,"excerpt":"https:\/\/www.youtube.com\/watch?v=k8FRX9eT0YY","rel":"","context":"En &quot;16. Pueblo Maya&quot;","block_context":{"text":"16. Pueblo Maya","link":"https:\/\/www.grieta.org.mx\/index.php\/category\/espejos-de-la-resistencia\/16-pueblo-maya\/"},"img":{"alt_text":"","src":"https:\/\/i0.wp.com\/www.grieta.org.mx\/wp-content\/uploads\/2020\/04\/ViasTorcidasTrenMaya.png?resize=350%2C200&ssl=1","width":350,"height":200,"srcset":"https:\/\/i0.wp.com\/www.grieta.org.mx\/wp-content\/uploads\/2020\/04\/ViasTorcidasTrenMaya.png?resize=350%2C200&ssl=1 1x, https:\/\/i0.wp.com\/www.grieta.org.mx\/wp-content\/uploads\/2020\/04\/ViasTorcidasTrenMaya.png?resize=525%2C300&ssl=1 1.5x, https:\/\/i0.wp.com\/www.grieta.org.mx\/wp-content\/uploads\/2020\/04\/ViasTorcidasTrenMaya.png?resize=700%2C400&ssl=1 2x"},"classes":[]},{"id":35945,"url":"https:\/\/www.grieta.org.mx\/index.php\/2019\/07\/05\/expansion-de-megaproyectos-en-la-peninsula-de-yucatan-video\/","url_meta":{"origin":49839,"position":2},"title":"Expansi\u00f3n de Megaproyectos en la Pen\u00ednsula de Yucat\u00e1n (Video)","author":"grieta","date":"5 julio, 2019","format":false,"excerpt":"https:\/\/youtu.be\/qLBARIAaBsI","rel":"","context":"En &quot;Campeche&quot;","block_context":{"text":"Campeche","link":"https:\/\/www.grieta.org.mx\/index.php\/category\/noticias-nacionales\/campeche\/"},"img":{"alt_text":"","src":"https:\/\/i0.wp.com\/img.youtube.com\/vi\/qLBARIAaBsI\/0.jpg?resize=350%2C200","width":350,"height":200},"classes":[]},{"id":64385,"url":"https:\/\/www.grieta.org.mx\/index.php\/2022\/06\/16\/trabajadores-del-tren-maya-cierran-empresa-que-se-niega-a-pagarles\/","url_meta":{"origin":49839,"position":3},"title":"Trabajadores del Tren Maya cierran empresa que se niega a pagarles","author":"grieta","date":"16 junio, 2022","format":false,"excerpt":"Yoisi Moguel \/ El Financiero Alrededor de 150 trabajadores del Tren Maya, del tramo 3 Calkini-Izamal, cerraron las instalaciones de las oficinas centrales de la empresa Azvi Ferroviaria, en protesta porque les negaron su pago de esta quincena, les incrementaron la jornada laboral sin incentivo econ\u00f3mico y por despidos injustificados.\u2026","rel":"","context":"En &quot;Campeche&quot;","block_context":{"text":"Campeche","link":"https:\/\/www.grieta.org.mx\/index.php\/category\/noticias-nacionales\/campeche\/"},"img":{"alt_text":"","src":"https:\/\/i0.wp.com\/www.grieta.org.mx\/wp-content\/uploads\/2022\/06\/CarreteraMilenaria-e1654888209571.png?resize=350%2C200&ssl=1","width":350,"height":200,"srcset":"https:\/\/i0.wp.com\/www.grieta.org.mx\/wp-content\/uploads\/2022\/06\/CarreteraMilenaria-e1654888209571.png?resize=350%2C200&ssl=1 1x, https:\/\/i0.wp.com\/www.grieta.org.mx\/wp-content\/uploads\/2022\/06\/CarreteraMilenaria-e1654888209571.png?resize=525%2C300&ssl=1 1.5x, https:\/\/i0.wp.com\/www.grieta.org.mx\/wp-content\/uploads\/2022\/06\/CarreteraMilenaria-e1654888209571.png?resize=700%2C400&ssl=1 2x"},"classes":[]},{"id":68402,"url":"https:\/\/www.grieta.org.mx\/index.php\/2024\/01\/29\/tren-maya-danos-al-patrimonio-investigadores-del-inah-a-fiscalia\/","url_meta":{"origin":49839,"position":4},"title":"Tren Maya, da\u00f1os al patrimonio: Investigadores del INAH a Fiscal\u00eda","author":"grieta","date":"29 enero, 2024","format":false,"excerpt":"Judith Amador Tello \/ Revista Proceso A la denuncia presentada por destrucci\u00f3n arqueol\u00f3gica en mayo de 2020, y a la exigencia de su investigaci\u00f3n en julio de 2021, Felipe Echenique y Juan Manuel Sandoval, investigadores del INAH, ampliaron su informe con nuevos testimonios, que acaban de entregar a la FGR,\u2026","rel":"","context":"En &quot;Campeche&quot;","block_context":{"text":"Campeche","link":"https:\/\/www.grieta.org.mx\/index.php\/category\/noticias-nacionales\/campeche\/"},"img":{"alt_text":"","src":"https:\/\/i0.wp.com\/www.grieta.org.mx\/wp-content\/uploads\/2024\/01\/Tren-e1706583941486.jpg?resize=350%2C200&ssl=1","width":350,"height":200,"srcset":"https:\/\/i0.wp.com\/www.grieta.org.mx\/wp-content\/uploads\/2024\/01\/Tren-e1706583941486.jpg?resize=350%2C200&ssl=1 1x, https:\/\/i0.wp.com\/www.grieta.org.mx\/wp-content\/uploads\/2024\/01\/Tren-e1706583941486.jpg?resize=525%2C300&ssl=1 1.5x, https:\/\/i0.wp.com\/www.grieta.org.mx\/wp-content\/uploads\/2024\/01\/Tren-e1706583941486.jpg?resize=700%2C400&ssl=1 2x"},"classes":[]},{"id":53136,"url":"https:\/\/www.grieta.org.mx\/index.php\/2020\/09\/06\/ejercera-influencia-transformadora-y-destructiva-mas-de-100-arqueologos-de-mexico-y-otros-paises-se-oponen-al-tren-maya\/","url_meta":{"origin":49839,"position":5},"title":"\u201cEjercer\u00e1 influencia transformadora y destructiva\u201d: M\u00e1s de 100 arque\u00f3logos de M\u00e9xico y otros pa\u00edses se oponen al Tren Maya","author":"grieta","date":"6 septiembre, 2020","format":false,"excerpt":"Itzel Chan \/ Noticaribe M\u00c9RIDA, MX.- M\u00e1s de 100 arque\u00f3logos, acad\u00e9micos e investigadores de M\u00e9xico, Brasil, Canad\u00e1, Estados Unidos y otros pa\u00edses, han fijado su postura en contra del Tren Maya, sobre todo porque denuncian la presunta destrucci\u00f3n de monumentos arqueol\u00f3gicos, localizados en los estados de Chiapas, Campeche, Tabasco, Yucat\u00e1n\u2026","rel":"","context":"En &quot;Campeche&quot;","block_context":{"text":"Campeche","link":"https:\/\/www.grieta.org.mx\/index.php\/category\/noticias-nacionales\/campeche\/"},"img":{"alt_text":"","src":"https:\/\/i0.wp.com\/www.grieta.org.mx\/wp-content\/uploads\/2020\/09\/ArqueologosOponen.png?resize=350%2C200&ssl=1","width":350,"height":200,"srcset":"https:\/\/i0.wp.com\/www.grieta.org.mx\/wp-content\/uploads\/2020\/09\/ArqueologosOponen.png?resize=350%2C200&ssl=1 1x, https:\/\/i0.wp.com\/www.grieta.org.mx\/wp-content\/uploads\/2020\/09\/ArqueologosOponen.png?resize=525%2C300&ssl=1 1.5x, https:\/\/i0.wp.com\/www.grieta.org.mx\/wp-content\/uploads\/2020\/09\/ArqueologosOponen.png?resize=700%2C400&ssl=1 2x"},"classes":[]}],"_links":{"self":[{"href":"https:\/\/www.grieta.org.mx\/index.php\/wp-json\/wp\/v2\/posts\/49839","targetHints":{"allow":["GET"]}}],"collection":[{"href":"https:\/\/www.grieta.org.mx\/index.php\/wp-json\/wp\/v2\/posts"}],"about":[{"href":"https:\/\/www.grieta.org.mx\/index.php\/wp-json\/wp\/v2\/types\/post"}],"author":[{"embeddable":true,"href":"https:\/\/www.grieta.org.mx\/index.php\/wp-json\/wp\/v2\/users\/2"}],"replies":[{"embeddable":true,"href":"https:\/\/www.grieta.org.mx\/index.php\/wp-json\/wp\/v2\/comments?post=49839"}],"version-history":[{"count":1,"href":"https:\/\/www.grieta.org.mx\/index.php\/wp-json\/wp\/v2\/posts\/49839\/revisions"}],"predecessor-version":[{"id":49841,"href":"https:\/\/www.grieta.org.mx\/index.php\/wp-json\/wp\/v2\/posts\/49839\/revisions\/49841"}],"wp:featuredmedia":[{"embeddable":true,"href":"https:\/\/www.grieta.org.mx\/index.php\/wp-json\/wp\/v2\/media\/49840"}],"wp:attachment":[{"href":"https:\/\/www.grieta.org.mx\/index.php\/wp-json\/wp\/v2\/media?parent=49839"}],"wp:term":[{"taxonomy":"category","embeddable":true,"href":"https:\/\/www.grieta.org.mx\/index.php\/wp-json\/wp\/v2\/categories?post=49839"},{"taxonomy":"post_tag","embeddable":true,"href":"https:\/\/www.grieta.org.mx\/index.php\/wp-json\/wp\/v2\/tags?post=49839"}],"curies":[{"name":"wp","href":"https:\/\/api.w.org\/{rel}","templated":true}]}}