{"id":49799,"date":"2020-05-15T23:00:44","date_gmt":"2020-05-16T04:00:44","guid":{"rendered":"http:\/\/www.grieta.org.mx\/?p=49799"},"modified":"2020-05-23T23:12:27","modified_gmt":"2020-05-24T04:12:27","slug":"maestras-de-cendi-se-manifiestan-por-falta-de-pago-en-el-dia-del-maestro-queretaro","status":"publish","type":"post","link":"https:\/\/www.grieta.org.mx\/index.php\/2020\/05\/15\/maestras-de-cendi-se-manifiestan-por-falta-de-pago-en-el-dia-del-maestro-queretaro\/","title":{"rendered":"Maestras de CENDI se manifiestan por falta de pago en el d\u00eda del maestro (Quer\u00e9taro)"},"content":{"rendered":"<p><img loading=\"lazy\" decoding=\"async\" data-attachment-id=\"49800\" data-permalink=\"https:\/\/www.grieta.org.mx\/index.php\/2020\/05\/15\/maestras-de-cendi-se-manifiestan-por-falta-de-pago-en-el-dia-del-maestro-queretaro\/maestras-de-cendi-se-manifiestan-por-falta-de-pago-en-el-dia-del-maestro-qro-may\/\" data-orig-file=\"https:\/\/www.grieta.org.mx\/wp-content\/uploads\/2020\/05\/Maestras-de-CENDI-se-manifiestan-por-falta-de-pago-en-el-d\u00eda-del-maestro-qro-may.jpg\" data-orig-size=\"259,194\" data-comments-opened=\"0\" data-image-meta=\"{&quot;aperture&quot;:&quot;0&quot;,&quot;credit&quot;:&quot;&quot;,&quot;camera&quot;:&quot;&quot;,&quot;caption&quot;:&quot;&quot;,&quot;created_timestamp&quot;:&quot;0&quot;,&quot;copyright&quot;:&quot;&quot;,&quot;focal_length&quot;:&quot;0&quot;,&quot;iso&quot;:&quot;0&quot;,&quot;shutter_speed&quot;:&quot;0&quot;,&quot;title&quot;:&quot;&quot;,&quot;orientation&quot;:&quot;0&quot;}\" data-image-title=\"Maestras de CENDI se manifiestan por falta de pago en el d\u00eda del maestro qro may\" data-image-description=\"\" data-image-caption=\"\" data-medium-file=\"https:\/\/www.grieta.org.mx\/wp-content\/uploads\/2020\/05\/Maestras-de-CENDI-se-manifiestan-por-falta-de-pago-en-el-d\u00eda-del-maestro-qro-may.jpg\" data-large-file=\"https:\/\/www.grieta.org.mx\/wp-content\/uploads\/2020\/05\/Maestras-de-CENDI-se-manifiestan-por-falta-de-pago-en-el-d\u00eda-del-maestro-qro-may.jpg\" class=\"aligncenter size-full wp-image-49800\" src=\"http:\/\/www.grieta.org.mx\/wp-content\/uploads\/2020\/05\/Maestras-de-CENDI-se-manifiestan-por-falta-de-pago-en-el-d\u00eda-del-maestro-qro-may.jpg\" alt=\"\" width=\"259\" height=\"194\" \/><br \/>\n<em>Foto: www.reqronexion.com<\/em><\/p>\n<p>Reqronexi\u00f3n<\/p>\n<p>Maestras del Centro de Desarrollo Infantil Tierra y Libertad \u201cGran Cu\u00e9\u201d se manifestaron afuera del Palacio de Gobierno para solicitar la intervenci\u00f3n del Gobernador Francisco Dom\u00ednguez en el pago de su sueldo, que desde enero del presente a\u00f1o no se ha realizado, las maestras se\u00f1alaron como responsable de esta falta de pago a la Secretar\u00eda de Educaci\u00f3n P\u00fablica del Gobierno Federal.<\/p>\n<p>Las docentes portaban cartulinas con leyendas como; \u201cFamilia Cendi Tierra y Libertad Gran Cu\u00e9 afectada en esta contingencia \u00a1Solicitamos nuestro pago!\u201d \u201cSolicitamos una pronta soluci\u00f3n, cuatro meses y una quincena sin recibir sueldo\u201d.<\/p>\n<p>En el acto leyeron un desplegado en el que se\u00f1alaron que su falta de pago ha sido una tr\u00e1gica historia ya que es su sustento para poder vivir, sustento que es fundamental en tiempos de coronavirus y contingencia sanitaria.<\/p>\n<p>\u201cHoy es el d\u00eda de las maestras y los maestros, un d\u00eda que normalmente las y los docentes utilizamos para festejarnos, un d\u00eda que es alegr\u00eda para nuestro gremio, lleno de mucho cari\u00f1o de parte de nuestros queridos estudiantes hacia nosotras, una fecha para conmemorar la relevancia fundamental que tiene nuestra profesi\u00f3n en la formaci\u00f3n de cada ni\u00f1a y ni\u00f1o.<\/p>\n<p>Sin embargo, hoy, mis compa\u00f1eras y yo no podemos festejar, ni siquiera desde casa, nuestro d\u00eda, ya que han pasado 4 meses y una quincena que no hemos recibido pago alguno por nuestro trabajo realizado, trabajo que consiste en educaci\u00f3n, atenci\u00f3n, cuidado, nutrici\u00f3n, desarrollo, clases escolares, clases extraescolares, danza, m\u00fasica, teatro, artes marciales, atenci\u00f3n m\u00e9dica, nutricional, psicol\u00f3gica en un horario de 7:30 de la ma\u00f1ana a 4:00 de la tarde.\u201d<\/p>\n<p>El personal docente en voz de su representante afirm\u00f3 que en mes de febrero el Titular de la Unidad de Administraci\u00f3n Financiera de la Secretar\u00eda de Educaci\u00f3n P\u00fablica Federal, H\u00e9ctor Garza, realiz\u00f3 el compromiso, que los pagos para las m\u00e1s de tres mil maestras y personal de apoyo de los 84 planteles que tiene CENDI en todo el pa\u00eds llegar\u00eda en pr\u00f3ximos d\u00edas, sin embargo despu\u00e9s de dos meses este acuerdo no ha sido cumplido ya que en Quer\u00e9taro las maestras y personal siguen sin poder cobrar su sueldo.<\/p>\n<p>Las maestras se\u00f1alaron que interpusieron una queja ante la CNDH para que la instituci\u00f3n protectora de los derechos humanos emita la recomendaci\u00f3n a las instancias correspondientes para que se realice el pago de su sueldo a la brevedad.<\/p>\n<p>Pidieron al Gobernador Francisco Dom\u00ednguez, al Secretario de Educaci\u00f3n Alfredo Botello y al Coordinado de USEBEQ Enrique Echavarri su apoyo e intervenci\u00f3n para resolver el pago de sus sueldos y solicitaron a las autoridades correspondientes, el cumplimiento del siguiente pliego petitorio:<\/p>\n<p>1. Pago inmediato de los 4 meses y una quincena laborados en el Centro de Desarrollo<br \/>\nInfantil Tierra y Libertad Quer\u00e9taro a maestras, maestros, especialistas y personal de<br \/>\napoyo.<br \/>\n2. Pago de los adeudos de cuatro meses a proveedores y servicios b\u00e1sicos del CENDI.<br \/>\n3. Reconocimiento pleno y total a nuestro Centro educativo como CENDI en proceso de<br \/>\nregularizaci\u00f3n.<br \/>\n4. Desconocimiento a los lineamientos del Programa de Expansi\u00f3n a la Educaci\u00f3n Inicial<br \/>\nU031 que vulnera el inter\u00e9s superior de la ni\u00f1ez al eliminar la educaci\u00f3n preescolar<br \/>\ndel programa.<br \/>\n5. Otorgamiento de la Clave de Centro de Trabajo DDI.<br \/>\n6. Reconocimiento de la poblaci\u00f3n infantil que atienden los CENDI en proceso de<br \/>\nregularizaci\u00f3n que es desde 45 d\u00edas de nacidos hasta 5 a\u00f1os 11 meses.<\/p>\n<p>Por \u00faltimo, se\u00f1alaron que, en caso de no recibir respuesta por las autoridades educativas, iniciaran un paro total de labores y clases a distancia, as\u00ed como una huelga de hambre a las afueras de palacio de gobierno.<\/p>\n<p><a href=\"https:\/\/www.reqronexion.com\/maestras-de-cendi-se-manifiestan-por-falta-de-pago-en-el-dia-del-maestro\/\" target=\"_blank\" rel=\"noopener noreferrer\">https:\/\/www.reqronexion.com\/maestras-de-cendi-se-manifiestan-por-falta-de-pago-en-el-dia-del-maestro\/<\/a><\/p>\n","protected":false},"excerpt":{"rendered":"<p>Foto: www.reqronexion.com Reqronexi\u00f3n Maestras del Centro de Desarrollo Infantil Tierra y Libertad \u201cGran Cu\u00e9\u201d se manifestaron afuera del Palacio de Gobierno para solicitar la intervenci\u00f3n del Gobernador Francisco Dom\u00ednguez en &hellip; <a href=\"https:\/\/www.grieta.org.mx\/index.php\/2020\/05\/15\/maestras-de-cendi-se-manifiestan-por-falta-de-pago-en-el-dia-del-maestro-queretaro\/\" class=\"more-link\">Leer m\u00e1s<\/a><\/p>\n","protected":false},"author":2,"featured_media":49800,"comment_status":"closed","ping_status":"closed","sticky":false,"template":"","format":"standard","meta":{"ngg_post_thumbnail":0,"_jetpack_newsletter_access":"","_jetpack_dont_email_post_to_subs":false,"_jetpack_newsletter_tier_id":0,"_jetpack_memberships_contains_paywalled_content":false,"_jetpack_memberships_contains_paid_content":false,"footnotes":""},"categories":[80,2498,3298,916,2903,910,1510,2,27,83],"tags":[3241,2841],"class_list":["post-49799","post","type-post","status-publish","format-standard","has-post-thumbnail","hentry","category-cintillo","category-conflictos-laborales-en-queretaro","category-covid-19-en-queretaro","category-privatizacion-del-la-educacion-publica","category-crisis-de-la-educacion-publica-en-queretaro","category-explotacion-y-precariedad-laboral","category-explotacion-y-precariedad-laboral-en-queretaro","category-noticias-nacionales","category-queretaro","category-temas-nacionales","tag-covid-19","tag-explotacion-y-precariedad-laboral","entry"],"jetpack_featured_media_url":"https:\/\/www.grieta.org.mx\/wp-content\/uploads\/2020\/05\/Maestras-de-CENDI-se-manifiestan-por-falta-de-pago-en-el-d\u00eda-del-maestro-qro-may.jpg","jetpack_sharing_enabled":true,"jetpack_shortlink":"https:\/\/wp.me\/p7ZJR4-cXd","jetpack_likes_enabled":false,"jetpack-related-posts":[{"id":50815,"url":"https:\/\/www.grieta.org.mx\/index.php\/2020\/06\/09\/enfermeras-y-doctores-exigen-mejores-insumos-medicos-queretaro\/","url_meta":{"origin":49799,"position":0},"title":"Enfermeras y Doctores exigen mejores insumos m\u00e9dicos (Quer\u00e9taro)","author":"grieta","date":"9 junio, 2020","format":false,"excerpt":"Foto: www.facebook.com\/InboxPolitico Inbox Pol\u00edtico Este martes se llevaron acabo dos manifestaciones -en la capital del Estado de Quer\u00e9taro- ambas integradas por personal m\u00e9dico. En la primera, Enfermeras del Hospital de Especialidades del Ni\u00f1o y la Mujer, en Plaza de Armas, exigieron insumos de calidad para atender a pacientes Covid. En\u2026","rel":"","context":"En &quot;CINTILLO&quot;","block_context":{"text":"CINTILLO","link":"https:\/\/www.grieta.org.mx\/index.php\/category\/cintillo\/"},"img":{"alt_text":"","src":"https:\/\/i0.wp.com\/www.grieta.org.mx\/wp-content\/uploads\/2020\/06\/Enfermeras-y-Doctores-exigen-mejores-insumos-m%C3%A9dicos-qro-jun.jpg?resize=350%2C200&ssl=1","width":350,"height":200,"srcset":"https:\/\/i0.wp.com\/www.grieta.org.mx\/wp-content\/uploads\/2020\/06\/Enfermeras-y-Doctores-exigen-mejores-insumos-m%C3%A9dicos-qro-jun.jpg?resize=350%2C200&ssl=1 1x, https:\/\/i0.wp.com\/www.grieta.org.mx\/wp-content\/uploads\/2020\/06\/Enfermeras-y-Doctores-exigen-mejores-insumos-m%C3%A9dicos-qro-jun.jpg?resize=525%2C300&ssl=1 1.5x, https:\/\/i0.wp.com\/www.grieta.org.mx\/wp-content\/uploads\/2020\/06\/Enfermeras-y-Doctores-exigen-mejores-insumos-m%C3%A9dicos-qro-jun.jpg?resize=700%2C400&ssl=1 2x"},"classes":[]},{"id":36830,"url":"https:\/\/www.grieta.org.mx\/index.php\/2019\/07\/22\/personal-de-cbtis-en-queretaro-denuncia-acoso-laboral-y-poca-transparencia-queretaro\/","url_meta":{"origin":49799,"position":1},"title":"Personal de CBTis en Quer\u00e9taro denuncia acoso laboral y poca transparencia (Quer\u00e9taro)","author":"grieta","date":"22 julio, 2019","format":false,"excerpt":"Redacci\u00f3n\/Notimex Personal de la Unidad de Educaci\u00f3n Media Superior Tecnol\u00f3gica, Industrial y de Servicios (Uemstis) en Quer\u00e9taro, denunci\u00f3 autoritarismo, discriminaci\u00f3n y acoso laboral por parte de autoridades, luego de que revelaron posibles actos contrarios a la pol\u00edtica federal de transparencia. Mar\u00eda Elena Razo Hern\u00e1ndez, maestra del Centro de Bachillerato Tecnol\u00f3gico,\u2026","rel":"","context":"En &quot;CINTILLO&quot;","block_context":{"text":"CINTILLO","link":"https:\/\/www.grieta.org.mx\/index.php\/category\/cintillo\/"},"img":{"alt_text":"","src":"https:\/\/i0.wp.com\/www.grieta.org.mx\/wp-content\/uploads\/2019\/07\/CBETIS-18-ACOSO.jpg?resize=350%2C200&ssl=1","width":350,"height":200,"srcset":"https:\/\/i0.wp.com\/www.grieta.org.mx\/wp-content\/uploads\/2019\/07\/CBETIS-18-ACOSO.jpg?resize=350%2C200&ssl=1 1x, https:\/\/i0.wp.com\/www.grieta.org.mx\/wp-content\/uploads\/2019\/07\/CBETIS-18-ACOSO.jpg?resize=525%2C300&ssl=1 1.5x, https:\/\/i0.wp.com\/www.grieta.org.mx\/wp-content\/uploads\/2019\/07\/CBETIS-18-ACOSO.jpg?resize=700%2C400&ssl=1 2x"},"classes":[]},{"id":47582,"url":"https:\/\/www.grieta.org.mx\/index.php\/2020\/04\/08\/pobladores-de-santiago-mexquititlan-denuncian-acoso-de-autoridades-municipales-y-llaman-a-la-solidariad-de-la-ciudadania-queretaro\/","url_meta":{"origin":49799,"position":2},"title":"POBLADORES DE SANTIAGO MEXQUITITL\u00c1N DENUNCIAN ACOSO DE AUTORIDADES MUNICIPALES Y LLAMAN A LA SOLIDARIAD DE LA CIUDADAN\u00cdA (Quer\u00e9taro)","author":"grieta","date":"8 abril, 2020","format":false,"excerpt":"Imagen tomada de: sanpanchotv.wordpress.com TV San Pancho Pese a la cuarentena declarada para mitigar la expansi\u00f3n del COVID-19, la comunidad de Santiago Mexquititl\u00e1n contin\u00faa organizando su Concejo comunitario, donde adem\u00e1s de construir mecanismos comunitarios para atender la seguridad, la educaci\u00f3n y el comercio, tambi\u00e9n apuestan a la salud comunitaria. En\u2026","rel":"","context":"En &quot;Abuso policiaco y tortura en Quer\u00e9taro&quot;","block_context":{"text":"Abuso policiaco y tortura en Quer\u00e9taro","link":"https:\/\/www.grieta.org.mx\/index.php\/category\/noticias-nacionales\/queretaro\/abuso-policiaco-y-tortura-en-queretaro\/"},"img":{"alt_text":"","src":"https:\/\/i0.wp.com\/www.grieta.org.mx\/wp-content\/uploads\/2020\/04\/POBLADORES-DE-SANTIAGO-MEXQUITITL%C3%81N-DENUNCIAN-ACOSO-DE-AUTORIDADES-MUNICIPALES-Y-LLAMAN-A-LA-SOLIDARIAD-DE-LA-CIUDADAN%C3%8DA-qro-abr.jpg?resize=350%2C200&ssl=1","width":350,"height":200,"srcset":"https:\/\/i0.wp.com\/www.grieta.org.mx\/wp-content\/uploads\/2020\/04\/POBLADORES-DE-SANTIAGO-MEXQUITITL%C3%81N-DENUNCIAN-ACOSO-DE-AUTORIDADES-MUNICIPALES-Y-LLAMAN-A-LA-SOLIDARIAD-DE-LA-CIUDADAN%C3%8DA-qro-abr.jpg?resize=350%2C200&ssl=1 1x, https:\/\/i0.wp.com\/www.grieta.org.mx\/wp-content\/uploads\/2020\/04\/POBLADORES-DE-SANTIAGO-MEXQUITITL%C3%81N-DENUNCIAN-ACOSO-DE-AUTORIDADES-MUNICIPALES-Y-LLAMAN-A-LA-SOLIDARIAD-DE-LA-CIUDADAN%C3%8DA-qro-abr.jpg?resize=525%2C300&ssl=1 1.5x, https:\/\/i0.wp.com\/www.grieta.org.mx\/wp-content\/uploads\/2020\/04\/POBLADORES-DE-SANTIAGO-MEXQUITITL%C3%81N-DENUNCIAN-ACOSO-DE-AUTORIDADES-MUNICIPALES-Y-LLAMAN-A-LA-SOLIDARIAD-DE-LA-CIUDADAN%C3%8DA-qro-abr.jpg?resize=700%2C400&ssl=1 2x"},"classes":[]},{"id":69728,"url":"https:\/\/www.grieta.org.mx\/index.php\/2024\/09\/12\/extrabajadores-realizaron-un-embargo-laboral-y-una-manifestacion-despues-de-que-la-empresa-se-declaro-en-bancarrota-y-los-despidio-queretaro\/","url_meta":{"origin":49799,"position":3},"title":"Extrabajadores realizaron un embargo laboral y una manifestaci\u00f3n despu\u00e9s de que la empresa se declar\u00f3 en bancarrota y los despidi\u00f3  (Quer\u00e9taro)","author":"grieta","date":"12 septiembre, 2024","format":false,"excerpt":"Cecilia Conde \/ Diario de Quer\u00e9taro Fotos: Irais S\u00e1nchez \/ Diario de Quer\u00e9taro 12 de Septiembre del 2024 Luego de siete a\u00f1os, exigen su liquidaci\u00f3n Extrabajadores realizaron un embargo laboral y una manifestaci\u00f3n despu\u00e9s de que la empresa se declar\u00f3 en bancarrota y los despidi\u00f3 Extrabajadores\u00a0de la empresa\u00a0Ediciones de Arte\u2026","rel":"","context":"En &quot;CINTILLO&quot;","block_context":{"text":"CINTILLO","link":"https:\/\/www.grieta.org.mx\/index.php\/category\/cintillo\/"},"img":{"alt_text":"","src":"https:\/\/i0.wp.com\/www.grieta.org.mx\/wp-content\/uploads\/2024\/09\/Luego-de-siete-anos-exigen-su-liquidacion.jpeg?resize=350%2C200&ssl=1","width":350,"height":200,"srcset":"https:\/\/i0.wp.com\/www.grieta.org.mx\/wp-content\/uploads\/2024\/09\/Luego-de-siete-anos-exigen-su-liquidacion.jpeg?resize=350%2C200&ssl=1 1x, https:\/\/i0.wp.com\/www.grieta.org.mx\/wp-content\/uploads\/2024\/09\/Luego-de-siete-anos-exigen-su-liquidacion.jpeg?resize=525%2C300&ssl=1 1.5x, https:\/\/i0.wp.com\/www.grieta.org.mx\/wp-content\/uploads\/2024\/09\/Luego-de-siete-anos-exigen-su-liquidacion.jpeg?resize=700%2C400&ssl=1 2x"},"classes":[]},{"id":49788,"url":"https:\/\/www.grieta.org.mx\/index.php\/2020\/05\/08\/la-aeroespacial-safran-despide-a-3-mil-empleados-en-mexico-queretaro\/","url_meta":{"origin":49799,"position":4},"title":"La aeroespacial Safran despide a 3 mil empleados en M\u00e9xico (Quer\u00e9taro)","author":"grieta","date":"8 mayo, 2020","format":false,"excerpt":"Trabajadores de Safran M\u00e9xico, en Quer\u00e9taro. Foto: Twitter @SafranMexico Proceso CIUDAD DE M\u00c9XICO (apro).- Debido a una crisis sin precedentes en la industria aeroespacial a causa de la pandemia de covid-19, tres mil empleados de la firma francesa Safran han sido despedidos en M\u00e9xico. \u201cEnfrentamos una fuerte ca\u00edda en los\u2026","rel":"","context":"En &quot;CINTILLO&quot;","block_context":{"text":"CINTILLO","link":"https:\/\/www.grieta.org.mx\/index.php\/category\/cintillo\/"},"img":{"alt_text":"","src":"https:\/\/i0.wp.com\/www.grieta.org.mx\/wp-content\/uploads\/2020\/05\/La-aeroespacial-Safran-despide-a-3-mil-empleados-en-M%C3%A9xico-qro-may.jpg?resize=350%2C200&ssl=1","width":350,"height":200,"srcset":"https:\/\/i0.wp.com\/www.grieta.org.mx\/wp-content\/uploads\/2020\/05\/La-aeroespacial-Safran-despide-a-3-mil-empleados-en-M%C3%A9xico-qro-may.jpg?resize=350%2C200&ssl=1 1x, https:\/\/i0.wp.com\/www.grieta.org.mx\/wp-content\/uploads\/2020\/05\/La-aeroespacial-Safran-despide-a-3-mil-empleados-en-M%C3%A9xico-qro-may.jpg?resize=525%2C300&ssl=1 1.5x, https:\/\/i0.wp.com\/www.grieta.org.mx\/wp-content\/uploads\/2020\/05\/La-aeroespacial-Safran-despide-a-3-mil-empleados-en-M%C3%A9xico-qro-may.jpg?resize=700%2C400&ssl=1 2x"},"classes":[]},{"id":46651,"url":"https:\/\/www.grieta.org.mx\/index.php\/2020\/03\/23\/denuncian-acoso-a-artesanos-en-amealco-queretaro\/","url_meta":{"origin":49799,"position":5},"title":"Denuncian acoso a artesanos en Amealco (Quer\u00e9taro)","author":"grieta","date":"23 marzo, 2020","format":false,"excerpt":"Foto tomada de: www.alertaqronoticias.com Alerta Quer\u00e9taro Noticias Artesanos de Santiago Mexquititan, en Amealco, denunciaron la detenci\u00f3n y desalojo arbitrario, por parte de autoridades de ese municipio, este fin de semana, a consecuencia de su oposici\u00f3n a la propuesta de un tianguis. Narraron que el pasado s\u00e1bado a las 7 de\u2026","rel":"","context":"En &quot;Abuso policiaco y tortura en Quer\u00e9taro&quot;","block_context":{"text":"Abuso policiaco y tortura en Quer\u00e9taro","link":"https:\/\/www.grieta.org.mx\/index.php\/category\/noticias-nacionales\/queretaro\/abuso-policiaco-y-tortura-en-queretaro\/"},"img":{"alt_text":"","src":"https:\/\/i0.wp.com\/www.grieta.org.mx\/wp-content\/uploads\/2020\/03\/Denuncian-acoso-a-artesanos-en-Amealco-qro-mzo.jpg?resize=350%2C200&ssl=1","width":350,"height":200,"srcset":"https:\/\/i0.wp.com\/www.grieta.org.mx\/wp-content\/uploads\/2020\/03\/Denuncian-acoso-a-artesanos-en-Amealco-qro-mzo.jpg?resize=350%2C200&ssl=1 1x, https:\/\/i0.wp.com\/www.grieta.org.mx\/wp-content\/uploads\/2020\/03\/Denuncian-acoso-a-artesanos-en-Amealco-qro-mzo.jpg?resize=525%2C300&ssl=1 1.5x, https:\/\/i0.wp.com\/www.grieta.org.mx\/wp-content\/uploads\/2020\/03\/Denuncian-acoso-a-artesanos-en-Amealco-qro-mzo.jpg?resize=700%2C400&ssl=1 2x"},"classes":[]}],"_links":{"self":[{"href":"https:\/\/www.grieta.org.mx\/index.php\/wp-json\/wp\/v2\/posts\/49799","targetHints":{"allow":["GET"]}}],"collection":[{"href":"https:\/\/www.grieta.org.mx\/index.php\/wp-json\/wp\/v2\/posts"}],"about":[{"href":"https:\/\/www.grieta.org.mx\/index.php\/wp-json\/wp\/v2\/types\/post"}],"author":[{"embeddable":true,"href":"https:\/\/www.grieta.org.mx\/index.php\/wp-json\/wp\/v2\/users\/2"}],"replies":[{"embeddable":true,"href":"https:\/\/www.grieta.org.mx\/index.php\/wp-json\/wp\/v2\/comments?post=49799"}],"version-history":[{"count":1,"href":"https:\/\/www.grieta.org.mx\/index.php\/wp-json\/wp\/v2\/posts\/49799\/revisions"}],"predecessor-version":[{"id":49802,"href":"https:\/\/www.grieta.org.mx\/index.php\/wp-json\/wp\/v2\/posts\/49799\/revisions\/49802"}],"wp:featuredmedia":[{"embeddable":true,"href":"https:\/\/www.grieta.org.mx\/index.php\/wp-json\/wp\/v2\/media\/49800"}],"wp:attachment":[{"href":"https:\/\/www.grieta.org.mx\/index.php\/wp-json\/wp\/v2\/media?parent=49799"}],"wp:term":[{"taxonomy":"category","embeddable":true,"href":"https:\/\/www.grieta.org.mx\/index.php\/wp-json\/wp\/v2\/categories?post=49799"},{"taxonomy":"post_tag","embeddable":true,"href":"https:\/\/www.grieta.org.mx\/index.php\/wp-json\/wp\/v2\/tags?post=49799"}],"curies":[{"name":"wp","href":"https:\/\/api.w.org\/{rel}","templated":true}]}}