{"id":49788,"date":"2020-05-08T22:07:32","date_gmt":"2020-05-09T03:07:32","guid":{"rendered":"http:\/\/www.grieta.org.mx\/?p=49788"},"modified":"2020-05-23T22:12:07","modified_gmt":"2020-05-24T03:12:07","slug":"la-aeroespacial-safran-despide-a-3-mil-empleados-en-mexico-queretaro","status":"publish","type":"post","link":"https:\/\/www.grieta.org.mx\/index.php\/2020\/05\/08\/la-aeroespacial-safran-despide-a-3-mil-empleados-en-mexico-queretaro\/","title":{"rendered":"La aeroespacial Safran despide a 3 mil empleados en M\u00e9xico (Quer\u00e9taro)"},"content":{"rendered":"<p><img loading=\"lazy\" decoding=\"async\" data-attachment-id=\"49789\" data-permalink=\"https:\/\/www.grieta.org.mx\/index.php\/2020\/05\/08\/la-aeroespacial-safran-despide-a-3-mil-empleados-en-mexico-queretaro\/la-aeroespacial-safran-despide-a-3-mil-empleados-en-mexico-qro-may\/\" data-orig-file=\"https:\/\/www.grieta.org.mx\/wp-content\/uploads\/2020\/05\/La-aeroespacial-Safran-despide-a-3-mil-empleados-en-M\u00e9xico-qro-may.jpg\" data-orig-size=\"783,522\" data-comments-opened=\"0\" data-image-meta=\"{&quot;aperture&quot;:&quot;0&quot;,&quot;credit&quot;:&quot;&quot;,&quot;camera&quot;:&quot;&quot;,&quot;caption&quot;:&quot;&quot;,&quot;created_timestamp&quot;:&quot;0&quot;,&quot;copyright&quot;:&quot;&quot;,&quot;focal_length&quot;:&quot;0&quot;,&quot;iso&quot;:&quot;0&quot;,&quot;shutter_speed&quot;:&quot;0&quot;,&quot;title&quot;:&quot;&quot;,&quot;orientation&quot;:&quot;0&quot;}\" data-image-title=\"La aeroespacial Safran despide a 3 mil empleados en M\u00e9xico qro may\" data-image-description=\"\" data-image-caption=\"\" data-medium-file=\"https:\/\/www.grieta.org.mx\/wp-content\/uploads\/2020\/05\/La-aeroespacial-Safran-despide-a-3-mil-empleados-en-M\u00e9xico-qro-may-300x200.jpg\" data-large-file=\"https:\/\/www.grieta.org.mx\/wp-content\/uploads\/2020\/05\/La-aeroespacial-Safran-despide-a-3-mil-empleados-en-M\u00e9xico-qro-may.jpg\" class=\"aligncenter  wp-image-49789\" src=\"http:\/\/www.grieta.org.mx\/wp-content\/uploads\/2020\/05\/La-aeroespacial-Safran-despide-a-3-mil-empleados-en-M\u00e9xico-qro-may.jpg\" alt=\"\" width=\"643\" height=\"429\" srcset=\"https:\/\/www.grieta.org.mx\/wp-content\/uploads\/2020\/05\/La-aeroespacial-Safran-despide-a-3-mil-empleados-en-M\u00e9xico-qro-may.jpg 783w, https:\/\/www.grieta.org.mx\/wp-content\/uploads\/2020\/05\/La-aeroespacial-Safran-despide-a-3-mil-empleados-en-M\u00e9xico-qro-may-300x200.jpg 300w, https:\/\/www.grieta.org.mx\/wp-content\/uploads\/2020\/05\/La-aeroespacial-Safran-despide-a-3-mil-empleados-en-M\u00e9xico-qro-may-768x512.jpg 768w, https:\/\/www.grieta.org.mx\/wp-content\/uploads\/2020\/05\/La-aeroespacial-Safran-despide-a-3-mil-empleados-en-M\u00e9xico-qro-may-750x500.jpg 750w\" sizes=\"auto, (max-width: 643px) 100vw, 643px\" \/><br \/>\n<em>Trabajadores de Safran M\u00e9xico, en Quer\u00e9taro. Foto: Twitter @SafranMexico<\/em><\/p>\n<p>Proceso<\/p>\n<blockquote><p>CIUDAD DE M\u00c9XICO (apro).- Debido a una crisis sin precedentes en la industria aeroespacial a causa de la pandemia de covid-19, tres mil empleados de la firma francesa Safran han sido despedidos en M\u00e9xico.<\/p><\/blockquote>\n<p>\u201cEnfrentamos una fuerte ca\u00edda en los pedidos de los clientes\u201d, dijo una portavoz de Safran en un correo electr\u00f3nico enviado a Reuters.<\/p>\n<p>\u201cDesafortunadamente esta situaci\u00f3n est\u00e1 afectando nuestro negocio y debemos tomar medidas para adaptarnos a las solicitudes de los clientes\u201d.<\/p>\n<p>Safran, tercer proveedor aeroespacial m\u00e1s grande del mundo y que tiene dos plantas en Quer\u00e9taro, comenz\u00f3 a notificar a los empleados la decisi\u00f3n a partir de la tercera semana de abril.<\/p>\n<p>\u201cSe propone este paso dif\u00edcil para preservar la existencia a largo plazo de Safran en M\u00e9xico y para proteger m\u00e1s de diez mil empleos a\u00fan activos en el pa\u00eds\u201d, agreg\u00f3 la portavoz.<\/p>\n<p>La Confederaci\u00f3n Nacional de C\u00e1maras Industriales (Concamin) estima que entre marzo y abril se perdieron unos 700 mil empleos en el pa\u00eds, y para mayo desaparezcan otros 650 mil si la reapertura de la industria comienza hasta junio.<\/p>\n<p>El pasado mi\u00e9rcoles, el fabricante estadunidense de autopartes Yazaki North America, parte del grupo Yazaki con sede en Jap\u00f3n, dijo que est\u00e1 reduciendo su fuerza laboral en M\u00e9xico en aproximadamente 20 por ciento, unos 14 mil 500 puestos de trabajo, seg\u00fan un c\u00e1lculo de Reuters.<\/p>\n<p><a href=\"https:\/\/www.proceso.com.mx\/629315\/la-aeroespacial-safran-despide-a-3-mil-empleados-en-mexico\" target=\"_blank\" rel=\"noopener noreferrer\">https:\/\/www.proceso.com.mx\/629315\/la-aeroespacial-safran-despide-a-3-mil-empleados-en-mexico<\/a><\/p>\n","protected":false},"excerpt":{"rendered":"<p>Trabajadores de Safran M\u00e9xico, en Quer\u00e9taro. Foto: Twitter @SafranMexico Proceso CIUDAD DE M\u00c9XICO (apro).- Debido a una crisis sin precedentes en la industria aeroespacial a causa de la pandemia de &hellip; <a href=\"https:\/\/www.grieta.org.mx\/index.php\/2020\/05\/08\/la-aeroespacial-safran-despide-a-3-mil-empleados-en-mexico-queretaro\/\" class=\"more-link\">Leer m\u00e1s<\/a><\/p>\n","protected":false},"author":2,"featured_media":49789,"comment_status":"closed","ping_status":"closed","sticky":false,"template":"","format":"standard","meta":{"ngg_post_thumbnail":0,"_jetpack_newsletter_access":"","_jetpack_dont_email_post_to_subs":false,"_jetpack_newsletter_tier_id":0,"_jetpack_memberships_contains_paywalled_content":false,"_jetpack_memberships_contains_paid_content":false,"footnotes":""},"categories":[80,3298,910,1510,2,27,83],"tags":[3241,2105,2841],"class_list":["post-49788","post","type-post","status-publish","format-standard","has-post-thumbnail","hentry","category-cintillo","category-covid-19-en-queretaro","category-explotacion-y-precariedad-laboral","category-explotacion-y-precariedad-laboral-en-queretaro","category-noticias-nacionales","category-queretaro","category-temas-nacionales","tag-covid-19","tag-despidos-masivos","tag-explotacion-y-precariedad-laboral","entry"],"jetpack_featured_media_url":"https:\/\/www.grieta.org.mx\/wp-content\/uploads\/2020\/05\/La-aeroespacial-Safran-despide-a-3-mil-empleados-en-M\u00e9xico-qro-may.jpg","jetpack_sharing_enabled":true,"jetpack_shortlink":"https:\/\/wp.me\/p7ZJR4-cX2","jetpack_likes_enabled":false,"jetpack-related-posts":[{"id":50815,"url":"https:\/\/www.grieta.org.mx\/index.php\/2020\/06\/09\/enfermeras-y-doctores-exigen-mejores-insumos-medicos-queretaro\/","url_meta":{"origin":49788,"position":0},"title":"Enfermeras y Doctores exigen mejores insumos m\u00e9dicos (Quer\u00e9taro)","author":"grieta","date":"9 junio, 2020","format":false,"excerpt":"Foto: www.facebook.com\/InboxPolitico Inbox Pol\u00edtico Este martes se llevaron acabo dos manifestaciones -en la capital del Estado de Quer\u00e9taro- ambas integradas por personal m\u00e9dico. En la primera, Enfermeras del Hospital de Especialidades del Ni\u00f1o y la Mujer, en Plaza de Armas, exigieron insumos de calidad para atender a pacientes Covid. En\u2026","rel":"","context":"En &quot;CINTILLO&quot;","block_context":{"text":"CINTILLO","link":"https:\/\/www.grieta.org.mx\/index.php\/category\/cintillo\/"},"img":{"alt_text":"","src":"https:\/\/i0.wp.com\/www.grieta.org.mx\/wp-content\/uploads\/2020\/06\/Enfermeras-y-Doctores-exigen-mejores-insumos-m%C3%A9dicos-qro-jun.jpg?resize=350%2C200&ssl=1","width":350,"height":200,"srcset":"https:\/\/i0.wp.com\/www.grieta.org.mx\/wp-content\/uploads\/2020\/06\/Enfermeras-y-Doctores-exigen-mejores-insumos-m%C3%A9dicos-qro-jun.jpg?resize=350%2C200&ssl=1 1x, https:\/\/i0.wp.com\/www.grieta.org.mx\/wp-content\/uploads\/2020\/06\/Enfermeras-y-Doctores-exigen-mejores-insumos-m%C3%A9dicos-qro-jun.jpg?resize=525%2C300&ssl=1 1.5x, https:\/\/i0.wp.com\/www.grieta.org.mx\/wp-content\/uploads\/2020\/06\/Enfermeras-y-Doctores-exigen-mejores-insumos-m%C3%A9dicos-qro-jun.jpg?resize=700%2C400&ssl=1 2x"},"classes":[]},{"id":47582,"url":"https:\/\/www.grieta.org.mx\/index.php\/2020\/04\/08\/pobladores-de-santiago-mexquititlan-denuncian-acoso-de-autoridades-municipales-y-llaman-a-la-solidariad-de-la-ciudadania-queretaro\/","url_meta":{"origin":49788,"position":1},"title":"POBLADORES DE SANTIAGO MEXQUITITL\u00c1N DENUNCIAN ACOSO DE AUTORIDADES MUNICIPALES Y LLAMAN A LA SOLIDARIAD DE LA CIUDADAN\u00cdA (Quer\u00e9taro)","author":"grieta","date":"8 abril, 2020","format":false,"excerpt":"Imagen tomada de: sanpanchotv.wordpress.com TV San Pancho Pese a la cuarentena declarada para mitigar la expansi\u00f3n del COVID-19, la comunidad de Santiago Mexquititl\u00e1n contin\u00faa organizando su Concejo comunitario, donde adem\u00e1s de construir mecanismos comunitarios para atender la seguridad, la educaci\u00f3n y el comercio, tambi\u00e9n apuestan a la salud comunitaria. En\u2026","rel":"","context":"En &quot;Abuso policiaco y tortura en Quer\u00e9taro&quot;","block_context":{"text":"Abuso policiaco y tortura en Quer\u00e9taro","link":"https:\/\/www.grieta.org.mx\/index.php\/category\/noticias-nacionales\/queretaro\/abuso-policiaco-y-tortura-en-queretaro\/"},"img":{"alt_text":"","src":"https:\/\/i0.wp.com\/www.grieta.org.mx\/wp-content\/uploads\/2020\/04\/POBLADORES-DE-SANTIAGO-MEXQUITITL%C3%81N-DENUNCIAN-ACOSO-DE-AUTORIDADES-MUNICIPALES-Y-LLAMAN-A-LA-SOLIDARIAD-DE-LA-CIUDADAN%C3%8DA-qro-abr.jpg?resize=350%2C200&ssl=1","width":350,"height":200,"srcset":"https:\/\/i0.wp.com\/www.grieta.org.mx\/wp-content\/uploads\/2020\/04\/POBLADORES-DE-SANTIAGO-MEXQUITITL%C3%81N-DENUNCIAN-ACOSO-DE-AUTORIDADES-MUNICIPALES-Y-LLAMAN-A-LA-SOLIDARIAD-DE-LA-CIUDADAN%C3%8DA-qro-abr.jpg?resize=350%2C200&ssl=1 1x, https:\/\/i0.wp.com\/www.grieta.org.mx\/wp-content\/uploads\/2020\/04\/POBLADORES-DE-SANTIAGO-MEXQUITITL%C3%81N-DENUNCIAN-ACOSO-DE-AUTORIDADES-MUNICIPALES-Y-LLAMAN-A-LA-SOLIDARIAD-DE-LA-CIUDADAN%C3%8DA-qro-abr.jpg?resize=525%2C300&ssl=1 1.5x, https:\/\/i0.wp.com\/www.grieta.org.mx\/wp-content\/uploads\/2020\/04\/POBLADORES-DE-SANTIAGO-MEXQUITITL%C3%81N-DENUNCIAN-ACOSO-DE-AUTORIDADES-MUNICIPALES-Y-LLAMAN-A-LA-SOLIDARIAD-DE-LA-CIUDADAN%C3%8DA-qro-abr.jpg?resize=700%2C400&ssl=1 2x"},"classes":[]},{"id":46651,"url":"https:\/\/www.grieta.org.mx\/index.php\/2020\/03\/23\/denuncian-acoso-a-artesanos-en-amealco-queretaro\/","url_meta":{"origin":49788,"position":2},"title":"Denuncian acoso a artesanos en Amealco (Quer\u00e9taro)","author":"grieta","date":"23 marzo, 2020","format":false,"excerpt":"Foto tomada de: www.alertaqronoticias.com Alerta Quer\u00e9taro Noticias Artesanos de Santiago Mexquititan, en Amealco, denunciaron la detenci\u00f3n y desalojo arbitrario, por parte de autoridades de ese municipio, este fin de semana, a consecuencia de su oposici\u00f3n a la propuesta de un tianguis. Narraron que el pasado s\u00e1bado a las 7 de\u2026","rel":"","context":"En &quot;Abuso policiaco y tortura en Quer\u00e9taro&quot;","block_context":{"text":"Abuso policiaco y tortura en Quer\u00e9taro","link":"https:\/\/www.grieta.org.mx\/index.php\/category\/noticias-nacionales\/queretaro\/abuso-policiaco-y-tortura-en-queretaro\/"},"img":{"alt_text":"","src":"https:\/\/i0.wp.com\/www.grieta.org.mx\/wp-content\/uploads\/2020\/03\/Denuncian-acoso-a-artesanos-en-Amealco-qro-mzo.jpg?resize=350%2C200&ssl=1","width":350,"height":200,"srcset":"https:\/\/i0.wp.com\/www.grieta.org.mx\/wp-content\/uploads\/2020\/03\/Denuncian-acoso-a-artesanos-en-Amealco-qro-mzo.jpg?resize=350%2C200&ssl=1 1x, https:\/\/i0.wp.com\/www.grieta.org.mx\/wp-content\/uploads\/2020\/03\/Denuncian-acoso-a-artesanos-en-Amealco-qro-mzo.jpg?resize=525%2C300&ssl=1 1.5x, https:\/\/i0.wp.com\/www.grieta.org.mx\/wp-content\/uploads\/2020\/03\/Denuncian-acoso-a-artesanos-en-Amealco-qro-mzo.jpg?resize=700%2C400&ssl=1 2x"},"classes":[]},{"id":52336,"url":"https:\/\/www.grieta.org.mx\/index.php\/2020\/08\/01\/san-luis-potosi-entre-los-5-estados-donde-mas-ha-crecido-el-outsourcing-manpower\/","url_meta":{"origin":49788,"position":3},"title":"San Luis Potos\u00ed, entre los 5 estados donde m\u00e1s ha crecido el outsourcing: Manpower","author":"grieta","date":"1 agosto, 2020","format":false,"excerpt":"Nancy LizetHern\u00e1ndez\/El Universal SLP 1 agosto 2020 ManpowerGroup inform\u00f3 que, con base en los resultados del Censo Econ\u00f3mico 2019, San Luis Potos\u00ed se ubic\u00f3 dentro de las cinco entidades donde m\u00e1s ha crecido la contrataci\u00f3n de personal mediante outsourcing, alcanzando un 54% en los sectores de manufactura, servicios y comercio.\u2026","rel":"","context":"En &quot;CINTILLO&quot;","block_context":{"text":"CINTILLO","link":"https:\/\/www.grieta.org.mx\/index.php\/category\/cintillo\/"},"img":{"alt_text":"","src":"https:\/\/i0.wp.com\/www.grieta.org.mx\/wp-content\/uploads\/2020\/08\/outsorcing.png?resize=350%2C200&ssl=1","width":350,"height":200,"srcset":"https:\/\/i0.wp.com\/www.grieta.org.mx\/wp-content\/uploads\/2020\/08\/outsorcing.png?resize=350%2C200&ssl=1 1x, https:\/\/i0.wp.com\/www.grieta.org.mx\/wp-content\/uploads\/2020\/08\/outsorcing.png?resize=525%2C300&ssl=1 1.5x"},"classes":[]},{"id":36830,"url":"https:\/\/www.grieta.org.mx\/index.php\/2019\/07\/22\/personal-de-cbtis-en-queretaro-denuncia-acoso-laboral-y-poca-transparencia-queretaro\/","url_meta":{"origin":49788,"position":4},"title":"Personal de CBTis en Quer\u00e9taro denuncia acoso laboral y poca transparencia (Quer\u00e9taro)","author":"grieta","date":"22 julio, 2019","format":false,"excerpt":"Redacci\u00f3n\/Notimex Personal de la Unidad de Educaci\u00f3n Media Superior Tecnol\u00f3gica, Industrial y de Servicios (Uemstis) en Quer\u00e9taro, denunci\u00f3 autoritarismo, discriminaci\u00f3n y acoso laboral por parte de autoridades, luego de que revelaron posibles actos contrarios a la pol\u00edtica federal de transparencia. Mar\u00eda Elena Razo Hern\u00e1ndez, maestra del Centro de Bachillerato Tecnol\u00f3gico,\u2026","rel":"","context":"En &quot;CINTILLO&quot;","block_context":{"text":"CINTILLO","link":"https:\/\/www.grieta.org.mx\/index.php\/category\/cintillo\/"},"img":{"alt_text":"","src":"https:\/\/i0.wp.com\/www.grieta.org.mx\/wp-content\/uploads\/2019\/07\/CBETIS-18-ACOSO.jpg?resize=350%2C200&ssl=1","width":350,"height":200,"srcset":"https:\/\/i0.wp.com\/www.grieta.org.mx\/wp-content\/uploads\/2019\/07\/CBETIS-18-ACOSO.jpg?resize=350%2C200&ssl=1 1x, https:\/\/i0.wp.com\/www.grieta.org.mx\/wp-content\/uploads\/2019\/07\/CBETIS-18-ACOSO.jpg?resize=525%2C300&ssl=1 1.5x, https:\/\/i0.wp.com\/www.grieta.org.mx\/wp-content\/uploads\/2019\/07\/CBETIS-18-ACOSO.jpg?resize=700%2C400&ssl=1 2x"},"classes":[]},{"id":40518,"url":"https:\/\/www.grieta.org.mx\/index.php\/2019\/10\/25\/chatarreros-y-recolectores-de-basura-asfixian-accesos-a-cdmx-van-contra-ley-de-reciclaje-ciudad-de-mexico\/","url_meta":{"origin":49788,"position":5},"title":"Chatarreros y recolectores de basura asfixian accesos a CDMX; van contra Ley de Reciclaje (Ciudad de M\u00e9xico)","author":"grieta","date":"25 octubre, 2019","format":false,"excerpt":"El Gr\u00e1fico Los inconformes exigen a legisladores no aprobar propuesta del Verde que podr\u00eda dejar sin empleo a 6 mil familias Chatarreros y recolectores de basura realizaron bloqueos parciales y totales en las autopistas M\u00e9xico-Quer\u00e9taro, Toluca y Pachuca, as\u00ed como en Naucalpan y Atlacomulco, con lo que asfixiaron los accesos\u2026","rel":"","context":"En &quot;CINTILLO&quot;","block_context":{"text":"CINTILLO","link":"https:\/\/www.grieta.org.mx\/index.php\/category\/cintillo\/"},"img":{"alt_text":"","src":"https:\/\/i0.wp.com\/www.grieta.org.mx\/wp-content\/uploads\/2019\/10\/Chatarreros-y-recolectores-de-basura-asfixian-accesos-a-CDMX-van-contra-ley-de-riciclaje-cdmx-oct.jpg?resize=350%2C200","width":350,"height":200},"classes":[]}],"_links":{"self":[{"href":"https:\/\/www.grieta.org.mx\/index.php\/wp-json\/wp\/v2\/posts\/49788","targetHints":{"allow":["GET"]}}],"collection":[{"href":"https:\/\/www.grieta.org.mx\/index.php\/wp-json\/wp\/v2\/posts"}],"about":[{"href":"https:\/\/www.grieta.org.mx\/index.php\/wp-json\/wp\/v2\/types\/post"}],"author":[{"embeddable":true,"href":"https:\/\/www.grieta.org.mx\/index.php\/wp-json\/wp\/v2\/users\/2"}],"replies":[{"embeddable":true,"href":"https:\/\/www.grieta.org.mx\/index.php\/wp-json\/wp\/v2\/comments?post=49788"}],"version-history":[{"count":1,"href":"https:\/\/www.grieta.org.mx\/index.php\/wp-json\/wp\/v2\/posts\/49788\/revisions"}],"predecessor-version":[{"id":49790,"href":"https:\/\/www.grieta.org.mx\/index.php\/wp-json\/wp\/v2\/posts\/49788\/revisions\/49790"}],"wp:featuredmedia":[{"embeddable":true,"href":"https:\/\/www.grieta.org.mx\/index.php\/wp-json\/wp\/v2\/media\/49789"}],"wp:attachment":[{"href":"https:\/\/www.grieta.org.mx\/index.php\/wp-json\/wp\/v2\/media?parent=49788"}],"wp:term":[{"taxonomy":"category","embeddable":true,"href":"https:\/\/www.grieta.org.mx\/index.php\/wp-json\/wp\/v2\/categories?post=49788"},{"taxonomy":"post_tag","embeddable":true,"href":"https:\/\/www.grieta.org.mx\/index.php\/wp-json\/wp\/v2\/tags?post=49788"}],"curies":[{"name":"wp","href":"https:\/\/api.w.org\/{rel}","templated":true}]}}