{"id":49762,"date":"2020-05-17T20:50:48","date_gmt":"2020-05-18T01:50:48","guid":{"rendered":"http:\/\/www.grieta.org.mx\/?p=49762"},"modified":"2020-05-23T20:57:37","modified_gmt":"2020-05-24T01:57:37","slug":"enfermeras-se-dicen-en-riesgo-queretaro","status":"publish","type":"post","link":"https:\/\/www.grieta.org.mx\/index.php\/2020\/05\/17\/enfermeras-se-dicen-en-riesgo-queretaro\/","title":{"rendered":"Enfermeras se dicen en riesgo (Quer\u00e9taro)"},"content":{"rendered":"<p><img loading=\"lazy\" decoding=\"async\" data-attachment-id=\"49763\" data-permalink=\"https:\/\/www.grieta.org.mx\/index.php\/2020\/05\/17\/enfermeras-se-dicen-en-riesgo-queretaro\/enfermeras-se-dicen-en-riesgo-qro-may\/\" data-orig-file=\"https:\/\/www.grieta.org.mx\/wp-content\/uploads\/2020\/05\/Enfermeras-se-dicen-en-riesgo-qro-may.jpg\" data-orig-size=\"768,479\" data-comments-opened=\"0\" data-image-meta=\"{&quot;aperture&quot;:&quot;0&quot;,&quot;credit&quot;:&quot;&quot;,&quot;camera&quot;:&quot;&quot;,&quot;caption&quot;:&quot;&quot;,&quot;created_timestamp&quot;:&quot;0&quot;,&quot;copyright&quot;:&quot;&quot;,&quot;focal_length&quot;:&quot;0&quot;,&quot;iso&quot;:&quot;0&quot;,&quot;shutter_speed&quot;:&quot;0&quot;,&quot;title&quot;:&quot;&quot;,&quot;orientation&quot;:&quot;0&quot;}\" data-image-title=\"Enfermeras se dicen en riesgo qro may\" data-image-description=\"\" data-image-caption=\"\" data-medium-file=\"https:\/\/www.grieta.org.mx\/wp-content\/uploads\/2020\/05\/Enfermeras-se-dicen-en-riesgo-qro-may-300x187.jpg\" data-large-file=\"https:\/\/www.grieta.org.mx\/wp-content\/uploads\/2020\/05\/Enfermeras-se-dicen-en-riesgo-qro-may.jpg\" class=\"aligncenter  wp-image-49763\" src=\"http:\/\/www.grieta.org.mx\/wp-content\/uploads\/2020\/05\/Enfermeras-se-dicen-en-riesgo-qro-may.jpg\" alt=\"\" width=\"643\" height=\"401\" srcset=\"https:\/\/www.grieta.org.mx\/wp-content\/uploads\/2020\/05\/Enfermeras-se-dicen-en-riesgo-qro-may.jpg 768w, https:\/\/www.grieta.org.mx\/wp-content\/uploads\/2020\/05\/Enfermeras-se-dicen-en-riesgo-qro-may-300x187.jpg 300w\" sizes=\"auto, (max-width: 643px) 100vw, 643px\" \/><br \/>\n<em>Foto: Hugo Arciniega \/ Diario de Quer\u00e9taro<\/em><\/p>\n<p>Alejandro Pay\u00e1n \/ Diario de Quer\u00e9taro<\/p>\n<blockquote><p>Se quejan de falta de protocolos contra el Covid-19 y se\u00f1alan casos sospechosos de contagio<\/p><\/blockquote>\n<p>Enfermeras del Hospital de Especialidades del Ni\u00f1o y la Mujer denunciaron la falta de protocolos en para detectar pacientes con Covid-19, incluso en esta semana se realizaron dos cirug\u00edas a pacientes contagiados que fueron detectados y canalizados al Hospital General al concluir las cirug\u00edas, por lo que m\u00e1s de 10 enfermeras fueron mandadas a descansar y se les realizar\u00e1n pruebas de detecci\u00f3n.<\/p>\n<p>Personal m\u00e9dico del \u00e1rea de quir\u00f3fanos pidi\u00f3 el anonimato para evitar represalias, explic\u00f3 que esta semana se realizaron diversas cirug\u00edas en los tres quir\u00f3fanos del hospital, las cuales al finalizar la intervenci\u00f3n se detect\u00f3 que ten\u00edan Covid-19, exponiendo a un promedio de 20 trabajadores por turno, entre enfermeras, cirujanos, anestesi\u00f3logos y personal de limpieza.<\/p>\n<p>\u201cEl mi\u00e9rcoles ten\u00edamos un paciente de fractura de arcos costales, cuando pasamos al quir\u00f3fano se hace el procedimiento, entramos como se debe, todo est\u00e9ril, bata, botas, cubrebocas pero de nuestra protecci\u00f3n googles y mascarilla, al final de la cirug\u00eda el anestesi\u00f3logo pide una placa de rayos X, no la ten\u00edan, entran y se ve el pulm\u00f3n infiltrado y activan el C\u00f3digo X que es el de pacientes Covid, cierran la sala, salen todos a desinfectarse, sanitizar, una compa\u00f1era se tuvo que quedar con el paciente\u201d.<\/p>\n<p>Adem\u00e1s el pasado jueves sucedi\u00f3 lo mismo con un paciente proveniente del municipio de Cadereyta, que al finalizar la cirug\u00eda se confirm\u00f3 que tambi\u00e9n ten\u00eda Covid, sin que se le notificara al personal m\u00e9dico de quir\u00f3fanos.<\/p>\n<p>Indic\u00f3 que tan solo el paciente con fractura de costillas llevaba varios d\u00edas hospitalizado sin ninguna protecci\u00f3n especial, por lo que pudo contagiar a m\u00e1s pacientes en el mismo hospital, que ha tenido que duplicar su capacidad debido a que el Hospital General fue asignado para la atenci\u00f3n a pacientes de Covid-19.<\/p>\n<p>\u201cLe comentamos a nuestra jefa de enfermeras y no supo qu\u00e9 decirnos, nos habla y nos dijo que no nos presentemos a trabajar hasta el lunes y tengo jueves y viernes aqu\u00ed en la casa y el lunes nos citaron para tomarnos la prueba, para hacer carga viral\u201d.<\/p>\n<p>Dijo que incluso si se les notifica que van a intervenir a pacientes con Covid pueden duplicar las medidas de seguridad y protecci\u00f3n, tanto en el quir\u00f3fano como para su protecci\u00f3n personal.<\/p>\n<p>\u201cNo est\u00e1n realizando los protocolos para detecci\u00f3n de pacientes, se sabe hasta que termina la cirug\u00eda y lo mandan al Hospital General y esperamos que se d\u00e9 el resultado y confirman que es positivo, por sala de quir\u00f3fano somos seis, tomando en cuenta que todos est\u00e1n ocupados y son tres salas, un potencial de 20 personas expuestas en un turno y si el paciente entr\u00f3 por ah\u00ed y todos estaban trabajando somos muchos\u201d.<\/p>\n<p>El grupo de 12 enfermeras que fueron enviadas a sus casas dieron a conocer que entregar\u00e1n una carta al Sindicato de Trabajadores del Sector Salud y a la Comisi\u00f3n de Seguridad e Higiene, Jefatura de Enfermer\u00eda, Epidemiolog\u00eda y Recursos Humanos.<\/p>\n<p>\u201cNuestro hospital no es Covid y los pacientes adultos del hospital general nos los mandaron y por eso tenemos tres salas de quir\u00f3fano, la sala uno es para pacientes del Hospital del Ni\u00f1o y la Mujer y los del Hospital General nos los mandaron\u201d, finaliz\u00f3.<\/p>\n<p><a href=\"https:\/\/www.diariodequeretaro.com.mx\/local\/enfermeras-se-dicen-en-riesgo-5239847.html\" target=\"_blank\" rel=\"noopener noreferrer\">https:\/\/www.diariodequeretaro.com.mx\/local\/enfermeras-se-dicen-en-riesgo-5239847.html<\/a><\/p>\n","protected":false},"excerpt":{"rendered":"<p>Foto: Hugo Arciniega \/ Diario de Quer\u00e9taro Alejandro Pay\u00e1n \/ Diario de Quer\u00e9taro Se quejan de falta de protocolos contra el Covid-19 y se\u00f1alan casos sospechosos de contagio Enfermeras del &hellip; <a href=\"https:\/\/www.grieta.org.mx\/index.php\/2020\/05\/17\/enfermeras-se-dicen-en-riesgo-queretaro\/\" class=\"more-link\">Leer m\u00e1s<\/a><\/p>\n","protected":false},"author":2,"featured_media":49763,"comment_status":"closed","ping_status":"closed","sticky":false,"template":"","format":"standard","meta":{"ngg_post_thumbnail":0,"_jetpack_newsletter_access":"","_jetpack_dont_email_post_to_subs":false,"_jetpack_newsletter_tier_id":0,"_jetpack_memberships_contains_paywalled_content":false,"_jetpack_memberships_contains_paid_content":false,"footnotes":""},"categories":[80,3298,918,2482,910,1510,2,27,83],"tags":[3241,3133,2841],"class_list":["post-49762","post","type-post","status-publish","format-standard","has-post-thumbnail","hentry","category-cintillo","category-covid-19-en-queretaro","category-privatizacion-del-sector-salud","category-crisis-del-sector-salud-en-queretaro","category-explotacion-y-precariedad-laboral","category-explotacion-y-precariedad-laboral-en-queretaro","category-noticias-nacionales","category-queretaro","category-temas-nacionales","tag-covid-19","tag-crisis-del-sector-salud","tag-explotacion-y-precariedad-laboral","entry"],"jetpack_featured_media_url":"https:\/\/www.grieta.org.mx\/wp-content\/uploads\/2020\/05\/Enfermeras-se-dicen-en-riesgo-qro-may.jpg","jetpack_sharing_enabled":true,"jetpack_shortlink":"https:\/\/wp.me\/p7ZJR4-cWC","jetpack_likes_enabled":false,"jetpack-related-posts":[{"id":50815,"url":"https:\/\/www.grieta.org.mx\/index.php\/2020\/06\/09\/enfermeras-y-doctores-exigen-mejores-insumos-medicos-queretaro\/","url_meta":{"origin":49762,"position":0},"title":"Enfermeras y Doctores exigen mejores insumos m\u00e9dicos (Quer\u00e9taro)","author":"grieta","date":"9 junio, 2020","format":false,"excerpt":"Foto: www.facebook.com\/InboxPolitico Inbox Pol\u00edtico Este martes se llevaron acabo dos manifestaciones -en la capital del Estado de Quer\u00e9taro- ambas integradas por personal m\u00e9dico. En la primera, Enfermeras del Hospital de Especialidades del Ni\u00f1o y la Mujer, en Plaza de Armas, exigieron insumos de calidad para atender a pacientes Covid. En\u2026","rel":"","context":"En &quot;CINTILLO&quot;","block_context":{"text":"CINTILLO","link":"https:\/\/www.grieta.org.mx\/index.php\/category\/cintillo\/"},"img":{"alt_text":"","src":"https:\/\/i0.wp.com\/www.grieta.org.mx\/wp-content\/uploads\/2020\/06\/Enfermeras-y-Doctores-exigen-mejores-insumos-m%C3%A9dicos-qro-jun.jpg?resize=350%2C200&ssl=1","width":350,"height":200,"srcset":"https:\/\/i0.wp.com\/www.grieta.org.mx\/wp-content\/uploads\/2020\/06\/Enfermeras-y-Doctores-exigen-mejores-insumos-m%C3%A9dicos-qro-jun.jpg?resize=350%2C200&ssl=1 1x, https:\/\/i0.wp.com\/www.grieta.org.mx\/wp-content\/uploads\/2020\/06\/Enfermeras-y-Doctores-exigen-mejores-insumos-m%C3%A9dicos-qro-jun.jpg?resize=525%2C300&ssl=1 1.5x, https:\/\/i0.wp.com\/www.grieta.org.mx\/wp-content\/uploads\/2020\/06\/Enfermeras-y-Doctores-exigen-mejores-insumos-m%C3%A9dicos-qro-jun.jpg?resize=700%2C400&ssl=1 2x"},"classes":[]},{"id":46659,"url":"https:\/\/www.grieta.org.mx\/index.php\/2020\/03\/23\/personal-del-imss-protesta-por-falta-de-insumos-y-protocolos-ante-covid-19-ciudad-de-mexico\/","url_meta":{"origin":49762,"position":1},"title":"Personal del IMSS protesta por falta de insumos y protocolos ante Covid-19 (Ciudad de M\u00e9xico)","author":"grieta","date":"23 marzo, 2020","format":false,"excerpt":"Foto: Jorge Gonz\u00e1lez Jorge Gonz\u00e1lez \/ Excelsior Enfermeras, camilleros y doctores de la Cl\u00ednica 32, piden capacitaci\u00f3n y medidas para la recepci\u00f3n de pacientes CIUDAD DE M\u00c9XICO. La ma\u00f1ana de este lunes, trabajadores del Instituto Mexicano del Seguro Social (IMSS) salieron a las calles a levantar la voz por la\u2026","rel":"","context":"En &quot;CINTILLO&quot;","block_context":{"text":"CINTILLO","link":"https:\/\/www.grieta.org.mx\/index.php\/category\/cintillo\/"},"img":{"alt_text":"","src":"https:\/\/i0.wp.com\/www.grieta.org.mx\/wp-content\/uploads\/2020\/03\/Personal-del-IMSS-protesta-por-falta-de-insumos-y-protocolos-ante-Covid-19-cdmx-mzo.jpg?resize=350%2C200&ssl=1","width":350,"height":200,"srcset":"https:\/\/i0.wp.com\/www.grieta.org.mx\/wp-content\/uploads\/2020\/03\/Personal-del-IMSS-protesta-por-falta-de-insumos-y-protocolos-ante-Covid-19-cdmx-mzo.jpg?resize=350%2C200&ssl=1 1x, https:\/\/i0.wp.com\/www.grieta.org.mx\/wp-content\/uploads\/2020\/03\/Personal-del-IMSS-protesta-por-falta-de-insumos-y-protocolos-ante-Covid-19-cdmx-mzo.jpg?resize=525%2C300&ssl=1 1.5x, https:\/\/i0.wp.com\/www.grieta.org.mx\/wp-content\/uploads\/2020\/03\/Personal-del-IMSS-protesta-por-falta-de-insumos-y-protocolos-ante-Covid-19-cdmx-mzo.jpg?resize=700%2C400&ssl=1 2x, https:\/\/i0.wp.com\/www.grieta.org.mx\/wp-content\/uploads\/2020\/03\/Personal-del-IMSS-protesta-por-falta-de-insumos-y-protocolos-ante-Covid-19-cdmx-mzo.jpg?resize=1050%2C600&ssl=1 3x"},"classes":[]},{"id":48121,"url":"https:\/\/www.grieta.org.mx\/index.php\/2020\/04\/21\/al-covid-19-se-suman-las-enfermedades-respiratorias-en-san-juan-del-rio-queretaro\/","url_meta":{"origin":49762,"position":2},"title":"Al Covid-19, se suman las enfermedades respiratorias en San Juan del R\u00edo (Quer\u00e9taro)","author":"grieta","date":"21 abril, 2020","format":false,"excerpt":"Imagen tomada de: rotativo.com.mx Mart\u00edn Garc\u00eda Chavero \/ Rotativo San Juan del R\u00edo, 21 Abril 2020.- En medio de la contingencia por el Civid-19 y el anuncio de la fase 3 de las medidas de contenci\u00f3n de la epidemia, las enfermedades degenerativas y respiratorias, se han incrementado. Lo anterior se\u2026","rel":"","context":"En &quot;CINTILLO&quot;","block_context":{"text":"CINTILLO","link":"https:\/\/www.grieta.org.mx\/index.php\/category\/cintillo\/"},"img":{"alt_text":"","src":"https:\/\/i0.wp.com\/www.grieta.org.mx\/wp-content\/uploads\/2020\/04\/Al-Covid-19-se-suman-las-enfermedades-respiratorias-en-San-Juan-del-R%C3%ADo-qro-abr.jpg?resize=350%2C200","width":350,"height":200},"classes":[]},{"id":42670,"url":"https:\/\/www.grieta.org.mx\/index.php\/2019\/12\/26\/trabajadores-del-seguro-popular-acusan-incertidumbre-juridica-laboral-queretaro\/","url_meta":{"origin":49762,"position":3},"title":"Trabajadores del Seguro Popular acusan incertidumbre jur\u00eddica laboral (Quer\u00e9taro)","author":"grieta","date":"26 diciembre, 2019","format":false,"excerpt":"Esmeralda Trueba \/ C\u00f3digo Quer\u00e9taro Los afectados dicen que no se les ha informado si se dar\u00e1 continuidad a sus servicios en el Insabi, o bien, si ser\u00e1n liquidados ante su despido y cierre laboral del Seguro Popular el pr\u00f3ximo 31 de diciembre Son 173 trabajadores del Seguro Popular a\u2026","rel":"","context":"En &quot;CINTILLO&quot;","block_context":{"text":"CINTILLO","link":"https:\/\/www.grieta.org.mx\/index.php\/category\/cintillo\/"},"img":{"alt_text":"","src":"https:\/\/i0.wp.com\/www.grieta.org.mx\/wp-content\/uploads\/2020\/01\/Trabajadores-del-Seguro-Popular-acusan-incertidumbre-jur%C3%ADdica-laboral-qro-ene.jpg?resize=350%2C200&ssl=1","width":350,"height":200,"srcset":"https:\/\/i0.wp.com\/www.grieta.org.mx\/wp-content\/uploads\/2020\/01\/Trabajadores-del-Seguro-Popular-acusan-incertidumbre-jur%C3%ADdica-laboral-qro-ene.jpg?resize=350%2C200&ssl=1 1x, https:\/\/i0.wp.com\/www.grieta.org.mx\/wp-content\/uploads\/2020\/01\/Trabajadores-del-Seguro-Popular-acusan-incertidumbre-jur%C3%ADdica-laboral-qro-ene.jpg?resize=525%2C300&ssl=1 1.5x, https:\/\/i0.wp.com\/www.grieta.org.mx\/wp-content\/uploads\/2020\/01\/Trabajadores-del-Seguro-Popular-acusan-incertidumbre-jur%C3%ADdica-laboral-qro-ene.jpg?resize=700%2C400&ssl=1 2x, https:\/\/i0.wp.com\/www.grieta.org.mx\/wp-content\/uploads\/2020\/01\/Trabajadores-del-Seguro-Popular-acusan-incertidumbre-jur%C3%ADdica-laboral-qro-ene.jpg?resize=1050%2C600&ssl=1 3x"},"classes":[]},{"id":48327,"url":"https:\/\/www.grieta.org.mx\/index.php\/2020\/04\/27\/personal-medico-bloquea-ermita-iztapalapa-por-falta-de-insumos-ciudad-de-mexico\/","url_meta":{"origin":49762,"position":4},"title":"Personal m\u00e9dico bloquea Ermita Iztapalapa por falta de insumos (Ciudad de M\u00e9xico)","author":"grieta","date":"27 abril, 2020","format":false,"excerpt":"Foto: @GRAWPEREZ Diario de M\u00e9xico Ciudad de M\u00e9xico. -M\u00e9dicos, enfermeras y personal de salud que trabaja en el Hospital Pedi\u00e1trico de Iztapalapa, mantienen bloqueada la circulaci\u00f3n en la Avenida Ermita Iztapalapa, entre Eje 3 Oriente y La Viga. El personal m\u00e9dico asegura que no tienen los materiales necesarios, como cubrebocas\u2026","rel":"","context":"En &quot;CINTILLO&quot;","block_context":{"text":"CINTILLO","link":"https:\/\/www.grieta.org.mx\/index.php\/category\/cintillo\/"},"img":{"alt_text":"","src":"https:\/\/i0.wp.com\/www.grieta.org.mx\/wp-content\/uploads\/2020\/04\/Personal-m%C3%A9dico-bloquea-Ermita-Iztapalapa-por-falta-de-insumos-cdmx-abr.jpg?resize=350%2C200&ssl=1","width":350,"height":200,"srcset":"https:\/\/i0.wp.com\/www.grieta.org.mx\/wp-content\/uploads\/2020\/04\/Personal-m%C3%A9dico-bloquea-Ermita-Iztapalapa-por-falta-de-insumos-cdmx-abr.jpg?resize=350%2C200&ssl=1 1x, https:\/\/i0.wp.com\/www.grieta.org.mx\/wp-content\/uploads\/2020\/04\/Personal-m%C3%A9dico-bloquea-Ermita-Iztapalapa-por-falta-de-insumos-cdmx-abr.jpg?resize=525%2C300&ssl=1 1.5x, https:\/\/i0.wp.com\/www.grieta.org.mx\/wp-content\/uploads\/2020\/04\/Personal-m%C3%A9dico-bloquea-Ermita-Iztapalapa-por-falta-de-insumos-cdmx-abr.jpg?resize=700%2C400&ssl=1 2x, https:\/\/i0.wp.com\/www.grieta.org.mx\/wp-content\/uploads\/2020\/04\/Personal-m%C3%A9dico-bloquea-Ermita-Iztapalapa-por-falta-de-insumos-cdmx-abr.jpg?resize=1050%2C600&ssl=1 3x"},"classes":[]},{"id":47582,"url":"https:\/\/www.grieta.org.mx\/index.php\/2020\/04\/08\/pobladores-de-santiago-mexquititlan-denuncian-acoso-de-autoridades-municipales-y-llaman-a-la-solidariad-de-la-ciudadania-queretaro\/","url_meta":{"origin":49762,"position":5},"title":"POBLADORES DE SANTIAGO MEXQUITITL\u00c1N DENUNCIAN ACOSO DE AUTORIDADES MUNICIPALES Y LLAMAN A LA SOLIDARIAD DE LA CIUDADAN\u00cdA (Quer\u00e9taro)","author":"grieta","date":"8 abril, 2020","format":false,"excerpt":"Imagen tomada de: sanpanchotv.wordpress.com TV San Pancho Pese a la cuarentena declarada para mitigar la expansi\u00f3n del COVID-19, la comunidad de Santiago Mexquititl\u00e1n contin\u00faa organizando su Concejo comunitario, donde adem\u00e1s de construir mecanismos comunitarios para atender la seguridad, la educaci\u00f3n y el comercio, tambi\u00e9n apuestan a la salud comunitaria. En\u2026","rel":"","context":"En &quot;Abuso policiaco y tortura en Quer\u00e9taro&quot;","block_context":{"text":"Abuso policiaco y tortura en Quer\u00e9taro","link":"https:\/\/www.grieta.org.mx\/index.php\/category\/noticias-nacionales\/queretaro\/abuso-policiaco-y-tortura-en-queretaro\/"},"img":{"alt_text":"","src":"https:\/\/i0.wp.com\/www.grieta.org.mx\/wp-content\/uploads\/2020\/04\/POBLADORES-DE-SANTIAGO-MEXQUITITL%C3%81N-DENUNCIAN-ACOSO-DE-AUTORIDADES-MUNICIPALES-Y-LLAMAN-A-LA-SOLIDARIAD-DE-LA-CIUDADAN%C3%8DA-qro-abr.jpg?resize=350%2C200&ssl=1","width":350,"height":200,"srcset":"https:\/\/i0.wp.com\/www.grieta.org.mx\/wp-content\/uploads\/2020\/04\/POBLADORES-DE-SANTIAGO-MEXQUITITL%C3%81N-DENUNCIAN-ACOSO-DE-AUTORIDADES-MUNICIPALES-Y-LLAMAN-A-LA-SOLIDARIAD-DE-LA-CIUDADAN%C3%8DA-qro-abr.jpg?resize=350%2C200&ssl=1 1x, https:\/\/i0.wp.com\/www.grieta.org.mx\/wp-content\/uploads\/2020\/04\/POBLADORES-DE-SANTIAGO-MEXQUITITL%C3%81N-DENUNCIAN-ACOSO-DE-AUTORIDADES-MUNICIPALES-Y-LLAMAN-A-LA-SOLIDARIAD-DE-LA-CIUDADAN%C3%8DA-qro-abr.jpg?resize=525%2C300&ssl=1 1.5x, https:\/\/i0.wp.com\/www.grieta.org.mx\/wp-content\/uploads\/2020\/04\/POBLADORES-DE-SANTIAGO-MEXQUITITL%C3%81N-DENUNCIAN-ACOSO-DE-AUTORIDADES-MUNICIPALES-Y-LLAMAN-A-LA-SOLIDARIAD-DE-LA-CIUDADAN%C3%8DA-qro-abr.jpg?resize=700%2C400&ssl=1 2x"},"classes":[]}],"_links":{"self":[{"href":"https:\/\/www.grieta.org.mx\/index.php\/wp-json\/wp\/v2\/posts\/49762","targetHints":{"allow":["GET"]}}],"collection":[{"href":"https:\/\/www.grieta.org.mx\/index.php\/wp-json\/wp\/v2\/posts"}],"about":[{"href":"https:\/\/www.grieta.org.mx\/index.php\/wp-json\/wp\/v2\/types\/post"}],"author":[{"embeddable":true,"href":"https:\/\/www.grieta.org.mx\/index.php\/wp-json\/wp\/v2\/users\/2"}],"replies":[{"embeddable":true,"href":"https:\/\/www.grieta.org.mx\/index.php\/wp-json\/wp\/v2\/comments?post=49762"}],"version-history":[{"count":1,"href":"https:\/\/www.grieta.org.mx\/index.php\/wp-json\/wp\/v2\/posts\/49762\/revisions"}],"predecessor-version":[{"id":49764,"href":"https:\/\/www.grieta.org.mx\/index.php\/wp-json\/wp\/v2\/posts\/49762\/revisions\/49764"}],"wp:featuredmedia":[{"embeddable":true,"href":"https:\/\/www.grieta.org.mx\/index.php\/wp-json\/wp\/v2\/media\/49763"}],"wp:attachment":[{"href":"https:\/\/www.grieta.org.mx\/index.php\/wp-json\/wp\/v2\/media?parent=49762"}],"wp:term":[{"taxonomy":"category","embeddable":true,"href":"https:\/\/www.grieta.org.mx\/index.php\/wp-json\/wp\/v2\/categories?post=49762"},{"taxonomy":"post_tag","embeddable":true,"href":"https:\/\/www.grieta.org.mx\/index.php\/wp-json\/wp\/v2\/tags?post=49762"}],"curies":[{"name":"wp","href":"https:\/\/api.w.org\/{rel}","templated":true}]}}