{"id":49723,"date":"2020-05-20T13:59:46","date_gmt":"2020-05-20T18:59:46","guid":{"rendered":"http:\/\/www.grieta.org.mx\/?p=49723"},"modified":"2020-05-23T14:10:23","modified_gmt":"2020-05-23T19:10:23","slug":"deudas-ahogan-a-indigenas-nayarit","status":"publish","type":"post","link":"https:\/\/www.grieta.org.mx\/index.php\/2020\/05\/20\/deudas-ahogan-a-indigenas-nayarit\/","title":{"rendered":"Deudas ahogan a ind\u00edgenas (Nayarit)"},"content":{"rendered":"<p><img loading=\"lazy\" decoding=\"async\" data-attachment-id=\"49725\" data-permalink=\"https:\/\/www.grieta.org.mx\/index.php\/2020\/05\/20\/deudas-ahogan-a-indigenas-nayarit\/indi2-696x371\/\" data-orig-file=\"https:\/\/www.grieta.org.mx\/wp-content\/uploads\/2020\/05\/indi2-696x371.jpg\" data-orig-size=\"696,371\" data-comments-opened=\"0\" data-image-meta=\"{&quot;aperture&quot;:&quot;0&quot;,&quot;credit&quot;:&quot;&quot;,&quot;camera&quot;:&quot;&quot;,&quot;caption&quot;:&quot;&quot;,&quot;created_timestamp&quot;:&quot;0&quot;,&quot;copyright&quot;:&quot;&quot;,&quot;focal_length&quot;:&quot;0&quot;,&quot;iso&quot;:&quot;0&quot;,&quot;shutter_speed&quot;:&quot;0&quot;,&quot;title&quot;:&quot;&quot;,&quot;orientation&quot;:&quot;0&quot;}\" data-image-title=\"indi2-696&amp;#215;371\" data-image-description=\"\" data-image-caption=\"\" data-medium-file=\"https:\/\/www.grieta.org.mx\/wp-content\/uploads\/2020\/05\/indi2-696x371-300x160.jpg\" data-large-file=\"https:\/\/www.grieta.org.mx\/wp-content\/uploads\/2020\/05\/indi2-696x371.jpg\" class=\"aligncenter wp-image-49725\" src=\"http:\/\/www.grieta.org.mx\/wp-content\/uploads\/2020\/05\/indi2-696x371.jpg\" alt=\"\" width=\"800\" height=\"426\" srcset=\"https:\/\/www.grieta.org.mx\/wp-content\/uploads\/2020\/05\/indi2-696x371.jpg 696w, https:\/\/www.grieta.org.mx\/wp-content\/uploads\/2020\/05\/indi2-696x371-300x160.jpg 300w\" sizes=\"auto, (max-width: 800px) 100vw, 800px\" \/><\/p>\n<p>Foto: Realidades de Nayarit<\/p>\n<p><em>No han recibido ninguna clase de apoyo por parte del Gobierno del estado<\/em><\/p>\n<p>Ver\u00f3nica Rodr\u00edguez \/ Realidades de Nayarit<\/p>\n<p>Tepic, Nayarit.- Mi\u00e9rcoles 20 de mayo del 2020.- Por segunda ocasi\u00f3n artesanos ind\u00edgenas se manifestaron la ma\u00f1ana de este mi\u00e9rcoles \u00a0frente a Palacio de Gobierno ante la\u00a0 falta de apoyo de las autoridades para este sector \u00a0durante la pandemia del Covid-19.<\/p>\n<p>M\u00e1s de 200 familias artesanas\u00a0 se mueren de hambre, las deudas los ahogan y hasta han sido arrojados de sus casas por no pagar la renta, no pueden pagar alimentos, menos los servicios b\u00e1sicos.<\/p>\n<p>Y es que derivado de esta emergencia sanitaria, los\u00a0 artistas wirrarikas y coras que venden sus productos en la calle M\u00e9rida afuera del Mercado Juan Escutia, se han quedado sin trabajo, no pueden vender su arte \u00a0y lo peor del caso, \u00a0no tienen apoyos.<\/p>\n<p>La dirigente de los artesanos, Ana Eliza L\u00f3pez Zavalza, lament\u00f3 que tras la manifestaci\u00f3n que realiz\u00f3 este mismo grupo hace dos semanas en este mismo lugar, no han obtenido ning\u00fan apoyo por parte del gobierno que s\u00f3lo \u201cles dio atole con el dedo\u201d.<\/p>\n<p>La situaci\u00f3n se agrava cada d\u00eda m\u00e1s para estas familias porque han tenido que irse de \u201carrimados\u201d a casa de familiares porque al no vender, no tienen dinero para la renta y\u00a0 se quedaron sin hogar.<\/p>\n<p>Ya no s\u00f3lo buscan despensas, eso ya pas\u00f3 a segundo plano, lo que demandan es\u00a0 trabajar para sacar adelante a sus familias, que les permitan poner sus puestecitos con sus artesan\u00edas porque \u201cno podemos estar as\u00ed, el pago de los servicios no esperan\u201d, dijo L\u00f3pez Zavalza.<\/p>\n<p>La anterior ocasi\u00f3n, los invitaron a inscribirse en programas de apoyos a los ind\u00edgenas pero para ello, requieren computadora, asesor\u00eda de c\u00f3mo y d\u00f3nde buscar esos esquemas de beneficios pero muchos de ellos, con trabajo saben leer, no tienen computadora ni forma de presentar un c\u00famulo de papeles que\u00a0 si bien les va, en unos meses, tendr\u00edan respuesta.<\/p>\n<p><a href=\"http:\/\/realidadesperiodico.com\/portada\/deudas-ahogan-a-indigenas\/\">http:\/\/realidadesperiodico.com\/portada\/deudas-ahogan-a-indigenas\/<\/a><\/p>\n","protected":false},"excerpt":{"rendered":"<p>Foto: Realidades de Nayarit No han recibido ninguna clase de apoyo por parte del Gobierno del estado Ver\u00f3nica Rodr\u00edguez \/ Realidades de Nayarit Tepic, Nayarit.- Mi\u00e9rcoles 20 de mayo del &hellip; <a href=\"https:\/\/www.grieta.org.mx\/index.php\/2020\/05\/20\/deudas-ahogan-a-indigenas-nayarit\/\" class=\"more-link\">Leer m\u00e1s<\/a><\/p>\n","protected":false},"author":2,"featured_media":49725,"comment_status":"closed","ping_status":"closed","sticky":false,"template":"","format":"standard","meta":{"ngg_post_thumbnail":0,"_jetpack_newsletter_access":"","_jetpack_dont_email_post_to_subs":false,"_jetpack_newsletter_tier_id":0,"_jetpack_memberships_contains_paywalled_content":false,"_jetpack_memberships_contains_paid_content":false,"footnotes":""},"categories":[80,3306,1025,910,23,2,83],"tags":[741,1290,790,3222],"class_list":["post-49723","post","type-post","status-publish","format-standard","has-post-thumbnail","hentry","category-cintillo","category-covid-19-en-nayarit","category-explotacion-laboral-en-nayarit","category-explotacion-y-precariedad-laboral","category-nayarit","category-noticias-nacionales","category-temas-nacionales","tag-indigenas","tag-precariedad-laboral","tag-pueblos-indigenas","tag-trabajo-precario","entry"],"jetpack_featured_media_url":"https:\/\/www.grieta.org.mx\/wp-content\/uploads\/2020\/05\/indi2-696x371.jpg","jetpack_sharing_enabled":true,"jetpack_shortlink":"https:\/\/wp.me\/p7ZJR4-cVZ","jetpack_likes_enabled":false,"jetpack-related-posts":[{"id":63018,"url":"https:\/\/www.grieta.org.mx\/index.php\/2022\/01\/07\/indigenas-nayaritas-sufren-de-explotacion-laboral-nayarit\/","url_meta":{"origin":49723,"position":0},"title":"Ind\u00edgenas nayaritas sufren de explotaci\u00f3n laboral (Nayarit)","author":"grieta","date":"7 enero, 2022","format":false,"excerpt":"Foto: Crys Ben\u00edtez Crys Ben\u00edtez El Occidental Tras el accidente reportado el pasado mi\u00e9rcoles en donde un grupo de jornaleros ind\u00edgenas que iban en una camioneta a trabajar, se accident\u00f3 en la carretera San Vicente \u2013 La Boquita, municipio de Rosamorada y que dej\u00f3 como saldo de 3 fallecidos y\u2026","rel":"","context":"En &quot;CINTILLO&quot;","block_context":{"text":"CINTILLO","link":"https:\/\/www.grieta.org.mx\/index.php\/category\/cintillo\/"},"img":{"alt_text":"","src":"https:\/\/i0.wp.com\/www.grieta.org.mx\/wp-content\/uploads\/2022\/01\/Indi%CC%81genas.jpeg?resize=350%2C200&ssl=1","width":350,"height":200,"srcset":"https:\/\/i0.wp.com\/www.grieta.org.mx\/wp-content\/uploads\/2022\/01\/Indi%CC%81genas.jpeg?resize=350%2C200&ssl=1 1x, https:\/\/i0.wp.com\/www.grieta.org.mx\/wp-content\/uploads\/2022\/01\/Indi%CC%81genas.jpeg?resize=525%2C300&ssl=1 1.5x, https:\/\/i0.wp.com\/www.grieta.org.mx\/wp-content\/uploads\/2022\/01\/Indi%CC%81genas.jpeg?resize=700%2C400&ssl=1 2x"},"classes":[]},{"id":48875,"url":"https:\/\/www.grieta.org.mx\/index.php\/2020\/05\/04\/protesta-del-pueblo-por-hambre-nayarit\/","url_meta":{"origin":49723,"position":1},"title":"Protesta del pueblo por hambre (Nayarit)","author":"grieta","date":"4 mayo, 2020","format":false,"excerpt":"Foto: Realidades de Nayarit Sin importarle qu\u00e9 ir\u00edan a comer, el gobernador mand\u00f3 cerrar los negocios y actividades no esenciales exceptuando a sus empresas del grupo \u201c\u00c1lica\u201d Ver\u00f3nica Ram\u00edrez \/ Realidades de Nayarit Tepic, Nayarit.- Lunes 04 de mayo del 2020.- Diversos grupos sociales, le hacen \u201cmont\u00f3n\u201d\u00a0 a la autoridad\u2026","rel":"","context":"En &quot;CINTILLO&quot;","block_context":{"text":"CINTILLO","link":"https:\/\/www.grieta.org.mx\/index.php\/category\/cintillo\/"},"img":{"alt_text":"","src":"https:\/\/i0.wp.com\/www.grieta.org.mx\/wp-content\/uploads\/2020\/05\/VERO-02-1024x768.jpeg?resize=350%2C200&ssl=1","width":350,"height":200,"srcset":"https:\/\/i0.wp.com\/www.grieta.org.mx\/wp-content\/uploads\/2020\/05\/VERO-02-1024x768.jpeg?resize=350%2C200&ssl=1 1x, https:\/\/i0.wp.com\/www.grieta.org.mx\/wp-content\/uploads\/2020\/05\/VERO-02-1024x768.jpeg?resize=525%2C300&ssl=1 1.5x, https:\/\/i0.wp.com\/www.grieta.org.mx\/wp-content\/uploads\/2020\/05\/VERO-02-1024x768.jpeg?resize=700%2C400&ssl=1 2x"},"classes":[]},{"id":47890,"url":"https:\/\/www.grieta.org.mx\/index.php\/2020\/04\/13\/8-mil-empleos-perdidos-en-nayarit-por-covid\/","url_meta":{"origin":49723,"position":2},"title":"8 mil empleos perdidos en Nayarit por Covid","author":"grieta","date":"13 abril, 2020","format":false,"excerpt":"Imagen: Realidades de Nayarit Mildra Ben\u00edtez Robledo \/ Realidades de Nayarit Tepic, Nayarit.- Lunes 13 de abril del 2020.- El Covid-19 , ya est\u00e1 provocando serios da\u00f1os econ\u00f3micos a Nayarit, pues a\u00fan cuando la Entidad tiene muy pocos empleos formales, estos comienza a perderse ante la contingencia. El titular del\u2026","rel":"","context":"En &quot;CINTILLO&quot;","block_context":{"text":"CINTILLO","link":"https:\/\/www.grieta.org.mx\/index.php\/category\/cintillo\/"},"img":{"alt_text":"","src":"https:\/\/i0.wp.com\/www.grieta.org.mx\/wp-content\/uploads\/2020\/04\/des-768x405.jpg?resize=350%2C200&ssl=1","width":350,"height":200,"srcset":"https:\/\/i0.wp.com\/www.grieta.org.mx\/wp-content\/uploads\/2020\/04\/des-768x405.jpg?resize=350%2C200&ssl=1 1x, https:\/\/i0.wp.com\/www.grieta.org.mx\/wp-content\/uploads\/2020\/04\/des-768x405.jpg?resize=525%2C300&ssl=1 1.5x, https:\/\/i0.wp.com\/www.grieta.org.mx\/wp-content\/uploads\/2020\/04\/des-768x405.jpg?resize=700%2C400&ssl=1 2x"},"classes":[]},{"id":49728,"url":"https:\/\/www.grieta.org.mx\/index.php\/2020\/05\/19\/gobernador-incumplio-con-la-entrega-de-despensas-a-choferes-de-urbanos-nayarit\/","url_meta":{"origin":49723,"position":3},"title":"Gobernador incumpli\u00f3 con la entrega de despensas a choferes de urbanos (Nayarit)","author":"grieta","date":"19 mayo, 2020","format":false,"excerpt":"Foto: Realidades de Nayarit Prometi\u00f3 que cada semana les iba a entregar una y desde que inici\u00f3 la contingencia s\u00f3lo les dio una vez Javier Rojo Fregoso \/ Realidades de Nayarit Tepic, Nayarit.- Martes 19 de mayo del 2020.- Son cientos de trabajadores del volante secci\u00f3n urbanos que dicen estar\u2026","rel":"","context":"En &quot;CINTILLO&quot;","block_context":{"text":"CINTILLO","link":"https:\/\/www.grieta.org.mx\/index.php\/category\/cintillo\/"},"img":{"alt_text":"","src":"https:\/\/i0.wp.com\/www.grieta.org.mx\/wp-content\/uploads\/2020\/05\/camion-753x420.jpg?resize=350%2C200&ssl=1","width":350,"height":200,"srcset":"https:\/\/i0.wp.com\/www.grieta.org.mx\/wp-content\/uploads\/2020\/05\/camion-753x420.jpg?resize=350%2C200&ssl=1 1x, https:\/\/i0.wp.com\/www.grieta.org.mx\/wp-content\/uploads\/2020\/05\/camion-753x420.jpg?resize=525%2C300&ssl=1 1.5x, https:\/\/i0.wp.com\/www.grieta.org.mx\/wp-content\/uploads\/2020\/05\/camion-753x420.jpg?resize=700%2C400&ssl=1 2x"},"classes":[]},{"id":48599,"url":"https:\/\/www.grieta.org.mx\/index.php\/2020\/04\/27\/musicos-se-manifiestan-en-palacio-de-gobierno-nayarit\/","url_meta":{"origin":49723,"position":4},"title":"M\u00fasicos se manifiestan en Palacio de Gobierno (Nayarit)","author":"grieta","date":"27 abril, 2020","format":false,"excerpt":"Foto: Realidades de Nayarit Desde el pasado 16 de marzo, est\u00e1n sin chamba y no tienen como llevarle el sustento diario a sus familias Ver\u00f3nica Ram\u00edrez \/ Realidades de Nayarit Tepic, Nayarit.- Martes 27 de abril del 2020.- Bajo los acordes del Corrido de Nayarit y el canto al un\u00edsono\u2026","rel":"","context":"En &quot;CINTILLO&quot;","block_context":{"text":"CINTILLO","link":"https:\/\/www.grieta.org.mx\/index.php\/category\/cintillo\/"},"img":{"alt_text":"","src":"https:\/\/i0.wp.com\/www.grieta.org.mx\/wp-content\/uploads\/2020\/05\/musicos-A-768x413.jpg?resize=350%2C200&ssl=1","width":350,"height":200,"srcset":"https:\/\/i0.wp.com\/www.grieta.org.mx\/wp-content\/uploads\/2020\/05\/musicos-A-768x413.jpg?resize=350%2C200&ssl=1 1x, https:\/\/i0.wp.com\/www.grieta.org.mx\/wp-content\/uploads\/2020\/05\/musicos-A-768x413.jpg?resize=525%2C300&ssl=1 1.5x, https:\/\/i0.wp.com\/www.grieta.org.mx\/wp-content\/uploads\/2020\/05\/musicos-A-768x413.jpg?resize=700%2C400&ssl=1 2x"},"classes":[]},{"id":55984,"url":"https:\/\/www.grieta.org.mx\/index.php\/2020\/12\/23\/retrasaran-maestros-regreso-a-clases-por-falta-de-aguinaldos-en-nayarit\/","url_meta":{"origin":49723,"position":5},"title":"Retrasar\u00e1n maestros regreso a clases por falta de aguinaldos en Nayarit","author":"grieta","date":"23 diciembre, 2020","format":false,"excerpt":"Foto: Realidades de Nayarit Seguir\u00e1n manifest\u00e1ndose y exigiendo sus derechos Crys Ben\u00edtez \/ El Occidental TEPIC, Nayarit (OEM-Informex). -Maestros de la Secci\u00f3n 49 del Sindicato Nacional de Trabajadores de la Educaci\u00f3n (SNTE) en Nayarit, han manifestado que tomar\u00e1n acciones dr\u00e1sticas, ante la falta de pagos correspondientes a los aguinaldos y\u2026","rel":"","context":"En &quot;CINTILLO&quot;","block_context":{"text":"CINTILLO","link":"https:\/\/www.grieta.org.mx\/index.php\/category\/cintillo\/"},"img":{"alt_text":"","src":"https:\/\/i0.wp.com\/www.grieta.org.mx\/wp-content\/uploads\/2020\/12\/verde-1-636x420-1.jpg?resize=350%2C200&ssl=1","width":350,"height":200,"srcset":"https:\/\/i0.wp.com\/www.grieta.org.mx\/wp-content\/uploads\/2020\/12\/verde-1-636x420-1.jpg?resize=350%2C200&ssl=1 1x, https:\/\/i0.wp.com\/www.grieta.org.mx\/wp-content\/uploads\/2020\/12\/verde-1-636x420-1.jpg?resize=525%2C300&ssl=1 1.5x"},"classes":[]}],"_links":{"self":[{"href":"https:\/\/www.grieta.org.mx\/index.php\/wp-json\/wp\/v2\/posts\/49723","targetHints":{"allow":["GET"]}}],"collection":[{"href":"https:\/\/www.grieta.org.mx\/index.php\/wp-json\/wp\/v2\/posts"}],"about":[{"href":"https:\/\/www.grieta.org.mx\/index.php\/wp-json\/wp\/v2\/types\/post"}],"author":[{"embeddable":true,"href":"https:\/\/www.grieta.org.mx\/index.php\/wp-json\/wp\/v2\/users\/2"}],"replies":[{"embeddable":true,"href":"https:\/\/www.grieta.org.mx\/index.php\/wp-json\/wp\/v2\/comments?post=49723"}],"version-history":[{"count":1,"href":"https:\/\/www.grieta.org.mx\/index.php\/wp-json\/wp\/v2\/posts\/49723\/revisions"}],"predecessor-version":[{"id":49727,"href":"https:\/\/www.grieta.org.mx\/index.php\/wp-json\/wp\/v2\/posts\/49723\/revisions\/49727"}],"wp:featuredmedia":[{"embeddable":true,"href":"https:\/\/www.grieta.org.mx\/index.php\/wp-json\/wp\/v2\/media\/49725"}],"wp:attachment":[{"href":"https:\/\/www.grieta.org.mx\/index.php\/wp-json\/wp\/v2\/media?parent=49723"}],"wp:term":[{"taxonomy":"category","embeddable":true,"href":"https:\/\/www.grieta.org.mx\/index.php\/wp-json\/wp\/v2\/categories?post=49723"},{"taxonomy":"post_tag","embeddable":true,"href":"https:\/\/www.grieta.org.mx\/index.php\/wp-json\/wp\/v2\/tags?post=49723"}],"curies":[{"name":"wp","href":"https:\/\/api.w.org\/{rel}","templated":true}]}}