{"id":49718,"date":"2020-05-21T13:50:34","date_gmt":"2020-05-21T18:50:34","guid":{"rendered":"http:\/\/www.grieta.org.mx\/?p=49718"},"modified":"2020-05-23T19:52:49","modified_gmt":"2020-05-24T00:52:49","slug":"manzanillo-concentra-el-mayor-indice-de-homicidios-per-capital-en-el-estado-colima","status":"publish","type":"post","link":"https:\/\/www.grieta.org.mx\/index.php\/2020\/05\/21\/manzanillo-concentra-el-mayor-indice-de-homicidios-per-capital-en-el-estado-colima\/","title":{"rendered":"Manzanillo concentra el mayor \u00edndice de homicidios per capital en el estado (Colima)"},"content":{"rendered":"<p><img loading=\"lazy\" decoding=\"async\" data-attachment-id=\"49719\" data-permalink=\"https:\/\/www.grieta.org.mx\/index.php\/2020\/05\/21\/manzanillo-concentra-el-mayor-indice-de-homicidios-per-capital-en-el-estado-colima\/p1f4\/\" data-orig-file=\"https:\/\/www.grieta.org.mx\/wp-content\/uploads\/2020\/05\/p1f4.jpg\" data-orig-size=\"958,596\" data-comments-opened=\"0\" data-image-meta=\"{&quot;aperture&quot;:&quot;0&quot;,&quot;credit&quot;:&quot;&quot;,&quot;camera&quot;:&quot;&quot;,&quot;caption&quot;:&quot;&quot;,&quot;created_timestamp&quot;:&quot;0&quot;,&quot;copyright&quot;:&quot;&quot;,&quot;focal_length&quot;:&quot;0&quot;,&quot;iso&quot;:&quot;0&quot;,&quot;shutter_speed&quot;:&quot;0&quot;,&quot;title&quot;:&quot;&quot;,&quot;orientation&quot;:&quot;0&quot;}\" data-image-title=\"p1f4\" data-image-description=\"\" data-image-caption=\"\" data-medium-file=\"https:\/\/www.grieta.org.mx\/wp-content\/uploads\/2020\/05\/p1f4-300x187.jpg\" data-large-file=\"https:\/\/www.grieta.org.mx\/wp-content\/uploads\/2020\/05\/p1f4.jpg\" class=\"aligncenter wp-image-49719\" src=\"http:\/\/www.grieta.org.mx\/wp-content\/uploads\/2020\/05\/p1f4.jpg\" alt=\"\" width=\"800\" height=\"497\" srcset=\"https:\/\/www.grieta.org.mx\/wp-content\/uploads\/2020\/05\/p1f4.jpg 958w, https:\/\/www.grieta.org.mx\/wp-content\/uploads\/2020\/05\/p1f4-300x187.jpg 300w, https:\/\/www.grieta.org.mx\/wp-content\/uploads\/2020\/05\/p1f4-768x478.jpg 768w, https:\/\/www.grieta.org.mx\/wp-content\/uploads\/2020\/05\/p1f4-804x500.jpg 804w\" sizes=\"auto, (max-width: 800px) 100vw, 800px\" \/><\/p>\n<p>Alfredo Aqu\u00edles Cabrera \/ Ecos de la Costa<\/p>\n<p>El municipio de Manzanillo, en Colima, fue donde se concentr\u00f3 el mayor n\u00famero de asesinatos en la entidad, pues seg\u00fan el Secretariado Ejecutivo del Sistema Nacional de Seguridad P\u00fablica en ese municipio costero se registraron 45 homicidios dolosos por cada 100 mil habitantes y muestra un alza de 5 puntos respecto al primer cuatrimestre de 2019.<\/p>\n<p>En el Estado, seg\u00fan la informaci\u00f3n difundida por el SESNSP, se registran 96.6 muertes por cada 100 mil habitantes, sin embargo, la dependencia resalt\u00f3 que en el municipio de Manzanillo Gobernado por Morena es \u201cla municipalidad donde se ha concentrado el mayor n\u00famero de homicidios dolosos.<\/p>\n<p>En tan, el \u00cdndice de Paz M\u00e9xico (IPM) 2020, del Instituto para la Econom\u00eda y la Paz (IEP), resalt\u00f3 que Colima es la entidad que registr\u00f3 la tasa m\u00e1s alta de homicidios dolosos en el pa\u00eds, con 96.6 muertes por cada 100 mil habitantes.<\/p>\n<p>El \u00cdndice de Paz M\u00e9xico (IPM) 2020, el Instituto para la Econom\u00eda y la Paz (IEP) inform\u00f3 que en los \u00faltimos cinco a\u00f1os el nivel de paz cay\u00f3 en el pa\u00eds 27 por ciento, se\u00f1alando que \u201clos estados menos pac\u00edficos fueron Baja California y Colima\u201d.<\/p>\n<p><a href=\"https:\/\/www.ecosdelacosta.mx\/stories\/4896\">https:\/\/www.ecosdelacosta.mx\/stories\/4896<\/a><\/p>\n","protected":false},"excerpt":{"rendered":"<p>Alfredo Aqu\u00edles Cabrera \/ Ecos de la Costa El municipio de Manzanillo, en Colima, fue donde se concentr\u00f3 el mayor n\u00famero de asesinatos en la entidad, pues seg\u00fan el Secretariado &hellip; <a href=\"https:\/\/www.grieta.org.mx\/index.php\/2020\/05\/21\/manzanillo-concentra-el-mayor-indice-de-homicidios-per-capital-en-el-estado-colima\/\" class=\"more-link\">Leer m\u00e1s<\/a><\/p>\n","protected":false},"author":2,"featured_media":49719,"comment_status":"closed","ping_status":"closed","sticky":false,"template":"","format":"standard","meta":{"ngg_post_thumbnail":0,"_jetpack_newsletter_access":"","_jetpack_dont_email_post_to_subs":false,"_jetpack_newsletter_tier_id":0,"_jetpack_memberships_contains_paywalled_content":false,"_jetpack_memberships_contains_paid_content":false,"footnotes":""},"categories":[80,13,1126,2],"tags":[3024,1133,3405],"class_list":["post-49718","post","type-post","status-publish","format-standard","has-post-thumbnail","hentry","category-cintillo","category-colima","category-incremento-en-la-violencia-en-colima","category-noticias-nacionales","tag-aumento-de-la-violencia","tag-incremento-en-la-violencia","tag-violecnia","entry"],"jetpack_featured_media_url":"https:\/\/www.grieta.org.mx\/wp-content\/uploads\/2020\/05\/p1f4.jpg","jetpack_sharing_enabled":true,"jetpack_shortlink":"https:\/\/wp.me\/p7ZJR4-cVU","jetpack_likes_enabled":false,"jetpack-related-posts":[{"id":55722,"url":"https:\/\/www.grieta.org.mx\/index.php\/2020\/12\/11\/pese-a-discurso-oficial-homicidios-aumentaron-35-en-colima\/","url_meta":{"origin":49718,"position":0},"title":"Pese a discurso oficial homicidios aumentaron 35% en Colima","author":"grieta","date":"11 diciembre, 2020","format":false,"excerpt":"Imagen: Diario Avanzada Heidi de Le\u00f3n Guti\u00e9rrez \/ Diario Avanzada Colima, M\u00e9xico, Avanzada (11\/12\/2020).- Por una parte, el discurso desde el Gobierno del estado expone que se trabaja por la seguridad de los colimenses, por otra, las cifras muestran que la violencia homicida va en aumento en el territorio estatal.\u2026","rel":"","context":"En &quot;CINTILLO&quot;","block_context":{"text":"CINTILLO","link":"https:\/\/www.grieta.org.mx\/index.php\/category\/cintillo\/"},"img":{"alt_text":"","src":"https:\/\/i0.wp.com\/www.grieta.org.mx\/wp-content\/uploads\/2020\/12\/Homicidios-julio-faltan.png?resize=350%2C200&ssl=1","width":350,"height":200,"srcset":"https:\/\/i0.wp.com\/www.grieta.org.mx\/wp-content\/uploads\/2020\/12\/Homicidios-julio-faltan.png?resize=350%2C200&ssl=1 1x, https:\/\/i0.wp.com\/www.grieta.org.mx\/wp-content\/uploads\/2020\/12\/Homicidios-julio-faltan.png?resize=525%2C300&ssl=1 1.5x"},"classes":[]},{"id":66753,"url":"https:\/\/www.grieta.org.mx\/index.php\/2023\/04\/09\/colima-es-la-ciudad-mas-violenta-del-mundo-y-el-municipio-con-mas-personas-desaparecidas\/","url_meta":{"origin":49718,"position":1},"title":"Colima es la ciudad m\u00e1s violenta del mundo y el municipio con m\u00e1s personas desaparecidas","author":"grieta","date":"9 abril, 2023","format":false,"excerpt":"Imagen: Ilustrativa tomada de la red, (archivo, Daniela Rea) Heidi de Le\u00f3n Guti\u00e9rrez \/ Diario Avanzada Colima, M\u00e9xico, Avanzada (09\/04\/2023).- Colima es la ciudad m\u00e1s violenta del mundo y donde m\u00e1s personas desaparecieron, por lo menos durante los tres primeros meses de este a\u00f1o. El recuento de la Fiscal\u00eda General\u2026","rel":"","context":"En &quot;CINTILLO&quot;","block_context":{"text":"CINTILLO","link":"https:\/\/www.grieta.org.mx\/index.php\/category\/cintillo\/"},"img":{"alt_text":"","src":"https:\/\/i0.wp.com\/www.grieta.org.mx\/wp-content\/uploads\/2023\/04\/Huellasdelamemoria_expo_danielarea00-1.jpg?resize=350%2C200&ssl=1","width":350,"height":200,"srcset":"https:\/\/i0.wp.com\/www.grieta.org.mx\/wp-content\/uploads\/2023\/04\/Huellasdelamemoria_expo_danielarea00-1.jpg?resize=350%2C200&ssl=1 1x, https:\/\/i0.wp.com\/www.grieta.org.mx\/wp-content\/uploads\/2023\/04\/Huellasdelamemoria_expo_danielarea00-1.jpg?resize=525%2C300&ssl=1 1.5x, https:\/\/i0.wp.com\/www.grieta.org.mx\/wp-content\/uploads\/2023\/04\/Huellasdelamemoria_expo_danielarea00-1.jpg?resize=700%2C400&ssl=1 2x, https:\/\/i0.wp.com\/www.grieta.org.mx\/wp-content\/uploads\/2023\/04\/Huellasdelamemoria_expo_danielarea00-1.jpg?resize=1050%2C600&ssl=1 3x"},"classes":[]},{"id":41950,"url":"https:\/\/www.grieta.org.mx\/index.php\/2019\/12\/05\/asesinaron-a-2061-personas-en-colima-en-los-ultimos-tres-anos\/","url_meta":{"origin":49718,"position":2},"title":"Asesinaron a 2061 personas en Colima en los \u00faltimos tres a\u00f1os","author":"grieta","date":"5 diciembre, 2019","format":false,"excerpt":"Imagen: Diario Avanzada Redacci\u00f3n \/ Diario Avanzada Colima, M\u00e9xico, Avanzada (05\/12\/2019).- En los \u00faltimos tres a\u00f1os en Colima, 2 mil 61 personas fueron asesinadas de forma dolosa, seg\u00fan los datos del Secretariado Ejecutivo del Sistema Nacional de Seguridad P\u00fablica y hasta el momento, la mayor\u00eda de los cr\u00edmenes no se\u2026","rel":"","context":"En &quot;CINTILLO&quot;","block_context":{"text":"CINTILLO","link":"https:\/\/www.grieta.org.mx\/index.php\/category\/cintillo\/"},"img":{"alt_text":"","src":"https:\/\/i0.wp.com\/www.grieta.org.mx\/wp-content\/uploads\/2019\/12\/Colima-con-olor-a-muerte.jpg?resize=350%2C200&ssl=1","width":350,"height":200,"srcset":"https:\/\/i0.wp.com\/www.grieta.org.mx\/wp-content\/uploads\/2019\/12\/Colima-con-olor-a-muerte.jpg?resize=350%2C200&ssl=1 1x, https:\/\/i0.wp.com\/www.grieta.org.mx\/wp-content\/uploads\/2019\/12\/Colima-con-olor-a-muerte.jpg?resize=525%2C300&ssl=1 1.5x, https:\/\/i0.wp.com\/www.grieta.org.mx\/wp-content\/uploads\/2019\/12\/Colima-con-olor-a-muerte.jpg?resize=700%2C400&ssl=1 2x, https:\/\/i0.wp.com\/www.grieta.org.mx\/wp-content\/uploads\/2019\/12\/Colima-con-olor-a-muerte.jpg?resize=1050%2C600&ssl=1 3x, https:\/\/i0.wp.com\/www.grieta.org.mx\/wp-content\/uploads\/2019\/12\/Colima-con-olor-a-muerte.jpg?resize=1400%2C800&ssl=1 4x"},"classes":[]},{"id":57330,"url":"https:\/\/www.grieta.org.mx\/index.php\/2021\/03\/02\/48-mujeres-asesinadas-en-manzanillo-colima\/","url_meta":{"origin":49718,"position":3},"title":"48 mujeres, asesinadas en Manzanillo (Colima)","author":"grieta","date":"2 marzo, 2021","format":false,"excerpt":"Foto: Especial Jes\u00fas Lozoya Baeza \/ El Noticiero Durante el a\u00f1o anterior fueron asesinadas 48 mujeres en el municipio de Manzanillo y ha sido la delegaci\u00f3n de Santiago donde m\u00e1s homicidios se cometieron en contra del g\u00e9nero femenino, particularmente en el fraccionamiento Terraplena. Lo anterior fue dado a conocer por\u2026","rel":"","context":"En &quot;CINTILLO&quot;","block_context":{"text":"CINTILLO","link":"https:\/\/www.grieta.org.mx\/index.php\/category\/cintillo\/"},"img":{"alt_text":"","src":"https:\/\/i0.wp.com\/www.grieta.org.mx\/wp-content\/uploads\/2021\/03\/descarga-1-777x437-1.jpg?resize=350%2C200&ssl=1","width":350,"height":200,"srcset":"https:\/\/i0.wp.com\/www.grieta.org.mx\/wp-content\/uploads\/2021\/03\/descarga-1-777x437-1.jpg?resize=350%2C200&ssl=1 1x, https:\/\/i0.wp.com\/www.grieta.org.mx\/wp-content\/uploads\/2021\/03\/descarga-1-777x437-1.jpg?resize=525%2C300&ssl=1 1.5x, https:\/\/i0.wp.com\/www.grieta.org.mx\/wp-content\/uploads\/2021\/03\/descarga-1-777x437-1.jpg?resize=700%2C400&ssl=1 2x"},"classes":[]},{"id":64941,"url":"https:\/\/www.grieta.org.mx\/index.php\/2022\/08\/22\/en-7-meses-de-2022-colima-igualo-los-524-homicidios-de-todo-el-ano-pasado-colima\/","url_meta":{"origin":49718,"position":4},"title":"En 7 meses de 2022, Colima igual\u00f3 los 524 homicidios de todo el a\u00f1o pasado (Colima)","author":"grieta","date":"22 agosto, 2022","format":false,"excerpt":"Imagen: Diario Avanzada Redacci\u00f3n \/ Diario Avanzada Colima, M\u00e9xico, Avanzada (22\/08\/2022).- En el marco de la guerra del C\u00e1rtel Independiente de Colima (CIC), encabezado por Jos\u00e9 Bernab\u00e9 Brizuela Meraz \u201cLa Vaca\u201d, contra el C\u00e1rtel Jalisco Nueva Generaci\u00f3n (CJNG), durante los primeros siete meses del presente a\u00f1o se cometi\u00f3 en la\u2026","rel":"","context":"En &quot;CINTILLO&quot;","block_context":{"text":"CINTILLO","link":"https:\/\/www.grieta.org.mx\/index.php\/category\/cintillo\/"},"img":{"alt_text":"","src":"https:\/\/i0.wp.com\/www.grieta.org.mx\/wp-content\/uploads\/2022\/08\/image-218.png?resize=350%2C200&ssl=1","width":350,"height":200,"srcset":"https:\/\/i0.wp.com\/www.grieta.org.mx\/wp-content\/uploads\/2022\/08\/image-218.png?resize=350%2C200&ssl=1 1x, https:\/\/i0.wp.com\/www.grieta.org.mx\/wp-content\/uploads\/2022\/08\/image-218.png?resize=525%2C300&ssl=1 1.5x"},"classes":[]},{"id":52859,"url":"https:\/\/www.grieta.org.mx\/index.php\/2020\/08\/27\/la-cifra-oficial-de-fallecimientos-por-covid-19-supera-a-la-de-homicidios-dolosos-en-colima\/","url_meta":{"origin":49718,"position":5},"title":"La cifra oficial de fallecimientos por Covid-19 supera a la de homicidios dolosos en Colima","author":"grieta","date":"27 agosto, 2020","format":false,"excerpt":"Imagen: Diario Avanzada Colima, M\u00e9xico, Avanzada (27\/08\/2020).- Desde febrero de 2016, Colima ostenta la tasa m\u00e1s alta en el pa\u00eds de homicidios dolosos por cada 100 mil habitantes.\u00a0Los asesinatos a cualquier hora del d\u00eda, y en cualquier lugar,\u00a0los cuerpos torturados y desmembrados forman parte del horror que vive este peque\u00f1o\u2026","rel":"","context":"En &quot;CINTILLO&quot;","block_context":{"text":"CINTILLO","link":"https:\/\/www.grieta.org.mx\/index.php\/category\/cintillo\/"},"img":{"alt_text":"","src":"https:\/\/i0.wp.com\/www.grieta.org.mx\/wp-content\/uploads\/2018\/03\/14524434_1106112876131411_958039263622046936_o.jpg?resize=350%2C200&ssl=1","width":350,"height":200,"srcset":"https:\/\/i0.wp.com\/www.grieta.org.mx\/wp-content\/uploads\/2018\/03\/14524434_1106112876131411_958039263622046936_o.jpg?resize=350%2C200&ssl=1 1x, https:\/\/i0.wp.com\/www.grieta.org.mx\/wp-content\/uploads\/2018\/03\/14524434_1106112876131411_958039263622046936_o.jpg?resize=525%2C300&ssl=1 1.5x, https:\/\/i0.wp.com\/www.grieta.org.mx\/wp-content\/uploads\/2018\/03\/14524434_1106112876131411_958039263622046936_o.jpg?resize=700%2C400&ssl=1 2x"},"classes":[]}],"_links":{"self":[{"href":"https:\/\/www.grieta.org.mx\/index.php\/wp-json\/wp\/v2\/posts\/49718","targetHints":{"allow":["GET"]}}],"collection":[{"href":"https:\/\/www.grieta.org.mx\/index.php\/wp-json\/wp\/v2\/posts"}],"about":[{"href":"https:\/\/www.grieta.org.mx\/index.php\/wp-json\/wp\/v2\/types\/post"}],"author":[{"embeddable":true,"href":"https:\/\/www.grieta.org.mx\/index.php\/wp-json\/wp\/v2\/users\/2"}],"replies":[{"embeddable":true,"href":"https:\/\/www.grieta.org.mx\/index.php\/wp-json\/wp\/v2\/comments?post=49718"}],"version-history":[{"count":1,"href":"https:\/\/www.grieta.org.mx\/index.php\/wp-json\/wp\/v2\/posts\/49718\/revisions"}],"predecessor-version":[{"id":49755,"href":"https:\/\/www.grieta.org.mx\/index.php\/wp-json\/wp\/v2\/posts\/49718\/revisions\/49755"}],"wp:featuredmedia":[{"embeddable":true,"href":"https:\/\/www.grieta.org.mx\/index.php\/wp-json\/wp\/v2\/media\/49719"}],"wp:attachment":[{"href":"https:\/\/www.grieta.org.mx\/index.php\/wp-json\/wp\/v2\/media?parent=49718"}],"wp:term":[{"taxonomy":"category","embeddable":true,"href":"https:\/\/www.grieta.org.mx\/index.php\/wp-json\/wp\/v2\/categories?post=49718"},{"taxonomy":"post_tag","embeddable":true,"href":"https:\/\/www.grieta.org.mx\/index.php\/wp-json\/wp\/v2\/tags?post=49718"}],"curies":[{"name":"wp","href":"https:\/\/api.w.org\/{rel}","templated":true}]}}