{"id":49682,"date":"2020-05-21T11:53:47","date_gmt":"2020-05-21T16:53:47","guid":{"rendered":"http:\/\/www.grieta.org.mx\/?p=49682"},"modified":"2020-05-23T12:09:21","modified_gmt":"2020-05-23T17:09:21","slug":"plan-de-austeridad-y-reactivacion-economica-por-covid-19-en-jalisco-contempla-reduccion-de-presupuesto-a-fiscalia-de-desaparecidos","status":"publish","type":"post","link":"https:\/\/www.grieta.org.mx\/index.php\/2020\/05\/21\/plan-de-austeridad-y-reactivacion-economica-por-covid-19-en-jalisco-contempla-reduccion-de-presupuesto-a-fiscalia-de-desaparecidos\/","title":{"rendered":"Plan de austeridad y \u201creactivaci\u00f3n econ\u00f3mica\u201d por covid-19 en Jalisco contempla reducci\u00f3n de presupuesto a fiscal\u00eda de desaparecidos"},"content":{"rendered":"<p><img loading=\"lazy\" decoding=\"async\" data-attachment-id=\"49683\" data-permalink=\"https:\/\/www.grieta.org.mx\/index.php\/2020\/05\/21\/plan-de-austeridad-y-reactivacion-economica-por-covid-19-en-jalisco-contempla-reduccion-de-presupuesto-a-fiscalia-de-desaparecidos\/photo5059824714729499002\/\" data-orig-file=\"https:\/\/www.grieta.org.mx\/wp-content\/uploads\/2020\/05\/photo5059824714729499002.jpg\" data-orig-size=\"1200,600\" data-comments-opened=\"0\" data-image-meta=\"{&quot;aperture&quot;:&quot;0&quot;,&quot;credit&quot;:&quot;&quot;,&quot;camera&quot;:&quot;&quot;,&quot;caption&quot;:&quot;&quot;,&quot;created_timestamp&quot;:&quot;0&quot;,&quot;copyright&quot;:&quot;&quot;,&quot;focal_length&quot;:&quot;0&quot;,&quot;iso&quot;:&quot;0&quot;,&quot;shutter_speed&quot;:&quot;0&quot;,&quot;title&quot;:&quot;&quot;,&quot;orientation&quot;:&quot;0&quot;}\" data-image-title=\"photo5059824714729499002\" data-image-description=\"\" data-image-caption=\"\" data-medium-file=\"https:\/\/www.grieta.org.mx\/wp-content\/uploads\/2020\/05\/photo5059824714729499002-300x150.jpg\" data-large-file=\"https:\/\/www.grieta.org.mx\/wp-content\/uploads\/2020\/05\/photo5059824714729499002-1024x512.jpg\" class=\"aligncenter wp-image-49683\" src=\"http:\/\/www.grieta.org.mx\/wp-content\/uploads\/2020\/05\/photo5059824714729499002.jpg\" alt=\"\" width=\"799\" height=\"400\" srcset=\"https:\/\/www.grieta.org.mx\/wp-content\/uploads\/2020\/05\/photo5059824714729499002.jpg 1200w, https:\/\/www.grieta.org.mx\/wp-content\/uploads\/2020\/05\/photo5059824714729499002-300x150.jpg 300w, https:\/\/www.grieta.org.mx\/wp-content\/uploads\/2020\/05\/photo5059824714729499002-768x384.jpg 768w, https:\/\/www.grieta.org.mx\/wp-content\/uploads\/2020\/05\/photo5059824714729499002-1024x512.jpg 1024w, https:\/\/www.grieta.org.mx\/wp-content\/uploads\/2020\/05\/photo5059824714729499002-1000x500.jpg 1000w\" sizes=\"auto, (max-width: 799px) 100vw, 799px\" \/><\/p>\n<p>Foto: Zona Docs<\/p>\n<p>Orgulloso de ser el primer estado en el pa\u00eds con un \u201cplan de reactivaci\u00f3n econ\u00f3mica\u201d en medio de la emergencia sanitaria por el COVID-19, el Gobierno de Jalisco a trav\u00e9s de su ejecutivo estatal, Enrique Alfaro y el poder Legislativo, aprobaron en lo general y en lo particular el pasado 19 de mayo: el Plan Jalisco para la Reactivaci\u00f3n Econ\u00f3mica, el cual incluye un plan de austeridad que contempla la reducci\u00f3n presupuestal a las dependencias encargadas de la b\u00fasqueda de personas desaparecidas en el estado, por un monto de 2 millones 309 mil 300 pesos.<\/p>\n<p>Colectivo de familiares de personas desaparecidas en Jalisco,\u00a0<em>Por Amor a Ellxs<\/em>\u00a0y organizaciones de la sociedad civil se pronuncian en contra.<\/p>\n<p>Redacci\u00f3n \/ Zona Docs<\/p>\n<p><strong>Enrique Alfaro, Gobernador del estado de Jalisco<\/strong>\u00a0lo anunci\u00f3 el 1 de mayo en el marco del D\u00eda del Trabajo; de acuerdo con el mandatario en medio de la contingencia sanitaria por la pandemia del coronavirus, la entidad\u00a0<strong>\u201cha tenido un desfase por la atenci\u00f3n a la emergencia por m\u00e1s de 3 mil millones de pesos\u201d<\/strong>, por ello, seg\u00fan advirti\u00f3, se presentar\u00eda una propuesta de\u00a0<strong>\u201creorganizaci\u00f3n del presupuesto estatal\u201d<\/strong><b>.<\/b><\/p>\n<p>Dos semanas despu\u00e9s, el Gobierno de Jalisco a trav\u00e9s de\u00a0<b>su\u00a0<\/b><strong>ejecutivo estatal y el poder Legislativo<\/strong>, aprobaron en lo general y en lo particular el pasado 19 de mayo: el\u00a0<strong>Plan Jalisco para la Reactivaci\u00f3n Econ\u00f3mica<\/strong><b>.<\/b>\u00a0Si bien, las autoridades han afirmado que se trata de una\u00a0<strong>\u201crecuperaci\u00f3n paulatina\u201d<\/strong>\u00a0que\u00a0<strong>\u201cfavorezca el crecimiento econ\u00f3mico del estado\u201d<\/strong>, \u00e9sta implicar\u00e1 la\u00a0<strong>reestructuraci\u00f3n del presupuesto del estatal y un plan de austeridad<\/strong>, cuya base es la\u00a0<strong>reducci\u00f3n del presupuestaria a dependencias<\/strong>\u00a0que atienden temas prioritarios en\u00a0<strong>la agenda pol\u00edtica, social y de seguridad.<\/strong><\/p>\n<p>Tal es el caso del recorte de\u00a0<strong>53 millones 740 mil pesos a Hospitales Civiles de Guadalajara\u00a0<\/strong>y\u00a0<b>de\u00a0<\/b><strong>2 millones 309 mil 30 pesos a la Fiscal\u00eda Especializada en B\u00fasqueda de Personas Desaparecidas.<\/strong><\/p>\n<p>Al respecto, el colectivo de familiares de personas desaparecidas en Jalisco,\u00a0<em><strong>Por Amor a Ellxs\u00a0<\/strong><\/em>se ha pronunciado en sus redes sociales, manifestando que se encuentran\u00a0<strong>\u201csorprendidas, preocupadas y extra\u00f1adas\u201d<\/strong>\u00a0de la iniciativa del mandatario, ya que\u00a0<strong>\u00e9ste habr\u00eda declarado p\u00fablicamente y frente a decenas de familias en el estado<\/strong>\u00a0que la problem\u00e1tica de la desaparici\u00f3n de personas en la entidad formaba parte de su\u00a0<strong>\u201cagenda prioritaria\u201d.<\/strong><\/p>\n<p>Adem\u00e1s, se\u00f1alaron haber encontrado\u00a0<strong>\u201cinconsistencias en los montos de presupuesto\u201d<\/strong>, y advirtieron que\u00a0<strong>\u201cel presupuesto autorizado para la Comisi\u00f3n de B\u00fasqueda era de m\u00e1s de 29 millones, y en la propuesta de recortes reportan que el presupuesto es de solo 16 millones\u201d.<\/strong><\/p>\n<p>Luego de presentar la primera fase de la\u00a0<strong><em>Es<\/em><\/strong><em><strong>trategia Integral para la Atenci\u00f3n a la Problem\u00e1tica de la Desaparici\u00f3n de Personas en Jalisco \u201cEstamos buscando\u201d<\/strong><\/em><strong>,<\/strong>\u00a0en octubre del mismo a\u00f1o, Enrique Alfaro anunci\u00f3 la segunda fase de este plan, el cual incorporaba como tema prioritario\u00a0<strong>el incremento de presupuesto a esta tarea en un 55.7%<\/strong>\u00a0y\u00a0<strong>el aumento del personal en las dependencias responsables de buscar a las personas desaparecidas del estado<\/strong>.<\/p>\n<p>En aquel momento se mencionaba que la Fiscal\u00eda Especializada pasar\u00eda de tener un presupuesto de\u00a0<strong>17 millones a uno de 84 millones<\/strong>; en el caso del Instituto Jalisciense de Ciencias Forenses de pasar\u00eda de tener\u00a0<strong>213 millones a 229 millones de pesos<\/strong>; en cuanto a la Comisi\u00f3n Estatal de B\u00fasqueda se pasaba de tener\u00a0<strong>2 millones asignados a 30 millones<\/strong>; en la Comisi\u00f3n Ejecutiva Estatal de V\u00edctimas de\u00a0<strong>10 millones a 33<\/strong>; y finalmente en cuanto al Sistema DIF Estatal se pasar\u00eda de cero pesos designados a la atenci\u00f3n de esta problem\u00e1tica a\u00a0<strong>2.5 millones.<\/strong><\/p>\n<p>Por su parte, el\u00a0<em>Centro de Justicia para la Paz y el Desarrollo (CEPAD)<\/em>\u00a0se manifest\u00f3 para advertir que cualquier\u00a0<strong>reasignaci\u00f3n de presupuesto<\/strong>\u00a0en esta materia y que\u00a0<strong>afecte directamente a las dependencias encargadas de buscar a las y los desaparecidos\u00a0<\/strong>en el estado\u00a0<strong>\u201ces violatoria al principio constitucional de progresividad y representa un retroceso en materia de derechos humanos\u201d.<\/strong><\/p>\n<p>De esta manera, la Fiscal\u00eda Especializada en B\u00fasqueda de Personas Desaparecidas pasar\u00e1 de tener\u00a0<strong>46 millones 030 mil 248<\/strong>\u00a0pesos asignados a\u00a0<strong>43 millones 720 mil 948 pesos<\/strong>.<\/p>\n<p><strong><em>Nuestro Presupuesto<\/em><\/strong><strong>,<\/strong>\u00a0proyecto impulsado por el\u00a0<em>Observatorio Permanente del Sistema Estatal Anticorrupci\u00f3n<\/em>, se\u00f1al\u00f3 tambi\u00e9n a trav\u00e9s de sus redes sociales, que el documento que se presenta\u00a0<strong>\u201ctoma como referencia montos totalmente distintos a los aprobados y publicados en el Peri\u00f3dico Oficial\u201d<\/strong>\u00a0y que, el\u00a0<strong>33% del dinero<\/strong>\u00a0\u201cse movi\u00f3 de lugar antes de realizar los ajustes, haciendo que \u00e9stos sean\u00a0<strong>mucho m\u00e1s significativos de lo que en realidad aparentan ser<\/strong>\u201d.<\/p>\n<p>Y es que, de acuerdo con el\u00a0<strong><a href=\"https:\/\/periodicooficial.jalisco.gob.mx\/sites\/periodicooficial.jalisco.gob.mx\/files\/12-28-19-ix-1_0.pdf\">Presupuesto de Egresos 2020<\/a>\u00a0<\/strong>para el estado de Jalisco publicado en el Peri\u00f3dico Oficial del estado, en el rubro\u00a0<strong>\u201cPersonas Desaparecidas\u201d,<\/strong>\u00a0se establece que la\u00a0<strong>Comisi\u00f3n para la B\u00fasqueda de Personas<\/strong>\u00a0tiene un presupuesto de\u00a0<strong>29 millones 112 mil 961 pesos<\/strong>, mientras que la\u00a0<strong>Fiscal\u00eda Especializada en B\u00fasqueda de Personas\u00a0<\/strong>reconoce un monto de\u00a0<strong>93 millones 384 mil 905 pesos.<\/strong><\/p>\n<p>\u201cCombatir la desaparici\u00f3n de personas en todo el estado, mediante pol\u00edticas de atenci\u00f3n integral a v\u00edctimas, disminuci\u00f3n de impunidad, reducci\u00f3n del delito con prevenci\u00f3n y protecci\u00f3n, as\u00ed como con la mejora de las condiciones institucionales para la b\u00fasqueda y reparaci\u00f3n del da\u00f1o, con un enfoque de derechos humanos y bajo el principio de verdad\u201d es el resultado que el Gobierno del estado se ha propuesto con estos recursos que ahora se ven directamente afectados por el plan de austeridad del ejecutivo estatal, Enrique Alfaro.<\/p>\n<p><strong>\u00bfSer\u00e1 esta la forma?<\/strong>\u00a0Se han preguntado las y los defensores de derechos humanos en Jalisco, as\u00ed como las y los familiares de personas desaparecidas, m\u00e1s\u00a0<strong>a\u00fan frente a una crisis en materia de desapariciones que posiciona al estado en los primeros lugares<\/strong>\u00a0con m\u00e1s incidencia en el delito.<\/p>\n<p>Mientras tanto en Jalisco, actualmente, existen\u00a0<strong>9 mil 919 personas desaparecidas<\/strong>, aunque\u00a0<strong>oficialmente el Gobierno del estado s\u00f3lo reconoce a<\/strong>\u00a0<strong>9 mil 283<\/strong>\u00a0a trav\u00e9s del\u00a0<em>Sistema de Informaci\u00f3n Sobre V\u00edctimas de Desaparici\u00f3n.<\/em><\/p>\n<p><a href=\"https:\/\/www.zonadocs.mx\/2020\/05\/21\/plan-de-austeridad-y-reactivacion-economica-por-covid-19-en-jalisco-contempla-reduccion-de-presupuesto-a-fiscalia-de-desaparecidos\/\">https:\/\/www.zonadocs.mx\/2020\/05\/21\/plan-de-austeridad-y-reactivacion-economica-por-covid-19-en-jalisco-contempla-reduccion-de-presupuesto-a-fiscalia-de-desaparecidos\/<\/a><\/p>\n","protected":false},"excerpt":{"rendered":"<p>Foto: Zona Docs Orgulloso de ser el primer estado en el pa\u00eds con un \u201cplan de reactivaci\u00f3n econ\u00f3mica\u201d en medio de la emergencia sanitaria por el COVID-19, el Gobierno de &hellip; <a href=\"https:\/\/www.grieta.org.mx\/index.php\/2020\/05\/21\/plan-de-austeridad-y-reactivacion-economica-por-covid-19-en-jalisco-contempla-reduccion-de-presupuesto-a-fiscalia-de-desaparecidos\/\" class=\"more-link\">Leer m\u00e1s<\/a><\/p>\n","protected":false},"author":2,"featured_media":49683,"comment_status":"closed","ping_status":"closed","sticky":false,"template":"","format":"standard","meta":{"ngg_post_thumbnail":0,"_jetpack_newsletter_access":"","_jetpack_dont_email_post_to_subs":false,"_jetpack_newsletter_tier_id":0,"_jetpack_memberships_contains_paywalled_content":false,"_jetpack_memberships_contains_paid_content":false,"footnotes":""},"categories":[80,3271,87,1032,20,2,83],"tags":[3018,121,1668,2383],"class_list":["post-49682","post","type-post","status-publish","format-standard","has-post-thumbnail","hentry","category-cintillo","category-covid-19-en-jalisco","category-desaparecidos","category-desaparecidos-en-jalisco","category-jalisco","category-noticias-nacionales","category-temas-nacionales","tag-colectivos-de-busqueda-de-desaparecidos","tag-desaparecidos","tag-familiares-de-desaparecidos","tag-recorte-presupuestal","entry"],"jetpack_featured_media_url":"https:\/\/www.grieta.org.mx\/wp-content\/uploads\/2020\/05\/photo5059824714729499002.jpg","jetpack_sharing_enabled":true,"jetpack_shortlink":"https:\/\/wp.me\/p7ZJR4-cVk","jetpack_likes_enabled":false,"jetpack-related-posts":[{"id":49685,"url":"https:\/\/www.grieta.org.mx\/index.php\/2020\/05\/22\/colectivos-exigen-al-gobernador-no-cortar-recursos-a-busqueda-de-desaparecidos-jalsico\/","url_meta":{"origin":49682,"position":0},"title":"Colectivos exigen al gobernador no cortar recursos a b\u00fasqueda de desaparecidos (Jalisco)","author":"grieta","date":"22 mayo, 2020","format":false,"excerpt":"Foto: Francisco Guasco \/ EFE \/ Archivo Guadalajara, Jalisco. Colectivos ciudadanos dedicados a la defensa de los derechos humanos\u00a0emitieron este viernes un pronunciamiento en donde rechazan la iniciativa del gobernador Enrique Alfaro, enviada al Congreso de Jalisco, que adem\u00e1s de la deuda por 6 mil 200 millones de pesos contempla\u2026","rel":"","context":"En &quot;CINTILLO&quot;","block_context":{"text":"CINTILLO","link":"https:\/\/www.grieta.org.mx\/index.php\/category\/cintillo\/"},"img":{"alt_text":"","src":"https:\/\/i0.wp.com\/www.grieta.org.mx\/wp-content\/uploads\/2020\/05\/B%C3%BAsqueda-de-desaparecidos-EFE-656x420.jpg?resize=350%2C200&ssl=1","width":350,"height":200,"srcset":"https:\/\/i0.wp.com\/www.grieta.org.mx\/wp-content\/uploads\/2020\/05\/B%C3%BAsqueda-de-desaparecidos-EFE-656x420.jpg?resize=350%2C200&ssl=1 1x, https:\/\/i0.wp.com\/www.grieta.org.mx\/wp-content\/uploads\/2020\/05\/B%C3%BAsqueda-de-desaparecidos-EFE-656x420.jpg?resize=525%2C300&ssl=1 1.5x"},"classes":[]},{"id":62620,"url":"https:\/\/www.grieta.org.mx\/index.php\/2021\/11\/02\/el-desprecio-por-los-desaparecidos-reducen-presupuesto-a-comision-de-busqueda-de-desaparecidos-en-jalisco\/","url_meta":{"origin":49682,"position":1},"title":"El desprecio por los desaparecidos, gobierno de Jalisco reduce presupuesto a Comisi\u00f3n de B\u00fasqueda de Desaparecidos","author":"grieta","date":"2 noviembre, 2021","format":false,"excerpt":"Foto: Archivo NTR Lauro Rodr\u00edguez \/ El Diario NTR Con un presupuesto propuesto para 2022 de 39 millones de pesos, la Comisi\u00f3n de B\u00fasqueda de Personas del Estado de Jalisco (Cobupej) no tendr\u00e1 crecimiento neto en comparaci\u00f3n con 2021, por el contrario, tendr\u00e1 una reducci\u00f3n, acept\u00f3 el secretario de la\u2026","rel":"","context":"En &quot;CINTILLO&quot;","block_context":{"text":"CINTILLO","link":"https:\/\/www.grieta.org.mx\/index.php\/category\/cintillo\/"},"img":{"alt_text":"","src":"https:\/\/i0.wp.com\/www.grieta.org.mx\/wp-content\/uploads\/2021\/11\/2021-11-02_12-11-34___6813.jpg?resize=350%2C200&ssl=1","width":350,"height":200,"srcset":"https:\/\/i0.wp.com\/www.grieta.org.mx\/wp-content\/uploads\/2021\/11\/2021-11-02_12-11-34___6813.jpg?resize=350%2C200&ssl=1 1x, https:\/\/i0.wp.com\/www.grieta.org.mx\/wp-content\/uploads\/2021\/11\/2021-11-02_12-11-34___6813.jpg?resize=525%2C300&ssl=1 1.5x, https:\/\/i0.wp.com\/www.grieta.org.mx\/wp-content\/uploads\/2021\/11\/2021-11-02_12-11-34___6813.jpg?resize=700%2C400&ssl=1 2x"},"classes":[]},{"id":49366,"url":"https:\/\/www.grieta.org.mx\/index.php\/2020\/05\/09\/madres-de-desaparecidos-se-manifestaron-para-exigir-su-localizacion-jalisco\/","url_meta":{"origin":49682,"position":2},"title":"Madres de desaparecidos se manifestaron para exigir su localizaci\u00f3n (Jalisco)","author":"grieta","date":"9 mayo, 2020","format":false,"excerpt":"Foto: Cortes\u00eda Fundej Elizabeth Ibal \/ El Occidental Para decenas de mujeres no hay nada qu\u00e9 festejar en este D\u00eda de las Madres, ya que sus hijos les fueron arrebatados y hasta ahora nada se sabe de su paradero. Para que su causa no sea olvidada, madres de familia de\u2026","rel":"","context":"En &quot;CINTILLO&quot;","block_context":{"text":"CINTILLO","link":"https:\/\/www.grieta.org.mx\/index.php\/category\/cintillo\/"},"img":{"alt_text":"","src":"https:\/\/i0.wp.com\/www.grieta.org.mx\/wp-content\/uploads\/2020\/05\/Madres-de-manifestaci%C3%B3n.jpg?resize=350%2C200&ssl=1","width":350,"height":200,"srcset":"https:\/\/i0.wp.com\/www.grieta.org.mx\/wp-content\/uploads\/2020\/05\/Madres-de-manifestaci%C3%B3n.jpg?resize=350%2C200&ssl=1 1x, https:\/\/i0.wp.com\/www.grieta.org.mx\/wp-content\/uploads\/2020\/05\/Madres-de-manifestaci%C3%B3n.jpg?resize=525%2C300&ssl=1 1.5x, https:\/\/i0.wp.com\/www.grieta.org.mx\/wp-content\/uploads\/2020\/05\/Madres-de-manifestaci%C3%B3n.jpg?resize=700%2C400&ssl=1 2x"},"classes":[]},{"id":41484,"url":"https:\/\/www.grieta.org.mx\/index.php\/2019\/11\/19\/muy-grave-el-retraso-en-la-elaboracion-de-leyes-par-desaparecidos-en-jalisco-cepad\/","url_meta":{"origin":49682,"position":3},"title":"Muy grave, el retraso en la elaboraci\u00f3n de leyes par desaparecidos en Jalisco: Cepad","author":"grieta","date":"19 noviembre, 2019","format":false,"excerpt":"Foto: UDGTV Radio UdeG Guadalajara \/ UDGTV Ha pasado m\u00e1s de un mes desde que el gobernador Enrique Alfaro present\u00f3 p\u00fablicamente, el 7 de octubre, las tres iniciativas de ley pendientes en materia de desaparecidos (Ley de Personas Desaparecidas del estado de Jalisco, Ley para la Declaraci\u00f3n Especial de Ausencia\u2026","rel":"","context":"En &quot;CINTILLO&quot;","block_context":{"text":"CINTILLO","link":"https:\/\/www.grieta.org.mx\/index.php\/category\/cintillo\/"},"img":{"alt_text":"","src":"https:\/\/i0.wp.com\/www.grieta.org.mx\/wp-content\/uploads\/2019\/11\/Marcha-desaparecidos-26-abril-Celia-Ni%C3%B1o-1-1068x801.jpg?resize=350%2C200&ssl=1","width":350,"height":200,"srcset":"https:\/\/i0.wp.com\/www.grieta.org.mx\/wp-content\/uploads\/2019\/11\/Marcha-desaparecidos-26-abril-Celia-Ni%C3%B1o-1-1068x801.jpg?resize=350%2C200&ssl=1 1x, https:\/\/i0.wp.com\/www.grieta.org.mx\/wp-content\/uploads\/2019\/11\/Marcha-desaparecidos-26-abril-Celia-Ni%C3%B1o-1-1068x801.jpg?resize=525%2C300&ssl=1 1.5x, https:\/\/i0.wp.com\/www.grieta.org.mx\/wp-content\/uploads\/2019\/11\/Marcha-desaparecidos-26-abril-Celia-Ni%C3%B1o-1-1068x801.jpg?resize=700%2C400&ssl=1 2x, https:\/\/i0.wp.com\/www.grieta.org.mx\/wp-content\/uploads\/2019\/11\/Marcha-desaparecidos-26-abril-Celia-Ni%C3%B1o-1-1068x801.jpg?resize=1050%2C600&ssl=1 3x"},"classes":[]},{"id":51093,"url":"https:\/\/www.grieta.org.mx\/index.php\/2020\/06\/18\/familiares-y-amigos-continuan-busqueda-de-desaparecidos-en-chapala-jalisco\/","url_meta":{"origin":49682,"position":4},"title":"Familiares y amigos contin\u00faan b\u00fasqueda de desaparecidos en Chapala (Jalisco)","author":"grieta","date":"18 junio, 2020","format":false,"excerpt":"Foto: Pablo Toledo Pablo Toledo \/ UDGTV Familiares y amigos de personas desaparecidas en el municipio de Chapala contin\u00faan en la b\u00fasqueda incansable de sus seres queridos.\u00a0En esta ocasi\u00f3n realizaron una rueda de prensa en el municipio ribere\u00f1o para dar a conocer que pese a ya haber encontrado a algunos\u2026","rel":"","context":"En &quot;CINTILLO&quot;","block_context":{"text":"CINTILLO","link":"https:\/\/www.grieta.org.mx\/index.php\/category\/cintillo\/"},"img":{"alt_text":"","src":"https:\/\/i0.wp.com\/www.grieta.org.mx\/wp-content\/uploads\/2020\/06\/Desaparecidos-Pablo-Toledo-1-696x394.jpeg?resize=350%2C200&ssl=1","width":350,"height":200,"srcset":"https:\/\/i0.wp.com\/www.grieta.org.mx\/wp-content\/uploads\/2020\/06\/Desaparecidos-Pablo-Toledo-1-696x394.jpeg?resize=350%2C200&ssl=1 1x, https:\/\/i0.wp.com\/www.grieta.org.mx\/wp-content\/uploads\/2020\/06\/Desaparecidos-Pablo-Toledo-1-696x394.jpeg?resize=525%2C300&ssl=1 1.5x"},"classes":[]},{"id":60522,"url":"https:\/\/www.grieta.org.mx\/index.php\/2021\/07\/12\/crisis-forense-en-el-ijcf-atrae-a-caravanas-nacionales-de-busqueda-guadalupe-aguilar-familias-unidas-por-nuestros-desaparecidos-jalisco\/","url_meta":{"origin":49682,"position":5},"title":"Crisis forense en el IJCF atrae a caravanas nacionales de b\u00fasqueda: Guadalupe Aguilar, Familias Unidas por Nuestros Desaparecidos Jalisco","author":"grieta","date":"12 julio, 2021","format":false,"excerpt":"Foto: Jorge Alberto Mendoza Redacci\u00f3n \/ El Diario NTR La crisis que se vive en el Instituto Jalisciense de Ciencias Forenses (IJCF) es un punto de referencia para las caravanas nacionales de b\u00fasqueda, explic\u00f3 Guadalupe Aguilar, integrante de Familias Unidas por Nuestros Desaparecidos Jalisco. En el IJCF hay cientos de\u2026","rel":"","context":"En &quot;CINTILLO&quot;","block_context":{"text":"CINTILLO","link":"https:\/\/www.grieta.org.mx\/index.php\/category\/cintillo\/"},"img":{"alt_text":"","src":"https:\/\/i0.wp.com\/www.grieta.org.mx\/wp-content\/uploads\/2021\/07\/2021-07-12_05-07-31___6234.jpg?resize=350%2C200&ssl=1","width":350,"height":200,"srcset":"https:\/\/i0.wp.com\/www.grieta.org.mx\/wp-content\/uploads\/2021\/07\/2021-07-12_05-07-31___6234.jpg?resize=350%2C200&ssl=1 1x, https:\/\/i0.wp.com\/www.grieta.org.mx\/wp-content\/uploads\/2021\/07\/2021-07-12_05-07-31___6234.jpg?resize=525%2C300&ssl=1 1.5x, https:\/\/i0.wp.com\/www.grieta.org.mx\/wp-content\/uploads\/2021\/07\/2021-07-12_05-07-31___6234.jpg?resize=700%2C400&ssl=1 2x"},"classes":[]}],"_links":{"self":[{"href":"https:\/\/www.grieta.org.mx\/index.php\/wp-json\/wp\/v2\/posts\/49682","targetHints":{"allow":["GET"]}}],"collection":[{"href":"https:\/\/www.grieta.org.mx\/index.php\/wp-json\/wp\/v2\/posts"}],"about":[{"href":"https:\/\/www.grieta.org.mx\/index.php\/wp-json\/wp\/v2\/types\/post"}],"author":[{"embeddable":true,"href":"https:\/\/www.grieta.org.mx\/index.php\/wp-json\/wp\/v2\/users\/2"}],"replies":[{"embeddable":true,"href":"https:\/\/www.grieta.org.mx\/index.php\/wp-json\/wp\/v2\/comments?post=49682"}],"version-history":[{"count":1,"href":"https:\/\/www.grieta.org.mx\/index.php\/wp-json\/wp\/v2\/posts\/49682\/revisions"}],"predecessor-version":[{"id":49684,"href":"https:\/\/www.grieta.org.mx\/index.php\/wp-json\/wp\/v2\/posts\/49682\/revisions\/49684"}],"wp:featuredmedia":[{"embeddable":true,"href":"https:\/\/www.grieta.org.mx\/index.php\/wp-json\/wp\/v2\/media\/49683"}],"wp:attachment":[{"href":"https:\/\/www.grieta.org.mx\/index.php\/wp-json\/wp\/v2\/media?parent=49682"}],"wp:term":[{"taxonomy":"category","embeddable":true,"href":"https:\/\/www.grieta.org.mx\/index.php\/wp-json\/wp\/v2\/categories?post=49682"},{"taxonomy":"post_tag","embeddable":true,"href":"https:\/\/www.grieta.org.mx\/index.php\/wp-json\/wp\/v2\/tags?post=49682"}],"curies":[{"name":"wp","href":"https:\/\/api.w.org\/{rel}","templated":true}]}}