{"id":49672,"date":"2020-05-19T10:47:03","date_gmt":"2020-05-19T15:47:03","guid":{"rendered":"http:\/\/www.grieta.org.mx\/?p=49672"},"modified":"2020-05-23T10:57:22","modified_gmt":"2020-05-23T15:57:22","slug":"protestan-maestros-de-la-seccion-16-de-snte-por-falta-de-pago-jalisco","status":"publish","type":"post","link":"https:\/\/www.grieta.org.mx\/index.php\/2020\/05\/19\/protestan-maestros-de-la-seccion-16-de-snte-por-falta-de-pago-jalisco\/","title":{"rendered":"Protestan maestros de la secci\u00f3n 16 de SNTE por falta de pago (Jalisco)"},"content":{"rendered":"<p><img loading=\"lazy\" decoding=\"async\" data-attachment-id=\"49673\" data-permalink=\"https:\/\/www.grieta.org.mx\/index.php\/2020\/05\/19\/protestan-maestros-de-la-seccion-16-de-snte-por-falta-de-pago-jalisco\/protestan-maestros-rafael-hernandez-1-696x706\/\" data-orig-file=\"https:\/\/www.grieta.org.mx\/wp-content\/uploads\/2020\/05\/Protestan-maestros-Rafael-Hern\u00e1ndez-1-696x706.jpeg\" data-orig-size=\"696,706\" data-comments-opened=\"0\" data-image-meta=\"{&quot;aperture&quot;:&quot;0&quot;,&quot;credit&quot;:&quot;&quot;,&quot;camera&quot;:&quot;&quot;,&quot;caption&quot;:&quot;&quot;,&quot;created_timestamp&quot;:&quot;1589913691&quot;,&quot;copyright&quot;:&quot;&quot;,&quot;focal_length&quot;:&quot;0&quot;,&quot;iso&quot;:&quot;0&quot;,&quot;shutter_speed&quot;:&quot;0&quot;,&quot;title&quot;:&quot;&quot;,&quot;orientation&quot;:&quot;1&quot;}\" data-image-title=\"Protestan-maestros-Rafael-Hern\u00e1ndez-1-696&amp;#215;706\" data-image-description=\"\" data-image-caption=\"\" data-medium-file=\"https:\/\/www.grieta.org.mx\/wp-content\/uploads\/2020\/05\/Protestan-maestros-Rafael-Hern\u00e1ndez-1-696x706-296x300.jpeg\" data-large-file=\"https:\/\/www.grieta.org.mx\/wp-content\/uploads\/2020\/05\/Protestan-maestros-Rafael-Hern\u00e1ndez-1-696x706.jpeg\" class=\"aligncenter size-full wp-image-49673\" src=\"http:\/\/www.grieta.org.mx\/wp-content\/uploads\/2020\/05\/Protestan-maestros-Rafael-Hern\u00e1ndez-1-696x706.jpeg\" alt=\"\" width=\"696\" height=\"706\" srcset=\"https:\/\/www.grieta.org.mx\/wp-content\/uploads\/2020\/05\/Protestan-maestros-Rafael-Hern\u00e1ndez-1-696x706.jpeg 696w, https:\/\/www.grieta.org.mx\/wp-content\/uploads\/2020\/05\/Protestan-maestros-Rafael-Hern\u00e1ndez-1-696x706-296x300.jpeg 296w, https:\/\/www.grieta.org.mx\/wp-content\/uploads\/2020\/05\/Protestan-maestros-Rafael-Hern\u00e1ndez-1-696x706-493x500.jpeg 493w\" sizes=\"auto, (max-width: 696px) 100vw, 696px\" \/><\/p>\n<p>Foto: Rafael Hern\u00e1ndez<\/p>\n<p><em>Adri\u00e1n Delgado, vocero de la secci\u00f3n 16 del sindicato, dijo en entrevista con Se\u00f1al Informativa que son tres mil 207 casos de profesores a los que se les adeudan hasta un a\u00f1o de salario<\/em><\/p>\n<p>Rafael Hern\u00e1ndez \/ UDGTV<\/p>\n<p>Guadalajara, Jalisco. Maestros de la secci\u00f3n 16 del Sindicato Nacional de Trabajadores de la Educaci\u00f3n (SNTE) <strong>protestaron en la Secretar\u00eda de educaci\u00f3n Jalisco por falta de pago.<\/strong><\/p>\n<p>Adri\u00e1n Delgado, vocero de la secci\u00f3n 16 del sindicato, dijo en entrevista con Se\u00f1al Informativa que<strong>\u00a0son tres mil 207 casos de profesores a los que se les adeuda hasta un a\u00f1o de salario.<\/strong><\/p>\n<p>Indic\u00f3 que esperan una regularizaci\u00f3n en los pagos a los maestros pues la situaci\u00f3n econ\u00f3mica de estos ha empeorado con el aislamiento debido a la pandemia de coronavirus.\u00a0<strong>Ahora el trabajo se les ha incrementado al dar las clases en l\u00ednea,<\/strong>\u00a0y algunas actividades extra con las que consegu\u00edan dinero para sobrevivir, han sido imposibles de ejecutar.<\/p>\n<p>Sin embargo dejaron en claro su compromiso con la educaci\u00f3n, y\u00a0<strong>advirtieron que entre sus planes no est\u00e1 dejar de dar clases.<\/strong><\/p>\n<p>Pero \u00bfc\u00f3mo le hacen los maestros para sobrevivir sin salario?, es parte de lo que le mostraremos en una pr\u00f3xima entrega.<\/p>\n<p><a href=\"http:\/\/udgtv.com\/noticias\/protestan-maestros-seccion-16-snte-falta-pago\/\">http:\/\/udgtv.com\/noticias\/protestan-maestros-seccion-16-snte-falta-pago\/<\/a><\/p>\n","protected":false},"excerpt":{"rendered":"<p>Foto: Rafael Hern\u00e1ndez Adri\u00e1n Delgado, vocero de la secci\u00f3n 16 del sindicato, dijo en entrevista con Se\u00f1al Informativa que son tres mil 207 casos de profesores a los que se &hellip; <a href=\"https:\/\/www.grieta.org.mx\/index.php\/2020\/05\/19\/protestan-maestros-de-la-seccion-16-de-snte-por-falta-de-pago-jalisco\/\" class=\"more-link\">Leer m\u00e1s<\/a><\/p>\n","protected":false},"author":2,"featured_media":49673,"comment_status":"closed","ping_status":"closed","sticky":false,"template":"","format":"standard","meta":{"ngg_post_thumbnail":0,"_jetpack_newsletter_access":"","_jetpack_dont_email_post_to_subs":false,"_jetpack_newsletter_tier_id":0,"_jetpack_memberships_contains_paywalled_content":false,"_jetpack_memberships_contains_paid_content":false,"footnotes":""},"categories":[80,3271,910,3289,20,2,83],"tags":[2167,3217,2450],"class_list":["post-49672","post","type-post","status-publish","format-standard","has-post-thumbnail","hentry","category-cintillo","category-covid-19-en-jalisco","category-explotacion-y-precariedad-laboral","category-explotacion-y-precariedad-laboral-en-jalisco","category-jalisco","category-noticias-nacionales","category-temas-nacionales","tag-falta-de-pago","tag-falta-de-pagos-a-maestros","tag-protesta-maestros","entry"],"jetpack_featured_media_url":"https:\/\/www.grieta.org.mx\/wp-content\/uploads\/2020\/05\/Protestan-maestros-Rafael-Hern\u00e1ndez-1-696x706.jpeg","jetpack_sharing_enabled":true,"jetpack_shortlink":"https:\/\/wp.me\/p7ZJR4-cVa","jetpack_likes_enabled":false,"jetpack-related-posts":[{"id":49352,"url":"https:\/\/www.grieta.org.mx\/index.php\/2020\/05\/12\/la-seccion-16-del-snte-registra-a-3-mil-600-maestros-a-quienes-se-les-adeudan-salarios-en-jalisco\/","url_meta":{"origin":49672,"position":0},"title":"La secci\u00f3n 16 del SNTE registra a 3 mil 600 maestros a quienes se les adeudan salarios en Jalisco","author":"grieta","date":"12 mayo, 2020","format":false,"excerpt":"Foto: Redes Sociales La secci\u00f3n 16 del SNTE ha realizado paros de labores, sin embargo, a\u00fan no se resuelve un problema que surgi\u00f3 con la Reforma Educativa aprobada el sexenio anterior, cuando se centraliz\u00f3 el pago de la n\u00f3mina Ignacio P\u00e9rez Vega \/UDGTV Guadalajara Jalisco. En plena emergencia sanitaria persiste\u2026","rel":"","context":"En &quot;CINTILLO&quot;","block_context":{"text":"CINTILLO","link":"https:\/\/www.grieta.org.mx\/index.php\/category\/cintillo\/"},"img":{"alt_text":"","src":"https:\/\/i0.wp.com\/www.grieta.org.mx\/wp-content\/uploads\/2020\/05\/MAestros-sin-pago-redes-e1589322039625-696x391.jpeg?resize=350%2C200&ssl=1","width":350,"height":200,"srcset":"https:\/\/i0.wp.com\/www.grieta.org.mx\/wp-content\/uploads\/2020\/05\/MAestros-sin-pago-redes-e1589322039625-696x391.jpeg?resize=350%2C200&ssl=1 1x, https:\/\/i0.wp.com\/www.grieta.org.mx\/wp-content\/uploads\/2020\/05\/MAestros-sin-pago-redes-e1589322039625-696x391.jpeg?resize=525%2C300&ssl=1 1.5x"},"classes":[]},{"id":51536,"url":"https:\/\/www.grieta.org.mx\/index.php\/2020\/06\/29\/hay-3-mil-casos-de-profesores-con-salarios-atrasados-jalisco\/","url_meta":{"origin":49672,"position":1},"title":"Hay 3 mil casos de profesores con salarios atrasados (Jalisco)","author":"grieta","date":"29 junio, 2020","format":false,"excerpt":"Foto: Ignacio P\u00e9rez Vega Ignacio P\u00e9rez Vega \/ UDGTV Guadalajara, Jalisco.\u00a0Para los maestros de educaci\u00f3n b\u00e1sica del sistema educativo ya no es noticia que la Secretar\u00eda de Educaci\u00f3n siga sin resolver el problema de falta de pago de salarios. En este momento, el c\u00e1lculo es que son 3 mil los\u2026","rel":"","context":"En &quot;CINTILLO&quot;","block_context":{"text":"CINTILLO","link":"https:\/\/www.grieta.org.mx\/index.php\/category\/cintillo\/"},"img":{"alt_text":"","src":"https:\/\/i0.wp.com\/www.grieta.org.mx\/wp-content\/uploads\/2020\/07\/Mestros-sin-pago-Ignacio-P%C3%A9rez-Vega.jpeg?resize=350%2C200&ssl=1","width":350,"height":200,"srcset":"https:\/\/i0.wp.com\/www.grieta.org.mx\/wp-content\/uploads\/2020\/07\/Mestros-sin-pago-Ignacio-P%C3%A9rez-Vega.jpeg?resize=350%2C200&ssl=1 1x, https:\/\/i0.wp.com\/www.grieta.org.mx\/wp-content\/uploads\/2020\/07\/Mestros-sin-pago-Ignacio-P%C3%A9rez-Vega.jpeg?resize=525%2C300&ssl=1 1.5x, https:\/\/i0.wp.com\/www.grieta.org.mx\/wp-content\/uploads\/2020\/07\/Mestros-sin-pago-Ignacio-P%C3%A9rez-Vega.jpeg?resize=700%2C400&ssl=1 2x, https:\/\/i0.wp.com\/www.grieta.org.mx\/wp-content\/uploads\/2020\/07\/Mestros-sin-pago-Ignacio-P%C3%A9rez-Vega.jpeg?resize=1050%2C600&ssl=1 3x"},"classes":[]},{"id":41475,"url":"https:\/\/www.grieta.org.mx\/index.php\/2019\/11\/22\/cerca-de-60-mil-maestros-de-la-seccion-16-del-snte-haran-paro-de-clases-el-proximo-lunes-jalisco\/","url_meta":{"origin":49672,"position":2},"title":"Cerca de 60 mil maestros de la secci\u00f3n 16 del SNTE, har\u00e1n paro de clases el pr\u00f3ximo lunes (Jalisco)","author":"grieta","date":"22 noviembre, 2019","format":false,"excerpt":"Foto: Ignacio P\u00e9rez Vega Sin clases se van a quedar cerca de 8 mil escuelas en Jalisco, por la falta de pagos a cientos de profesores Ignacio P\u00e9rez Vega \/ UDGTV Guadalajara, Jalisco. Alrededor de 8 mil escuelas de preescolar, primaria y secundaria, en los turnos matutino y vespertino, en\u2026","rel":"","context":"En &quot;CINTILLO&quot;","block_context":{"text":"CINTILLO","link":"https:\/\/www.grieta.org.mx\/index.php\/category\/cintillo\/"},"img":{"alt_text":"","src":"https:\/\/i0.wp.com\/www.grieta.org.mx\/wp-content\/uploads\/2019\/11\/Ya-pagame-SEJ-Cortes%C3%ADa-4-696x430.jpg?resize=350%2C200&ssl=1","width":350,"height":200,"srcset":"https:\/\/i0.wp.com\/www.grieta.org.mx\/wp-content\/uploads\/2019\/11\/Ya-pagame-SEJ-Cortes%C3%ADa-4-696x430.jpg?resize=350%2C200&ssl=1 1x, https:\/\/i0.wp.com\/www.grieta.org.mx\/wp-content\/uploads\/2019\/11\/Ya-pagame-SEJ-Cortes%C3%ADa-4-696x430.jpg?resize=525%2C300&ssl=1 1.5x"},"classes":[]},{"id":69101,"url":"https:\/\/www.grieta.org.mx\/index.php\/2024\/06\/04\/maestros-toman-instalaciones-de-la-seccion-33-del-snte-en-yucatan\/","url_meta":{"origin":49672,"position":3},"title":"Maestros toman instalaciones de la Secci\u00f3n 33 del SNTE en Yucat\u00e1n","author":"grieta","date":"4 junio, 2024","format":false,"excerpt":"Yazm\u00edn Rodr\u00edguez Galaz \/ El Universal M\u00e9rida.- Unos 60 profesores tomaron las instalaciones de la Secci\u00f3n 33 del Sindicato Nacional de los Trabajadores de la Educaci\u00f3n (SNTE), ubicado en la colonia Yucalpet\u00e9n de M\u00e9rida, para exigir el pago de la homologaci\u00f3n que prometi\u00f3 el presidente Andr\u00e9s Manuel L\u00f3pez Obrador desde\u2026","rel":"","context":"En &quot;CINTILLO&quot;","block_context":{"text":"CINTILLO","link":"https:\/\/www.grieta.org.mx\/index.php\/category\/cintillo\/"},"img":{"alt_text":"","src":"https:\/\/i0.wp.com\/www.grieta.org.mx\/wp-content\/uploads\/2024\/06\/Maestroe-e1717976976401.jpg?resize=350%2C200&ssl=1","width":350,"height":200,"srcset":"https:\/\/i0.wp.com\/www.grieta.org.mx\/wp-content\/uploads\/2024\/06\/Maestroe-e1717976976401.jpg?resize=350%2C200&ssl=1 1x, https:\/\/i0.wp.com\/www.grieta.org.mx\/wp-content\/uploads\/2024\/06\/Maestroe-e1717976976401.jpg?resize=525%2C300&ssl=1 1.5x, https:\/\/i0.wp.com\/www.grieta.org.mx\/wp-content\/uploads\/2024\/06\/Maestroe-e1717976976401.jpg?resize=700%2C400&ssl=1 2x"},"classes":[]},{"id":46518,"url":"https:\/\/www.grieta.org.mx\/index.php\/2020\/03\/10\/maestros-de-la-costa-norte-de-jalisco-protestan-en-la-drse-por-la-falta-de-pago\/","url_meta":{"origin":49672,"position":4},"title":"Maestros de la Costa Norte de Jalisco protestan en la DRSE por la falta de pago","author":"grieta","date":"10 marzo, 2020","format":false,"excerpt":"Foto: Javier Fr\u00edas Los maestros permanecer\u00e1n hasta la tarde de hoy al exterior de la dependencia estatal aqu\u00ed en Puerto Vallarta, misma que no abri\u00f3 sus puertas Equipo Editorial \/ UDGTV Puerto Vallarta Jalisco. Debido a que, desde agosto pasado, 320 profesores de educaci\u00f3n b\u00e1sica de los municipios de Puerto\u2026","rel":"","context":"En &quot;CINTILLO&quot;","block_context":{"text":"CINTILLO","link":"https:\/\/www.grieta.org.mx\/index.php\/category\/cintillo\/"},"img":{"alt_text":"","src":"https:\/\/i0.wp.com\/www.grieta.org.mx\/wp-content\/uploads\/2020\/03\/Protesta-DRSE-JAvier-Fr%C3%ADas-Pv-696x392.jpeg?resize=350%2C200&ssl=1","width":350,"height":200,"srcset":"https:\/\/i0.wp.com\/www.grieta.org.mx\/wp-content\/uploads\/2020\/03\/Protesta-DRSE-JAvier-Fr%C3%ADas-Pv-696x392.jpeg?resize=350%2C200&ssl=1 1x, https:\/\/i0.wp.com\/www.grieta.org.mx\/wp-content\/uploads\/2020\/03\/Protesta-DRSE-JAvier-Fr%C3%ADas-Pv-696x392.jpeg?resize=525%2C300&ssl=1 1.5x"},"classes":[]},{"id":46908,"url":"https:\/\/www.grieta.org.mx\/index.php\/2020\/03\/26\/protestan-maestros-de-jalisco-por-falta-de-pagos\/","url_meta":{"origin":49672,"position":5},"title":"Protestan maestros de Jalisco por falta de pagos","author":"grieta","date":"26 marzo, 2020","format":false,"excerpt":"Foto: Violeta Mel\u00e9ndez Una veintena de maestros y personal administrativo de educaci\u00f3n b\u00e1sica protest\u00f3 este jueves a las afueras de Palacio de Gobierno para exigir el pago de salarios que la Secretar\u00eda de Educaci\u00f3n Jalisco les adeuda Violeta Mel\u00e9ndez \/ UDGTV Guadalajara Jalisco. Una veintena de maestros y personal administrativo\u2026","rel":"","context":"En &quot;CINTILLO&quot;","block_context":{"text":"CINTILLO","link":"https:\/\/www.grieta.org.mx\/index.php\/category\/cintillo\/"},"img":{"alt_text":"","src":"https:\/\/i0.wp.com\/www.grieta.org.mx\/wp-content\/uploads\/2020\/03\/WhatsApp-Image-2020-03-26-at-17.57.51-696x522.jpeg?resize=350%2C200&ssl=1","width":350,"height":200,"srcset":"https:\/\/i0.wp.com\/www.grieta.org.mx\/wp-content\/uploads\/2020\/03\/WhatsApp-Image-2020-03-26-at-17.57.51-696x522.jpeg?resize=350%2C200&ssl=1 1x, https:\/\/i0.wp.com\/www.grieta.org.mx\/wp-content\/uploads\/2020\/03\/WhatsApp-Image-2020-03-26-at-17.57.51-696x522.jpeg?resize=525%2C300&ssl=1 1.5x"},"classes":[]}],"_links":{"self":[{"href":"https:\/\/www.grieta.org.mx\/index.php\/wp-json\/wp\/v2\/posts\/49672","targetHints":{"allow":["GET"]}}],"collection":[{"href":"https:\/\/www.grieta.org.mx\/index.php\/wp-json\/wp\/v2\/posts"}],"about":[{"href":"https:\/\/www.grieta.org.mx\/index.php\/wp-json\/wp\/v2\/types\/post"}],"author":[{"embeddable":true,"href":"https:\/\/www.grieta.org.mx\/index.php\/wp-json\/wp\/v2\/users\/2"}],"replies":[{"embeddable":true,"href":"https:\/\/www.grieta.org.mx\/index.php\/wp-json\/wp\/v2\/comments?post=49672"}],"version-history":[{"count":1,"href":"https:\/\/www.grieta.org.mx\/index.php\/wp-json\/wp\/v2\/posts\/49672\/revisions"}],"predecessor-version":[{"id":49674,"href":"https:\/\/www.grieta.org.mx\/index.php\/wp-json\/wp\/v2\/posts\/49672\/revisions\/49674"}],"wp:featuredmedia":[{"embeddable":true,"href":"https:\/\/www.grieta.org.mx\/index.php\/wp-json\/wp\/v2\/media\/49673"}],"wp:attachment":[{"href":"https:\/\/www.grieta.org.mx\/index.php\/wp-json\/wp\/v2\/media?parent=49672"}],"wp:term":[{"taxonomy":"category","embeddable":true,"href":"https:\/\/www.grieta.org.mx\/index.php\/wp-json\/wp\/v2\/categories?post=49672"},{"taxonomy":"post_tag","embeddable":true,"href":"https:\/\/www.grieta.org.mx\/index.php\/wp-json\/wp\/v2\/tags?post=49672"}],"curies":[{"name":"wp","href":"https:\/\/api.w.org\/{rel}","templated":true}]}}