{"id":49649,"date":"2020-05-22T18:31:53","date_gmt":"2020-05-22T23:31:53","guid":{"rendered":"http:\/\/www.grieta.org.mx\/?p=49649"},"modified":"2020-05-23T01:39:47","modified_gmt":"2020-05-23T06:39:47","slug":"en-tuxtepec-abandonan-confinamiento-para-marchar-y-exigir-justicia-por-desaparecidas-oaxaca","status":"publish","type":"post","link":"https:\/\/www.grieta.org.mx\/index.php\/2020\/05\/22\/en-tuxtepec-abandonan-confinamiento-para-marchar-y-exigir-justicia-por-desaparecidas-oaxaca\/","title":{"rendered":"En Tuxtepec, abandonan confinamiento para marchar y exigir justicia por desaparecidas (Oaxaca)"},"content":{"rendered":"<p>P\u00e1gina 3 \/ Corresponsal\u00eda.<\/p>\n<p><img loading=\"lazy\" decoding=\"async\" data-attachment-id=\"49650\" data-permalink=\"https:\/\/www.grieta.org.mx\/index.php\/2020\/05\/22\/en-tuxtepec-abandonan-confinamiento-para-marchar-y-exigir-justicia-por-desaparecidas-oaxaca\/marcha-desaparecidos-tuxtepec\/\" data-orig-file=\"https:\/\/www.grieta.org.mx\/wp-content\/uploads\/2020\/05\/marcha-desaparecidos-tuxtepec.jpg\" data-orig-size=\"997,480\" data-comments-opened=\"0\" data-image-meta=\"{&quot;aperture&quot;:&quot;0&quot;,&quot;credit&quot;:&quot;&quot;,&quot;camera&quot;:&quot;&quot;,&quot;caption&quot;:&quot;&quot;,&quot;created_timestamp&quot;:&quot;0&quot;,&quot;copyright&quot;:&quot;&quot;,&quot;focal_length&quot;:&quot;0&quot;,&quot;iso&quot;:&quot;0&quot;,&quot;shutter_speed&quot;:&quot;0&quot;,&quot;title&quot;:&quot;&quot;,&quot;orientation&quot;:&quot;0&quot;}\" data-image-title=\"marcha-desaparecidos-tuxtepec\" data-image-description=\"\" data-image-caption=\"\" data-medium-file=\"https:\/\/www.grieta.org.mx\/wp-content\/uploads\/2020\/05\/marcha-desaparecidos-tuxtepec-300x144.jpg\" data-large-file=\"https:\/\/www.grieta.org.mx\/wp-content\/uploads\/2020\/05\/marcha-desaparecidos-tuxtepec.jpg\" class=\"aligncenter wp-image-49650\" src=\"http:\/\/www.grieta.org.mx\/wp-content\/uploads\/2020\/05\/marcha-desaparecidos-tuxtepec.jpg\" alt=\"\" width=\"800\" height=\"385\" srcset=\"https:\/\/www.grieta.org.mx\/wp-content\/uploads\/2020\/05\/marcha-desaparecidos-tuxtepec.jpg 997w, https:\/\/www.grieta.org.mx\/wp-content\/uploads\/2020\/05\/marcha-desaparecidos-tuxtepec-300x144.jpg 300w, https:\/\/www.grieta.org.mx\/wp-content\/uploads\/2020\/05\/marcha-desaparecidos-tuxtepec-768x370.jpg 768w\" sizes=\"auto, (max-width: 800px) 100vw, 800px\" \/><\/p>\n<p>Tuxtepex, Oax.- Con un hondo dolor a cuestas y la impotencia de no saber d\u00f3nde est\u00e1n sus seres amados, familiares, amigos y conocidos de j\u00f3venes desaparecidas en el municipio de San Juan Bautista Tuxtepec, al norte de Oaxaca, salieron a las calles para exigir justicia y la aparici\u00f3n con vida de las v\u00edctimas.<\/p>\n<p><img loading=\"lazy\" decoding=\"async\" data-attachment-id=\"49651\" data-permalink=\"https:\/\/www.grieta.org.mx\/index.php\/2020\/05\/22\/en-tuxtepec-abandonan-confinamiento-para-marchar-y-exigir-justicia-por-desaparecidas-oaxaca\/marcha-desaparecidos-tuxtepec-4\/\" data-orig-file=\"https:\/\/www.grieta.org.mx\/wp-content\/uploads\/2020\/05\/marcha-desaparecidos-tuxtepec-4.jpg\" data-orig-size=\"988,473\" data-comments-opened=\"0\" data-image-meta=\"{&quot;aperture&quot;:&quot;0&quot;,&quot;credit&quot;:&quot;&quot;,&quot;camera&quot;:&quot;&quot;,&quot;caption&quot;:&quot;&quot;,&quot;created_timestamp&quot;:&quot;0&quot;,&quot;copyright&quot;:&quot;&quot;,&quot;focal_length&quot;:&quot;0&quot;,&quot;iso&quot;:&quot;0&quot;,&quot;shutter_speed&quot;:&quot;0&quot;,&quot;title&quot;:&quot;&quot;,&quot;orientation&quot;:&quot;0&quot;}\" data-image-title=\"marcha-desaparecidos-tuxtepec-4\" data-image-description=\"\" data-image-caption=\"\" data-medium-file=\"https:\/\/www.grieta.org.mx\/wp-content\/uploads\/2020\/05\/marcha-desaparecidos-tuxtepec-4-300x144.jpg\" data-large-file=\"https:\/\/www.grieta.org.mx\/wp-content\/uploads\/2020\/05\/marcha-desaparecidos-tuxtepec-4.jpg\" class=\"aligncenter wp-image-49651\" src=\"http:\/\/www.grieta.org.mx\/wp-content\/uploads\/2020\/05\/marcha-desaparecidos-tuxtepec-4.jpg\" alt=\"\" width=\"800\" height=\"383\" srcset=\"https:\/\/www.grieta.org.mx\/wp-content\/uploads\/2020\/05\/marcha-desaparecidos-tuxtepec-4.jpg 988w, https:\/\/www.grieta.org.mx\/wp-content\/uploads\/2020\/05\/marcha-desaparecidos-tuxtepec-4-300x144.jpg 300w, https:\/\/www.grieta.org.mx\/wp-content\/uploads\/2020\/05\/marcha-desaparecidos-tuxtepec-4-768x368.jpg 768w\" sizes=\"auto, (max-width: 800px) 100vw, 800px\" \/><\/p>\n<p>\u00a1Ni una m\u00e1s! Itzel, te estamos esperando. Casandra, ven hija te quiero abrazar. F\u00e1tima, tu mam\u00e1 te espera con ansias. Pedimos que las traigan de regreso. Fue la principal demanda de los manifestantes hacia las autoridades de los tres \u00f3rdenes de gobierno.<\/p>\n<p><img loading=\"lazy\" decoding=\"async\" data-attachment-id=\"49652\" data-permalink=\"https:\/\/www.grieta.org.mx\/index.php\/2020\/05\/22\/en-tuxtepec-abandonan-confinamiento-para-marchar-y-exigir-justicia-por-desaparecidas-oaxaca\/marcha-desaparecidos-tuxtepec-2\/\" data-orig-file=\"https:\/\/www.grieta.org.mx\/wp-content\/uploads\/2020\/05\/marcha-desaparecidos-tuxtepec-2.jpg\" data-orig-size=\"944,480\" data-comments-opened=\"0\" data-image-meta=\"{&quot;aperture&quot;:&quot;0&quot;,&quot;credit&quot;:&quot;&quot;,&quot;camera&quot;:&quot;&quot;,&quot;caption&quot;:&quot;&quot;,&quot;created_timestamp&quot;:&quot;0&quot;,&quot;copyright&quot;:&quot;&quot;,&quot;focal_length&quot;:&quot;0&quot;,&quot;iso&quot;:&quot;0&quot;,&quot;shutter_speed&quot;:&quot;0&quot;,&quot;title&quot;:&quot;&quot;,&quot;orientation&quot;:&quot;0&quot;}\" data-image-title=\"marcha-desaparecidos-tuxtepec-2\" data-image-description=\"\" data-image-caption=\"\" data-medium-file=\"https:\/\/www.grieta.org.mx\/wp-content\/uploads\/2020\/05\/marcha-desaparecidos-tuxtepec-2-300x153.jpg\" data-large-file=\"https:\/\/www.grieta.org.mx\/wp-content\/uploads\/2020\/05\/marcha-desaparecidos-tuxtepec-2.jpg\" class=\"aligncenter wp-image-49652\" src=\"http:\/\/www.grieta.org.mx\/wp-content\/uploads\/2020\/05\/marcha-desaparecidos-tuxtepec-2.jpg\" alt=\"\" width=\"800\" height=\"407\" srcset=\"https:\/\/www.grieta.org.mx\/wp-content\/uploads\/2020\/05\/marcha-desaparecidos-tuxtepec-2.jpg 944w, https:\/\/www.grieta.org.mx\/wp-content\/uploads\/2020\/05\/marcha-desaparecidos-tuxtepec-2-300x153.jpg 300w, https:\/\/www.grieta.org.mx\/wp-content\/uploads\/2020\/05\/marcha-desaparecidos-tuxtepec-2-768x391.jpg 768w\" sizes=\"auto, (max-width: 800px) 100vw, 800px\" \/><\/p>\n<p>Contemplando medidas como la sana distancia y el uso de cubrebocas, el confinamiento mandatado ante la emergencia sanitaria por la Covid-19, no fue obst\u00e1culo para pedir auxilio ante otro mal que poco a poco mata el esp\u00edritu y la esperanza de los familiares de personas no localizadas.<\/p>\n<p>\u201cSalimos a las calles nuevamente para pedir a las autoridades locales, al presidente municipal, al gobernador del estado y al presidente de la Rep\u00fablica, miren hac\u00eda Tuxtepec. Hoy Tuxtepec sufre\u201d, era una de las consignas.<\/p>\n<p>\u201cNecesitamos seguridad, pero tambi\u00e9n, que den el seguimiento adecuado a cada una de las carpetas de investigaci\u00f3n de las chicas desaparecidas. Hay presupuesto para la seguridad y necesitamos que lo inviertan para garantizarla a la ciudadan\u00eda\u201d, expusieron los manifestantes.<\/p>\n<p><img loading=\"lazy\" decoding=\"async\" data-attachment-id=\"49653\" data-permalink=\"https:\/\/www.grieta.org.mx\/index.php\/2020\/05\/22\/en-tuxtepec-abandonan-confinamiento-para-marchar-y-exigir-justicia-por-desaparecidas-oaxaca\/marcha-desaparecidos-tuxtepec-3\/\" data-orig-file=\"https:\/\/www.grieta.org.mx\/wp-content\/uploads\/2020\/05\/marcha-desaparecidos-tuxtepec-3.jpg\" data-orig-size=\"998,480\" data-comments-opened=\"0\" data-image-meta=\"{&quot;aperture&quot;:&quot;0&quot;,&quot;credit&quot;:&quot;&quot;,&quot;camera&quot;:&quot;&quot;,&quot;caption&quot;:&quot;&quot;,&quot;created_timestamp&quot;:&quot;0&quot;,&quot;copyright&quot;:&quot;&quot;,&quot;focal_length&quot;:&quot;0&quot;,&quot;iso&quot;:&quot;0&quot;,&quot;shutter_speed&quot;:&quot;0&quot;,&quot;title&quot;:&quot;&quot;,&quot;orientation&quot;:&quot;0&quot;}\" data-image-title=\"marcha-desaparecidos-tuxtepec-3\" data-image-description=\"\" data-image-caption=\"\" data-medium-file=\"https:\/\/www.grieta.org.mx\/wp-content\/uploads\/2020\/05\/marcha-desaparecidos-tuxtepec-3-300x144.jpg\" data-large-file=\"https:\/\/www.grieta.org.mx\/wp-content\/uploads\/2020\/05\/marcha-desaparecidos-tuxtepec-3.jpg\" class=\"aligncenter wp-image-49653\" src=\"http:\/\/www.grieta.org.mx\/wp-content\/uploads\/2020\/05\/marcha-desaparecidos-tuxtepec-3.jpg\" alt=\"\" width=\"800\" height=\"385\" srcset=\"https:\/\/www.grieta.org.mx\/wp-content\/uploads\/2020\/05\/marcha-desaparecidos-tuxtepec-3.jpg 998w, https:\/\/www.grieta.org.mx\/wp-content\/uploads\/2020\/05\/marcha-desaparecidos-tuxtepec-3-300x144.jpg 300w, https:\/\/www.grieta.org.mx\/wp-content\/uploads\/2020\/05\/marcha-desaparecidos-tuxtepec-3-768x369.jpg 768w\" sizes=\"auto, (max-width: 800px) 100vw, 800px\" \/><\/p>\n<p>Las pancartas de los manifestantes, llevaban impresas los rostros de las j\u00f3venes Casandra Salom\u00f3n, Itzel Gonz\u00e1lez y F\u00e1tima Palacios, reportadas como desaparecidas desde los meses de marzo, abril y mayo, ante la Fiscal\u00eda General del Estado de Oaxaca.<\/p>\n<p><a href=\"https:\/\/pagina3.mx\/2020\/05\/en-tuxtepec-abandonan-confinamiento-para-marchar-y-exigir-justicia\/\" target=\"_blank\" rel=\"noopener noreferrer\">https:\/\/pagina3.mx\/2020\/05\/en-tuxtepec-abandonan-confinamiento-para-marchar-y-exigir-justicia\/<\/a><\/p>\n","protected":false},"excerpt":{"rendered":"<p>P\u00e1gina 3 \/ Corresponsal\u00eda. Tuxtepex, Oax.- Con un hondo dolor a cuestas y la impotencia de no saber d\u00f3nde est\u00e1n sus seres amados, familiares, amigos y conocidos de j\u00f3venes desaparecidas &hellip; <a href=\"https:\/\/www.grieta.org.mx\/index.php\/2020\/05\/22\/en-tuxtepec-abandonan-confinamiento-para-marchar-y-exigir-justicia-por-desaparecidas-oaxaca\/\" class=\"more-link\">Leer m\u00e1s<\/a><\/p>\n","protected":false},"author":2,"featured_media":49650,"comment_status":"closed","ping_status":"closed","sticky":false,"template":"","format":"standard","meta":{"ngg_post_thumbnail":0,"_jetpack_newsletter_access":"","_jetpack_dont_email_post_to_subs":false,"_jetpack_newsletter_tier_id":0,"_jetpack_memberships_contains_paywalled_content":false,"_jetpack_memberships_contains_paid_content":false,"footnotes":""},"categories":[80,1325,3163,2,25,1665],"tags":[],"class_list":["post-49649","post","type-post","status-publish","format-standard","has-post-thumbnail","hentry","category-cintillo","category-feminicidios-en-oaxaca-oaxaca","category-la-lucha-de-las-mujeres-en-oaxaca","category-noticias-nacionales","category-oaxaca","category-violencia-contra-las-mujeres-en-oaxaca","entry"],"jetpack_featured_media_url":"https:\/\/www.grieta.org.mx\/wp-content\/uploads\/2020\/05\/marcha-desaparecidos-tuxtepec.jpg","jetpack_sharing_enabled":true,"jetpack_shortlink":"https:\/\/wp.me\/p7ZJR4-cUN","jetpack_likes_enabled":false,"jetpack-related-posts":[{"id":60360,"url":"https:\/\/www.grieta.org.mx\/index.php\/2021\/07\/05\/con-marcha-del-hartazgo-mujeres-de-tuxtepec-exigen-justicia-ante-el-aumento-de-desapariciones-oaxaca\/","url_meta":{"origin":49649,"position":0},"title":"Con &#8220;marcha del hartazgo&#8221;, mujeres de Tuxtepec exigen justicia ante el aumento de desapariciones (Oaxaca)","author":"grieta","date":"5 julio, 2021","format":false,"excerpt":"Noticias \/ Karla Arrazola. Recuerdan a las mujeres que fueron v\u00edctimas de violencia. TUXTEPEC, Oaxaca.- A convocatoria del colectivo TuxFem en redes sociales, ayer se realiz\u00f3 una marcha para exigir justicia ante el incremento en el n\u00famero de mujeres desaparecidas y el feminicidio de Gisell, joven que fue encontrada sin\u2026","rel":"","context":"En &quot;CINTILLO&quot;","block_context":{"text":"CINTILLO","link":"https:\/\/www.grieta.org.mx\/index.php\/category\/cintillo\/"},"img":{"alt_text":"","src":"https:\/\/i0.wp.com\/www.grieta.org.mx\/wp-content\/uploads\/2021\/07\/Z.jpg?resize=350%2C200&ssl=1","width":350,"height":200,"srcset":"https:\/\/i0.wp.com\/www.grieta.org.mx\/wp-content\/uploads\/2021\/07\/Z.jpg?resize=350%2C200&ssl=1 1x, https:\/\/i0.wp.com\/www.grieta.org.mx\/wp-content\/uploads\/2021\/07\/Z.jpg?resize=525%2C300&ssl=1 1.5x, https:\/\/i0.wp.com\/www.grieta.org.mx\/wp-content\/uploads\/2021\/07\/Z.jpg?resize=700%2C400&ssl=1 2x, https:\/\/i0.wp.com\/www.grieta.org.mx\/wp-content\/uploads\/2021\/07\/Z.jpg?resize=1050%2C600&ssl=1 3x"},"classes":[]},{"id":60357,"url":"https:\/\/www.grieta.org.mx\/index.php\/2021\/07\/06\/colectivas-feministas-de-oaxaca-resisten-a-la-violencia-de-genero-con-acompanamiento-y-orientacion-oaxaca\/","url_meta":{"origin":49649,"position":1},"title":"Colectivas feministas de Oaxaca resisten a la violencia de g\u00e9nero con acompa\u00f1amiento y orientaci\u00f3n (Oaxaca)","author":"grieta","date":"6 julio, 2021","format":false,"excerpt":"Noticias \/ Citlalli Luciana. De manera conjunta, las colectivas han sumado esfuerzos para tejer una red de apoyo y denuncia. Dan acompa\u00f1amiento psicol\u00f3gico, orientaci\u00f3n jur\u00eddica, realizan b\u00fasquedas a pico y pala, acompa\u00f1an a las familias en sus protestas de justicia, de esta manera colectivas feministas resisten a la violencia de\u2026","rel":"","context":"En &quot;CINTILLO&quot;","block_context":{"text":"CINTILLO","link":"https:\/\/www.grieta.org.mx\/index.php\/category\/cintillo\/"},"img":{"alt_text":"","src":"https:\/\/i0.wp.com\/www.grieta.org.mx\/wp-content\/uploads\/2021\/07\/X.jpg?resize=350%2C200&ssl=1","width":350,"height":200,"srcset":"https:\/\/i0.wp.com\/www.grieta.org.mx\/wp-content\/uploads\/2021\/07\/X.jpg?resize=350%2C200&ssl=1 1x, https:\/\/i0.wp.com\/www.grieta.org.mx\/wp-content\/uploads\/2021\/07\/X.jpg?resize=525%2C300&ssl=1 1.5x, https:\/\/i0.wp.com\/www.grieta.org.mx\/wp-content\/uploads\/2021\/07\/X.jpg?resize=700%2C400&ssl=1 2x, https:\/\/i0.wp.com\/www.grieta.org.mx\/wp-content\/uploads\/2021\/07\/X.jpg?resize=1050%2C600&ssl=1 3x"},"classes":[]},{"id":51068,"url":"https:\/\/www.grieta.org.mx\/index.php\/2020\/06\/20\/justicia-ni-una-mas-piden-con-marcha-y-a-gritos-en-tuxtepec-oaxaca\/","url_meta":{"origin":49649,"position":2},"title":"Justicia \u201cni una m\u00e1s\u201d, piden con marcha y a gritos en Tuxtepec (Oaxaca)","author":"grieta","date":"20 junio, 2020","format":false,"excerpt":"P\u00e1gina 3 \/ Corresponsal\u00eda. * No las desaparecieron por putas o pendejas, s\u00f3lo fue por salir adelante. Tuxtepec, Oax.- Feministas, familiares y amigos de personas v\u00edctimas del delito de desaparici\u00f3n en el municipio de Tuxtepec y de la regi\u00f3n de la Cuenca del Papaloapan, marcharon este d\u00eda para pedir justicia\u2026","rel":"","context":"En &quot;CINTILLO&quot;","block_context":{"text":"CINTILLO","link":"https:\/\/www.grieta.org.mx\/index.php\/category\/cintillo\/"},"img":{"alt_text":"","src":"https:\/\/i0.wp.com\/www.grieta.org.mx\/wp-content\/uploads\/2020\/06\/A-1.jpg?resize=350%2C200&ssl=1","width":350,"height":200,"srcset":"https:\/\/i0.wp.com\/www.grieta.org.mx\/wp-content\/uploads\/2020\/06\/A-1.jpg?resize=350%2C200&ssl=1 1x, https:\/\/i0.wp.com\/www.grieta.org.mx\/wp-content\/uploads\/2020\/06\/A-1.jpg?resize=525%2C300&ssl=1 1.5x, https:\/\/i0.wp.com\/www.grieta.org.mx\/wp-content\/uploads\/2020\/06\/A-1.jpg?resize=700%2C400&ssl=1 2x"},"classes":[]},{"id":70308,"url":"https:\/\/www.grieta.org.mx\/index.php\/2024\/10\/20\/van-8-feminicidios-en-el-mes-de-octubre-en-oaxaca-anoche-asesinaron-a-antonieta-una-famosa-costurera-en-tuxtepec-oaxaca\/","url_meta":{"origin":49649,"position":3},"title":"Van 8 feminicidios en el mes de octubre en Oaxaca: Anoche asesinaron a Antonieta, una famosa costurera en Tuxtepec, Oaxaca","author":"grieta","date":"20 octubre, 2024","format":false,"excerpt":"Imagen: Itsmo Press Diana Manzo \/ Itsmo Press #Oaxaca 20 Oct (#Istmopress) \u2013 Antonieta, de 48 a\u00f1os de edad y conocida costurera de Tuxtepec, Oaxaca fue asesinada anoche a balazos en su vivienda. Con este feminicidio, suman 8 mujeres asesinadas en lo que va del mes de octubre en este\u2026","rel":"","context":"En &quot;CINTILLO&quot;","block_context":{"text":"CINTILLO","link":"https:\/\/www.grieta.org.mx\/index.php\/category\/cintillo\/"},"img":{"alt_text":"","src":"https:\/\/i0.wp.com\/www.grieta.org.mx\/wp-content\/uploads\/2024\/10\/1729478970767-1024x576-1.jpg?resize=350%2C200&ssl=1","width":350,"height":200,"srcset":"https:\/\/i0.wp.com\/www.grieta.org.mx\/wp-content\/uploads\/2024\/10\/1729478970767-1024x576-1.jpg?resize=350%2C200&ssl=1 1x, https:\/\/i0.wp.com\/www.grieta.org.mx\/wp-content\/uploads\/2024\/10\/1729478970767-1024x576-1.jpg?resize=525%2C300&ssl=1 1.5x, https:\/\/i0.wp.com\/www.grieta.org.mx\/wp-content\/uploads\/2024\/10\/1729478970767-1024x576-1.jpg?resize=700%2C400&ssl=1 2x"},"classes":[]},{"id":51065,"url":"https:\/\/www.grieta.org.mx\/index.php\/2020\/06\/16\/hallan-tres-fosas-con-restos-humanos-temen-que-sean-de-desaparecidas-en-tuxtepec-oaxaca\/","url_meta":{"origin":49649,"position":4},"title":"Hallan tres fosas con restos humanos; temen que sean de desaparecidas en Tuxtepec (Oaxaca)","author":"grieta","date":"16 junio, 2020","format":false,"excerpt":"Proceso \/ Pedro Mat\u00edas. Rub\u00e9n Vasconcelos, fiscal de Oaxaca. Foto: Twitter @FISCALIA_GobOax AXACA, Oax. (apro).- Tras la detenci\u00f3n de dos hombres, efectuadas el 9 de mayo y 12 de junio pasado, se localizaron tres fosas clandestinas con restos humanos, inform\u00f3 la fiscal\u00eda general de Oaxaca. Hay versiones, aun sin confirmar,\u2026","rel":"","context":"En &quot;CINTILLO&quot;","block_context":{"text":"CINTILLO","link":"https:\/\/www.grieta.org.mx\/index.php\/category\/cintillo\/"},"img":{"alt_text":"","src":"https:\/\/i0.wp.com\/www.grieta.org.mx\/wp-content\/uploads\/2020\/06\/X-1.jpg?resize=350%2C200&ssl=1","width":350,"height":200,"srcset":"https:\/\/i0.wp.com\/www.grieta.org.mx\/wp-content\/uploads\/2020\/06\/X-1.jpg?resize=350%2C200&ssl=1 1x, https:\/\/i0.wp.com\/www.grieta.org.mx\/wp-content\/uploads\/2020\/06\/X-1.jpg?resize=525%2C300&ssl=1 1.5x, https:\/\/i0.wp.com\/www.grieta.org.mx\/wp-content\/uploads\/2020\/06\/X-1.jpg?resize=700%2C400&ssl=1 2x"},"classes":[]},{"id":42061,"url":"https:\/\/www.grieta.org.mx\/index.php\/2019\/12\/09\/tuxtepec-concentra-el-15-de-los-casos-de-feminicidio-en-oaxaca-gesmujer\/","url_meta":{"origin":49649,"position":5},"title":"Tuxtepec concentra el 15% de los casos de feminicidio en Oaxaca: GESMujer","author":"grieta","date":"9 diciembre, 2019","format":false,"excerpt":"Proceso \/ Pedro Mat\u00edas. OAXACA, Oax. (apro).- Tuxtepec es el lugar 36 de los 100 municipios con m\u00e1s presuntos delitos de feminicidio en el pa\u00eds, seg\u00fan informes del Secretariado Ejecutivo del Sistema Nacional de Seguridad P\u00fablica. Seg\u00fan el informe de enero a octubre de 2019, de la Secretar\u00eda de Seguridad\u2026","rel":"","context":"En &quot;CINTILLO&quot;","block_context":{"text":"CINTILLO","link":"https:\/\/www.grieta.org.mx\/index.php\/category\/cintillo\/"},"img":{"alt_text":"","src":"https:\/\/i0.wp.com\/www.grieta.org.mx\/wp-content\/uploads\/2018\/03\/14524434_1106112876131411_958039263622046936_o.jpg?resize=350%2C200&ssl=1","width":350,"height":200,"srcset":"https:\/\/i0.wp.com\/www.grieta.org.mx\/wp-content\/uploads\/2018\/03\/14524434_1106112876131411_958039263622046936_o.jpg?resize=350%2C200&ssl=1 1x, https:\/\/i0.wp.com\/www.grieta.org.mx\/wp-content\/uploads\/2018\/03\/14524434_1106112876131411_958039263622046936_o.jpg?resize=525%2C300&ssl=1 1.5x, https:\/\/i0.wp.com\/www.grieta.org.mx\/wp-content\/uploads\/2018\/03\/14524434_1106112876131411_958039263622046936_o.jpg?resize=700%2C400&ssl=1 2x"},"classes":[]}],"_links":{"self":[{"href":"https:\/\/www.grieta.org.mx\/index.php\/wp-json\/wp\/v2\/posts\/49649","targetHints":{"allow":["GET"]}}],"collection":[{"href":"https:\/\/www.grieta.org.mx\/index.php\/wp-json\/wp\/v2\/posts"}],"about":[{"href":"https:\/\/www.grieta.org.mx\/index.php\/wp-json\/wp\/v2\/types\/post"}],"author":[{"embeddable":true,"href":"https:\/\/www.grieta.org.mx\/index.php\/wp-json\/wp\/v2\/users\/2"}],"replies":[{"embeddable":true,"href":"https:\/\/www.grieta.org.mx\/index.php\/wp-json\/wp\/v2\/comments?post=49649"}],"version-history":[{"count":1,"href":"https:\/\/www.grieta.org.mx\/index.php\/wp-json\/wp\/v2\/posts\/49649\/revisions"}],"predecessor-version":[{"id":49654,"href":"https:\/\/www.grieta.org.mx\/index.php\/wp-json\/wp\/v2\/posts\/49649\/revisions\/49654"}],"wp:featuredmedia":[{"embeddable":true,"href":"https:\/\/www.grieta.org.mx\/index.php\/wp-json\/wp\/v2\/media\/49650"}],"wp:attachment":[{"href":"https:\/\/www.grieta.org.mx\/index.php\/wp-json\/wp\/v2\/media?parent=49649"}],"wp:term":[{"taxonomy":"category","embeddable":true,"href":"https:\/\/www.grieta.org.mx\/index.php\/wp-json\/wp\/v2\/categories?post=49649"},{"taxonomy":"post_tag","embeddable":true,"href":"https:\/\/www.grieta.org.mx\/index.php\/wp-json\/wp\/v2\/tags?post=49649"}],"curies":[{"name":"wp","href":"https:\/\/api.w.org\/{rel}","templated":true}]}}