{"id":49637,"date":"2020-05-22T16:25:29","date_gmt":"2020-05-22T21:25:29","guid":{"rendered":"http:\/\/www.grieta.org.mx\/?p=49637"},"modified":"2020-05-22T16:25:29","modified_gmt":"2020-05-22T21:25:29","slug":"antes-que-las-eolicas-indigenas-se-quejaron-de-ser-pisoteados-y-ellas-y-gobiernos-los-ignoraron","status":"publish","type":"post","link":"https:\/\/www.grieta.org.mx\/index.php\/2020\/05\/22\/antes-que-las-eolicas-indigenas-se-quejaron-de-ser-pisoteados-y-ellas-y-gobiernos-los-ignoraron\/","title":{"rendered":"Antes que las e\u00f3licas, ind\u00edgenas se quejaron de ser pisoteados. Y ellas, y gobiernos, los ignoraron"},"content":{"rendered":"<p>Guadalupe Fuentes L\u00f3pez \/ Sin Embargo<\/p>\n<blockquote><p>La Reforma Energ\u00e9tica, aprobada en 2013, permiti\u00f3 la participaci\u00f3n de privados en el sector el\u00e9ctrico para producir energ\u00eda fotovoltaica (solar) y e\u00f3lica (viento). Si bien las energ\u00edas renovables fueron un paso adelante, la forma en que las empresas se instalaron en las comunidades de Oaxaca y Yucat\u00e1n violaron los derechos de los pueblos: pagaron rentas m\u00ednimas por la explotaci\u00f3n de tierras, no se realizaron consultas previas y el Gobierno, con ayuda de la CRE, aprob\u00f3 proyectos antes de consultar a los habitantes, documentaron pobladores quienes reviven sus quejas en medio de un momento convulso en el sector energ\u00e9tico mexicano.<\/p><\/blockquote>\n<p>Ciudad de M\u00e9xico, 22 de mayo (SinEmbargo).\u2013 \u201cTenemos un proyecto que a ustedes como ejido les va a dejar mucho dinero; solo necesitamos que se convoque a una asamblea\u201d, le dijeron en 2016 al comisario ejidal de la localidad de Sinanch\u00e9, que se ubica al norte de la Pen\u00ednsula de Yucat\u00e1n. D\u00edas despu\u00e9s se realiz\u00f3 la reuni\u00f3n, llegaron los ejidatarios y representantes de una empresa que construir\u00eda un parque e\u00f3lico. Les prometieron un pago justo por la renta de sus tierras y una consulta previa, libre e informada. Pero los enga\u00f1aron. Los contratos que se firmaron eran \u201ccompletamente leoninos\u201d, en ninguno se estipulaba alguna sanci\u00f3n si se incumpl\u00eda con los pagos o si se destru\u00edan los ecosistemas, cont\u00f3 Ezer R. May May, defensor de los pueblos mayas.<\/p>\n<p>As\u00ed fue como la mayor\u00eda de las empresas lleg\u00f3 a Yucat\u00e1n y a Oaxaca a construir parques e\u00f3licos luego de que en el a\u00f1o 2013, la reci\u00e9n aprobada Reforma Energ\u00e9tica permiti\u00f3 la participaci\u00f3n de privados en el sector el\u00e9ctrico y la explotaci\u00f3n de hidrocarburos. Ahora, cuando el sector energ\u00e9tico mexicano atraviesa por un momento convulso debido a un acuerdo del Centro Nacional de Control de Energ\u00eda (Cenace) y de una disposici\u00f3n de la Secretar\u00eda de Energ\u00eda que limita la generaci\u00f3n de energ\u00eda renovable, estas compa\u00f1\u00edas vuelven a colocarse en el centro de atenci\u00f3n, pues si bien es cierto que M\u00e9xico requiere el desarrollo de energ\u00edas limpias, \u00e9ste no debe violar los derechos humanos.<\/p>\n<p><img loading=\"lazy\" decoding=\"async\" data-attachment-id=\"49638\" data-permalink=\"https:\/\/www.grieta.org.mx\/index.php\/2020\/05\/22\/antes-que-las-eolicas-indigenas-se-quejaron-de-ser-pisoteados-y-ellas-y-gobiernos-los-ignoraron\/cuartoscuro_572396_digital\/\" data-orig-file=\"https:\/\/www.grieta.org.mx\/wp-content\/uploads\/2020\/05\/cuartoscuro_572396_digital.jpeg\" data-orig-size=\"700,375\" data-comments-opened=\"0\" data-image-meta=\"{&quot;aperture&quot;:&quot;0&quot;,&quot;credit&quot;:&quot;&quot;,&quot;camera&quot;:&quot;&quot;,&quot;caption&quot;:&quot;&quot;,&quot;created_timestamp&quot;:&quot;0&quot;,&quot;copyright&quot;:&quot;&quot;,&quot;focal_length&quot;:&quot;0&quot;,&quot;iso&quot;:&quot;0&quot;,&quot;shutter_speed&quot;:&quot;0&quot;,&quot;title&quot;:&quot;&quot;,&quot;orientation&quot;:&quot;0&quot;}\" data-image-title=\"cuartoscuro_572396_digital\" data-image-description=\"\" data-image-caption=\"\" data-medium-file=\"https:\/\/www.grieta.org.mx\/wp-content\/uploads\/2020\/05\/cuartoscuro_572396_digital-300x161.jpeg\" data-large-file=\"https:\/\/www.grieta.org.mx\/wp-content\/uploads\/2020\/05\/cuartoscuro_572396_digital.jpeg\" src=\"http:\/\/www.grieta.org.mx\/wp-content\/uploads\/2020\/05\/cuartoscuro_572396_digital.jpeg\" alt=\"\" width=\"700\" height=\"375\" class=\"aligncenter size-full wp-image-49638\" srcset=\"https:\/\/www.grieta.org.mx\/wp-content\/uploads\/2020\/05\/cuartoscuro_572396_digital.jpeg 700w, https:\/\/www.grieta.org.mx\/wp-content\/uploads\/2020\/05\/cuartoscuro_572396_digital-300x161.jpeg 300w\" sizes=\"auto, (max-width: 700px) 100vw, 700px\" \/><br \/>\nLa Reforma Energ\u00e9tica, aprobada en 2013, permiti\u00f3 la participaci\u00f3n de privados en el sector el\u00e9ctrico para producir energ\u00eda fotovoltaica (solar) y e\u00f3lica (viento). Foto: Cuartoscuro.<\/p>\n<p> \u201cNo es que no nos parezca importante un parque e\u00f3lico o que no sea necesario transitar a una nueva forma de producci\u00f3n el\u00e9ctrica y energ\u00e9tica, con lo que estamos en desacuerdo es en c\u00f3mo llegaron las empresas\u201d, explic\u00f3 Ezer, quien logr\u00f3 frenar en Kimbil\u00e1 (localidad del municipio de Izamal ubicada a 45 kil\u00f3metros de M\u00e9rida) un parque e\u00f3lico de la empresa espa\u00f1ola Elecnor.<\/p>\n<p>El tambi\u00e9n antrop\u00f3logo e historiador destac\u00f3 que la resistencia de los pueblos no es en contra de los megaproyectos, en este caso los parques e\u00f3licos, sino en las formas en que se establecieron: enga\u00f1ando a los ejidatarios.<\/p>\n<p>    \u201cLa empresa llega y busca al comisario ejidal y le da dinero, luego el comisario se asombra y le dice que va a convocar a una asamblea. Entonces, el comit\u00e9 ejidal lo que hace es invitar a los ejidatarios y trata de convencerlos de que acepten el proyecto, de tal forma que cuando ya se realizan las asambleas todos los ejidatarios est\u00e1n de acuerdo en firmar los contratos\u201d, dijo Ezer a SinEmbargo, quien tambi\u00e9n colabora en el Foro para el Desarrollo Sustentable AC.<\/p>\n<p>Pero el desencanto para los ejidatarios de Oaxaca y Yucat\u00e1n lleg\u00f3 d\u00edas despu\u00e9s, ya cuando se hab\u00edan firmado los contratos.<\/p>\n<p> Algunas veces las empresas no depositaban o lo hac\u00edan d\u00edas despu\u00e9s de lo acordado. En otras ocasiones era el comisario quien les reduc\u00eda el monto a los ejidatarios argumentando que era para el mantenimiento del comisariado ejidal.<\/p>\n<p>    \u201cEl asunto es que los contratos que se firmaban eran completamente leoninos, ni siquiera eran revisados a conciencia\u201d, expuso Ezer May. \u201cNosotros tuvimos acceso a dos contratos que se firmaron y en ninguno se estipulaba alguna sanci\u00f3n por si la empresa incumpl\u00eda los pagos prometidos\u201d.<\/p>\n<p>El activista detall\u00f3 que si el ejido quer\u00eda demandar a la empresa por incumplimiento de contrato por no pagarles a los ejidatarios era complicado porque el contrato que se hab\u00eda firmado no ten\u00eda contemplado que existiera una sanci\u00f3n por esta causa, pero s\u00ed las hab\u00eda para los habitantes en caso de que el ejido incumpliera en ya no querer rentarles sus tierras.<\/p>\n<p>    Sobre este tema, el Presidente Andr\u00e9s Manuel L\u00f3pez Obrador justific\u00f3 su decisi\u00f3n de limitar la generaci\u00f3n de energ\u00edas renovables denunciando esta semana en su conferencia ma\u00f1anera que hubo \u201ccontratos leoninos muy favorables a las empresas particulares\u201d, pero el Ejecutivo federal se refer\u00eda a la parte de la competencia, a que excluyeron a la Comisi\u00f3n Federal de Electricidad (CFE), no a las afectaciones de los pueblos.<\/p>\n<p><img loading=\"lazy\" decoding=\"async\" data-attachment-id=\"49639\" data-permalink=\"https:\/\/www.grieta.org.mx\/index.php\/2020\/05\/22\/antes-que-las-eolicas-indigenas-se-quejaron-de-ser-pisoteados-y-ellas-y-gobiernos-los-ignoraron\/cuartoscuro_396219_juchitan\/\" data-orig-file=\"https:\/\/www.grieta.org.mx\/wp-content\/uploads\/2020\/05\/cuartoscuro_396219_Juchitan.jpeg\" data-orig-size=\"700,467\" data-comments-opened=\"0\" data-image-meta=\"{&quot;aperture&quot;:&quot;0&quot;,&quot;credit&quot;:&quot;&quot;,&quot;camera&quot;:&quot;&quot;,&quot;caption&quot;:&quot;&quot;,&quot;created_timestamp&quot;:&quot;0&quot;,&quot;copyright&quot;:&quot;&quot;,&quot;focal_length&quot;:&quot;0&quot;,&quot;iso&quot;:&quot;0&quot;,&quot;shutter_speed&quot;:&quot;0&quot;,&quot;title&quot;:&quot;&quot;,&quot;orientation&quot;:&quot;0&quot;}\" data-image-title=\"cuartoscuro_396219_Juchitan\" data-image-description=\"\" data-image-caption=\"\" data-medium-file=\"https:\/\/www.grieta.org.mx\/wp-content\/uploads\/2020\/05\/cuartoscuro_396219_Juchitan-300x200.jpeg\" data-large-file=\"https:\/\/www.grieta.org.mx\/wp-content\/uploads\/2020\/05\/cuartoscuro_396219_Juchitan.jpeg\" src=\"http:\/\/www.grieta.org.mx\/wp-content\/uploads\/2020\/05\/cuartoscuro_396219_Juchitan.jpeg\" alt=\"\" width=\"700\" height=\"467\" class=\"aligncenter size-full wp-image-49639\" srcset=\"https:\/\/www.grieta.org.mx\/wp-content\/uploads\/2020\/05\/cuartoscuro_396219_Juchitan.jpeg 700w, https:\/\/www.grieta.org.mx\/wp-content\/uploads\/2020\/05\/cuartoscuro_396219_Juchitan-300x200.jpeg 300w\" sizes=\"auto, (max-width: 700px) 100vw, 700px\" \/><br \/>\nEn esta imagen de febrero de 2013 se observan pintas realizadas en Juchit\u00e1n, Oaxaca, en contra de la instalaci\u00f3n de un parque e\u00f3lico de m\u00e1s de 100 aerogeneradores. Foto: Arturo P\u00e9rez, Cuartoscuro.<\/p>\n<p>Para el a\u00f1o 2018 se ten\u00eda el registro de aproximadamente 18 parques e\u00f3licos y 11 proyectos fotovoltaicos (solar) ubicados en 32 localidades de Yucat\u00e1n. De \u00e9stos, siete proyectos enfrentaban demandas ante tribunales agrarios. Por ejemplo, el Parque E\u00f3lico Sinanch\u00e9 (operado por las empresas Fuerza y Energ\u00eda Limpia de Yucat\u00e1n y Fuerza y Energ\u00eda Limpia de Kukulk\u00e1n), el Parque Chacabal 1 y Parque Chacabal 2, (de Aldesa Energ\u00eda Renovables) y el Parque E\u00f3lico Cansahcab (de la empresa BHCE Yucat\u00e1n 1).<\/p>\n<p>Esta semana, el Cenace orden\u00f3 la reactivaci\u00f3n a \u00faltima hora del martes de las pruebas preoperativas en las centrales de energ\u00eda renovable, despu\u00e9s de que varias empresas operadoras recibieran amparos judiciales, seg\u00fan informaci\u00f3n de la agencia EFE.<\/p>\n<p>    El Cenace hab\u00eda prohibido estas pr\u00e1cticas con un acuerdo en vigor desde el 1 de mayo, seg\u00fan el cual las centrales renovables supon\u00edan un peligro para la seguridad energ\u00e9tica en el pa\u00eds durante la pandemia por su intermitencia en la generaci\u00f3n. Hab\u00eda suspendido las actividades en 17 centrales, 7 e\u00f3licas y 10 fotovoltaicas.<\/p>\n<p><img loading=\"lazy\" decoding=\"async\" data-attachment-id=\"49640\" data-permalink=\"https:\/\/www.grieta.org.mx\/index.php\/2020\/05\/22\/antes-que-las-eolicas-indigenas-se-quejaron-de-ser-pisoteados-y-ellas-y-gobiernos-los-ignoraron\/cuartoscuro_192474_eolicas\/\" data-orig-file=\"https:\/\/www.grieta.org.mx\/wp-content\/uploads\/2020\/05\/cuartoscuro_192474_eolicas.jpeg\" data-orig-size=\"700,467\" data-comments-opened=\"0\" data-image-meta=\"{&quot;aperture&quot;:&quot;0&quot;,&quot;credit&quot;:&quot;&quot;,&quot;camera&quot;:&quot;&quot;,&quot;caption&quot;:&quot;&quot;,&quot;created_timestamp&quot;:&quot;0&quot;,&quot;copyright&quot;:&quot;&quot;,&quot;focal_length&quot;:&quot;0&quot;,&quot;iso&quot;:&quot;0&quot;,&quot;shutter_speed&quot;:&quot;0&quot;,&quot;title&quot;:&quot;&quot;,&quot;orientation&quot;:&quot;0&quot;}\" data-image-title=\"cuartoscuro_192474_eolicas\" data-image-description=\"\" data-image-caption=\"\" data-medium-file=\"https:\/\/www.grieta.org.mx\/wp-content\/uploads\/2020\/05\/cuartoscuro_192474_eolicas-300x200.jpeg\" data-large-file=\"https:\/\/www.grieta.org.mx\/wp-content\/uploads\/2020\/05\/cuartoscuro_192474_eolicas.jpeg\" src=\"http:\/\/www.grieta.org.mx\/wp-content\/uploads\/2020\/05\/cuartoscuro_192474_eolicas.jpeg\" alt=\"\" width=\"700\" height=\"467\" class=\"aligncenter size-full wp-image-49640\" srcset=\"https:\/\/www.grieta.org.mx\/wp-content\/uploads\/2020\/05\/cuartoscuro_192474_eolicas.jpeg 700w, https:\/\/www.grieta.org.mx\/wp-content\/uploads\/2020\/05\/cuartoscuro_192474_eolicas-300x200.jpeg 300w\" sizes=\"auto, (max-width: 700px) 100vw, 700px\" \/><br \/>\nPara el a\u00f1o 2018 se ten\u00eda el registro de aproximadamente 18 parques e\u00f3licos y 11 proyectos fotovoltaicos (solar) ubicados en 32 localidades de Yucat\u00e1n. De \u00e9stos, siete enfrentaban demandas ante tribunales agrarios. Foto: Cuartoscuro.<\/p>\n<p>    Sin embargo, seg\u00fan un documento emitido por el regulador y proporcionado a EFE por fuentes del sector, el regulador autoriz\u00f3 ya a \u00faltima hora del martes la reactivaci\u00f3n de las pruebas preoperativas en 23 parques.<\/p>\n<p>De acuerdo con la plataforma de datos abiertos del Gobierno federal, actualmente hay al menos 154 empresas con permisos para generar electricidad con energ\u00eda renovable (solar, hidr\u00e1hulica y e\u00f3lica) que est\u00e1n operando en los estados de Oaxaca, Veracruz, Nayarit, Guerrero, Jalisco, Puebla, Nuevo Le\u00f3n, Baja California, Guanajuato, Tamaulipas, Aguascalientes, San Luis Potos\u00ed, Estado de M\u00e9xico, Baja California Sur, Sinaloa, Sonora, Chiapas, Coahuila, Durango, Yucat\u00e1n, Chihuahua, Zacatecas, Michoac\u00e1n y Quer\u00e9taro.<\/p>\n<div class=\"infogram-embed\" data-id=\"5199088f-0ec5-4768-b6ab-c8aa93538cf2\" data-type=\"interactive\" data-title=\"PERMISOS PARA GENERAR ELECTRICIDAD\"><\/div>\n<p><script>!function(e,i,n,s){var t=\"InfogramEmbeds\",d=e.getElementsByTagName(\"script\")[0];if(window[t]&&window[t].initialized)window[t].process&&window[t].process();else if(!e.getElementById(n)){var o=e.createElement(\"script\");o.async=1,o.id=n,o.src=\"https:\/\/e.infogram.com\/js\/dist\/embed-loader-min.js\",d.parentNode.insertBefore(o,d)}}(document,0,\"infogram-async\");<\/script><br \/>\nVIOLACIONES EN EL ITSMO <\/p>\n<p>El Istmo de Tehuantepec, conformado por los distritos de Juchit\u00e1n y Tehuantepec en el estado de Oaxaca, es una regi\u00f3n que se caracteriza por vientos dominantes que vienen del Golfo de M\u00e9xico y desembocan por una cadena de monta\u00f1as hacia el Pac\u00edfico. Una cualidad que la hace atractiva para las empresas que producen energ\u00eda e\u00f3lica.<\/p>\n<p>    Desde el cielo se observa un espect\u00e1culo con miles de aerogeneradores que dan vueltas impulsados por las r\u00e1fagas de viento. Abajo, ya en tierra firme, solo hay caminos sin pavimentar que conducen a localidades como el fraccionamiento Simona Robles, una zona arbolada del municipio de Juchit\u00e1n. No hay escuelas de nivel b\u00e1sico (preescolar y primaria) ni agua potable. Las casas son unos cuartos peque\u00f1os con techos de l\u00e1mina donde habitan pobladores quienes nunca vieron las promesas de la Reforma Energ\u00e9tica.<\/p>\n<p><img loading=\"lazy\" decoding=\"async\" data-attachment-id=\"49642\" data-permalink=\"https:\/\/www.grieta.org.mx\/index.php\/2020\/05\/22\/antes-que-las-eolicas-indigenas-se-quejaron-de-ser-pisoteados-y-ellas-y-gobiernos-los-ignoraron\/cuartoscuro_41203_deolicas\/\" data-orig-file=\"https:\/\/www.grieta.org.mx\/wp-content\/uploads\/2020\/05\/cuartoscuro_41203_deolicas.jpeg\" data-orig-size=\"700,1050\" data-comments-opened=\"0\" data-image-meta=\"{&quot;aperture&quot;:&quot;0&quot;,&quot;credit&quot;:&quot;&quot;,&quot;camera&quot;:&quot;&quot;,&quot;caption&quot;:&quot;&quot;,&quot;created_timestamp&quot;:&quot;0&quot;,&quot;copyright&quot;:&quot;&quot;,&quot;focal_length&quot;:&quot;0&quot;,&quot;iso&quot;:&quot;0&quot;,&quot;shutter_speed&quot;:&quot;0&quot;,&quot;title&quot;:&quot;&quot;,&quot;orientation&quot;:&quot;0&quot;}\" data-image-title=\"cuartoscuro_41203_deolicas\" data-image-description=\"\" data-image-caption=\"\" data-medium-file=\"https:\/\/www.grieta.org.mx\/wp-content\/uploads\/2020\/05\/cuartoscuro_41203_deolicas-200x300.jpeg\" data-large-file=\"https:\/\/www.grieta.org.mx\/wp-content\/uploads\/2020\/05\/cuartoscuro_41203_deolicas-683x1024.jpeg\" src=\"http:\/\/www.grieta.org.mx\/wp-content\/uploads\/2020\/05\/cuartoscuro_41203_deolicas.jpeg\" alt=\"\" width=\"700\" height=\"1050\" class=\"aligncenter size-full wp-image-49642\" srcset=\"https:\/\/www.grieta.org.mx\/wp-content\/uploads\/2020\/05\/cuartoscuro_41203_deolicas.jpeg 700w, https:\/\/www.grieta.org.mx\/wp-content\/uploads\/2020\/05\/cuartoscuro_41203_deolicas-200x300.jpeg 200w, https:\/\/www.grieta.org.mx\/wp-content\/uploads\/2020\/05\/cuartoscuro_41203_deolicas-683x1024.jpeg 683w, https:\/\/www.grieta.org.mx\/wp-content\/uploads\/2020\/05\/cuartoscuro_41203_deolicas-333x500.jpeg 333w\" sizes=\"auto, (max-width: 700px) 100vw, 700px\" \/><br \/>\nEl Istmo de Tehuantepec, conformado por los distritos de Juchit\u00e1n y Tehuantepec en el estado de Oaxaca, es una regi\u00f3n que se caracteriza por vientos dominantes. Foto: Cuartoscuro.<\/p>\n<p>Como sucedi\u00f3 en Yucat\u00e1n, a Oaxaca llegaron empresas, muchas de ellas extranjeras, para instalar parques e\u00f3licos como el Proyecto E\u00f3lica del Sur, el parque e\u00f3lico m\u00e1s grande de Am\u00e9rica Latina con 132 aerogeneradores en una superficie de 5 mil 332 hect\u00e1reas.<\/p>\n<p>Este proyecto, donde se realiz\u00f3 la primera consulta con el marco legal de la Reforma Energ\u00e9tica, es clave para entender las violaciones a los derechos de los pueblos ind\u00edgenas por parte de las empresas de energ\u00edas renovables.<\/p>\n<p>    En el a\u00f1o 2014, el Gobierno federal anunci\u00f3 que se realizar\u00eda una consulta con los pueblos del Istmo de Tehuantepec en donde Proyecto E\u00f3lica del Sur pretend\u00eda instalarse, pero durante ese periodo, la Comisi\u00f3n Reguladora de Energ\u00eda (CRE) entreg\u00f3 a la empresa la autorizaci\u00f3n para explotar la energ\u00eda el\u00e9ctrica, pese a que los est\u00e1ndares internacionales se\u00f1alan que la consulta tiene que ser previa y que los pueblos deben participar hasta en la Manifestaci\u00f3n de Impacto Ambiental.<\/p>\n<div class=\"jetpack-video-wrapper\"><iframe loading=\"lazy\" title=\"Comunidad de Oaxaca lucha contra e\u00f3lica\" width=\"1170\" height=\"658\" src=\"https:\/\/www.youtube.com\/embed\/MPEHDeJPJHk?feature=oembed\" frameborder=\"0\" allow=\"accelerometer; autoplay; clipboard-write; encrypted-media; gyroscope; picture-in-picture\" allowfullscreen><\/iframe><\/div>\n<p>Bettina Cruz Vel\u00e1zquez, integrante de la Asamblea de los Pueblos Ind\u00edgenas del Istmo de Tehuantepec en Defensa de la Tierra y el Territorio en Oaxaca, encabez\u00f3 entonces una lucha en contra del proyecto que pretend\u00eda instalarse desde el 2015.<\/p>\n<p>Durante la consulta, denunciaron pobladores, hubo presiones por parte de los arrendatarios, constructores y caciques locales, quienes amenazaron a las organizaciones contrarias al proyecto. Estas irregularidades fueron denunciadas por integrantes del pueblo Binniz\u00e1 en septiembre de 2015 y se logr\u00f3 suspender el proyecto por casi tres a\u00f1os hasta que un cambio de juez benefici\u00f3 a la empresa.<\/p>\n<p>    \u201cEn febrero de 2016 cambian al juez que nos dio el amparo y lo mandan hasta Tamaulipas. Despu\u00e9s de eso llega el juez para sobreseer (suspender el procedimiento judicial) el amparo\u201d, explic\u00f3 Bettina en una entrevista con la organizaci\u00f3n Fundar en el a\u00f1o de 2018.<\/p>\n<p> A partir de entonces, las comunidades iniciaron una lucha para que el caso fuera atra\u00eddo por la Suprema Corte de Justicia de la Naci\u00f3n (SCJN), la cual le dio entrada de forma un\u00e1nime para su an\u00e1lisis.<\/p>\n<p>Sin embargo, en noviembre de 2018, la Primera Sala de la SCJN neg\u00f3 el amparo a la asamblea de Pueblos Ind\u00edgenas del Istmo de Tehuantepec. Con tres votos a favor y dos en contra, se determin\u00f3 que s\u00ed se realiz\u00f3 una consulta a la poblaci\u00f3n sobre el parque e\u00f3lico, pese a que el proceso se inici\u00f3 antes de la publicaci\u00f3n de la convocatoria.<\/p>\n<p>Los ministros Arturo Zald\u00edvar Lelo de Larrea y Norma Hern\u00e1ndez Pi\u00f1a votaron a favor del amparo a los pueblos, al considerar que no se respet\u00f3 el derecho a la consulta.<\/p>\n<p>Actualmente hay 1,915 aerogeneradores en 25 parques e\u00f3licos y ni uno de ellos ha sido con la consulta previa libre e informada, denunciaron pobladores.<\/p>\n<p>    \u201cLas empresas dicen que traen mucho progreso y muchas ganancias, pero se vive en una pobreza extrema\u201d, dijo Mariano L\u00f3pez G\u00f3mez, habitante de Juchit\u00e1n en un video de la organizaci\u00f3n Cencos. \u201cYa no queremos que se instale ni un solo aerogenerador m\u00e1s. No queremos que esta energ\u00eda siga alimentando a las grandes transnacionales\u201d.<\/p>\n<div class=\"jetpack-video-wrapper\"><iframe loading=\"lazy\" title=\"Pueblos del Istmo de Oaxaca rechazan empresas e\u00f3licas.\" width=\"1170\" height=\"658\" src=\"https:\/\/www.youtube.com\/embed\/2jqC-vTBmyc?feature=oembed\" frameborder=\"0\" allow=\"accelerometer; autoplay; clipboard-write; encrypted-media; gyroscope; picture-in-picture\" allowfullscreen><\/iframe><\/div>\n<p>HACIA UNA ENERG\u00cdA VERDE SIN VIOLAR DERECHOS<\/p>\n<p>Organizaciones como Greenpeace, El Poder del Consumidor, el Centro Mexicano de Derecho Ambiental y la Iniciativa Clim\u00e1tica de M\u00e9xico coincidieron en que es necesario que M\u00e9xico transite de una energ\u00eda f\u00f3sil a las renovables, pero sin violar los derechos de los pueblos.<\/p>\n<p>    Pablo Ram\u00edrez, especialista en Energ\u00eda y Cambio Clim\u00e1tico de Greenpeace M\u00e9xico, reconoci\u00f3 que algunas de las empresas e\u00f3licas cometieron los mismos errores de los megaproyectos extractivistas.<\/p>\n<p> \u201cAqu\u00ed hablamos de un problema de la l\u00f3gica de implementaci\u00f3n de los proyectos, muchos de los proyectos de energ\u00edas renovables que se han implementado van siguiendo esta misma l\u00f3gica de megaproyectos extractivistas, basados en la violaci\u00f3n de los derechos humanos y en el despojo. Nosotros creemos que una transici\u00f3n energ\u00e9tica que viola los derechos humanos y que afecta ecosistemas tampoco es una soluci\u00f3n\u201d, dijo esta semana durante una conferencia.<\/p>\n<p>Stephan Brodziak, de El Poder del Consumidor, consider\u00f3 que se debe mejorar el marco de planeaci\u00f3n del sector energ\u00e9tico para evitar estas irregularidades: \u201cLa transici\u00f3n energ\u00e9tica s\u00ed, pero no a cualquier costo. Se debe mejorar el marco de planeaci\u00f3n del sector energ\u00e9tico para que garantice la consulta ind\u00edgena previa, libre e informada. Es el momento adecuado para hacer una revisi\u00f3n y mejoras. Los proyectos de las termoel\u00e9ctricas tampoco respetaron los derechos de las comunidades\u201d.<\/p>\n<p><a href=\"https:\/\/www.sinembargo.mx\/22-05-2020\/3789827\" rel=\"noopener noreferrer\" target=\"_blank\">https:\/\/www.sinembargo.mx\/22-05-2020\/3789827<\/a><\/p>\n","protected":false},"excerpt":{"rendered":"<p>Guadalupe Fuentes L\u00f3pez \/ Sin Embargo La Reforma Energ\u00e9tica, aprobada en 2013, permiti\u00f3 la participaci\u00f3n de privados en el sector el\u00e9ctrico para producir energ\u00eda fotovoltaica (solar) y e\u00f3lica (viento). Si &hellip; <a href=\"https:\/\/www.grieta.org.mx\/index.php\/2020\/05\/22\/antes-que-las-eolicas-indigenas-se-quejaron-de-ser-pisoteados-y-ellas-y-gobiernos-los-ignoraron\/\" class=\"more-link\">Leer m\u00e1s<\/a><\/p>\n","protected":false},"author":2,"featured_media":49640,"comment_status":"closed","ping_status":"closed","sticky":false,"template":"","format":"standard","meta":{"ngg_post_thumbnail":0,"_jetpack_newsletter_access":"","_jetpack_dont_email_post_to_subs":false,"_jetpack_newsletter_tier_id":0,"_jetpack_memberships_contains_paywalled_content":false,"_jetpack_memberships_contains_paid_content":false,"footnotes":""},"categories":[60,80,1306,539,984,1,954,3,922,941,952,2,25,540,37,1058,1051,420,36],"tags":[3178],"class_list":["post-49637","post","type-post","status-publish","format-standard","has-post-thumbnail","hentry","category-16-pueblo-maya","category-cintillo","category-conflictos-por-parques-eolicos-en-oaxaca","category-corredor-eolico-del-istmo-de-tehuantepec","category-esp-yucatan","category-espejos-de-la-resistencia","category-espejos-estados","category-megaproyectos","category-megaproyectos-estados","category-mp-oaxaca","category-mp-yucatan","category-noticias-nacionales","category-oaxaca","category-parque-eolico-dzilam-de-bravo-yucatan","category-parques-eolicos","category-parques-eolicos-y-solares-en-yucatan-mp-yucatan","category-parques-eolicos-y-solares-en-yucatan","category-parques-solares","category-yucatan","tag-resistencia-a-eolicas-y-fotovoltaaicas","entry"],"jetpack_featured_media_url":"https:\/\/www.grieta.org.mx\/wp-content\/uploads\/2020\/05\/cuartoscuro_192474_eolicas.jpeg","jetpack_sharing_enabled":true,"jetpack_shortlink":"https:\/\/wp.me\/p7ZJR4-cUB","jetpack_likes_enabled":false,"jetpack-related-posts":[{"id":6189,"url":"https:\/\/www.grieta.org.mx\/index.php\/2016\/08\/29\/avanzan-proyectos-de-parques-eolicos-en-yucatan\/","url_meta":{"origin":49637,"position":0},"title":"Avanzan proyectos de parques e\u00f3licos en Yucat\u00e1n","author":"grieta","date":"29 agosto, 2016","format":false,"excerpt":"29\/08\/16. Sorpresa en obra e\u00f3lica (Yucat\u00e1n) Diario de Yucat\u00e1n 11\/06\/16. En Yucat\u00e1n, empresas de energ\u00eda e\u00f3lica obtendr\u00e1n cr\u00e9ditos hipotecando tierras mayas Mayapolitikon 31\/03\/16. Motul y Ticul \u201cacaparan\u201d parques e\u00f3licos y solares en Yucat\u00e1n Mayapolitikon 03\/12\/15. Pronto nuevo parque e\u00f3lico Diario de Yucat\u00e1n 23\/10\/15. Primer parque e\u00f3lico de Yucat\u00e1n 'alimentar\u00e1' todos\u2026","rel":"","context":"En &quot;16. Pueblo Maya&quot;","block_context":{"text":"16. Pueblo Maya","link":"https:\/\/www.grieta.org.mx\/index.php\/category\/espejos-de-la-resistencia\/16-pueblo-maya\/"},"img":{"alt_text":"","src":"https:\/\/i0.wp.com\/www.grieta.org.mx\/wp-content\/uploads\/2018\/03\/14524434_1106112876131411_958039263622046936_o.jpg?resize=350%2C200&ssl=1","width":350,"height":200,"srcset":"https:\/\/i0.wp.com\/www.grieta.org.mx\/wp-content\/uploads\/2018\/03\/14524434_1106112876131411_958039263622046936_o.jpg?resize=350%2C200&ssl=1 1x, https:\/\/i0.wp.com\/www.grieta.org.mx\/wp-content\/uploads\/2018\/03\/14524434_1106112876131411_958039263622046936_o.jpg?resize=525%2C300&ssl=1 1.5x, https:\/\/i0.wp.com\/www.grieta.org.mx\/wp-content\/uploads\/2018\/03\/14524434_1106112876131411_958039263622046936_o.jpg?resize=700%2C400&ssl=1 2x"},"classes":[]},{"id":54206,"url":"https:\/\/www.grieta.org.mx\/index.php\/2020\/10\/14\/parques-eolicos-causaron-las-inundaciones-afirman-ejidatarios-de-ixil-yucatan\/","url_meta":{"origin":49637,"position":1},"title":"\u201cParques e\u00f3licos causaron las inundaciones\u201d, afirman ejidatarios de Ixil (Yucat\u00e1n)","author":"grieta","date":"14 octubre, 2020","format":false,"excerpt":"MayaPolitikon \u201cTengo sesenta a\u00f1os y jam\u00e1s hab\u00eda visto inundaciones como estas que padecemos hoy\u201d, dice Cecilio Cisneros, un ejidatario de Ixil cuyo comisariado encabeza la resistencia a la entrada de parques e\u00f3licos en el territorio. \u00bf\u201dHacia d\u00f3nde quieren que corra el agua, si le han bloqueado el paso hacia la\u2026","rel":"","context":"En &quot;CINTILLO&quot;","block_context":{"text":"CINTILLO","link":"https:\/\/www.grieta.org.mx\/index.php\/category\/cintillo\/"},"img":{"alt_text":"","src":"https:\/\/i0.wp.com\/www.grieta.org.mx\/wp-content\/uploads\/2020\/10\/CecilioCisneros.png?resize=350%2C200","width":350,"height":200},"classes":[]},{"id":39054,"url":"https:\/\/www.grieta.org.mx\/index.php\/2019\/09\/08\/parques-eolicos-y-solares-un-riesgo-regional-yucatan\/","url_meta":{"origin":49637,"position":2},"title":"Parques e\u00f3licos y solares, un riesgo regional (Yucat\u00e1n)","author":"grieta","date":"8 septiembre, 2019","format":false,"excerpt":"Estos megaproyectos se levantan a pesar de que no se realiz\u00f3 una evaluaci\u00f3n regional de las afectaciones ambientales y conflictos sociales que provocan en la Pen\u00ednsula de Yucat\u00e1n. Por Herbeth Escalante\/Fotograf\u00eda de Cuauht\u00e9moc Moreno\/Haz ruido M\u00e9rida, Yucat\u00e1n.- Investigadores de la asociaci\u00f3n Articulaci\u00f3n Yucat\u00e1n insisten en que la instalaci\u00f3n de m\u00e1s\u2026","rel":"","context":"En &quot;CINTILLO&quot;","block_context":{"text":"CINTILLO","link":"https:\/\/www.grieta.org.mx\/index.php\/category\/cintillo\/"},"img":{"alt_text":"","src":"https:\/\/i0.wp.com\/www.grieta.org.mx\/wp-content\/uploads\/2019\/09\/parque-eolico-560x416.jpg?resize=350%2C200&ssl=1","width":350,"height":200,"srcset":"https:\/\/i0.wp.com\/www.grieta.org.mx\/wp-content\/uploads\/2019\/09\/parque-eolico-560x416.jpg?resize=350%2C200&ssl=1 1x, https:\/\/i0.wp.com\/www.grieta.org.mx\/wp-content\/uploads\/2019\/09\/parque-eolico-560x416.jpg?resize=525%2C300&ssl=1 1.5x"},"classes":[]},{"id":30641,"url":"https:\/\/www.grieta.org.mx\/index.php\/2019\/03\/11\/energias-limpias-con-procedimientos-puercos-en-yucatan\/","url_meta":{"origin":49637,"position":3},"title":"\u2018Energ\u00edas limpias\u2019 con procedimientos puercos en Yucat\u00e1n","author":"grieta","date":"11 marzo, 2019","format":false,"excerpt":"Yucat\u00e1n Ahora Representantes ejidales de Valladolid, Sinanch\u00e9, Muna e Ixil declararon que promotores de empresas fotovoltaicas y e\u00f3licas que pretenden instalarse en Yucat\u00e1n los han despojado de sus tierras bajo enga\u00f1os. En conferencia de prensa, los afectados informaron que han este estos hechos han interpuesto demandas ante el Tribunal Agrario\u2026","rel":"","context":"En &quot;16. Pueblo Maya&quot;","block_context":{"text":"16. Pueblo Maya","link":"https:\/\/www.grieta.org.mx\/index.php\/category\/espejos-de-la-resistencia\/16-pueblo-maya\/"},"img":{"alt_text":"","src":"https:\/\/i0.wp.com\/www.grieta.org.mx\/wp-content\/uploads\/2019\/03\/EnergiasLimpiasProcedimientosPuercos.png?resize=350%2C200&ssl=1","width":350,"height":200,"srcset":"https:\/\/i0.wp.com\/www.grieta.org.mx\/wp-content\/uploads\/2019\/03\/EnergiasLimpiasProcedimientosPuercos.png?resize=350%2C200&ssl=1 1x, https:\/\/i0.wp.com\/www.grieta.org.mx\/wp-content\/uploads\/2019\/03\/EnergiasLimpiasProcedimientosPuercos.png?resize=525%2C300&ssl=1 1.5x, https:\/\/i0.wp.com\/www.grieta.org.mx\/wp-content\/uploads\/2019\/03\/EnergiasLimpiasProcedimientosPuercos.png?resize=700%2C400&ssl=1 2x, https:\/\/i0.wp.com\/www.grieta.org.mx\/wp-content\/uploads\/2019\/03\/EnergiasLimpiasProcedimientosPuercos.png?resize=1050%2C600&ssl=1 3x"},"classes":[]},{"id":58003,"url":"https:\/\/www.grieta.org.mx\/index.php\/2021\/03\/27\/son-proyectos-que-no-estan-siendo-consultados-por-tren-maya-se-harian-10-parques-solares-activistas-de-yucatan-no-quieren-mas-despojo-de-tierras\/","url_meta":{"origin":49637,"position":4},"title":"\u201cSon proyectos que no est\u00e1n siendo consultados\u201d: Por Tren Maya, se har\u00edan 10 parques solares; activistas de Yucat\u00e1n no quieren m\u00e1s despojo de tierras","author":"grieta","date":"27 marzo, 2021","format":false,"excerpt":"Itzel Chan \/ Noticaribe M\u00c9RIDA, MX.- Ante el anuncio relacionado con la construcci\u00f3n de 10 parques de energ\u00eda solar para abastecer los tramos electrificados del Tren Maya, integrantes de la Asamblea de Defensores del Territorio Maya M\u00fauch\u2019 X\u00edinbal, se pronuncian desde ahora que se oponen a m\u00e1s despojo de tierras.\u2026","rel":"","context":"En &quot;Campeche&quot;","block_context":{"text":"Campeche","link":"https:\/\/www.grieta.org.mx\/index.php\/category\/noticias-nacionales\/campeche\/"},"img":{"alt_text":"","src":"https:\/\/i0.wp.com\/www.grieta.org.mx\/wp-content\/uploads\/2021\/03\/ParquesSolaresTrenMalla-e1616978369383.png?resize=350%2C200&ssl=1","width":350,"height":200,"srcset":"https:\/\/i0.wp.com\/www.grieta.org.mx\/wp-content\/uploads\/2021\/03\/ParquesSolaresTrenMalla-e1616978369383.png?resize=350%2C200&ssl=1 1x, https:\/\/i0.wp.com\/www.grieta.org.mx\/wp-content\/uploads\/2021\/03\/ParquesSolaresTrenMalla-e1616978369383.png?resize=525%2C300&ssl=1 1.5x, https:\/\/i0.wp.com\/www.grieta.org.mx\/wp-content\/uploads\/2021\/03\/ParquesSolaresTrenMalla-e1616978369383.png?resize=700%2C400&ssl=1 2x"},"classes":[]},{"id":55837,"url":"https:\/\/www.grieta.org.mx\/index.php\/2020\/12\/14\/sin-estudio-ambiental-regional-inauguran-parque-eolico-en-tizimin\/","url_meta":{"origin":49637,"position":5},"title":"Sin estudio ambiental regional, inauguran parque e\u00f3lico en Tizim\u00edn","author":"grieta","date":"14 diciembre, 2020","format":false,"excerpt":"Haz Ruido Adem\u00e1s, anunciaron la construcci\u00f3n de otro en esa misma localidad del oriente y Vila presume que est\u00e1n en puerta otros 24 megaproyectos en Yucat\u00e1n. Tizim\u00edn, Yucat\u00e1n, 14 de diciembre de 2020.-El gobernador Mauricio Vila Dosal inaugur\u00f3 oficialmente el Parque E\u00f3lico de Tizim\u00edn, en el que se invirtieron 150\u2026","rel":"","context":"En &quot;CINTILLO&quot;","block_context":{"text":"CINTILLO","link":"https:\/\/www.grieta.org.mx\/index.php\/category\/cintillo\/"},"img":{"alt_text":"","src":"https:\/\/i0.wp.com\/www.grieta.org.mx\/wp-content\/uploads\/2020\/12\/eolico-tizimin-e1608335952388.jpg?resize=350%2C200&ssl=1","width":350,"height":200,"srcset":"https:\/\/i0.wp.com\/www.grieta.org.mx\/wp-content\/uploads\/2020\/12\/eolico-tizimin-e1608335952388.jpg?resize=350%2C200&ssl=1 1x, https:\/\/i0.wp.com\/www.grieta.org.mx\/wp-content\/uploads\/2020\/12\/eolico-tizimin-e1608335952388.jpg?resize=525%2C300&ssl=1 1.5x, https:\/\/i0.wp.com\/www.grieta.org.mx\/wp-content\/uploads\/2020\/12\/eolico-tizimin-e1608335952388.jpg?resize=700%2C400&ssl=1 2x"},"classes":[]}],"_links":{"self":[{"href":"https:\/\/www.grieta.org.mx\/index.php\/wp-json\/wp\/v2\/posts\/49637","targetHints":{"allow":["GET"]}}],"collection":[{"href":"https:\/\/www.grieta.org.mx\/index.php\/wp-json\/wp\/v2\/posts"}],"about":[{"href":"https:\/\/www.grieta.org.mx\/index.php\/wp-json\/wp\/v2\/types\/post"}],"author":[{"embeddable":true,"href":"https:\/\/www.grieta.org.mx\/index.php\/wp-json\/wp\/v2\/users\/2"}],"replies":[{"embeddable":true,"href":"https:\/\/www.grieta.org.mx\/index.php\/wp-json\/wp\/v2\/comments?post=49637"}],"version-history":[{"count":1,"href":"https:\/\/www.grieta.org.mx\/index.php\/wp-json\/wp\/v2\/posts\/49637\/revisions"}],"predecessor-version":[{"id":49644,"href":"https:\/\/www.grieta.org.mx\/index.php\/wp-json\/wp\/v2\/posts\/49637\/revisions\/49644"}],"wp:featuredmedia":[{"embeddable":true,"href":"https:\/\/www.grieta.org.mx\/index.php\/wp-json\/wp\/v2\/media\/49640"}],"wp:attachment":[{"href":"https:\/\/www.grieta.org.mx\/index.php\/wp-json\/wp\/v2\/media?parent=49637"}],"wp:term":[{"taxonomy":"category","embeddable":true,"href":"https:\/\/www.grieta.org.mx\/index.php\/wp-json\/wp\/v2\/categories?post=49637"},{"taxonomy":"post_tag","embeddable":true,"href":"https:\/\/www.grieta.org.mx\/index.php\/wp-json\/wp\/v2\/tags?post=49637"}],"curies":[{"name":"wp","href":"https:\/\/api.w.org\/{rel}","templated":true}]}}