{"id":49599,"date":"2020-05-18T19:00:23","date_gmt":"2020-05-19T00:00:23","guid":{"rendered":"http:\/\/www.grieta.org.mx\/?p=49599"},"modified":"2020-05-21T19:13:04","modified_gmt":"2020-05-22T00:13:04","slug":"los-angeles-times-puso-en-duda-las-cifras-de-muertes-por-covid-19-en-mexico","status":"publish","type":"post","link":"https:\/\/www.grieta.org.mx\/index.php\/2020\/05\/18\/los-angeles-times-puso-en-duda-las-cifras-de-muertes-por-covid-19-en-mexico\/","title":{"rendered":"Los Angeles Times puso en duda las cifras de muertes por COVID-19 en M\u00e9xico"},"content":{"rendered":"<p>Los Angeles Times \/ Redacci\u00f3n.<\/p>\n<p><img loading=\"lazy\" decoding=\"async\" class=\"alignnone\" src=\"https:\/\/www.infobae.com\/new-resizer\/cgQeg8AA7CaCRHuvHZKvADcREZo=\/420x280\/filters:format(webp):quality(70)\/cloudfront-us-east-1.images.arcpublishing.com\/infobae\/5SNMHIBFPFV3M3YJPJQIOCIFDE.jpg\" alt=\"\" width=\"420\" height=\"280\" \/><br \/>\nFoto: REUTERS \/ Jose Luis Gonzalez<\/p>\n<p>La mayor\u00eda de los pa\u00edses, incluido Estados Unidos, han tenido problemas para contar las v\u00edctimas del coronavirus, debido principalmente a la escasez de pruebas.<\/p>\n<p>En ciudades de todo M\u00e9xico las morgues est\u00e1n llenas, las funerarias atascadas y los hospitales tan atestados que muchos pacientes han sido rechazados.<\/p>\n<p>\u201cMi padre est\u00e1 en una bolsa negra en la parte trasera de una carroza f\u00fanebre\u201d, dijo Gabriela Jacom\u00e9, una empleada dom\u00e9stica de 43 a\u00f1os que esperaba afuera del cementerio de San Nicol\u00e1s Tolentino en la Ciudad de M\u00e9xico, a Los \u00c1ngeles Times.<\/p>\n<p>Los veh\u00edculos que transportaban a las v\u00edctimas del COVID-19 destacaron por sus letreros amarillos que advert\u00edan: \u201c\u00a1Alto riesgo de contagio!\u201d<\/p>\n<p>Esas escenas son dif\u00edciles de cuadrar con el n\u00famero oficial de muertos del pa\u00eds: 5,177 seg\u00fan el \u00faltimo conteo.<\/p>\n<p>Las autoridades han reconocido en varias ocasiones que muchas muertes no se cuentan porque no han sido confirmadas por las pruebas, por lo que el n\u00famero real sigue siendo un misterio hasta la fecha.<\/p>\n<p><img loading=\"lazy\" decoding=\"async\" class=\"alignnone\" src=\"https:\/\/www.infobae.com\/new-resizer\/bR9NFsk82iiiJ3UcfldCAqvrgH8=\/420x280\/filters:format(webp):quality(70)\/cloudfront-us-east-1.images.arcpublishing.com\/infobae\/S2WJLYUZRQFAY3WR47JWNDQQAE.jpg\" alt=\"\" width=\"420\" height=\"280\" \/><br \/>\nFoto: REUTERS \/ Gustavo Graf<\/p>\n<p>Los Angeles Times revis\u00f3 120 certificados de defunci\u00f3n proporcionados por un trabajador en un crematorio de Ciudad Ju\u00e1rez. 63 enumeraron \u201cprobable COVID-19\u201d como la causa de muerte, y otros 30 nombraron neumon\u00eda u otras enfermedades respiratorias, a menudo asociadas con pacientes con coronavirus.<\/p>\n<p>Solo en 12 casos se catalog\u00f3 COVID-19 como la causa confirmada, lo que significa que solo esos casos se convertir\u00edan en parte del total oficial, un posible recuento de 93 muertes.<\/p>\n<p>La creencia generalizada de que el n\u00famero oficial de muertos en M\u00e9xico es artificialmente baja, y la incapacidad del gobierno para corregirlo, se han convertido en un arma para los cr\u00edticos del presidente Andr\u00e9s Manuel L\u00f3pez Obrador, a medida que el pa\u00eds de m\u00e1s de 120 millones comienza a reabrir su econom\u00eda.<\/p>\n<p>Alejandro Mac\u00edas, un especialista en enfermedades infecciosas que dirigi\u00f3 la respuesta de M\u00e9xico a la epidemia de gripe porcina hace una d\u00e9cada, dijo que no ten\u00eda dudas de que hay un conteo insuficiente. \u201cPero tampoco creo que sea una cuesti\u00f3n de mala fe\u201d, dijo. \u201cPero las cifras oficiales no est\u00e1n completas\u201d.<\/p>\n<p>Las autoridades de salud en tres estados fronterizos del norte, Baja California, Tamaulipas y Chihuahua, tambi\u00e9n han cuestionado el conteo del gobierno.<\/p>\n<p><img loading=\"lazy\" decoding=\"async\" class=\"alignnone size-full\" src=\"https:\/\/www.infobae.com\/new-resizer\/doy8Pir21klHe6lvZcdIC8RgqJE=\/420x236\/filters:format(webp):quality(70)\/cloudfront-us-east-1.images.arcpublishing.com\/infobae\/FPNYQB7ZAFFPJBZJJHO4QVN2FQ.jpg\" width=\"420\" height=\"236\" \/><br \/>\nFoto: Cuartoscuro<\/p>\n<p>\u201cLos n\u00fameros oficiales son muy bajos, de acuerdo con lo que estamos viendo y experimentando\u201d, dijo el Dr. Pablo Villase\u00f1or, que trata a pacientes con coronavirus en el Hospital General de Tijuana, al otro lado de la frontera con Estados Unidos desde San Diego.<\/p>\n<p>Sin embargo, las cosas han empeorado tanto que la morgue de la ciudad se ha quedado sin espacio en el refrigerador para cuerpos. \u201cLos est\u00e1n poniendo en el pasillo y cubri\u00e9ndolos con lonas\u201d, dijo un trabajador de un hospital cercano que esperaba afuera de la morgue con un cuerpo.<\/p>\n<p>En la Ciudad de M\u00e9xico, que tiene una poblaci\u00f3n de 8.9 millones y acumula la mayor\u00eda de los casos, las autoridades dijeron la semana pasada que estaban creando una comisi\u00f3n especial para determinar cu\u00e1ntas personas podr\u00edan haber muerto por COVID-19. \u201cSiempre hemos dicho que hay m\u00e1s muertes que las reportadas diariamente por el gobierno de M\u00e9xico\u201d, dijo la jefa de gobierno Claudia Sheinbaum.<\/p>\n<p>La mayor\u00eda de los pa\u00edses, incluido Estados Unidos, han tenido problemas para contar las v\u00edctimas del coronavirus, debido principalmente a la escasez de pruebas.<\/p>\n<p>La tasa de pruebas en M\u00e9xico se encuentra entre las m\u00e1s bajas de Am\u00e9rica Latina, con alrededor de 1.200 pruebas por cada mill\u00f3n de personas, seg\u00fan cifras oficiales.<\/p>\n<p><img loading=\"lazy\" decoding=\"async\" class=\"alignnone size-full\" src=\"https:\/\/www.infobae.com\/new-resizer\/RngYyPfyxd93nCwaM8FFBYfrf5Q=\/420x280\/filters:format(webp):quality(70)\/cloudfront-us-east-1.images.arcpublishing.com\/infobae\/7X7ZTSBFBOAQVYK6DJHXU3W2WM.jpg\" width=\"420\" height=\"280\" \/><br \/>\nFoto: REUTERS \/ Gustavo Graf.<\/p>\n<p>La tasa de pruebas es 14 veces mayor en Per\u00fa y Chile, y casi siete veces mayor en El Salvador y tres veces mayor en Brasil.<\/p>\n<p>La tasa de EEUU es 27 veces mayor, con 33,000 pruebas por cada mill\u00f3n de personas.<\/p>\n<p>El recuento oficial de infecciones en todo el pa\u00eds lleg\u00f3 a 45.032 el viernes. Pero esos n\u00fameros excluyen 16,450 pruebas positivas realizadas por laboratorios privados.<\/p>\n<p>En muchos pa\u00edses los investigadores de salud han tratado de evaluar el n\u00famero de muertes de COVID-19 mediante el examen de estad\u00edsticas de muertes totales e independientemente de la causa. El enfoque no es infalible, pero puede proporcionar una estimaci\u00f3n confiable de cu\u00e1ntas muertes no se capturan en los recuentos oficiales.<\/p>\n<p>Sin embargo, en M\u00e9xico, ni el gobierno federal ni los estados individuales han publicado estad\u00edsticas sobre las muertes totales de este a\u00f1o, ya que el coronavirus se ha extendido por todo el pa\u00eds. Las cifras nacionales m\u00e1s recientes son de 2018.<\/p>\n<p>En muchas partes de M\u00e9xico la devastaci\u00f3n de COVID-19 es bastante evidente a\u00fan sin los recuentos oficiales precisos.<\/p>\n<p>Un trabajador del crematorio en Ju\u00e1rez dijo que normalmente recupera 80 cad\u00e1veres por semana de los hospitales del \u00e1rea. \u201cRecoges uno y mientras est\u00e1s all\u00ed, se entregan tres m\u00e1s\u201d a la morgue, dijo el trabajador.<\/p>\n<p><a href=\"https:\/\/www.infobae.com\/america\/mexico\/2020\/05\/18\/los-angeles-times-puso-en-duda-las-cifras-de-muertes-por-covid-19-en-mexico\/\" target=\"_blank\" rel=\"noopener noreferrer\">https:\/\/www.infobae.com\/america\/mexico\/2020\/05\/18\/los-angeles-times-puso-en-duda-las-cifras-de-muertes-por-covid-19-en-mexico\/<\/a><\/p>\n","protected":false},"excerpt":{"rendered":"<p>Los Angeles Times \/ Redacci\u00f3n. Foto: REUTERS \/ Jose Luis Gonzalez La mayor\u00eda de los pa\u00edses, incluido Estados Unidos, han tenido problemas para contar las v\u00edctimas del coronavirus, debido principalmente &hellip; <a href=\"https:\/\/www.grieta.org.mx\/index.php\/2020\/05\/18\/los-angeles-times-puso-en-duda-las-cifras-de-muertes-por-covid-19-en-mexico\/\" class=\"more-link\">Leer m\u00e1s<\/a><\/p>\n","protected":false},"author":2,"featured_media":21928,"comment_status":"closed","ping_status":"closed","sticky":false,"template":"","format":"standard","meta":{"ngg_post_thumbnail":0,"_jetpack_newsletter_access":"","_jetpack_dont_email_post_to_subs":false,"_jetpack_newsletter_tier_id":0,"_jetpack_memberships_contains_paywalled_content":false,"_jetpack_memberships_contains_paid_content":false,"footnotes":""},"categories":[5,80,3263,2438,2],"tags":[],"class_list":["post-49599","post","type-post","status-publish","format-standard","has-post-thumbnail","hentry","category-baja-california","category-cintillo","category-crisis-covid-19-en-baja-california","category-crisis-del-sector-salud-en-baja-california","category-noticias-nacionales","entry"],"jetpack_featured_media_url":"https:\/\/www.grieta.org.mx\/wp-content\/uploads\/2018\/03\/14524434_1106112876131411_958039263622046936_o.jpg","jetpack_sharing_enabled":true,"jetpack_shortlink":"https:\/\/wp.me\/p7ZJR4-cTZ","jetpack_likes_enabled":false,"jetpack-related-posts":[{"id":49563,"url":"https:\/\/www.grieta.org.mx\/index.php\/2020\/05\/01\/estos-trabajadores-entierran-a-las-victimas-del-coronavirus-en-un-abarrotado-cementerio-publico-de-tijuana-baja-california\/","url_meta":{"origin":49599,"position":0},"title":"Estos trabajadores entierran a las v\u00edctimas del coronavirus en un abarrotado cementerio p\u00fablico de Tijuana  (Baja California)","author":"grieta","date":"1 mayo, 2020","format":false,"excerpt":"Los Angeles Times - The San Diego Union-Tribune \/ Por Wendy Fry. Trabajadores del cementerio bajan el ata\u00fad de Juan Velasco, quien muri\u00f3 con s\u00edntomas de COVID-19, mientras su familia, a la derecha, observa el entierro en el Pante\u00f3n Municipal 13, en Tijuana, M\u00e9xico, el 27 de abril de 2020.\u2026","rel":"","context":"En &quot;Baja California&quot;","block_context":{"text":"Baja California","link":"https:\/\/www.grieta.org.mx\/index.php\/category\/noticias-nacionales\/baja-california\/"},"img":{"alt_text":"","src":"https:\/\/i0.wp.com\/www.grieta.org.mx\/wp-content\/uploads\/2020\/05\/10.jpeg?resize=350%2C200&ssl=1","width":350,"height":200,"srcset":"https:\/\/i0.wp.com\/www.grieta.org.mx\/wp-content\/uploads\/2020\/05\/10.jpeg?resize=350%2C200&ssl=1 1x, https:\/\/i0.wp.com\/www.grieta.org.mx\/wp-content\/uploads\/2020\/05\/10.jpeg?resize=525%2C300&ssl=1 1.5x, https:\/\/i0.wp.com\/www.grieta.org.mx\/wp-content\/uploads\/2020\/05\/10.jpeg?resize=700%2C400&ssl=1 2x, https:\/\/i0.wp.com\/www.grieta.org.mx\/wp-content\/uploads\/2020\/05\/10.jpeg?resize=1050%2C600&ssl=1 3x"},"classes":[]},{"id":50216,"url":"https:\/\/www.grieta.org.mx\/index.php\/2020\/06\/03\/en-baja-california-la-reactivacion-pese-a-todo\/","url_meta":{"origin":49599,"position":1},"title":"En Baja California, la reactivaci\u00f3n, pese a todo","author":"grieta","date":"3 junio, 2020","format":false,"excerpt":"Proceso \/ Jesusa Cervantes. Maquiladora de prendas y art\u00edculos para hospitales en la Ciudad de Tijuana, Baja California. Foto: Octavio G\u00f3mez En Baja California, a las crisis sanitaria y financiera se suma la presi\u00f3n de empresas cuyas matrices se encuentran en Estados Unidos, en particular las de los rubros aeroespacial\u2026","rel":"","context":"En &quot;Baja California&quot;","block_context":{"text":"Baja California","link":"https:\/\/www.grieta.org.mx\/index.php\/category\/noticias-nacionales\/baja-california\/"},"img":{"alt_text":"","src":"https:\/\/i0.wp.com\/www.grieta.org.mx\/wp-content\/uploads\/2020\/06\/Baja-California-870x522.jpeg?resize=350%2C200&ssl=1","width":350,"height":200,"srcset":"https:\/\/i0.wp.com\/www.grieta.org.mx\/wp-content\/uploads\/2020\/06\/Baja-California-870x522.jpeg?resize=350%2C200&ssl=1 1x, https:\/\/i0.wp.com\/www.grieta.org.mx\/wp-content\/uploads\/2020\/06\/Baja-California-870x522.jpeg?resize=525%2C300&ssl=1 1.5x, https:\/\/i0.wp.com\/www.grieta.org.mx\/wp-content\/uploads\/2020\/06\/Baja-California-870x522.jpeg?resize=700%2C400&ssl=1 2x"},"classes":[]},{"id":37145,"url":"https:\/\/www.grieta.org.mx\/index.php\/2019\/07\/22\/baja-california-entidad-del-pais-con-mas-homicidios-durante-junio-del-2019\/","url_meta":{"origin":49599,"position":2},"title":"Baja California, entidad del pa\u00eds con m\u00e1s homicidios durante junio del 2019","author":"grieta","date":"22 julio, 2019","format":false,"excerpt":"Carlos \u00c1lvarez \/ Zeta Tijuana. En 18 de las 32 entidades del pa\u00eds se registr\u00f3 un alza en el n\u00famero de v\u00edctimas de asesinatos, mientras que en 14 estados hubo un detrimento en los homicidios, durante el primer semestre del 2019, seg\u00fan reflejan las cifras del Mapa de Incidencia Delictiva\u2026","rel":"","context":"En &quot;Baja California&quot;","block_context":{"text":"Baja California","link":"https:\/\/www.grieta.org.mx\/index.php\/category\/noticias-nacionales\/baja-california\/"},"img":{"alt_text":"","src":"https:\/\/i0.wp.com\/www.grieta.org.mx\/wp-content\/uploads\/2019\/07\/asei.jpeg?resize=350%2C200&ssl=1","width":350,"height":200,"srcset":"https:\/\/i0.wp.com\/www.grieta.org.mx\/wp-content\/uploads\/2019\/07\/asei.jpeg?resize=350%2C200&ssl=1 1x, https:\/\/i0.wp.com\/www.grieta.org.mx\/wp-content\/uploads\/2019\/07\/asei.jpeg?resize=525%2C300&ssl=1 1.5x, https:\/\/i0.wp.com\/www.grieta.org.mx\/wp-content\/uploads\/2019\/07\/asei.jpeg?resize=700%2C400&ssl=1 2x"},"classes":[]},{"id":47969,"url":"https:\/\/www.grieta.org.mx\/index.php\/2020\/04\/08\/coronavirus-denuncian-riesgo-de-jornaleros-agricolas-a-covid-19\/","url_meta":{"origin":49599,"position":3},"title":"Coronavirus: Denuncian riesgo de jornaleros agr\u00edcolas a COVID-19","author":"grieta","date":"8 abril, 2020","format":false,"excerpt":"En M\u00e9xico, al menos 2 millones de personas migran de su lugar de origen a los campos agr\u00edcolas para emplearse como jornaleras agr\u00edcolas Alina Escobedo, Plumas at\u00f3micas \/8 de abril de 2020 En M\u00e9xico, al menos 2 millones de personas migran de su lugar de origen a los campos agr\u00edcolas\u2026","rel":"","context":"En &quot;Baja California&quot;","block_context":{"text":"Baja California","link":"https:\/\/www.grieta.org.mx\/index.php\/category\/noticias-nacionales\/baja-california\/"},"img":{"alt_text":"","src":"https:\/\/i0.wp.com\/www.grieta.org.mx\/wp-content\/uploads\/2020\/04\/JornalerosCOVID.jpg?resize=350%2C200&ssl=1","width":350,"height":200,"srcset":"https:\/\/i0.wp.com\/www.grieta.org.mx\/wp-content\/uploads\/2020\/04\/JornalerosCOVID.jpg?resize=350%2C200&ssl=1 1x, https:\/\/i0.wp.com\/www.grieta.org.mx\/wp-content\/uploads\/2020\/04\/JornalerosCOVID.jpg?resize=525%2C300&ssl=1 1.5x, https:\/\/i0.wp.com\/www.grieta.org.mx\/wp-content\/uploads\/2020\/04\/JornalerosCOVID.jpg?resize=700%2C400&ssl=1 2x, https:\/\/i0.wp.com\/www.grieta.org.mx\/wp-content\/uploads\/2020\/04\/JornalerosCOVID.jpg?resize=1050%2C600&ssl=1 3x"},"classes":[]},{"id":48140,"url":"https:\/\/www.grieta.org.mx\/index.php\/2020\/04\/23\/pruebas-de-covid-19-son-insuficientes-en-mexicali-y-no-hay-equipo-para-afrontar-el-virus-colegios-de-medicos-baja-california\/","url_meta":{"origin":49599,"position":4},"title":"Pruebas de COVID-19 son insuficientes en Mexicali y no hay equipo para afrontar el virus: Colegios de M\u00e9dicos (Baja California)","author":"grieta","date":"23 abril, 2020","format":false,"excerpt":"Animal Pol\u00edtico \/ Luis Arellano (Pregonero Baja California) Colegios de M\u00e9dicos en Mexicali enviaron un documento al gobierno de Baja California y al federal, para que se les de equipo de seguridad para trabajar en el combate al COVID-19. Cuartoscuro. Presidentes y representantes de Colegios de M\u00e9dicos en Mexicali, mediante\u2026","rel":"","context":"En &quot;Baja California&quot;","block_context":{"text":"Baja California","link":"https:\/\/www.grieta.org.mx\/index.php\/category\/noticias-nacionales\/baja-california\/"},"img":{"alt_text":"","src":"https:\/\/i0.wp.com\/www.grieta.org.mx\/wp-content\/uploads\/2020\/04\/a-1.jpeg?resize=350%2C200&ssl=1","width":350,"height":200,"srcset":"https:\/\/i0.wp.com\/www.grieta.org.mx\/wp-content\/uploads\/2020\/04\/a-1.jpeg?resize=350%2C200&ssl=1 1x, https:\/\/i0.wp.com\/www.grieta.org.mx\/wp-content\/uploads\/2020\/04\/a-1.jpeg?resize=525%2C300&ssl=1 1.5x, https:\/\/i0.wp.com\/www.grieta.org.mx\/wp-content\/uploads\/2020\/04\/a-1.jpeg?resize=700%2C400&ssl=1 2x, https:\/\/i0.wp.com\/www.grieta.org.mx\/wp-content\/uploads\/2020\/04\/a-1.jpeg?resize=1050%2C600&ssl=1 3x"},"classes":[]},{"id":49065,"url":"https:\/\/www.grieta.org.mx\/index.php\/2020\/05\/13\/maquiladoras-de-la-frontera-norte-consideradas-no-esenciales-reactivan-actividades-baja-california\/","url_meta":{"origin":49599,"position":5},"title":"Maquiladoras de la Frontera Norte consideradas no esenciales reactivan actividades (Baja California)","author":"grieta","date":"13 mayo, 2020","format":false,"excerpt":"Animal Pol\u00edtico \/ Redacci\u00f3n Las maquilas se reactivar\u00e1n a pesar de que Baja California ocupa el segundo lugar nacional en defunciones con 251, y es el tercer estado con m\u00e1s casos confirmados por COVID-19. Foto: Cuartoscuro En la Frontera Norte de M\u00e9xico las autoridades locales ordenaron la reapertura de empresas\u2026","rel":"","context":"En &quot;Baja California&quot;","block_context":{"text":"Baja California","link":"https:\/\/www.grieta.org.mx\/index.php\/category\/noticias-nacionales\/baja-california\/"},"img":{"alt_text":"","src":"https:\/\/i0.wp.com\/www.grieta.org.mx\/wp-content\/uploads\/2020\/05\/cuartoscuro_706282_digital-e1588681532549.jpeg?resize=350%2C200&ssl=1","width":350,"height":200,"srcset":"https:\/\/i0.wp.com\/www.grieta.org.mx\/wp-content\/uploads\/2020\/05\/cuartoscuro_706282_digital-e1588681532549.jpeg?resize=350%2C200&ssl=1 1x, https:\/\/i0.wp.com\/www.grieta.org.mx\/wp-content\/uploads\/2020\/05\/cuartoscuro_706282_digital-e1588681532549.jpeg?resize=525%2C300&ssl=1 1.5x, https:\/\/i0.wp.com\/www.grieta.org.mx\/wp-content\/uploads\/2020\/05\/cuartoscuro_706282_digital-e1588681532549.jpeg?resize=700%2C400&ssl=1 2x, https:\/\/i0.wp.com\/www.grieta.org.mx\/wp-content\/uploads\/2020\/05\/cuartoscuro_706282_digital-e1588681532549.jpeg?resize=1050%2C600&ssl=1 3x, https:\/\/i0.wp.com\/www.grieta.org.mx\/wp-content\/uploads\/2020\/05\/cuartoscuro_706282_digital-e1588681532549.jpeg?resize=1400%2C800&ssl=1 4x"},"classes":[]}],"_links":{"self":[{"href":"https:\/\/www.grieta.org.mx\/index.php\/wp-json\/wp\/v2\/posts\/49599","targetHints":{"allow":["GET"]}}],"collection":[{"href":"https:\/\/www.grieta.org.mx\/index.php\/wp-json\/wp\/v2\/posts"}],"about":[{"href":"https:\/\/www.grieta.org.mx\/index.php\/wp-json\/wp\/v2\/types\/post"}],"author":[{"embeddable":true,"href":"https:\/\/www.grieta.org.mx\/index.php\/wp-json\/wp\/v2\/users\/2"}],"replies":[{"embeddable":true,"href":"https:\/\/www.grieta.org.mx\/index.php\/wp-json\/wp\/v2\/comments?post=49599"}],"version-history":[{"count":1,"href":"https:\/\/www.grieta.org.mx\/index.php\/wp-json\/wp\/v2\/posts\/49599\/revisions"}],"predecessor-version":[{"id":49605,"href":"https:\/\/www.grieta.org.mx\/index.php\/wp-json\/wp\/v2\/posts\/49599\/revisions\/49605"}],"wp:featuredmedia":[{"embeddable":true,"href":"https:\/\/www.grieta.org.mx\/index.php\/wp-json\/wp\/v2\/media\/21928"}],"wp:attachment":[{"href":"https:\/\/www.grieta.org.mx\/index.php\/wp-json\/wp\/v2\/media?parent=49599"}],"wp:term":[{"taxonomy":"category","embeddable":true,"href":"https:\/\/www.grieta.org.mx\/index.php\/wp-json\/wp\/v2\/categories?post=49599"},{"taxonomy":"post_tag","embeddable":true,"href":"https:\/\/www.grieta.org.mx\/index.php\/wp-json\/wp\/v2\/tags?post=49599"}],"curies":[{"name":"wp","href":"https:\/\/api.w.org\/{rel}","templated":true}]}}