{"id":49598,"date":"2020-05-07T18:48:00","date_gmt":"2020-05-07T23:48:00","guid":{"rendered":"http:\/\/www.grieta.org.mx\/?p=49598"},"modified":"2020-05-21T19:09:52","modified_gmt":"2020-05-22T00:09:52","slug":"denuncian-a-maquiladora-por-exponer-a-empleados-al-c-19-tamaulipas","status":"publish","type":"post","link":"https:\/\/www.grieta.org.mx\/index.php\/2020\/05\/07\/denuncian-a-maquiladora-por-exponer-a-empleados-al-c-19-tamaulipas\/","title":{"rendered":"DENUNCIAN A MAQUILADORA POR EXPONER A EMPLEADOS AL C-19 (Tamaulipas)"},"content":{"rendered":"<p>Salvador Valadez\/Expreso.press<br \/>\n7 mayo 2020<\/p>\n<blockquote><p>Oblig\u00f3 a sus m\u00e1s de 500 empleados a regresar el lunes de esta semana<\/p><\/blockquote>\n<p><img loading=\"lazy\" decoding=\"async\" data-attachment-id=\"49600\" data-permalink=\"https:\/\/www.grieta.org.mx\/index.php\/2020\/05\/07\/denuncian-a-maquiladora-por-exponer-a-empleados-al-c-19-tamaulipas\/maquiladora-2\/\" data-orig-file=\"https:\/\/www.grieta.org.mx\/wp-content\/uploads\/2020\/05\/maquiladora.jpg\" data-orig-size=\"800,419\" data-comments-opened=\"0\" data-image-meta=\"{&quot;aperture&quot;:&quot;0&quot;,&quot;credit&quot;:&quot;&quot;,&quot;camera&quot;:&quot;&quot;,&quot;caption&quot;:&quot;&quot;,&quot;created_timestamp&quot;:&quot;0&quot;,&quot;copyright&quot;:&quot;&quot;,&quot;focal_length&quot;:&quot;0&quot;,&quot;iso&quot;:&quot;0&quot;,&quot;shutter_speed&quot;:&quot;0&quot;,&quot;title&quot;:&quot;&quot;,&quot;orientation&quot;:&quot;0&quot;}\" data-image-title=\"maquiladora\" data-image-description=\"\" data-image-caption=\"\" data-medium-file=\"https:\/\/www.grieta.org.mx\/wp-content\/uploads\/2020\/05\/maquiladora-300x157.jpg\" data-large-file=\"https:\/\/www.grieta.org.mx\/wp-content\/uploads\/2020\/05\/maquiladora.jpg\" src=\"http:\/\/www.grieta.org.mx\/wp-content\/uploads\/2020\/05\/maquiladora.jpg\" alt=\"\" width=\"800\" height=\"419\" class=\"aligncenter size-full wp-image-49600\" srcset=\"https:\/\/www.grieta.org.mx\/wp-content\/uploads\/2020\/05\/maquiladora.jpg 800w, https:\/\/www.grieta.org.mx\/wp-content\/uploads\/2020\/05\/maquiladora-300x157.jpg 300w, https:\/\/www.grieta.org.mx\/wp-content\/uploads\/2020\/05\/maquiladora-768x402.jpg 768w\" sizes=\"auto, (max-width: 800px) 100vw, 800px\" \/><\/p>\n<p>CIUDAD VICTORIA, TAMAULIPAS.- Hasta este jueves, tres maquiladoras de Ciudad Victoria ya hab\u00edan reanudado sus operaciones en esta capital, bajo el argumento de que son empresas esenciales.<\/p>\n<p>Se trata de Kemet con mil 100 trabajadores, quien produce partes para ventiladores m\u00e9dicos, la Spring Windows Fashions que de elaborar persianas para hoteles y tiendas ahora hace cubre bocas, y la Bulk Pack con 70 empleados que se dedica hacer bolsas de polipropileno para productos alimenticios.<\/p>\n<p>Mar\u00eda Dolores Z\u00fa\u00f1iga V\u00e1zquez, dirigente del Sindicato Industrial de Trabajadores de Maquiladoras en Ciudad Victoria, dijo que las que permanecen cerradas son las Aptiv 1 y 2, con m\u00e1s de 6 mil empleados y la Nien Hsing con cerca de mil trabajadores.<\/p>\n<p>Las tres tienen a su plantilla laboral en paro t\u00e9cnico, al 50 por ciento de su salario, lo cual es considerada ilegal porque el decreto federal es que en el primer mes de la cuarentena por el COVID-19 se iban todos con el 100 por ciento de sus sueldo y prestaciones.<\/p>\n<p>Denunci\u00f3 que la maquiladora Spring Windows Fashion, despu\u00e9s de varias semanas de inactividad, oblig\u00f3 a sus m\u00e1s de 500 empleados a regresar el lunes de esta semana.<\/p>\n<p>Para ello, los cit\u00f3 por grupos en las instalaciones para tomarles la temperatura y confirmar que no tuvieran s\u00edntomas del coronavirus.<\/p>\n<p>Asimismo, les colocaron un list\u00f3n en la mano que los acreditaba como sanos y que pod\u00edan ser reintegrados, violando sus derechos como trabajadores por la forma en que fueron expuestos.<\/p>\n<p>El problema en estos momentos, dijo la l\u00edder de los trabajadores de maquiladoras, es que oficinas de las Juntas de Conciliaci\u00f3n y Arbitraje, est\u00e1n cerradas, y las demandas que se presenten en estos d\u00edas, iniciar\u00e1n hasta el primero de junio o cuando se reabra todo.<\/p>\n<p>Indic\u00f3 que esto ha desalentado a muchos, incluso a empleados que han sido despedidos como ocurri\u00f3 con un grupo de trabajadores de Spring Windows, que en las primeras semanas de la contingencia fueron dados de baja de manera injusta.<\/p>\n<p><a href=\"https:\/\/expreso.press\/2020\/05\/07\/denuncian-a-maquiladora-por-exponer-a-empleados-al-c-19\/\" rel=\"noopener noreferrer\" target=\"_blank\">https:\/\/expreso.press\/2020\/05\/07\/denuncian-a-maquiladora-por-exponer-a-empleados-al-c-19\/<\/a><\/p>\n","protected":false},"excerpt":{"rendered":"<p>Salvador Valadez\/Expreso.press 7 mayo 2020 Oblig\u00f3 a sus m\u00e1s de 500 empleados a regresar el lunes de esta semana CIUDAD VICTORIA, TAMAULIPAS.- Hasta este jueves, tres maquiladoras de Ciudad Victoria &hellip; <a href=\"https:\/\/www.grieta.org.mx\/index.php\/2020\/05\/07\/denuncian-a-maquiladora-por-exponer-a-empleados-al-c-19-tamaulipas\/\" class=\"more-link\">Leer m\u00e1s<\/a><\/p>\n","protected":false},"author":2,"featured_media":49600,"comment_status":"closed","ping_status":"closed","sticky":false,"template":"","format":"standard","meta":{"ngg_post_thumbnail":0,"_jetpack_newsletter_access":"","_jetpack_dont_email_post_to_subs":false,"_jetpack_newsletter_tier_id":0,"_jetpack_memberships_contains_paywalled_content":false,"_jetpack_memberships_contains_paid_content":false,"footnotes":""},"categories":[80,3269,910,1137,2,33,83],"tags":[3241,163,2841,2003,3390,3304],"class_list":["post-49598","post","type-post","status-publish","format-standard","has-post-thumbnail","hentry","category-cintillo","category-covid-19-en-tamaulipas","category-explotacion-y-precariedad-laboral","category-explotacion-y-precariedad-laboral-en-tamaulipas","category-noticias-nacionales","category-tamaulipas","category-temas-nacionales","tag-covid-19","tag-despidos","tag-explotacion-y-precariedad-laboral","tag-maquiladoras","tag-paros-tenicos","tag-reduccion-salarios","entry"],"jetpack_featured_media_url":"https:\/\/www.grieta.org.mx\/wp-content\/uploads\/2020\/05\/maquiladora.jpg","jetpack_sharing_enabled":true,"jetpack_shortlink":"https:\/\/wp.me\/p7ZJR4-cTY","jetpack_likes_enabled":false,"jetpack-related-posts":[{"id":51576,"url":"https:\/\/www.grieta.org.mx\/index.php\/2020\/07\/03\/van-tres-infectados-de-covid-19-en-maquila-de-ciudad-victoria-podria-parar-labores-tamaulipas\/","url_meta":{"origin":49598,"position":0},"title":"Van tres infectados de Covid-19 en &#8220;maquila&#8221; de Ciudad Victoria; podr\u00eda parar labores (Tamaulipas)","author":"grieta","date":"3 julio, 2020","format":false,"excerpt":"Carlos Pineda\/Hoy T.am 3 julio 2020 Se trata de la maquiladora Aptiv-1, donde los empleados exigieron la presencia del personal de Coepris), para que realice la sanitizaci\u00f3n en las l\u00edneas de trabajo y \u00e1rea administrativa. Foto: Carlos Pineda Ciudad Victoria, Tamaulipas. - La maquiladora APTIV1 que se encuentra en Ciudad\u2026","rel":"","context":"En &quot;CINTILLO&quot;","block_context":{"text":"CINTILLO","link":"https:\/\/www.grieta.org.mx\/index.php\/category\/cintillo\/"},"img":{"alt_text":"","src":"https:\/\/i0.wp.com\/www.grieta.org.mx\/wp-content\/uploads\/2020\/07\/Coronavirus-en-Tamaulipas-Van-tres-infectados-de-Covid-19-en-maquila-de-Ciudad-Victoria.jpg?resize=350%2C200&ssl=1","width":350,"height":200,"srcset":"https:\/\/i0.wp.com\/www.grieta.org.mx\/wp-content\/uploads\/2020\/07\/Coronavirus-en-Tamaulipas-Van-tres-infectados-de-Covid-19-en-maquila-de-Ciudad-Victoria.jpg?resize=350%2C200&ssl=1 1x, https:\/\/i0.wp.com\/www.grieta.org.mx\/wp-content\/uploads\/2020\/07\/Coronavirus-en-Tamaulipas-Van-tres-infectados-de-Covid-19-en-maquila-de-Ciudad-Victoria.jpg?resize=525%2C300&ssl=1 1.5x, https:\/\/i0.wp.com\/www.grieta.org.mx\/wp-content\/uploads\/2020\/07\/Coronavirus-en-Tamaulipas-Van-tres-infectados-de-Covid-19-en-maquila-de-Ciudad-Victoria.jpg?resize=700%2C400&ssl=1 2x"},"classes":[]},{"id":49592,"url":"https:\/\/www.grieta.org.mx\/index.php\/2020\/05\/04\/maquiladoras-violan-acuerdo-de-cuarentena-y-abrieron-operaciones-tamaulipas\/","url_meta":{"origin":49598,"position":1},"title":"Maquiladoras violan acuerdo de cuarentena y abrieron operaciones (Tamaulipas)","author":"grieta","date":"4 mayo, 2020","format":false,"excerpt":"Armando Sandoval\/Notigape 4 mayo 2020 Pese a que se hizo un alargue de la cuarentena por parte de las autoridades federales hasta el 30 de este mes de mayo, muchas empresas maquiladoras de esta ciudad pr\u00e1cticamente obligaron a que sus trabajadores retomaran sus actividades en el inicio de esta semana,\u2026","rel":"","context":"En &quot;CINTILLO&quot;","block_context":{"text":"CINTILLO","link":"https:\/\/www.grieta.org.mx\/index.php\/category\/cintillo\/"},"img":{"alt_text":"","src":"https:\/\/i0.wp.com\/www.grieta.org.mx\/wp-content\/uploads\/2020\/05\/8yCm0apOqNx2VNAFWBse.png?resize=350%2C200&ssl=1","width":350,"height":200,"srcset":"https:\/\/i0.wp.com\/www.grieta.org.mx\/wp-content\/uploads\/2020\/05\/8yCm0apOqNx2VNAFWBse.png?resize=350%2C200&ssl=1 1x, https:\/\/i0.wp.com\/www.grieta.org.mx\/wp-content\/uploads\/2020\/05\/8yCm0apOqNx2VNAFWBse.png?resize=525%2C300&ssl=1 1.5x, https:\/\/i0.wp.com\/www.grieta.org.mx\/wp-content\/uploads\/2020\/05\/8yCm0apOqNx2VNAFWBse.png?resize=700%2C400&ssl=1 2x"},"classes":[]},{"id":49705,"url":"https:\/\/www.grieta.org.mx\/index.php\/2020\/05\/19\/trabajadores-de-maquiladoras-en-la-frontera-norte-protestan-ante-reinicio-de-actividades-baja-california-chihuahua-tamaulipas\/","url_meta":{"origin":49598,"position":2},"title":"TRABAJADORES DE MAQUILADORAS EN LA FRONTERA NORTE PROTESTAN ANTE REINICIO DE ACTIVIDADES (Baja California, Chihuahua, Tamaulipas)","author":"grieta","date":"19 mayo, 2020","format":false,"excerpt":"Lucy Sanabria\/Sopitas.com 19 mayo 2020 Foto: Cuatoscuro El gobierno se alista para la \u201cnueva normalidad\u201d, el regreso a las actividades econ\u00f3micas. Sin embargo, \u00bfc\u00f3mo se har\u00e1 la reapertura si en algunas zonas hay un mont\u00f3n de problemas en cuanto a los protocolos de la Emergencia Sanitaria y se han registrado\u2026","rel":"","context":"En &quot;Baja California&quot;","block_context":{"text":"Baja California","link":"https:\/\/www.grieta.org.mx\/index.php\/category\/noticias-nacionales\/baja-california\/"},"img":{"alt_text":"","src":"https:\/\/i0.wp.com\/www.grieta.org.mx\/wp-content\/uploads\/2020\/05\/protestas-maquiladoras-tijuana-baja-california-coronavirus-1110x581.jpeg?resize=350%2C200&ssl=1","width":350,"height":200,"srcset":"https:\/\/i0.wp.com\/www.grieta.org.mx\/wp-content\/uploads\/2020\/05\/protestas-maquiladoras-tijuana-baja-california-coronavirus-1110x581.jpeg?resize=350%2C200&ssl=1 1x, https:\/\/i0.wp.com\/www.grieta.org.mx\/wp-content\/uploads\/2020\/05\/protestas-maquiladoras-tijuana-baja-california-coronavirus-1110x581.jpeg?resize=525%2C300&ssl=1 1.5x, https:\/\/i0.wp.com\/www.grieta.org.mx\/wp-content\/uploads\/2020\/05\/protestas-maquiladoras-tijuana-baja-california-coronavirus-1110x581.jpeg?resize=700%2C400&ssl=1 2x, https:\/\/i0.wp.com\/www.grieta.org.mx\/wp-content\/uploads\/2020\/05\/protestas-maquiladoras-tijuana-baja-california-coronavirus-1110x581.jpeg?resize=1050%2C600&ssl=1 3x"},"classes":[]},{"id":28844,"url":"https:\/\/www.grieta.org.mx\/index.php\/2019\/02\/06\/se-unen-mas-empresas-a-la-huelga-en-matamoros-tamaulipas\/","url_meta":{"origin":49598,"position":3},"title":"Se unen m\u00e1s empresas a la huelga en Matamoros (Tamaulipas)","author":"grieta","date":"6 febrero, 2019","format":false,"excerpt":"Mauricio Zapata\/CNT\/ANTAM Cd. Victoria, Tam.- Al menos 14 empresas m\u00e1s emplazaron este martes a huelga en la ciudad de Matamoros, exigiendo los mismos planteamientos que obreros de maquiladoras hicieron. Se trata de Siptem, Adiente, Castlihg, Reinfro, Joyson, Sitmen, Fisher Dynamics, Avances Cient\u00edficos, Kasko, Kidde, Avant, Arkeme y VDO, cuyos empleados\u2026","rel":"","context":"En &quot;CINTILLO&quot;","block_context":{"text":"CINTILLO","link":"https:\/\/www.grieta.org.mx\/index.php\/category\/cintillo\/"},"img":{"alt_text":"","src":"https:\/\/i0.wp.com\/www.grieta.org.mx\/wp-content\/uploads\/2019\/02\/Se-unen-m%C3%A1s-empresas-a-la-huelga-en-Matamoros-tama-feb.jpg?resize=350%2C200&ssl=1","width":350,"height":200},"classes":[]},{"id":52279,"url":"https:\/\/www.grieta.org.mx\/index.php\/2020\/07\/22\/denuncian-a-maquiladoras-por-incumplir-medidas-sanitarias\/","url_meta":{"origin":49598,"position":4},"title":"Denuncian a maquiladoras por incumplir medidas sanitarias (Tamaulipas)","author":"grieta","date":"22 julio, 2020","format":false,"excerpt":"Carolina Garza\/Milenio 22 julio 2020 En Reynosa m\u00e1s de 400 empresas enfrentan procesos legales. Maquiladoras de Reynosa en tiempos de covid-19 | Cortes\u00eda Los despachos jur\u00eddicos de Reynosa se saturan de demandas por trabajadores del sector industrial en donde se\u00f1alan, incumplen con las medidas de sanidad. El abogado Javier Gerardo\u2026","rel":"","context":"En &quot;CINTILLO&quot;","block_context":{"text":"CINTILLO","link":"https:\/\/www.grieta.org.mx\/index.php\/category\/cintillo\/"},"img":{"alt_text":"","src":"https:\/\/i0.wp.com\/www.grieta.org.mx\/wp-content\/uploads\/2020\/08\/maquiladoras-de-reynosa-en-tiempos.jpg?resize=350%2C200&ssl=1","width":350,"height":200,"srcset":"https:\/\/i0.wp.com\/www.grieta.org.mx\/wp-content\/uploads\/2020\/08\/maquiladoras-de-reynosa-en-tiempos.jpg?resize=350%2C200&ssl=1 1x, https:\/\/i0.wp.com\/www.grieta.org.mx\/wp-content\/uploads\/2020\/08\/maquiladoras-de-reynosa-en-tiempos.jpg?resize=525%2C300&ssl=1 1.5x, https:\/\/i0.wp.com\/www.grieta.org.mx\/wp-content\/uploads\/2020\/08\/maquiladoras-de-reynosa-en-tiempos.jpg?resize=700%2C400&ssl=1 2x"},"classes":[]},{"id":64901,"url":"https:\/\/www.grieta.org.mx\/index.php\/2022\/08\/16\/maquilas-de-tamaulipas-han-despedido-a-casi-cinco-mil-trabajadores\/","url_meta":{"origin":49598,"position":5},"title":"Maquilas de Tamaulipas han despedido a casi cinco mil trabajadores","author":"grieta","date":"16 agosto, 2022","format":false,"excerpt":"Paola Mel\u00e9ndez\/Hoy Tamaulipas 16 agosto 2022 Seg\u00fan el IMSS, en el Estado se ha presentado una baja de cuatro mil 673 obreros entre marzo y julio del 2022. Ciudad Victoria, Tamaulipas.- La industria maquiladora en Tamaulipas ha recortado casi cinco mil empleos en cuatro meses, seg\u00fan el Instituto Mexicano del\u2026","rel":"","context":"En &quot;CINTILLO&quot;","block_context":{"text":"CINTILLO","link":"https:\/\/www.grieta.org.mx\/index.php\/category\/cintillo\/"},"img":{"alt_text":"","src":"https:\/\/i0.wp.com\/www.grieta.org.mx\/wp-content\/uploads\/2022\/08\/Maquilas-de-Tamaulipas-han-despedido-a-casi-cinco-mil-trabajadores-en-cuatro-meses.jpg?resize=350%2C200&ssl=1","width":350,"height":200,"srcset":"https:\/\/i0.wp.com\/www.grieta.org.mx\/wp-content\/uploads\/2022\/08\/Maquilas-de-Tamaulipas-han-despedido-a-casi-cinco-mil-trabajadores-en-cuatro-meses.jpg?resize=350%2C200&ssl=1 1x, https:\/\/i0.wp.com\/www.grieta.org.mx\/wp-content\/uploads\/2022\/08\/Maquilas-de-Tamaulipas-han-despedido-a-casi-cinco-mil-trabajadores-en-cuatro-meses.jpg?resize=525%2C300&ssl=1 1.5x, https:\/\/i0.wp.com\/www.grieta.org.mx\/wp-content\/uploads\/2022\/08\/Maquilas-de-Tamaulipas-han-despedido-a-casi-cinco-mil-trabajadores-en-cuatro-meses.jpg?resize=700%2C400&ssl=1 2x"},"classes":[]}],"_links":{"self":[{"href":"https:\/\/www.grieta.org.mx\/index.php\/wp-json\/wp\/v2\/posts\/49598","targetHints":{"allow":["GET"]}}],"collection":[{"href":"https:\/\/www.grieta.org.mx\/index.php\/wp-json\/wp\/v2\/posts"}],"about":[{"href":"https:\/\/www.grieta.org.mx\/index.php\/wp-json\/wp\/v2\/types\/post"}],"author":[{"embeddable":true,"href":"https:\/\/www.grieta.org.mx\/index.php\/wp-json\/wp\/v2\/users\/2"}],"replies":[{"embeddable":true,"href":"https:\/\/www.grieta.org.mx\/index.php\/wp-json\/wp\/v2\/comments?post=49598"}],"version-history":[{"count":1,"href":"https:\/\/www.grieta.org.mx\/index.php\/wp-json\/wp\/v2\/posts\/49598\/revisions"}],"predecessor-version":[{"id":49601,"href":"https:\/\/www.grieta.org.mx\/index.php\/wp-json\/wp\/v2\/posts\/49598\/revisions\/49601"}],"wp:featuredmedia":[{"embeddable":true,"href":"https:\/\/www.grieta.org.mx\/index.php\/wp-json\/wp\/v2\/media\/49600"}],"wp:attachment":[{"href":"https:\/\/www.grieta.org.mx\/index.php\/wp-json\/wp\/v2\/media?parent=49598"}],"wp:term":[{"taxonomy":"category","embeddable":true,"href":"https:\/\/www.grieta.org.mx\/index.php\/wp-json\/wp\/v2\/categories?post=49598"},{"taxonomy":"post_tag","embeddable":true,"href":"https:\/\/www.grieta.org.mx\/index.php\/wp-json\/wp\/v2\/tags?post=49598"}],"curies":[{"name":"wp","href":"https:\/\/api.w.org\/{rel}","templated":true}]}}