{"id":49588,"date":"2020-05-18T18:01:05","date_gmt":"2020-05-18T23:01:05","guid":{"rendered":"http:\/\/www.grieta.org.mx\/?p=49588"},"modified":"2020-05-21T18:02:34","modified_gmt":"2020-05-21T23:02:34","slug":"entre-personal-medico-suman-113-casos-de-contagiados-por-covid-19-donato-casas-oaxaca","status":"publish","type":"post","link":"https:\/\/www.grieta.org.mx\/index.php\/2020\/05\/18\/entre-personal-medico-suman-113-casos-de-contagiados-por-covid-19-donato-casas-oaxaca\/","title":{"rendered":"Entre personal m\u00e9dico suman 113 casos de contagiados por Covid-19: Donato Casas  (Oaxaca)"},"content":{"rendered":"<p>P\u00e1gina 3 \/ Pedro Mat\u00edas.<\/p>\n<p><img loading=\"lazy\" decoding=\"async\" data-attachment-id=\"49589\" data-permalink=\"https:\/\/www.grieta.org.mx\/index.php\/2020\/05\/18\/entre-personal-medico-suman-113-casos-de-contagiados-por-covid-19-donato-casas-oaxaca\/attachment\/777\/\" data-orig-file=\"https:\/\/www.grieta.org.mx\/wp-content\/uploads\/2020\/05\/777.jpg\" data-orig-size=\"950,480\" data-comments-opened=\"0\" data-image-meta=\"{&quot;aperture&quot;:&quot;0&quot;,&quot;credit&quot;:&quot;&quot;,&quot;camera&quot;:&quot;&quot;,&quot;caption&quot;:&quot;&quot;,&quot;created_timestamp&quot;:&quot;0&quot;,&quot;copyright&quot;:&quot;&quot;,&quot;focal_length&quot;:&quot;0&quot;,&quot;iso&quot;:&quot;0&quot;,&quot;shutter_speed&quot;:&quot;0&quot;,&quot;title&quot;:&quot;&quot;,&quot;orientation&quot;:&quot;1&quot;}\" data-image-title=\"777\" data-image-description=\"\" data-image-caption=\"\" data-medium-file=\"https:\/\/www.grieta.org.mx\/wp-content\/uploads\/2020\/05\/777-300x152.jpg\" data-large-file=\"https:\/\/www.grieta.org.mx\/wp-content\/uploads\/2020\/05\/777.jpg\" class=\"aligncenter wp-image-49589\" src=\"http:\/\/www.grieta.org.mx\/wp-content\/uploads\/2020\/05\/777.jpg\" alt=\"\" width=\"800\" height=\"404\" srcset=\"https:\/\/www.grieta.org.mx\/wp-content\/uploads\/2020\/05\/777.jpg 950w, https:\/\/www.grieta.org.mx\/wp-content\/uploads\/2020\/05\/777-300x152.jpg 300w, https:\/\/www.grieta.org.mx\/wp-content\/uploads\/2020\/05\/777-768x388.jpg 768w\" sizes=\"auto, (max-width: 800px) 100vw, 800px\" \/><\/p>\n<p>*Al estar contagiado el personal m\u00e9dico se limita la atenci\u00f3n en el sector hospitalario.<br \/>\nPedro MAT\u00cdAS<\/p>\n<p>OAXACA, Oax.- El secretario de Salud de Oaxaca (SSO), Donato Casas Escamilla, reconoci\u00f3 que el personal m\u00e9dico ha sido afectado por Covid-19 al contabilizar con por lo menos 113 casos y, por consecuencia, han limitando la atenci\u00f3n en el sector hospitalario.<\/p>\n<p>El Hospital B\u00e1sico Comunitario de Tamazulapam Mixes cumpli\u00f3 cinco d\u00edas cerrado al registrarse un brote de coronavirus entre el personal m\u00e9dico, pues entre 10 a 20 m\u00e9dicos y enfermeras dieron positivo.<\/p>\n<p>Casas Escamilla no dio m\u00e1s detalle solo \u201clament\u00f3 que desafortunadamente 113 profesionales de la Salud se encuentren cursando la enfermedad respiratoria\u201d.<\/p>\n<p>Antes, inform\u00f3 que al corte del domingo 17 de mayo, en Oaxaca se han confirmado 445 casos de Covid-19, de los cuales 170 est\u00e1n activos, as\u00ed como 70 defunciones.<\/p>\n<p>En las \u00faltimas 24 horas dos personas perdieron la vida en la lucha contra el coronavirus; se trata de dos hombres, uno de 46 y otro de 71 a\u00f1os de edad.<\/p>\n<p>El servidor p\u00fablico lament\u00f3 que se tiene un acumulado de 70 defunciones, de los cuales el 44.3 % present\u00f3 complicaciones por presencia de diabetes mellitus, mientras que m\u00e1s de la mitad de dicho grupo padec\u00eda al menos dos enfermedades cr\u00f3nicas.<\/p>\n<p>De los dos \u00faltimos casos, uno era residente de los municipios de San Juan Bautista Tuxtepec y el otro de Santa Mar\u00eda Atzompa.<\/p>\n<p>Indic\u00f3 tambi\u00e9n que desde el inicio de la emergencia sanitaria se han realizado mil 562 pruebas a personas con s\u00edntomas relacionados con la enfermedad infecciosa, de las cuales 843 resultaron negativas, asimismo, se tienen 274 pacientes sospechosos y se han recuperado de la patolog\u00eda v\u00edrica 205 oaxaque\u00f1as y oaxaque\u00f1os.<\/p>\n<p>Casas Escamilla se\u00f1al\u00f3 que al corte de este domingo se notificaron 29 casos nuevos en 15 municipios y que el virus se ha extendido en 102 localidades del territorio oaxaque\u00f1o, afectando a 188 (42%) mujeres y 257 (58%) hombres.<\/p>\n<p>En cuanto a la distribuci\u00f3n geogr\u00e1fica de contagios, mencion\u00f3 que:<\/p>\n<p>244 se ubican en la Jurisdicci\u00f3n Sanitaria de Valles Centrales, de los cuales 32 han fallecido;<br \/>\nTuxtepec reporta 59 casos y 14 muertes;<br \/>\nEn el Istmo de Tehuantepec se han registrado 55 positivos y 11 decesos;<br \/>\nLa Mixteca tiene 49 positivos y nueve personas que han perdido la vida;<br \/>\nEn la Costa se diagnosticaron 27 pacientes y cuatro defunciones;<br \/>\nLa Sierra (Norte) presenta 11 casos, sin decesos.<\/p>\n<p>Asegur\u00f3 que:<\/p>\n<p>266 pacientes positivos han sido atendidos por los SSO,<br \/>\n81 por el Instituto Mexicano del Seguro Social (IMSS),<br \/>\n47 por el Instituto de Seguridad y Servicios Sociales de los Trabajadores del Estado (ISSSTE),<br \/>\n24 por el IMSS Oportunidades,<br \/>\n13 por la Secretar\u00eda de Marina (Semar),<br \/>\n7 por Petr\u00f3leos Mexicanos (Pemex),<br \/>\n3 por la Secretar\u00eda de la Defensa Nacional (Sedena) y<br \/>\n4 por otras instituciones de salud.<\/p>\n<p>Mencion\u00f3 que de los casos sospechosos y que se encuentran en espera de resultados por el Laboratorio Estatal de Salud P\u00fablica (LESP) Oaxaca 174 corresponden a la regi\u00f3n de Valles Centrales, 44 a Tuxtepec, 23 a la Costa, 18 al Istmo de Tehuantepec, ocho en la Mixteca, seis a la Sierra (Norte).<\/p>\n<p><a href=\"https:\/\/pagina3.mx\/2020\/05\/entre-personal-medico-suman-113-casos-de-contagiados-por-covid-19-donato-casas\/\" target=\"_blank\" rel=\"noopener noreferrer\">https:\/\/pagina3.mx\/2020\/05\/entre-personal-medico-suman-113-casos-de-contagiados-por-covid-19-donato-casas\/<\/a><\/p>\n","protected":false},"excerpt":{"rendered":"<p>P\u00e1gina 3 \/ Pedro Mat\u00edas. *Al estar contagiado el personal m\u00e9dico se limita la atenci\u00f3n en el sector hospitalario. Pedro MAT\u00cdAS OAXACA, Oax.- El secretario de Salud de Oaxaca (SSO), &hellip; <a href=\"https:\/\/www.grieta.org.mx\/index.php\/2020\/05\/18\/entre-personal-medico-suman-113-casos-de-contagiados-por-covid-19-donato-casas-oaxaca\/\" class=\"more-link\">Leer m\u00e1s<\/a><\/p>\n","protected":false},"author":2,"featured_media":49589,"comment_status":"closed","ping_status":"closed","sticky":false,"template":"","format":"standard","meta":{"ngg_post_thumbnail":0,"_jetpack_newsletter_access":"","_jetpack_dont_email_post_to_subs":false,"_jetpack_newsletter_tier_id":0,"_jetpack_memberships_contains_paywalled_content":false,"_jetpack_memberships_contains_paid_content":false,"footnotes":""},"categories":[80,3262,1728,2,25],"tags":[],"class_list":["post-49588","post","type-post","status-publish","format-standard","has-post-thumbnail","hentry","category-cintillo","category-crisis-covid-19-en-oaxaca","category-crisis-del-sector-salud-en-oaxaca","category-noticias-nacionales","category-oaxaca","entry"],"jetpack_featured_media_url":"https:\/\/www.grieta.org.mx\/wp-content\/uploads\/2020\/05\/777.jpg","jetpack_sharing_enabled":true,"jetpack_shortlink":"https:\/\/wp.me\/p7ZJR4-cTO","jetpack_likes_enabled":false,"jetpack-related-posts":[{"id":56376,"url":"https:\/\/www.grieta.org.mx\/index.php\/2021\/01\/19\/exigen-semaforo-rojo-en-oaxaca-covid-19-fuera-de-control\/","url_meta":{"origin":49588,"position":0},"title":"Exigen sem\u00e1foro rojo en Oaxaca: Covid-19 fuera de control","author":"grieta","date":"19 enero, 2021","format":false,"excerpt":"P\u00e1gina 3 \/ Pedro Mat\u00edas. *Alrededor de 20 Colegios M\u00e9dicos calificaron de \u201cinaudita la actitud irresponsable\u201d de los gobiernos de Alejandro Murat y de Oswaldo Garc\u00eda Jarqu\u00edn. | *Cuestionaron que prioricen \u201cla politiquer\u00eda y la econom\u00eda por encima de la salud p\u00fablica\u201d. | *Los hospitales est\u00e1n colapsados OAXACA, Oax.- Oaxaca\u2026","rel":"","context":"En &quot;CINTILLO&quot;","block_context":{"text":"CINTILLO","link":"https:\/\/www.grieta.org.mx\/index.php\/category\/cintillo\/"},"img":{"alt_text":"","src":"https:\/\/i0.wp.com\/www.grieta.org.mx\/wp-content\/uploads\/2021\/01\/1-9.jpg?resize=350%2C200&ssl=1","width":350,"height":200,"srcset":"https:\/\/i0.wp.com\/www.grieta.org.mx\/wp-content\/uploads\/2021\/01\/1-9.jpg?resize=350%2C200&ssl=1 1x, https:\/\/i0.wp.com\/www.grieta.org.mx\/wp-content\/uploads\/2021\/01\/1-9.jpg?resize=525%2C300&ssl=1 1.5x"},"classes":[]},{"id":52550,"url":"https:\/\/www.grieta.org.mx\/index.php\/2020\/07\/13\/denuncian-colapso-de-hospitales-en-oaxaca-piden-a-la-poblacion-quedarse-en-casa\/","url_meta":{"origin":49588,"position":1},"title":"Denuncian colapso de hospitales en Oaxaca; piden a la poblaci\u00f3n quedarse en casa","author":"grieta","date":"13 julio, 2020","format":false,"excerpt":"Proceso \/ Pedro Mat\u00edas. Video del Frente Unificador de Sindicatos Independientes Oaxaque\u00f1os y Nacionales (Fusi\u00f3n). Foto: Faceboo Consejo Ciudadano para el Seguimiento de la Funci\u00f3n Publica. OAXACA, Oax. (apro).- Personal m\u00e9dico advirti\u00f3 que los principales hospitales en Oaxaca se han quedado sin espacio para la atenci\u00f3n de pacientes con covid-19,\u2026","rel":"","context":"En &quot;CINTILLO&quot;","block_context":{"text":"CINTILLO","link":"https:\/\/www.grieta.org.mx\/index.php\/category\/cintillo\/"},"img":{"alt_text":"","src":"https:\/\/i0.wp.com\/www.grieta.org.mx\/wp-content\/uploads\/2020\/08\/1-2.jpeg?resize=350%2C200&ssl=1","width":350,"height":200,"srcset":"https:\/\/i0.wp.com\/www.grieta.org.mx\/wp-content\/uploads\/2020\/08\/1-2.jpeg?resize=350%2C200&ssl=1 1x, https:\/\/i0.wp.com\/www.grieta.org.mx\/wp-content\/uploads\/2020\/08\/1-2.jpeg?resize=525%2C300&ssl=1 1.5x, https:\/\/i0.wp.com\/www.grieta.org.mx\/wp-content\/uploads\/2020\/08\/1-2.jpeg?resize=700%2C400&ssl=1 2x"},"classes":[]},{"id":49084,"url":"https:\/\/www.grieta.org.mx\/index.php\/2020\/05\/13\/dos-de-los-principales-hospitales-para-atencion-del-covid-19-en-oaxaca-a-punto-de-colapsar\/","url_meta":{"origin":49588,"position":2},"title":"Dos de los principales hospitales para atenci\u00f3n del covid-19 en Oaxaca, a punto de colapsar","author":"grieta","date":"13 mayo, 2020","format":false,"excerpt":"Proceso \/ Pedro Mat\u00edas. El General de Zona 1 del IMSS, es uno de los hospitales que est\u00e1n a punto de colapsar por la atenci\u00f3n a pacientes con covid-19. Foto: Google Maps. OAXACA, Oax. (apro).- La Secretar\u00eda de Salud de Oaxaca reconoci\u00f3 que los hospitales Regional de Alta Especialidad de\u2026","rel":"","context":"En &quot;CINTILLO&quot;","block_context":{"text":"CINTILLO","link":"https:\/\/www.grieta.org.mx\/index.php\/category\/cintillo\/"},"img":{"alt_text":"","src":"https:\/\/i0.wp.com\/www.grieta.org.mx\/wp-content\/uploads\/2020\/05\/IMSS-hospital-general.jpg?resize=350%2C200&ssl=1","width":350,"height":200,"srcset":"https:\/\/i0.wp.com\/www.grieta.org.mx\/wp-content\/uploads\/2020\/05\/IMSS-hospital-general.jpg?resize=350%2C200&ssl=1 1x, https:\/\/i0.wp.com\/www.grieta.org.mx\/wp-content\/uploads\/2020\/05\/IMSS-hospital-general.jpg?resize=525%2C300&ssl=1 1.5x"},"classes":[]},{"id":48507,"url":"https:\/\/www.grieta.org.mx\/index.php\/2020\/05\/03\/personal-de-hospital-civil-se-rebela-contra-el-gobernador-de-oaxaca\/","url_meta":{"origin":49588,"position":3},"title":"Personal de Hospital Civil se rebela contra el gobernador de Oaxaca","author":"grieta","date":"3 mayo, 2020","format":false,"excerpt":"Proceso \/ Pedro Mat\u00edas. El Hospital Civil \u201cAurelio Valdivieso\u201d. Foto: NVI OAXACA, Oax. (proceso.com.mx).\u2013 Personal m\u00e9dico del Hospital Civil Aurelio Valdivieso se rebel\u00f3 contra la orden del gobernador, Alejandro Murat Hinojosa, de cambiar al director del nosocomio, Ernesto Garz\u00f3n S\u00e1nchez, en supuesta venganza por desmentirlo al negar el robo de\u2026","rel":"","context":"En &quot;CINTILLO&quot;","block_context":{"text":"CINTILLO","link":"https:\/\/www.grieta.org.mx\/index.php\/category\/cintillo\/"},"img":{"alt_text":"","src":"https:\/\/i0.wp.com\/www.grieta.org.mx\/wp-content\/uploads\/2018\/03\/14524434_1106112876131411_958039263622046936_o.jpg?resize=350%2C200&ssl=1","width":350,"height":200,"srcset":"https:\/\/i0.wp.com\/www.grieta.org.mx\/wp-content\/uploads\/2018\/03\/14524434_1106112876131411_958039263622046936_o.jpg?resize=350%2C200&ssl=1 1x, https:\/\/i0.wp.com\/www.grieta.org.mx\/wp-content\/uploads\/2018\/03\/14524434_1106112876131411_958039263622046936_o.jpg?resize=525%2C300&ssl=1 1.5x, https:\/\/i0.wp.com\/www.grieta.org.mx\/wp-content\/uploads\/2018\/03\/14524434_1106112876131411_958039263622046936_o.jpg?resize=700%2C400&ssl=1 2x"},"classes":[]},{"id":56737,"url":"https:\/\/www.grieta.org.mx\/index.php\/2021\/02\/01\/vacunan-a-burocratas-y-a-cuates-antes-que-a-medicos-denuncian-trabajadores-de-salud-de-oaxaca\/","url_meta":{"origin":49588,"position":4},"title":"Vacunan a bur\u00f3cratas y a &#8220;cuates&#8221; antes que a m\u00e9dicos, denuncian trabajadores de salud de Oaxaca","author":"grieta","date":"1 febrero, 2021","format":false,"excerpt":"Proceso \/ Pedro Mat\u00edas. En redes sociales circulan fotograf\u00edas donde se observa un m\u00f3dulo instalado en el Hospital de la Ni\u00f1ez Oaxaque\u00f1a, lugar en el que se concentraron 20 trabajadores enviados por su jefe inmediato para vacunarse contra el covid-19, sin estar en la primera l\u00ednea de combate al virus.\u2026","rel":"","context":"En &quot;CINTILLO&quot;","block_context":{"text":"CINTILLO","link":"https:\/\/www.grieta.org.mx\/index.php\/category\/cintillo\/"},"img":{"alt_text":"","src":"https:\/\/i0.wp.com\/www.grieta.org.mx\/wp-content\/uploads\/2021\/02\/3.jpeg?resize=350%2C200&ssl=1","width":350,"height":200,"srcset":"https:\/\/i0.wp.com\/www.grieta.org.mx\/wp-content\/uploads\/2021\/02\/3.jpeg?resize=350%2C200&ssl=1 1x, https:\/\/i0.wp.com\/www.grieta.org.mx\/wp-content\/uploads\/2021\/02\/3.jpeg?resize=525%2C300&ssl=1 1.5x, https:\/\/i0.wp.com\/www.grieta.org.mx\/wp-content\/uploads\/2021\/02\/3.jpeg?resize=700%2C400&ssl=1 2x"},"classes":[]},{"id":51715,"url":"https:\/\/www.grieta.org.mx\/index.php\/2020\/07\/04\/por-falta-de-equipo-medico-trabajadores-del-hospital-regional-de-tuxtepec-paran-labores-oaxaca\/","url_meta":{"origin":49588,"position":5},"title":"Por falta de equipo m\u00e9dico, trabajadores del Hospital Regional de Tuxtepec paran labores (Oaxaca)","author":"grieta","date":"4 julio, 2020","format":false,"excerpt":"Proceso \/ Pedro Mat\u00edas. El Hospital Regional de Tuxtepec. Foto: Twitter @amorenos60 OAXACA, Oax. (apro).- Trabajadores del Hospital Regional de Tuxtepec iniciaron hoy un paro de labores para protestar por la falta de equipo m\u00e9dico, cuando esa regi\u00f3n ocupa el segundo lugar en incidencia por casos de covid-19 y defunciones\u2026","rel":"","context":"En &quot;CINTILLO&quot;","block_context":{"text":"CINTILLO","link":"https:\/\/www.grieta.org.mx\/index.php\/category\/cintillo\/"},"img":{"alt_text":"","src":"https:\/\/i0.wp.com\/www.grieta.org.mx\/wp-content\/uploads\/2020\/07\/Hospital-Tuxtepec-850x522.jpg?resize=350%2C200&ssl=1","width":350,"height":200,"srcset":"https:\/\/i0.wp.com\/www.grieta.org.mx\/wp-content\/uploads\/2020\/07\/Hospital-Tuxtepec-850x522.jpg?resize=350%2C200&ssl=1 1x, https:\/\/i0.wp.com\/www.grieta.org.mx\/wp-content\/uploads\/2020\/07\/Hospital-Tuxtepec-850x522.jpg?resize=525%2C300&ssl=1 1.5x, https:\/\/i0.wp.com\/www.grieta.org.mx\/wp-content\/uploads\/2020\/07\/Hospital-Tuxtepec-850x522.jpg?resize=700%2C400&ssl=1 2x"},"classes":[]}],"_links":{"self":[{"href":"https:\/\/www.grieta.org.mx\/index.php\/wp-json\/wp\/v2\/posts\/49588","targetHints":{"allow":["GET"]}}],"collection":[{"href":"https:\/\/www.grieta.org.mx\/index.php\/wp-json\/wp\/v2\/posts"}],"about":[{"href":"https:\/\/www.grieta.org.mx\/index.php\/wp-json\/wp\/v2\/types\/post"}],"author":[{"embeddable":true,"href":"https:\/\/www.grieta.org.mx\/index.php\/wp-json\/wp\/v2\/users\/2"}],"replies":[{"embeddable":true,"href":"https:\/\/www.grieta.org.mx\/index.php\/wp-json\/wp\/v2\/comments?post=49588"}],"version-history":[{"count":1,"href":"https:\/\/www.grieta.org.mx\/index.php\/wp-json\/wp\/v2\/posts\/49588\/revisions"}],"predecessor-version":[{"id":49591,"href":"https:\/\/www.grieta.org.mx\/index.php\/wp-json\/wp\/v2\/posts\/49588\/revisions\/49591"}],"wp:featuredmedia":[{"embeddable":true,"href":"https:\/\/www.grieta.org.mx\/index.php\/wp-json\/wp\/v2\/media\/49589"}],"wp:attachment":[{"href":"https:\/\/www.grieta.org.mx\/index.php\/wp-json\/wp\/v2\/media?parent=49588"}],"wp:term":[{"taxonomy":"category","embeddable":true,"href":"https:\/\/www.grieta.org.mx\/index.php\/wp-json\/wp\/v2\/categories?post=49588"},{"taxonomy":"post_tag","embeddable":true,"href":"https:\/\/www.grieta.org.mx\/index.php\/wp-json\/wp\/v2\/tags?post=49588"}],"curies":[{"name":"wp","href":"https:\/\/api.w.org\/{rel}","templated":true}]}}