{"id":49585,"date":"2020-05-21T17:55:01","date_gmt":"2020-05-21T22:55:01","guid":{"rendered":"http:\/\/www.grieta.org.mx\/?p=49585"},"modified":"2020-05-21T17:55:01","modified_gmt":"2020-05-21T22:55:01","slug":"piden-cuarentena-en-el-hraeo-para-frenar-contagios-de-covid-19-oaxaca","status":"publish","type":"post","link":"https:\/\/www.grieta.org.mx\/index.php\/2020\/05\/21\/piden-cuarentena-en-el-hraeo-para-frenar-contagios-de-covid-19-oaxaca\/","title":{"rendered":"Piden cuarentena en el HRAEO para frenar contagios de Covid-19 (Oaxaca)"},"content":{"rendered":"<p><img loading=\"lazy\" decoding=\"async\" data-attachment-id=\"49586\" data-permalink=\"https:\/\/www.grieta.org.mx\/index.php\/2020\/05\/21\/piden-cuarentena-en-el-hraeo-para-frenar-contagios-de-covid-19-oaxaca\/x\/\" data-orig-file=\"https:\/\/www.grieta.org.mx\/wp-content\/uploads\/2020\/05\/x.jpg\" data-orig-size=\"800,400\" data-comments-opened=\"0\" data-image-meta=\"{&quot;aperture&quot;:&quot;0&quot;,&quot;credit&quot;:&quot;&quot;,&quot;camera&quot;:&quot;&quot;,&quot;caption&quot;:&quot;&quot;,&quot;created_timestamp&quot;:&quot;0&quot;,&quot;copyright&quot;:&quot;&quot;,&quot;focal_length&quot;:&quot;0&quot;,&quot;iso&quot;:&quot;0&quot;,&quot;shutter_speed&quot;:&quot;0&quot;,&quot;title&quot;:&quot;&quot;,&quot;orientation&quot;:&quot;1&quot;}\" data-image-title=\"x\" data-image-description=\"\" data-image-caption=\"\" data-medium-file=\"https:\/\/www.grieta.org.mx\/wp-content\/uploads\/2020\/05\/x-300x150.jpg\" data-large-file=\"https:\/\/www.grieta.org.mx\/wp-content\/uploads\/2020\/05\/x.jpg\" class=\"aligncenter wp-image-49586\" src=\"http:\/\/www.grieta.org.mx\/wp-content\/uploads\/2020\/05\/x.jpg\" alt=\"\" width=\"800\" height=\"400\" srcset=\"https:\/\/www.grieta.org.mx\/wp-content\/uploads\/2020\/05\/x.jpg 800w, https:\/\/www.grieta.org.mx\/wp-content\/uploads\/2020\/05\/x-300x150.jpg 300w, https:\/\/www.grieta.org.mx\/wp-content\/uploads\/2020\/05\/x-768x384.jpg 768w\" sizes=\"auto, (max-width: 800px) 100vw, 800px\" \/><\/p>\n<p>*El Sindicato de Salud busca evitar que el personal m\u00e9dico y de enfermer\u00eda siga contagi\u00e1ndose.<\/p>\n<p>La Secci\u00f3n 96 del Sindicato Nacional de Trabajadores de Salud (SNTSA) pidi\u00f3 a la directora general del Hospital Regional de Alta Especialidad de Oaxaca (HRAEO), Alba V\u00e1squez Palacios, declarar en cuarentena al hospital para contener el brote epidemiol\u00f3gico de COVID-19 que se reporta entre el personal m\u00e9dico en la entidad y en ese nosocomio.<\/p>\n<p>En el documento firmado por Laura Idalia S\u00e1nchez Ch\u00e1vez, secretaria General de la Secci\u00f3n 96, argumenta que a nivel nacional 881 trabajadores de Salud han dado positivo a COVID19, de los cuales 23 han fallecido.<\/p>\n<p>En Oaxaca, los Servicios de Salud confirmaron 143 casos positivos de en el personal de la Salud: 55 integrantes del personal m\u00e9dico, 73 de enfermer\u00eda, 14 laboratoristas y uno m\u00e1s de otra \u00e1rea.<\/p>\n<p>En la v\u00edspera, el HRAE inform\u00f3 que se encontraba casi al 100 por ciento de su capacidad.<\/p>\n<p>Por ello, demand\u00f3 que se apliquen de manera permanente pruebas de detecci\u00f3n a todo el personal que est\u00e1 en las diferentes \u00e1reas del hospital atendiendo a pacientes COVID-19.<\/p>\n<p>Especialmente al personal m\u00e9dico y de enfermer\u00eda, as\u00ed como el param\u00e9dico, incluyendo al personal de apoyo y administrativo que se encuentre laborando.<\/p>\n<p>Se faciliten las pruebas a familiares de trabajadores que han dado positivo.<\/p>\n<p>Se brinde atenci\u00f3n m\u00e9dica oportuna y se otorgue seguimiento puntual a los casos de trabajadores, as\u00ed como a sus familiares que se encuentran contagiados, permiti\u00e9ndoles ejercer, en su caso, escrupulosamente sus derechos humanos y prerrogativas laborales.<\/p>\n<p>De la misma forma, se realice permanentemente la sanitizaci\u00f3n y desinfecci\u00f3n de instalaciones, mobiliario y equipo destinado a la atenci\u00f3n de pacientes enfermos y de uso propio de compa\u00f1eros en sus diferentes \u00e1reas de trabajo.<\/p>\n<p>Posteriormente, se conozcan los dict\u00e1menes de compa\u00f1eros conforme se tenga el resultado de la muestra con reporte positivo, para que el Comit\u00e9 Ejecutivo Seccional realice las gestiones ante el ISSSTE, ya que aplica como riesgo de trabajo.<\/p>\n<p>La dirigente sindical demand\u00f3 tambi\u00e9n que se reconozca la condici\u00f3n de alto riesgo laboral en el que ha venido realizando su trabajo el personal de ese nosocomio.<\/p>\n<p>Que se tomen las medidas administrativas y laborales que justamente corresponden, tanto en las ramas m\u00e9dica y param\u00e9dica, as\u00ed como administrativas y grupos afines.<\/p>\n<p>El pasado 15 de mayo, mediante un comunicado, el HRAEO anunci\u00f3 que se encuentra en su m\u00e1xima capacidad para atender a pacientes contagiados por el nuevo coronavirus.<\/p>\n<p>En la misiva explica que al ser el \u00fanico hospital que atiende a la poblaci\u00f3n abierta, es decir que no cuenta con la derechohabiencia a otros sistemas de salud, han llegado a su l\u00edmite de su capacidad para recibir a pacientes que tengan insuficiencia respiratoria cr\u00edtica ocasionada por COVID-19, enfermos que en su gran mayor\u00eda est\u00e1n graves y requieren intubaci\u00f3n endotraqueal y cuidados de terapia intensiva.<\/p>\n<p>\u201cDesde que recibimos al primer paciente diagnosticado con COVID- 19, el 24 de marzo 2020 (hace 7 semanas), todos los d\u00edas hemos trabajado incansablemente para que nuestros pacientes superen esta enfermedad\u201d, expusieron.<\/p>\n<p>Por lo que indicaron, es de su responsabilidad informar de manera p\u00fablica que no ser\u00e1 posible ingresar a m\u00e1s pacientes a atenci\u00f3n hospitalaria.<\/p>\n<p><a href=\"https:\/\/pagina3.mx\/2020\/05\/piden-cuarentena-en-el-hraeo-para-frenar-contagios-de-covid-19\/\" target=\"_blank\" rel=\"noopener noreferrer\">https:\/\/pagina3.mx\/2020\/05\/piden-cuarentena-en-el-hraeo-para-frenar-contagios-de-covid-19\/<\/a><\/p>\n","protected":false},"excerpt":{"rendered":"<p>*El Sindicato de Salud busca evitar que el personal m\u00e9dico y de enfermer\u00eda siga contagi\u00e1ndose. La Secci\u00f3n 96 del Sindicato Nacional de Trabajadores de Salud (SNTSA) pidi\u00f3 a la directora &hellip; <a href=\"https:\/\/www.grieta.org.mx\/index.php\/2020\/05\/21\/piden-cuarentena-en-el-hraeo-para-frenar-contagios-de-covid-19-oaxaca\/\" class=\"more-link\">Leer m\u00e1s<\/a><\/p>\n","protected":false},"author":2,"featured_media":49586,"comment_status":"closed","ping_status":"closed","sticky":false,"template":"","format":"standard","meta":{"ngg_post_thumbnail":0,"_jetpack_newsletter_access":"","_jetpack_dont_email_post_to_subs":false,"_jetpack_newsletter_tier_id":0,"_jetpack_memberships_contains_paywalled_content":false,"_jetpack_memberships_contains_paid_content":false,"footnotes":""},"categories":[80,3262,1728,2,25],"tags":[],"class_list":["post-49585","post","type-post","status-publish","format-standard","has-post-thumbnail","hentry","category-cintillo","category-crisis-covid-19-en-oaxaca","category-crisis-del-sector-salud-en-oaxaca","category-noticias-nacionales","category-oaxaca","entry"],"jetpack_featured_media_url":"https:\/\/www.grieta.org.mx\/wp-content\/uploads\/2020\/05\/x.jpg","jetpack_sharing_enabled":true,"jetpack_shortlink":"https:\/\/wp.me\/p7ZJR4-cTL","jetpack_likes_enabled":false,"jetpack-related-posts":[{"id":51715,"url":"https:\/\/www.grieta.org.mx\/index.php\/2020\/07\/04\/por-falta-de-equipo-medico-trabajadores-del-hospital-regional-de-tuxtepec-paran-labores-oaxaca\/","url_meta":{"origin":49585,"position":0},"title":"Por falta de equipo m\u00e9dico, trabajadores del Hospital Regional de Tuxtepec paran labores (Oaxaca)","author":"grieta","date":"4 julio, 2020","format":false,"excerpt":"Proceso \/ Pedro Mat\u00edas. El Hospital Regional de Tuxtepec. Foto: Twitter @amorenos60 OAXACA, Oax. (apro).- Trabajadores del Hospital Regional de Tuxtepec iniciaron hoy un paro de labores para protestar por la falta de equipo m\u00e9dico, cuando esa regi\u00f3n ocupa el segundo lugar en incidencia por casos de covid-19 y defunciones\u2026","rel":"","context":"En &quot;CINTILLO&quot;","block_context":{"text":"CINTILLO","link":"https:\/\/www.grieta.org.mx\/index.php\/category\/cintillo\/"},"img":{"alt_text":"","src":"https:\/\/i0.wp.com\/www.grieta.org.mx\/wp-content\/uploads\/2020\/07\/Hospital-Tuxtepec-850x522.jpg?resize=350%2C200&ssl=1","width":350,"height":200,"srcset":"https:\/\/i0.wp.com\/www.grieta.org.mx\/wp-content\/uploads\/2020\/07\/Hospital-Tuxtepec-850x522.jpg?resize=350%2C200&ssl=1 1x, https:\/\/i0.wp.com\/www.grieta.org.mx\/wp-content\/uploads\/2020\/07\/Hospital-Tuxtepec-850x522.jpg?resize=525%2C300&ssl=1 1.5x, https:\/\/i0.wp.com\/www.grieta.org.mx\/wp-content\/uploads\/2020\/07\/Hospital-Tuxtepec-850x522.jpg?resize=700%2C400&ssl=1 2x"},"classes":[]},{"id":56737,"url":"https:\/\/www.grieta.org.mx\/index.php\/2021\/02\/01\/vacunan-a-burocratas-y-a-cuates-antes-que-a-medicos-denuncian-trabajadores-de-salud-de-oaxaca\/","url_meta":{"origin":49585,"position":1},"title":"Vacunan a bur\u00f3cratas y a &#8220;cuates&#8221; antes que a m\u00e9dicos, denuncian trabajadores de salud de Oaxaca","author":"grieta","date":"1 febrero, 2021","format":false,"excerpt":"Proceso \/ Pedro Mat\u00edas. En redes sociales circulan fotograf\u00edas donde se observa un m\u00f3dulo instalado en el Hospital de la Ni\u00f1ez Oaxaque\u00f1a, lugar en el que se concentraron 20 trabajadores enviados por su jefe inmediato para vacunarse contra el covid-19, sin estar en la primera l\u00ednea de combate al virus.\u2026","rel":"","context":"En &quot;CINTILLO&quot;","block_context":{"text":"CINTILLO","link":"https:\/\/www.grieta.org.mx\/index.php\/category\/cintillo\/"},"img":{"alt_text":"","src":"https:\/\/i0.wp.com\/www.grieta.org.mx\/wp-content\/uploads\/2021\/02\/3.jpeg?resize=350%2C200&ssl=1","width":350,"height":200,"srcset":"https:\/\/i0.wp.com\/www.grieta.org.mx\/wp-content\/uploads\/2021\/02\/3.jpeg?resize=350%2C200&ssl=1 1x, https:\/\/i0.wp.com\/www.grieta.org.mx\/wp-content\/uploads\/2021\/02\/3.jpeg?resize=525%2C300&ssl=1 1.5x, https:\/\/i0.wp.com\/www.grieta.org.mx\/wp-content\/uploads\/2021\/02\/3.jpeg?resize=700%2C400&ssl=1 2x"},"classes":[]},{"id":62039,"url":"https:\/\/www.grieta.org.mx\/index.php\/2021\/09\/15\/personal-de-salud-protesta-por-el-despido-de-2-mil-100-trabadores-en-oaxaca\/","url_meta":{"origin":49585,"position":2},"title":"Personal de salud protesta por el despido de 2 mil 100 trabadores en Oaxaca","author":"grieta","date":"15 septiembre, 2021","format":false,"excerpt":"Proceso \/ Pedro Mat\u00edas. Trabajadores de la salud de Oaxaca comenzaron un paro laboral administrativo tras el despido de 2 mil 100 empleados que laboraban en \u00e1reas covid-19 o poblaciones rurales. OAXACA, Oax. (apro).- \u201cAntes h\u00e9roes, ahora desempleados\u201d, rezan las pancartas del personal de salud que este mi\u00e9rcoles empez\u00f3 a\u2026","rel":"","context":"En &quot;CINTILLO&quot;","block_context":{"text":"CINTILLO","link":"https:\/\/www.grieta.org.mx\/index.php\/category\/cintillo\/"},"img":{"alt_text":"","src":"https:\/\/i0.wp.com\/www.grieta.org.mx\/wp-content\/uploads\/2021\/09\/1-2.jpg?resize=350%2C200&ssl=1","width":350,"height":200,"srcset":"https:\/\/i0.wp.com\/www.grieta.org.mx\/wp-content\/uploads\/2021\/09\/1-2.jpg?resize=350%2C200&ssl=1 1x, https:\/\/i0.wp.com\/www.grieta.org.mx\/wp-content\/uploads\/2021\/09\/1-2.jpg?resize=525%2C300&ssl=1 1.5x, https:\/\/i0.wp.com\/www.grieta.org.mx\/wp-content\/uploads\/2021\/09\/1-2.jpg?resize=700%2C400&ssl=1 2x"},"classes":[]},{"id":47883,"url":"https:\/\/www.grieta.org.mx\/index.php\/2020\/04\/15\/casi-tres-mil-trabajadores-de-salud-sin-material-de-proteccion-para-hacer-frente-al-coronavirus-en-el-istmo-oaxaca\/","url_meta":{"origin":49585,"position":3},"title":"Casi tres mil trabajadores de Salud sin material de protecci\u00f3n para hacer frente al Coronavirus en el Istmo (Oaxaca)","author":"grieta","date":"15 abril, 2020","format":false,"excerpt":"P\u00e1gina 3 \/ Pedro Mat\u00edas. Casi tres mil trabajadores de Salud sin material de protecci\u00f3n para hacer frente al Coronavirus en el Istmo. OAXACA, Oax. (pagina3.mx).- A casi un mes de la presencia de la pandemia del Covid-19 (coronavirus) el material de protecci\u00f3n para atender esta pandemia no llega. Y\u2026","rel":"","context":"En &quot;CINTILLO&quot;","block_context":{"text":"CINTILLO","link":"https:\/\/www.grieta.org.mx\/index.php\/category\/cintillo\/"},"img":{"alt_text":"","src":"https:\/\/i0.wp.com\/www.grieta.org.mx\/wp-content\/uploads\/2018\/03\/14524434_1106112876131411_958039263622046936_o.jpg?resize=350%2C200&ssl=1","width":350,"height":200,"srcset":"https:\/\/i0.wp.com\/www.grieta.org.mx\/wp-content\/uploads\/2018\/03\/14524434_1106112876131411_958039263622046936_o.jpg?resize=350%2C200&ssl=1 1x, https:\/\/i0.wp.com\/www.grieta.org.mx\/wp-content\/uploads\/2018\/03\/14524434_1106112876131411_958039263622046936_o.jpg?resize=525%2C300&ssl=1 1.5x, https:\/\/i0.wp.com\/www.grieta.org.mx\/wp-content\/uploads\/2018\/03\/14524434_1106112876131411_958039263622046936_o.jpg?resize=700%2C400&ssl=1 2x"},"classes":[]},{"id":57320,"url":"https:\/\/www.grieta.org.mx\/index.php\/2021\/03\/05\/trabajadores-de-la-salud-de-oaxaca-bloquean-vias-para-exigir-vacuna-contra-covid-19\/","url_meta":{"origin":49585,"position":4},"title":"Trabajadores de la salud de Oaxaca bloquean v\u00edas para exigir vacuna contra covid-19","author":"grieta","date":"5 marzo, 2021","format":false,"excerpt":"Proceso \/ Pedro Mat\u00edas. Integrantes del Sindicato Nacional de Trabajadores de la Secretar\u00eda de Salud bloquearon seis v\u00edas para exigir que se aplique la vacuna contra el covid-19 a personal administrativo. OAXACA, Oax. (apro).- Con seis bloqueos carreteros en la regi\u00f3n del Istmo de Tehuantepec, integrantes del Sindicato Nacional de\u2026","rel":"","context":"En &quot;CINTILLO&quot;","block_context":{"text":"CINTILLO","link":"https:\/\/www.grieta.org.mx\/index.php\/category\/cintillo\/"},"img":{"alt_text":"","src":"https:\/\/i0.wp.com\/www.grieta.org.mx\/wp-content\/uploads\/2021\/03\/1.jpg?resize=350%2C200&ssl=1","width":350,"height":200,"srcset":"https:\/\/i0.wp.com\/www.grieta.org.mx\/wp-content\/uploads\/2021\/03\/1.jpg?resize=350%2C200&ssl=1 1x, https:\/\/i0.wp.com\/www.grieta.org.mx\/wp-content\/uploads\/2021\/03\/1.jpg?resize=525%2C300&ssl=1 1.5x, https:\/\/i0.wp.com\/www.grieta.org.mx\/wp-content\/uploads\/2021\/03\/1.jpg?resize=700%2C400&ssl=1 2x"},"classes":[]},{"id":51718,"url":"https:\/\/www.grieta.org.mx\/index.php\/2020\/07\/12\/contagio-masivo-de-covid-19-entre-personal-medico-del-hospital-de-juchitan-dan-positivo-115-oaxaca\/","url_meta":{"origin":49585,"position":5},"title":"Contagio masivo de covid-19 entre personal m\u00e9dico del Hospital de Juchit\u00e1n; dan positivo 115 (Oaxaca)","author":"grieta","date":"12 julio, 2020","format":false,"excerpt":"P\u00e1gina 3 \/ Diana Manzo y Pedro Mat\u00edas. OAXACA, Oax.- A unas horas de la reapertura del Hospital General \u201cMacedonio Ben\u00edtez Fuentes\u201d de Juchit\u00e1n de Zaragoza, en el Istmo de Tehuantepec, surge un nuevo brote masivo de contagio de covid-19 al confirmarse que 115 trabajadores de Salud dieron positivo. Esto\u2026","rel":"","context":"En &quot;CINTILLO&quot;","block_context":{"text":"CINTILLO","link":"https:\/\/www.grieta.org.mx\/index.php\/category\/cintillo\/"},"img":{"alt_text":"","src":"https:\/\/i0.wp.com\/www.grieta.org.mx\/wp-content\/uploads\/2018\/03\/14524434_1106112876131411_958039263622046936_o.jpg?resize=350%2C200&ssl=1","width":350,"height":200,"srcset":"https:\/\/i0.wp.com\/www.grieta.org.mx\/wp-content\/uploads\/2018\/03\/14524434_1106112876131411_958039263622046936_o.jpg?resize=350%2C200&ssl=1 1x, https:\/\/i0.wp.com\/www.grieta.org.mx\/wp-content\/uploads\/2018\/03\/14524434_1106112876131411_958039263622046936_o.jpg?resize=525%2C300&ssl=1 1.5x, https:\/\/i0.wp.com\/www.grieta.org.mx\/wp-content\/uploads\/2018\/03\/14524434_1106112876131411_958039263622046936_o.jpg?resize=700%2C400&ssl=1 2x"},"classes":[]}],"_links":{"self":[{"href":"https:\/\/www.grieta.org.mx\/index.php\/wp-json\/wp\/v2\/posts\/49585","targetHints":{"allow":["GET"]}}],"collection":[{"href":"https:\/\/www.grieta.org.mx\/index.php\/wp-json\/wp\/v2\/posts"}],"about":[{"href":"https:\/\/www.grieta.org.mx\/index.php\/wp-json\/wp\/v2\/types\/post"}],"author":[{"embeddable":true,"href":"https:\/\/www.grieta.org.mx\/index.php\/wp-json\/wp\/v2\/users\/2"}],"replies":[{"embeddable":true,"href":"https:\/\/www.grieta.org.mx\/index.php\/wp-json\/wp\/v2\/comments?post=49585"}],"version-history":[{"count":1,"href":"https:\/\/www.grieta.org.mx\/index.php\/wp-json\/wp\/v2\/posts\/49585\/revisions"}],"predecessor-version":[{"id":49587,"href":"https:\/\/www.grieta.org.mx\/index.php\/wp-json\/wp\/v2\/posts\/49585\/revisions\/49587"}],"wp:featuredmedia":[{"embeddable":true,"href":"https:\/\/www.grieta.org.mx\/index.php\/wp-json\/wp\/v2\/media\/49586"}],"wp:attachment":[{"href":"https:\/\/www.grieta.org.mx\/index.php\/wp-json\/wp\/v2\/media?parent=49585"}],"wp:term":[{"taxonomy":"category","embeddable":true,"href":"https:\/\/www.grieta.org.mx\/index.php\/wp-json\/wp\/v2\/categories?post=49585"},{"taxonomy":"post_tag","embeddable":true,"href":"https:\/\/www.grieta.org.mx\/index.php\/wp-json\/wp\/v2\/tags?post=49585"}],"curies":[{"name":"wp","href":"https:\/\/api.w.org\/{rel}","templated":true}]}}