{"id":49482,"date":"2020-04-25T15:21:52","date_gmt":"2020-04-25T20:21:52","guid":{"rendered":"http:\/\/www.grieta.org.mx\/?p=49482"},"modified":"2020-05-18T19:20:16","modified_gmt":"2020-05-19T00:20:16","slug":"fuerzas-de-seguridad-desplegadas-dentro-del-territorio-nacional","status":"publish","type":"post","link":"https:\/\/www.grieta.org.mx\/index.php\/2020\/04\/25\/fuerzas-de-seguridad-desplegadas-dentro-del-territorio-nacional\/","title":{"rendered":"Fuerzas de Seguridad desplegadas dentro del territorio nacional"},"content":{"rendered":"<p>Jos\u00e9 Quevedo\/M\u00e9xico Aeroespacial<br \/>\n25 abril 2020<\/p>\n<p><img loading=\"lazy\" decoding=\"async\" data-attachment-id=\"49483\" data-permalink=\"https:\/\/www.grieta.org.mx\/index.php\/2020\/04\/25\/fuerzas-de-seguridad-desplegadas-dentro-del-territorio-nacional\/150319-59-mexaeroesp-copiar\/\" data-orig-file=\"https:\/\/www.grieta.org.mx\/wp-content\/uploads\/2020\/05\/150319-59-MexAeroesp-Copiar.jpg\" data-orig-size=\"1024,768\" data-comments-opened=\"0\" data-image-meta=\"{&quot;aperture&quot;:&quot;5.6&quot;,&quot;credit&quot;:&quot;&quot;,&quot;camera&quot;:&quot;DSC-H9&quot;,&quot;caption&quot;:&quot;&quot;,&quot;created_timestamp&quot;:&quot;1426774575&quot;,&quot;copyright&quot;:&quot;&quot;,&quot;focal_length&quot;:&quot;5.2&quot;,&quot;iso&quot;:&quot;100&quot;,&quot;shutter_speed&quot;:&quot;0.00125&quot;,&quot;title&quot;:&quot;&quot;,&quot;orientation&quot;:&quot;1&quot;}\" data-image-title=\"150319-59-MexAeroesp-Copiar\" data-image-description=\"\" data-image-caption=\"\" data-medium-file=\"https:\/\/www.grieta.org.mx\/wp-content\/uploads\/2020\/05\/150319-59-MexAeroesp-Copiar-300x225.jpg\" data-large-file=\"https:\/\/www.grieta.org.mx\/wp-content\/uploads\/2020\/05\/150319-59-MexAeroesp-Copiar-1024x768.jpg\" src=\"http:\/\/www.grieta.org.mx\/wp-content\/uploads\/2020\/05\/150319-59-MexAeroesp-Copiar.jpg\" alt=\"\" width=\"1024\" height=\"768\" class=\"aligncenter size-full wp-image-49483\" srcset=\"https:\/\/www.grieta.org.mx\/wp-content\/uploads\/2020\/05\/150319-59-MexAeroesp-Copiar.jpg 1024w, https:\/\/www.grieta.org.mx\/wp-content\/uploads\/2020\/05\/150319-59-MexAeroesp-Copiar-300x225.jpg 300w, https:\/\/www.grieta.org.mx\/wp-content\/uploads\/2020\/05\/150319-59-MexAeroesp-Copiar-768x576.jpg 768w, https:\/\/www.grieta.org.mx\/wp-content\/uploads\/2020\/05\/150319-59-MexAeroesp-Copiar-667x500.jpg 667w\" sizes=\"auto, (max-width: 1024px) 100vw, 1024px\" \/><\/p>\n<p>El C. General Luis Cresencio Sandoval Gonz\u00e1lez, Secretario de la Defensa Nacional  inform\u00f3 sobre el efectivo de las Fuerzas Armadas y Guardia Nacional desplegado en el territorio  nacional.<\/p>\n<p>La Sedena mantiene un efectivo real de personal operativo de 165,454  integrantes; la Secretar\u00eda de Marina (SEMAR) cuenta con 61,406 y la Guardia Nacional (GN) con  94,776, haciendo un total de 321,636 efectivos operativos de las Fuerzas Armadas y Guardia  Nacional.<\/p>\n<p>Como Fuerza Operativa, la SEDENA cuenta con 71,094 elementos, la SEMAR 19,493 y la GN 70,793,  sumando un total de 161,380 efectivos, de los cuales se encuentran desplegados 135,146 en los siguientes servicios:<\/p>\n<p><img loading=\"lazy\" decoding=\"async\" data-attachment-id=\"49484\" data-permalink=\"https:\/\/www.grieta.org.mx\/index.php\/2020\/04\/25\/fuerzas-de-seguridad-desplegadas-dentro-del-territorio-nacional\/94607657_259322105472180_6400082882626322432_o\/\" data-orig-file=\"https:\/\/www.grieta.org.mx\/wp-content\/uploads\/2020\/05\/94607657_259322105472180_6400082882626322432_o.jpg\" data-orig-size=\"960,615\" data-comments-opened=\"0\" data-image-meta=\"{&quot;aperture&quot;:&quot;0&quot;,&quot;credit&quot;:&quot;&quot;,&quot;camera&quot;:&quot;&quot;,&quot;caption&quot;:&quot;&quot;,&quot;created_timestamp&quot;:&quot;0&quot;,&quot;copyright&quot;:&quot;&quot;,&quot;focal_length&quot;:&quot;0&quot;,&quot;iso&quot;:&quot;0&quot;,&quot;shutter_speed&quot;:&quot;0&quot;,&quot;title&quot;:&quot;&quot;,&quot;orientation&quot;:&quot;0&quot;}\" data-image-title=\"94607657_259322105472180_6400082882626322432_o\" data-image-description=\"\" data-image-caption=\"\" data-medium-file=\"https:\/\/www.grieta.org.mx\/wp-content\/uploads\/2020\/05\/94607657_259322105472180_6400082882626322432_o-300x192.jpg\" data-large-file=\"https:\/\/www.grieta.org.mx\/wp-content\/uploads\/2020\/05\/94607657_259322105472180_6400082882626322432_o.jpg\" src=\"http:\/\/www.grieta.org.mx\/wp-content\/uploads\/2020\/05\/94607657_259322105472180_6400082882626322432_o.jpg\" alt=\"\" width=\"960\" height=\"615\" class=\"aligncenter size-full wp-image-49484\" srcset=\"https:\/\/www.grieta.org.mx\/wp-content\/uploads\/2020\/05\/94607657_259322105472180_6400082882626322432_o.jpg 960w, https:\/\/www.grieta.org.mx\/wp-content\/uploads\/2020\/05\/94607657_259322105472180_6400082882626322432_o-300x192.jpg 300w, https:\/\/www.grieta.org.mx\/wp-content\/uploads\/2020\/05\/94607657_259322105472180_6400082882626322432_o-768x492.jpg 768w, https:\/\/www.grieta.org.mx\/wp-content\/uploads\/2020\/05\/94607657_259322105472180_6400082882626322432_o-780x500.jpg 780w\" sizes=\"auto, (max-width: 960px) 100vw, 960px\" \/><\/p>\n<p>Adem\u00e1s se encuentran desplegados 78 aeronaves de la Fuerza A\u00e9rea Mexicana, 215 buques y embarcaciones de Marina, as\u00ed como 35 aeronaves de la Guardia Nacional; quedando disponibles un total de 26,234 elementos de la Fuerza Operativa, para atender cualquier situaci\u00f3n en todo el pa\u00eds.<\/p>\n<p><a href=\"http:\/\/mexicoaeroespacial.com.mx\/2020\/04\/25\/fuerzas-de-seguridad-desplegadas-dentro-del-territorio-nacional\/\" rel=\"noopener noreferrer\" target=\"_blank\">http:\/\/mexicoaeroespacial.com.mx\/2020\/04\/25\/fuerzas-de-seguridad-desplegadas-dentro-del-territorio-nacional\/<\/a><\/p>\n","protected":false},"excerpt":{"rendered":"<p>Jos\u00e9 Quevedo\/M\u00e9xico Aeroespacial 25 abril 2020 El C. General Luis Cresencio Sandoval Gonz\u00e1lez, Secretario de la Defensa Nacional inform\u00f3 sobre el efectivo de las Fuerzas Armadas y Guardia Nacional desplegado &hellip; <a href=\"https:\/\/www.grieta.org.mx\/index.php\/2020\/04\/25\/fuerzas-de-seguridad-desplegadas-dentro-del-territorio-nacional\/\" class=\"more-link\">Leer m\u00e1s<\/a><\/p>\n","protected":false},"author":2,"featured_media":49483,"comment_status":"closed","ping_status":"closed","sticky":false,"template":"","format":"standard","meta":{"ngg_post_thumbnail":0,"_jetpack_newsletter_access":"","_jetpack_dont_email_post_to_subs":false,"_jetpack_newsletter_tier_id":0,"_jetpack_memberships_contains_paywalled_content":false,"_jetpack_memberships_contains_paid_content":false,"footnotes":""},"categories":[80,912,83],"tags":[2974,3384,2772,3387,2295,614],"class_list":["post-49482","post","type-post","status-publish","format-standard","has-post-thumbnail","hentry","category-cintillo","category-militarizacion","category-temas-nacionales","tag-aumento-de-la-militarizacion","tag-ejercito-en-tareas-civiles","tag-ejercito-mexicano","tag-fuerzas-armadas-en-tareas-civiles","tag-guardia-nacional","tag-militarizacion","entry"],"jetpack_featured_media_url":"https:\/\/www.grieta.org.mx\/wp-content\/uploads\/2020\/05\/150319-59-MexAeroesp-Copiar.jpg","jetpack_sharing_enabled":true,"jetpack_shortlink":"https:\/\/wp.me\/p7ZJR4-cS6","jetpack_likes_enabled":false,"jetpack-related-posts":[{"id":65179,"url":"https:\/\/www.grieta.org.mx\/index.php\/2022\/09\/09\/senado-aprueba-militarizacion-de-mexico\/","url_meta":{"origin":49482,"position":0},"title":"Senado aprueba militarizaci\u00f3n de M\u00e9xico","author":"grieta","date":"9 septiembre, 2022","format":false,"excerpt":"\u00d1an\u00ed Pinto\/Avispa Midia 9 septiembre 2022 Despu\u00e9s de 12 horas de sesi\u00f3n, entre reparticiones de culpas y reclamos, la madrugada de este viernes (9) el Senado mexicano aprob\u00f3 la transferencia de la Guardia Nacional (GN) a la Secretar\u00eda de la Defensa Nacional (Sedena). Con el visto bueno del partido Movimiento\u2026","rel":"","context":"En &quot;CINTILLO&quot;","block_context":{"text":"CINTILLO","link":"https:\/\/www.grieta.org.mx\/index.php\/category\/cintillo\/"},"img":{"alt_text":"","src":"","width":0,"height":0},"classes":[]},{"id":48947,"url":"https:\/\/www.grieta.org.mx\/index.php\/2020\/05\/11\/amlo-ordena-la-intervencion-del-ejercito-en-labores-de-seguridad-publica\/","url_meta":{"origin":49482,"position":1},"title":"AMLO ordena la intervenci\u00f3n del Ej\u00e9rcito en labores de seguridad p\u00fablica","author":"grieta","date":"11 mayo, 2020","format":false,"excerpt":"Juan Omar Fierro\/Proceso 11 mayo 2020 El Ej\u00e9rcito y la Marina realizar\u00e1n labores de seguridad p\u00fablica en auxilio de la Guardia Nacional durante los pr\u00f3ximos cinco a\u00f1os, de acuerdo con una instrucci\u00f3n presidencial publicada en el DOF Foto: Leonardo Garza\/Procesofoto CIUDAD DE M\u00c9XICO (apro). \u2013 Los elementos del Ej\u00e9rcito mexicano\u2026","rel":"","context":"En &quot;CINTILLO&quot;","block_context":{"text":"CINTILLO","link":"https:\/\/www.grieta.org.mx\/index.php\/category\/cintillo\/"},"img":{"alt_text":"","src":"https:\/\/i0.wp.com\/www.grieta.org.mx\/wp-content\/uploads\/2020\/05\/ejercito_seguridad_publica_amlo-870x522.jpg?resize=350%2C200&ssl=1","width":350,"height":200,"srcset":"https:\/\/i0.wp.com\/www.grieta.org.mx\/wp-content\/uploads\/2020\/05\/ejercito_seguridad_publica_amlo-870x522.jpg?resize=350%2C200&ssl=1 1x, https:\/\/i0.wp.com\/www.grieta.org.mx\/wp-content\/uploads\/2020\/05\/ejercito_seguridad_publica_amlo-870x522.jpg?resize=525%2C300&ssl=1 1.5x, https:\/\/i0.wp.com\/www.grieta.org.mx\/wp-content\/uploads\/2020\/05\/ejercito_seguridad_publica_amlo-870x522.jpg?resize=700%2C400&ssl=1 2x"},"classes":[]},{"id":65258,"url":"https:\/\/www.grieta.org.mx\/index.php\/2022\/09\/13\/cndh-no-llevara-a-la-corte-pase-de-gn-al-ejercito-ya-no-hay-militarizacion-dice\/","url_meta":{"origin":49482,"position":2},"title":"CNDH no llevar\u00e1 a la Corte pase de GN al Ej\u00e9rcito; ya no hay militarizaci\u00f3n, dice","author":"grieta","date":"13 septiembre, 2022","format":false,"excerpt":"Redacci\u00f3n\/Aristegui Noticias 13 septiembre 2022 Derechos Humanos respalda los cambios aprobados en el Congreso de la Uni\u00f3n y publicados por el Presidente. La Comisi\u00f3n Nacional de los Derechos Humanos (CNDH) afirm\u00f3 que no presentar\u00e1 acci\u00f3n de inconstitucionalidad por las reformas que traspasan el control de la Guardia Nacional al Ej\u00e9rcito.\u2026","rel":"","context":"En &quot;CINTILLO&quot;","block_context":{"text":"CINTILLO","link":"https:\/\/www.grieta.org.mx\/index.php\/category\/cintillo\/"},"img":{"alt_text":"","src":"https:\/\/i0.wp.com\/www.grieta.org.mx\/wp-content\/uploads\/2022\/09\/ejercito-cndh-militarizacion-13092022.webp?resize=350%2C200&ssl=1","width":350,"height":200,"srcset":"https:\/\/i0.wp.com\/www.grieta.org.mx\/wp-content\/uploads\/2022\/09\/ejercito-cndh-militarizacion-13092022.webp?resize=350%2C200&ssl=1 1x, https:\/\/i0.wp.com\/www.grieta.org.mx\/wp-content\/uploads\/2022\/09\/ejercito-cndh-militarizacion-13092022.webp?resize=525%2C300&ssl=1 1.5x, https:\/\/i0.wp.com\/www.grieta.org.mx\/wp-content\/uploads\/2022\/09\/ejercito-cndh-militarizacion-13092022.webp?resize=700%2C400&ssl=1 2x, https:\/\/i0.wp.com\/www.grieta.org.mx\/wp-content\/uploads\/2022\/09\/ejercito-cndh-militarizacion-13092022.webp?resize=1050%2C600&ssl=1 3x"},"classes":[]},{"id":65319,"url":"https:\/\/www.grieta.org.mx\/index.php\/2022\/09\/18\/se-consolida-militarizacion-en-la-4t-cada-vez-mas-poder-factico-y-recursos-millonarios\/","url_meta":{"origin":49482,"position":3},"title":"Se consolida militarizaci\u00f3n en la 4T; cada vez m\u00e1s poder f\u00e1ctico y recursos millonarios","author":"grieta","date":"18 septiembre, 2022","format":false,"excerpt":"Alejandro P\u00e1ez\/Cr\u00f3nica 18 septiembre 2022 Al concluir el 2022, las Fuerzas Armadas en M\u00e9xico habr\u00edan manejado m\u00e1s de 215,000 mdp, el segundo presupuesto anual m\u00e1s alto de la administraci\u00f3n p\u00fablica, s\u00f3lo por debajo de la SEP, seg\u00fan Integralia El gobierno del presidente Andr\u00e9s Manuel L\u00f3pez Obrador se ha convertido en\u2026","rel":"","context":"En &quot;CINTILLO&quot;","block_context":{"text":"CINTILLO","link":"https:\/\/www.grieta.org.mx\/index.php\/category\/cintillo\/"},"img":{"alt_text":"","src":"https:\/\/i0.wp.com\/www.grieta.org.mx\/wp-content\/uploads\/2022\/09\/63251ab61e72c.jpeg?resize=350%2C200&ssl=1","width":350,"height":200,"srcset":"https:\/\/i0.wp.com\/www.grieta.org.mx\/wp-content\/uploads\/2022\/09\/63251ab61e72c.jpeg?resize=350%2C200&ssl=1 1x, https:\/\/i0.wp.com\/www.grieta.org.mx\/wp-content\/uploads\/2022\/09\/63251ab61e72c.jpeg?resize=525%2C300&ssl=1 1.5x, https:\/\/i0.wp.com\/www.grieta.org.mx\/wp-content\/uploads\/2022\/09\/63251ab61e72c.jpeg?resize=700%2C400&ssl=1 2x"},"classes":[]},{"id":65176,"url":"https:\/\/www.grieta.org.mx\/index.php\/2022\/09\/05\/crecen-un-20-las-plazas-en-las-fuerzas-armadas-de-mexico-durante-el-gobierno-de-lopez-obrador\/","url_meta":{"origin":49482,"position":4},"title":"Crecen un 20% las plazas en las Fuerzas Armadas de M\u00e9xico durante el gobierno de L\u00f3pez Obrador","author":"grieta","date":"5 septiembre, 2022","format":false,"excerpt":"Redacci\u00f3n\/RT 5 septiembre 2022 Las plazas en las secretar\u00edas de la Defensa Nacional (Sedena) y de Marina (Semar) de M\u00e9xico se incrementaron hasta un 20% en los primeros cuatro a\u00f1os del Gobierno de Andr\u00e9s L\u00f3pez Obrador. Seg\u00fan datos del Presupuesto de Egresos de la Federaci\u00f3n citados por El Universal, en\u2026","rel":"","context":"En &quot;CINTILLO&quot;","block_context":{"text":"CINTILLO","link":"https:\/\/www.grieta.org.mx\/index.php\/category\/cintillo\/"},"img":{"alt_text":"","src":"https:\/\/i0.wp.com\/www.grieta.org.mx\/wp-content\/uploads\/2022\/09\/6316317359bf5b24821e5579.jpg?resize=350%2C200&ssl=1","width":350,"height":200,"srcset":"https:\/\/i0.wp.com\/www.grieta.org.mx\/wp-content\/uploads\/2022\/09\/6316317359bf5b24821e5579.jpg?resize=350%2C200&ssl=1 1x, https:\/\/i0.wp.com\/www.grieta.org.mx\/wp-content\/uploads\/2022\/09\/6316317359bf5b24821e5579.jpg?resize=525%2C300&ssl=1 1.5x, https:\/\/i0.wp.com\/www.grieta.org.mx\/wp-content\/uploads\/2022\/09\/6316317359bf5b24821e5579.jpg?resize=700%2C400&ssl=1 2x, https:\/\/i0.wp.com\/www.grieta.org.mx\/wp-content\/uploads\/2022\/09\/6316317359bf5b24821e5579.jpg?resize=1050%2C600&ssl=1 3x"},"classes":[]},{"id":51282,"url":"https:\/\/www.grieta.org.mx\/index.php\/2020\/06\/18\/ongs-piden-a-congreso-frenar-decreto-de-amlo-sobre-militarizacion-de-seguridad\/","url_meta":{"origin":49482,"position":5},"title":"ONGs piden a Congreso frenar decreto de AMLO sobre militarizaci\u00f3n de seguridad","author":"grieta","date":"18 junio, 2020","format":false,"excerpt":"Francisco Mej\u00eda\/Milenio 18 junio 2020 La solicitud est\u00e1 motivada a ra\u00edz del decreto emitido por L\u00f3pez Obrador en el que se dispone de las Fuerzas Armadas para llevar a cabo tareas de seguridad p\u00fablica durante cinco a\u00f1os mientras se consolida la Guardia Nacional. Las ONGs pidieron al legislativo impugnar dicho\u2026","rel":"","context":"En &quot;CINTILLO&quot;","block_context":{"text":"CINTILLO","link":"https:\/\/www.grieta.org.mx\/index.php\/category\/cintillo\/"},"img":{"alt_text":"","src":"https:\/\/i0.wp.com\/www.grieta.org.mx\/wp-content\/uploads\/2020\/06\/militares-rolando-riestra_24_69_754_469.jpg?resize=350%2C200&ssl=1","width":350,"height":200,"srcset":"https:\/\/i0.wp.com\/www.grieta.org.mx\/wp-content\/uploads\/2020\/06\/militares-rolando-riestra_24_69_754_469.jpg?resize=350%2C200&ssl=1 1x, https:\/\/i0.wp.com\/www.grieta.org.mx\/wp-content\/uploads\/2020\/06\/militares-rolando-riestra_24_69_754_469.jpg?resize=525%2C300&ssl=1 1.5x, https:\/\/i0.wp.com\/www.grieta.org.mx\/wp-content\/uploads\/2020\/06\/militares-rolando-riestra_24_69_754_469.jpg?resize=700%2C400&ssl=1 2x"},"classes":[]}],"_links":{"self":[{"href":"https:\/\/www.grieta.org.mx\/index.php\/wp-json\/wp\/v2\/posts\/49482","targetHints":{"allow":["GET"]}}],"collection":[{"href":"https:\/\/www.grieta.org.mx\/index.php\/wp-json\/wp\/v2\/posts"}],"about":[{"href":"https:\/\/www.grieta.org.mx\/index.php\/wp-json\/wp\/v2\/types\/post"}],"author":[{"embeddable":true,"href":"https:\/\/www.grieta.org.mx\/index.php\/wp-json\/wp\/v2\/users\/2"}],"replies":[{"embeddable":true,"href":"https:\/\/www.grieta.org.mx\/index.php\/wp-json\/wp\/v2\/comments?post=49482"}],"version-history":[{"count":1,"href":"https:\/\/www.grieta.org.mx\/index.php\/wp-json\/wp\/v2\/posts\/49482\/revisions"}],"predecessor-version":[{"id":49485,"href":"https:\/\/www.grieta.org.mx\/index.php\/wp-json\/wp\/v2\/posts\/49482\/revisions\/49485"}],"wp:featuredmedia":[{"embeddable":true,"href":"https:\/\/www.grieta.org.mx\/index.php\/wp-json\/wp\/v2\/media\/49483"}],"wp:attachment":[{"href":"https:\/\/www.grieta.org.mx\/index.php\/wp-json\/wp\/v2\/media?parent=49482"}],"wp:term":[{"taxonomy":"category","embeddable":true,"href":"https:\/\/www.grieta.org.mx\/index.php\/wp-json\/wp\/v2\/categories?post=49482"},{"taxonomy":"post_tag","embeddable":true,"href":"https:\/\/www.grieta.org.mx\/index.php\/wp-json\/wp\/v2\/tags?post=49482"}],"curies":[{"name":"wp","href":"https:\/\/api.w.org\/{rel}","templated":true}]}}