{"id":49441,"date":"2020-05-17T13:03:28","date_gmt":"2020-05-17T18:03:28","guid":{"rendered":"http:\/\/www.grieta.org.mx\/?p=49441"},"modified":"2020-05-17T13:03:28","modified_gmt":"2020-05-17T18:03:28","slug":"trabajadores-del-imss-de-la-510-cancun-denuncian-amenazas-por-directivos","status":"publish","type":"post","link":"https:\/\/www.grieta.org.mx\/index.php\/2020\/05\/17\/trabajadores-del-imss-de-la-510-cancun-denuncian-amenazas-por-directivos\/","title":{"rendered":"Trabajadores del IMSS de la 510 Canc\u00fan, denuncian amenazas por directivos"},"content":{"rendered":"<p><img loading=\"lazy\" decoding=\"async\" data-attachment-id=\"49442\" data-permalink=\"https:\/\/www.grieta.org.mx\/index.php\/2020\/05\/17\/trabajadores-del-imss-de-la-510-cancun-denuncian-amenazas-por-directivos\/imsscancun\/\" data-orig-file=\"https:\/\/www.grieta.org.mx\/wp-content\/uploads\/2020\/05\/IMSSCancun.png\" data-orig-size=\"682,418\" data-comments-opened=\"0\" data-image-meta=\"{&quot;aperture&quot;:&quot;0&quot;,&quot;credit&quot;:&quot;&quot;,&quot;camera&quot;:&quot;&quot;,&quot;caption&quot;:&quot;&quot;,&quot;created_timestamp&quot;:&quot;0&quot;,&quot;copyright&quot;:&quot;&quot;,&quot;focal_length&quot;:&quot;0&quot;,&quot;iso&quot;:&quot;0&quot;,&quot;shutter_speed&quot;:&quot;0&quot;,&quot;title&quot;:&quot;&quot;,&quot;orientation&quot;:&quot;0&quot;}\" data-image-title=\"IMSSCancun\" data-image-description=\"\" data-image-caption=\"\" data-medium-file=\"https:\/\/www.grieta.org.mx\/wp-content\/uploads\/2020\/05\/IMSSCancun-300x184.png\" data-large-file=\"https:\/\/www.grieta.org.mx\/wp-content\/uploads\/2020\/05\/IMSSCancun.png\" src=\"http:\/\/www.grieta.org.mx\/wp-content\/uploads\/2020\/05\/IMSSCancun.png\" alt=\"\" width=\"682\" height=\"418\" class=\"aligncenter size-full wp-image-49442\" srcset=\"https:\/\/www.grieta.org.mx\/wp-content\/uploads\/2020\/05\/IMSSCancun.png 682w, https:\/\/www.grieta.org.mx\/wp-content\/uploads\/2020\/05\/IMSSCancun-300x184.png 300w\" sizes=\"auto, (max-width: 682px) 100vw, 682px\" \/><\/p>\n<p>La Verdad<\/p>\n<blockquote><p>De manera an\u00f3nima algunos dijeron que est\u00e1n siendo amenazados por alzar la voz, al grado de ser despedidos, esto en el IMSS de la 510 de Canc\u00fan.<\/p><\/blockquote>\n<p>Luego de que el manejador de alimentos del IMSS de la 510, Cristian Javier Erosa G\u00f3mez, fue despedido por directivos de ese nosocomio, s\u00f3lo por alzar la voz y pedir insumos y equipo necesario al ingresar en el \u00e1rea de COVID-19, esto \u00e9l lo denunci\u00f3 en redes, tras esto, muchos comenzaron a exhibir las menzas de los directivos en redes y de manera an\u00f3nima con los medios de comunicaci\u00f3n.<\/p>\n<p>Los m\u00e9dicos y sobre todo enfermeros y enfermeras est\u00e1n siendo hostigados al grado de recibir violencia verbal por parte de directivos, quienes seg\u00fan los afectados, lo \u00fanico que buscan sons su propios intereses y no la protecci\u00f3n de todo el sector salud que trabaja en ese recinto, \u201ccon tal de sacar el trabajo\u201d y quedar bien con sus jefes, afirman los trabajadores.<\/p>\n<p>Es importante recordar que este y los dem\u00e1s hospitales p\u00fablicos que est\u00e1n en esta ciudad, desde que inici\u00f3 esta pandemia, exigieron mejor equipo e insumos para protegerse del coronavirus, pero tuvo que pasar semanas para que los insumos lleguen, hoy ahora el personal de salud se est\u00e1 quejando de los maltratos y amenazas de despidos, a\u00fan en plena pandemia.<\/p>\n<p>IMSS de la 510 Canc\u00fan amenaza con despidos a sus trabajadores<\/p>\n<p>\u201cNo s\u00e9 en donde tiene la cabeza estos se\u00f1ores que dicen ser directores, pues parece que adquirieron el pues de una manera indecorosa o con contactos, pues no entienden el trabajo que tenemos que hacer y lo \u00fanico que hacen es amenazar, ordenar y violentar\u201d, dijo enfermero del Hospital de la 510 de manera an\u00f3nima.<\/p>\n<p>Hay que destacar que el primer despedido durante esta contingencia fue el manejador de alimentos en ese hospital, Cristian Javier Erosa G\u00f3mez, quien el pasado 11 de mayo \u00e9l y el director del nosocomio, Mois\u00e9s Alejandro Toledo Pensamiento, junto con los representantes sindicales N\u00e9stor Gonz\u00e1lez y Roberto P\u00e9rez le avisaron de su despido porque se estaba negando a entrar al \u00e1rea de COVID-19.<\/p>\n<p>El afectado aclar\u00f3 que en ning\u00fan momento se neg\u00f3 a realizar su trabajo, pues lo \u00fanico que hizo fue solicitar y reclamar equipo de protecci\u00f3n, sino no iba a entrar; coment\u00f3 su preocupaci\u00f3n al ser padre soltero y ser la manutenci\u00f3n de sus tres hijos y la de su padre que se encuentra discapacitado \u201cahora es imposible encontrar trabajo por la situaci\u00f3n que se vive, concluy\u00f3.<\/p>\n<p> <a href=\"https:\/\/laverdadnoticias.com\/quintanaroo\/Trabajadores-del-IMSS-de-la-510-Cancun-denuncian-amenazas-por-directivos-20200517-0095.html\" rel=\"noopener noreferrer\" target=\"_blank\">https:\/\/laverdadnoticias.com\/quintanaroo\/Trabajadores-del-IMSS-de-la-510-Cancun-denuncian-amenazas-por-directivos-20200517-0095.html   <\/a><\/p>\n","protected":false},"excerpt":{"rendered":"<p>La Verdad De manera an\u00f3nima algunos dijeron que est\u00e1n siendo amenazados por alzar la voz, al grado de ser despedidos, esto en el IMSS de la 510 de Canc\u00fan. Luego &hellip; <a href=\"https:\/\/www.grieta.org.mx\/index.php\/2020\/05\/17\/trabajadores-del-imss-de-la-510-cancun-denuncian-amenazas-por-directivos\/\" class=\"more-link\">Leer m\u00e1s<\/a><\/p>\n","protected":false},"author":2,"featured_media":49442,"comment_status":"closed","ping_status":"closed","sticky":false,"template":"","format":"standard","meta":{"ngg_post_thumbnail":0,"_jetpack_newsletter_access":"","_jetpack_dont_email_post_to_subs":false,"_jetpack_newsletter_tier_id":0,"_jetpack_memberships_contains_paywalled_content":false,"_jetpack_memberships_contains_paid_content":false,"footnotes":""},"categories":[80,3279,918,2853,2,28,83],"tags":[3241,2367,163],"class_list":["post-49441","post","type-post","status-publish","format-standard","has-post-thumbnail","hentry","category-cintillo","category-covid-19-en-quintana-roo","category-privatizacion-del-sector-salud","category-crisis-en-el-sector-salud-en-quintana-roo","category-noticias-nacionales","category-quintana-roo","category-temas-nacionales","tag-covid-19","tag-crisis-en-el-sector-salud","tag-despidos","entry"],"jetpack_featured_media_url":"https:\/\/www.grieta.org.mx\/wp-content\/uploads\/2020\/05\/IMSSCancun.png","jetpack_sharing_enabled":true,"jetpack_shortlink":"https:\/\/wp.me\/p7ZJR4-cRr","jetpack_likes_enabled":false,"jetpack-related-posts":[{"id":49942,"url":"https:\/\/www.grieta.org.mx\/index.php\/2020\/05\/25\/protestan-en-el-hospital-general-de-cancun-personal-medico-demanda-la-entrega-de-equipo-de-seguridad\/","url_meta":{"origin":49441,"position":0},"title":"Protestan en el Hospital General de Canc\u00fan: Personal m\u00e9dico demanda la entrega de equipo de seguridad","author":"grieta","date":"25 mayo, 2020","format":false,"excerpt":"Noticaribe CANC\u00daN, MX.- Personal m\u00e9dico del hospital general \u201cJes\u00fas Kumate\u201d de Canc\u00fan, se manifest\u00f3 esta ma\u00f1ana para exigir les mejoren las condiciones para atender a pacientes que llegan con coronavirus COVID-19. M\u00e9dicos, enfermeras, camilleros y personal administrativo del nosocomio, denunciaron que directivos y funcionarios de la Secretar\u00eda estatal de Salud,\u2026","rel":"","context":"En &quot;CINTILLO&quot;","block_context":{"text":"CINTILLO","link":"https:\/\/www.grieta.org.mx\/index.php\/category\/cintillo\/"},"img":{"alt_text":"","src":"https:\/\/i0.wp.com\/www.grieta.org.mx\/wp-content\/uploads\/2020\/05\/ProtestaHospitalGralCancun-e1590849080818.png?resize=350%2C200&ssl=1","width":350,"height":200,"srcset":"https:\/\/i0.wp.com\/www.grieta.org.mx\/wp-content\/uploads\/2020\/05\/ProtestaHospitalGralCancun-e1590849080818.png?resize=350%2C200&ssl=1 1x, https:\/\/i0.wp.com\/www.grieta.org.mx\/wp-content\/uploads\/2020\/05\/ProtestaHospitalGralCancun-e1590849080818.png?resize=525%2C300&ssl=1 1.5x, https:\/\/i0.wp.com\/www.grieta.org.mx\/wp-content\/uploads\/2020\/05\/ProtestaHospitalGralCancun-e1590849080818.png?resize=700%2C400&ssl=1 2x"},"classes":[]},{"id":55818,"url":"https:\/\/www.grieta.org.mx\/index.php\/2020\/12\/18\/se-extiende-reclamo-por-el-bono-covid-se-suma-personal-del-hospital-general-de-cancun-a-protestas-por-promesa-de-apoyo-presidencial\/","url_meta":{"origin":49441,"position":1},"title":"Se extiende reclamo por el  \u2018Bono Covid\u2019: Se suma personal del Hospital General de Canc\u00fan a protestas por promesa de apoyo presidencial","author":"grieta","date":"18 diciembre, 2020","format":false,"excerpt":"Sara\u00ed Reyes \/ Noticaribe CANC\u00daN, MX.- Alrededor de 50 trabajadores de la salud del Hospital General de Canc\u00fan se manifestaron este mediod\u00eda en las afueras de las instalaciones del nosocomio, para exigir el pago del \u2018bono COVID-19\u2019 que les prometi\u00f3 el gobierno federal a todos los de la primera l\u00ednea\u2026","rel":"","context":"En &quot;CINTILLO&quot;","block_context":{"text":"CINTILLO","link":"https:\/\/www.grieta.org.mx\/index.php\/category\/cintillo\/"},"img":{"alt_text":"","src":"https:\/\/i0.wp.com\/www.grieta.org.mx\/wp-content\/uploads\/2020\/12\/WhatsApp-Image-2020-12-18-at-1.07.00-PM-1.jpg?resize=350%2C200&ssl=1","width":350,"height":200,"srcset":"https:\/\/i0.wp.com\/www.grieta.org.mx\/wp-content\/uploads\/2020\/12\/WhatsApp-Image-2020-12-18-at-1.07.00-PM-1.jpg?resize=350%2C200&ssl=1 1x, https:\/\/i0.wp.com\/www.grieta.org.mx\/wp-content\/uploads\/2020\/12\/WhatsApp-Image-2020-12-18-at-1.07.00-PM-1.jpg?resize=525%2C300&ssl=1 1.5x"},"classes":[]},{"id":48400,"url":"https:\/\/www.grieta.org.mx\/index.php\/2020\/04\/30\/cancun-infierno-para-los-medicos-en-el-covid-19\/","url_meta":{"origin":49441,"position":2},"title":"Canc\u00fan, infierno para los m\u00e9dicos en el Covid-19","author":"grieta","date":"30 abril, 2020","format":false,"excerpt":"Laura Islas \/ Reporte Indigo Canc\u00fan, el para\u00edso tur\u00edstico de M\u00e9xico, se convirti\u00f3 en un infierno para los profesionales de la salud que atienden en dos hospitales p\u00fablicos: uno del IMSS y otro del ISSSTE. El fin de semana se registr\u00f3 la muerte del neurocirujano Francisco Brito Barrera, quien fue\u2026","rel":"","context":"En &quot;CINTILLO&quot;","block_context":{"text":"CINTILLO","link":"https:\/\/www.grieta.org.mx\/index.php\/category\/cintillo\/"},"img":{"alt_text":"","src":"https:\/\/i0.wp.com\/www.grieta.org.mx\/wp-content\/uploads\/2020\/04\/CancunInfierno.png?resize=350%2C200&ssl=1","width":350,"height":200,"srcset":"https:\/\/i0.wp.com\/www.grieta.org.mx\/wp-content\/uploads\/2020\/04\/CancunInfierno.png?resize=350%2C200&ssl=1 1x, https:\/\/i0.wp.com\/www.grieta.org.mx\/wp-content\/uploads\/2020\/04\/CancunInfierno.png?resize=525%2C300&ssl=1 1.5x"},"classes":[]},{"id":63373,"url":"https:\/\/www.grieta.org.mx\/index.php\/2022\/02\/12\/enfermeras-quedan-sin-trabajo-y-hasta-mueren-por-covid-19-quintana-roo\/","url_meta":{"origin":49441,"position":3},"title":"Enfermeras quedan sin trabajo y hasta mueren por COVID-19 (Quintana Roo)","author":"grieta","date":"12 febrero, 2022","format":false,"excerpt":"Efr\u00e9n Mart\u00edn \/ La Verdad Al menos el 70 por ciento de los 400 trabajadores de la salud que se desempe\u00f1aban como suplentes y que no fueron recontratados por la Secretar\u00eda de Salud al concluir enero, han dado positivo a COVID-19 y de ellos, ocho fallecieron sin recibir ning\u00fan tipo\u2026","rel":"","context":"En &quot;CINTILLO&quot;","block_context":{"text":"CINTILLO","link":"https:\/\/www.grieta.org.mx\/index.php\/category\/cintillo\/"},"img":{"alt_text":"","src":"https:\/\/i0.wp.com\/www.grieta.org.mx\/wp-content\/uploads\/2022\/02\/Enfermeras-e1644797796592.png?resize=350%2C200&ssl=1","width":350,"height":200,"srcset":"https:\/\/i0.wp.com\/www.grieta.org.mx\/wp-content\/uploads\/2022\/02\/Enfermeras-e1644797796592.png?resize=350%2C200&ssl=1 1x, https:\/\/i0.wp.com\/www.grieta.org.mx\/wp-content\/uploads\/2022\/02\/Enfermeras-e1644797796592.png?resize=525%2C300&ssl=1 1.5x, https:\/\/i0.wp.com\/www.grieta.org.mx\/wp-content\/uploads\/2022\/02\/Enfermeras-e1644797796592.png?resize=700%2C400&ssl=1 2x"},"classes":[]},{"id":57818,"url":"https:\/\/www.grieta.org.mx\/index.php\/2021\/03\/22\/sigue-protesta-por-falta-de-vacunas-exigen-empleados-de-salud-ser-vacunados-contra-covid-19-en-felipe-carrillo-puerto-quintana-roo\/","url_meta":{"origin":49441,"position":4},"title":"Sigue protesta por falta de vacunas: Exigen empleados de Salud ser vacunados contra COVID-19 en Felipe Carrillo Puerto (Quintana Roo)","author":"grieta","date":"22 marzo, 2021","format":false,"excerpt":"Noticaribe FELIPE CARRILLO PUERTO, MX.- Trabajadores de la Jurisdicci\u00f3n Sanitaria 03 de la Secretar\u00eda de Salud de Felipe Carrillo Puerto se manifestaron esta ma\u00f1ana para exigir sean vacunados contra el coronavirus, pues hasta ahora a ellos no les ha tocado y dicen estar en la primera l\u00ednea de defensa. La\u2026","rel":"","context":"En &quot;CINTILLO&quot;","block_context":{"text":"CINTILLO","link":"https:\/\/www.grieta.org.mx\/index.php\/category\/cintillo\/"},"img":{"alt_text":"","src":"https:\/\/i0.wp.com\/www.grieta.org.mx\/wp-content\/uploads\/2021\/03\/CarrilloPuertoVacunas-e1616444755105.png?resize=350%2C200&ssl=1","width":350,"height":200,"srcset":"https:\/\/i0.wp.com\/www.grieta.org.mx\/wp-content\/uploads\/2021\/03\/CarrilloPuertoVacunas-e1616444755105.png?resize=350%2C200&ssl=1 1x, https:\/\/i0.wp.com\/www.grieta.org.mx\/wp-content\/uploads\/2021\/03\/CarrilloPuertoVacunas-e1616444755105.png?resize=525%2C300&ssl=1 1.5x, https:\/\/i0.wp.com\/www.grieta.org.mx\/wp-content\/uploads\/2021\/03\/CarrilloPuertoVacunas-e1616444755105.png?resize=700%2C400&ssl=1 2x"},"classes":[]},{"id":48881,"url":"https:\/\/www.grieta.org.mx\/index.php\/2020\/05\/07\/personal-del-imss-trabaja-sin-equipo-de-proteccion-contra-el-covid-nayarit\/","url_meta":{"origin":49441,"position":5},"title":"Personal del IMSS trabaja sin equipo de protecci\u00f3n contra el COVID (Nayarit)","author":"grieta","date":"7 mayo, 2020","format":false,"excerpt":"Foto: Realidades de Nayarit Ver\u00f3nica Ram\u00edrez\/ Realidades de nayarit Tepic, Nayarit. Jueves 07 de mayo del 2020.- Descontrol\u00a0 total en el Instituto Mexicano del Seguro Social (IMSS) \u00a0Nayarit ante el\u00a0 brote de contagios masivos de Covid-19 entre m\u00e9dicos, enfermeras, \u00a0qu\u00edmicos y \u00a0choferes de ambulancias. Nadie vigila la aplicaci\u00f3n del\u00a0 protocolo\u2026","rel":"","context":"En &quot;CINTILLO&quot;","block_context":{"text":"CINTILLO","link":"https:\/\/www.grieta.org.mx\/index.php\/category\/cintillo\/"},"img":{"alt_text":"","src":"https:\/\/i0.wp.com\/www.grieta.org.mx\/wp-content\/uploads\/2020\/05\/imss-1.jpg?resize=350%2C200&ssl=1","width":350,"height":200,"srcset":"https:\/\/i0.wp.com\/www.grieta.org.mx\/wp-content\/uploads\/2020\/05\/imss-1.jpg?resize=350%2C200&ssl=1 1x, https:\/\/i0.wp.com\/www.grieta.org.mx\/wp-content\/uploads\/2020\/05\/imss-1.jpg?resize=525%2C300&ssl=1 1.5x, https:\/\/i0.wp.com\/www.grieta.org.mx\/wp-content\/uploads\/2020\/05\/imss-1.jpg?resize=700%2C400&ssl=1 2x"},"classes":[]}],"_links":{"self":[{"href":"https:\/\/www.grieta.org.mx\/index.php\/wp-json\/wp\/v2\/posts\/49441","targetHints":{"allow":["GET"]}}],"collection":[{"href":"https:\/\/www.grieta.org.mx\/index.php\/wp-json\/wp\/v2\/posts"}],"about":[{"href":"https:\/\/www.grieta.org.mx\/index.php\/wp-json\/wp\/v2\/types\/post"}],"author":[{"embeddable":true,"href":"https:\/\/www.grieta.org.mx\/index.php\/wp-json\/wp\/v2\/users\/2"}],"replies":[{"embeddable":true,"href":"https:\/\/www.grieta.org.mx\/index.php\/wp-json\/wp\/v2\/comments?post=49441"}],"version-history":[{"count":1,"href":"https:\/\/www.grieta.org.mx\/index.php\/wp-json\/wp\/v2\/posts\/49441\/revisions"}],"predecessor-version":[{"id":49443,"href":"https:\/\/www.grieta.org.mx\/index.php\/wp-json\/wp\/v2\/posts\/49441\/revisions\/49443"}],"wp:featuredmedia":[{"embeddable":true,"href":"https:\/\/www.grieta.org.mx\/index.php\/wp-json\/wp\/v2\/media\/49442"}],"wp:attachment":[{"href":"https:\/\/www.grieta.org.mx\/index.php\/wp-json\/wp\/v2\/media?parent=49441"}],"wp:term":[{"taxonomy":"category","embeddable":true,"href":"https:\/\/www.grieta.org.mx\/index.php\/wp-json\/wp\/v2\/categories?post=49441"},{"taxonomy":"post_tag","embeddable":true,"href":"https:\/\/www.grieta.org.mx\/index.php\/wp-json\/wp\/v2\/tags?post=49441"}],"curies":[{"name":"wp","href":"https:\/\/api.w.org\/{rel}","templated":true}]}}