{"id":4943,"date":"2015-09-11T00:45:42","date_gmt":"2015-09-11T00:45:42","guid":{"rendered":"http:\/\/50.22.11.12\/~grietaor\/?p=4943"},"modified":"2016-03-26T00:53:36","modified_gmt":"2016-03-26T00:53:36","slug":"foro-legislativo-sobre-matrimonios-igualitarios-excluyo-a-homosexuales","status":"publish","type":"post","link":"https:\/\/www.grieta.org.mx\/index.php\/2015\/09\/11\/foro-legislativo-sobre-matrimonios-igualitarios-excluyo-a-homosexuales\/","title":{"rendered":"Foro legislativo sobre matrimonios igualitarios excluy\u00f3 a homosexuales"},"content":{"rendered":"<p>Cambio Digital<\/p>\n<p>M\u00e9xico, DF.- \u201cEl foro sobre matrimonios igualitarios que realizaron las comisiones unidas de la LVII Legislatura del Estado de Quer\u00e9taro fue excluyente y con la finalidad de ense\u00f1ar a los legisladores como proceder en contra de la jurisprudencia de la Suprema Corte de Justicia de la Naci\u00f3n (SCJN) que valid\u00f3 los matrimonios entre personas del mismo sexo\u201d. As\u00ed lo manifest\u00f3 el Mtro. Manuel Edmundo Ramos Guti\u00e9rrez, presidente de SOS Discriminaci\u00f3n Internacional Quer\u00e9taro, luego de que el ex ministro Mariano Azuela G\u00fcitr\u00f3n (ponente de dicho foro) se manifestara en desacuerdo con la decisi\u00f3n tomada por la SCJN debido a que seg\u00fan su parecer, va en contra de la naturaleza.<\/p>\n<p>En el mismo sentido, el activista queretano asegur\u00f3 que no puede haber justicia, cuando existe homofobia y discriminaci\u00f3n. Lament\u00f3 que no hubiera pluralidad en la primera y ahora en la segunda mesa de \u201can\u00e1lisis legislativo sobre el matrimonio igualitario\u201d debido a que s\u00f3lo se mostr\u00f3 la visi\u00f3n conservadora sobre dicho tema y en ninguno de estos eventos legislativos se invit\u00f3 a las organizaciones de homosexuales, lesbianas, bisexuales, transg\u00e9neros y transexuales, ni al Dr. Miguel Nava, presidente de la defensor\u00eda de los Derechos Humanos de Quer\u00e9taro qui\u00e9n ingreso la iniciativa a favor de las uniones entre parejas del mismo sexo al congreso local. \u201cEn la primera mesa de este supuesto an\u00e1lisis no me invitaron, llegue de casualidad porque alguien me inform\u00f3 y en esta segunda si me avisaron pero porque yo lo estuve solicitando\u201d. Asegur\u00f3.<\/p>\n<p>Al mismo tiempo, Ramos Guti\u00e9rrez record\u00f3 a los ponentes y participantes de dicho foro que los dos \u00faltimos casos de agresiones por homofobia que dos j\u00f3venes sufrieron a causa de su preferencia sexual son resultado de los mensajes discriminatorios que grupos conservadores utilizan para impedir el avance del matrimonio igualitario, \u201csus mensajes incitan al odio y la violencia al indicar que el matrimonio entre parejas del mismo sexo \u00b4es un golpe demoledor contra la familia o que busca afectar a los menores\u00b4. Por eso, en Quer\u00e9taro vivimos homofobia. Entonces, al escuchar la ponencia del ex ministro Azuela me da mucha tristeza, porque es un discurso en donde le vienen a decir a los legisladores de Quer\u00e9taro c\u00f3mo ir en contra de la Jurisprudencia que la SCJN emiti\u00f3 a favor del matrimonio igualitario. Es lamentable que los diputados hagan foros para aprender como ir en contra de los principios constitucionales y la manera de lograr retrocesos que violenten los derechos humanos ayudando a que la discriminaci\u00f3n por preferencia sexual prevalezca. Pero no lo vamos a permitir seguiremos adelante sin los legisladores, vamos a defender nuestros derechos, de la mano de la Constituci\u00f3n Mexicana. As\u00ed como lo han hecho otros grupos en situaci\u00f3n de vulnerabilidad a lo largo de la historia, cuando no se pod\u00edan casar ricos con pobres o entre personas de diferente color de piel, nosotros vamos a garantizar que se respeten los derechos humanos de todas las personas sin importar sus diferencias\u201d.<\/p>\n<p>Espero que la nueva legislatura, a la que llegaran m\u00e1s mujeres, contribuya a que se termine la desigualdad que ellas mismas han vivido, porque es muy doloroso que nuestro estado y todo M\u00e9xico siga siendo afectado por la discriminaci\u00f3n \u2014 incluso generada por parte de sus propios legisladores o gobernantes \u2013, este c\u00e1ncer cultural nos afecta a toda la ciudadan\u00eda porque no solo impide el desarrollo personal, sino el de toda la sociedad.<\/p>\n<p>Finalmente, el ex ministro Azuela G\u00fcitr\u00f3n consider\u00f3 que \u201cno es posible decir que es lo mismo un matrimonio heterosexual que homosexual, porque en uno puede haber la procreaci\u00f3n y en el otro no\u201d.<\/p>\n<p><a href=\"http:\/\/www.cambiodigital.com.mx\/mosno.php?nota=262686#.Vfwv69J_Oko\" target=\"_blank\">www.cambiodigital.com.mx\/mosno.php?nota=262686#.Vfwv69J_Oko<\/a><\/p>\n","protected":false},"excerpt":{"rendered":"<p>Cambio Digital M\u00e9xico, DF.- \u201cEl foro sobre matrimonios igualitarios que realizaron las comisiones unidas de la LVII Legislatura del Estado de Quer\u00e9taro fue excluyente y con la finalidad de ense\u00f1ar &hellip; <a href=\"https:\/\/www.grieta.org.mx\/index.php\/2015\/09\/11\/foro-legislativo-sobre-matrimonios-igualitarios-excluyo-a-homosexuales\/\" class=\"more-link\">Leer m\u00e1s<\/a><\/p>\n","protected":false},"author":2,"featured_media":21928,"comment_status":"closed","ping_status":"open","sticky":false,"template":"","format":"standard","meta":{"ngg_post_thumbnail":0,"_jetpack_newsletter_access":"","_jetpack_dont_email_post_to_subs":false,"_jetpack_newsletter_tier_id":0,"_jetpack_memberships_contains_paywalled_content":false,"_jetpack_memberships_contains_paid_content":false,"footnotes":""},"categories":[80,359],"tags":[380,379,381],"class_list":["post-4943","post","type-post","status-publish","format-standard","has-post-thumbnail","hentry","category-cintillo","category-queretaro","tag-desprecio","tag-homofobia","tag-violencia-de-genero","entry"],"jetpack_featured_media_url":"https:\/\/www.grieta.org.mx\/wp-content\/uploads\/2018\/03\/14524434_1106112876131411_958039263622046936_o.jpg","jetpack_sharing_enabled":true,"jetpack_shortlink":"https:\/\/wp.me\/p7ZJR4-1hJ","jetpack_likes_enabled":false,"jetpack-related-posts":[{"id":4948,"url":"https:\/\/www.grieta.org.mx\/index.php\/2015\/09\/30\/agresion-y-discriminacion-por-homofobia-en-queretaro\/","url_meta":{"origin":4943,"position":0},"title":"Agresi\u00f3n y discriminaci\u00f3n por homofobia en Quer\u00e9taro","author":"grieta","date":"30 septiembre, 2015","format":false,"excerpt":"30\/09\/15. Interponen activistas queja contra diputado, por declaraciones homof\u00f3bicas ADN Informativo 11\/09\/15. Foro legislativo sobre matrimonios igualitarios excluy\u00f3 a homosexuales Cambio Digital 02\/09\/15. Tras agresi\u00f3n a un joven, Quer\u00e9taro endurece normas que castigan la homofobia Revoluci\u00f3n 3.0 01\/09\/15. Homofobia, algo \u2018normal\u2019 en Quer\u00e9taro Ciudad y poder 31\/08\/15. Homofobia en la\u2026","rel":"","context":"En &quot;NOTICIAS NACIONALES&quot;","block_context":{"text":"NOTICIAS NACIONALES","link":"https:\/\/www.grieta.org.mx\/index.php\/category\/noticias-nacionales\/"},"img":{"alt_text":"","src":"https:\/\/i0.wp.com\/www.grieta.org.mx\/wp-content\/uploads\/2018\/03\/14524434_1106112876131411_958039263622046936_o.jpg?resize=350%2C200&ssl=1","width":350,"height":200,"srcset":"https:\/\/i0.wp.com\/www.grieta.org.mx\/wp-content\/uploads\/2018\/03\/14524434_1106112876131411_958039263622046936_o.jpg?resize=350%2C200&ssl=1 1x, https:\/\/i0.wp.com\/www.grieta.org.mx\/wp-content\/uploads\/2018\/03\/14524434_1106112876131411_958039263622046936_o.jpg?resize=525%2C300&ssl=1 1.5x, https:\/\/i0.wp.com\/www.grieta.org.mx\/wp-content\/uploads\/2018\/03\/14524434_1106112876131411_958039263622046936_o.jpg?resize=700%2C400&ssl=1 2x"},"classes":[]},{"id":67866,"url":"https:\/\/www.grieta.org.mx\/index.php\/2023\/09\/28\/marcha-del-28s-mujeres-exigen-el-derecho-a-decidir-sobre-su-cuerpo-queretaro\/","url_meta":{"origin":4943,"position":1},"title":"Marcha del 28S: Mujeres exigen el derecho a decidir sobre su cuerpo (Quer\u00e9taro)","author":"grieta","date":"28 septiembre, 2023","format":false,"excerpt":"Imagen: Quadratin Leonardo Caballero \/ Quadratin QUER\u00c9TARO, Qro., 28 de septiembre de 2023.- En un acto lleno de determinaci\u00f3n y unidad, Mayra D\u00e1vila, l\u00edder destacada en la lucha por los derechos de las mujeres, encabez\u00f3 la marcha del 28 de septiembre, en la cual miles de personas se congregaron para\u2026","rel":"","context":"En &quot;CINTILLO&quot;","block_context":{"text":"CINTILLO","link":"https:\/\/www.grieta.org.mx\/index.php\/category\/cintillo\/"},"img":{"alt_text":"","src":"https:\/\/i0.wp.com\/www.grieta.org.mx\/wp-content\/uploads\/2023\/10\/Captura-de-Pantalla-2023-09-28-a-las-16.41.15-1160x700-1.png?resize=350%2C200&ssl=1","width":350,"height":200,"srcset":"https:\/\/i0.wp.com\/www.grieta.org.mx\/wp-content\/uploads\/2023\/10\/Captura-de-Pantalla-2023-09-28-a-las-16.41.15-1160x700-1.png?resize=350%2C200&ssl=1 1x, https:\/\/i0.wp.com\/www.grieta.org.mx\/wp-content\/uploads\/2023\/10\/Captura-de-Pantalla-2023-09-28-a-las-16.41.15-1160x700-1.png?resize=525%2C300&ssl=1 1.5x, https:\/\/i0.wp.com\/www.grieta.org.mx\/wp-content\/uploads\/2023\/10\/Captura-de-Pantalla-2023-09-28-a-las-16.41.15-1160x700-1.png?resize=700%2C400&ssl=1 2x, https:\/\/i0.wp.com\/www.grieta.org.mx\/wp-content\/uploads\/2023\/10\/Captura-de-Pantalla-2023-09-28-a-las-16.41.15-1160x700-1.png?resize=1050%2C600&ssl=1 3x"},"classes":[]},{"id":69742,"url":"https:\/\/www.grieta.org.mx\/index.php\/2024\/09\/12\/periodistas-abordan-el-acoso-y-hostigamiento-sexual-en-medios-queretaro\/","url_meta":{"origin":4943,"position":2},"title":"Periodistas abordan el acoso y hostigamiento sexual en medios (Quer\u00e9taro)","author":"grieta","date":"12 septiembre, 2024","format":false,"excerpt":"Texto y Fotos: David \u00c1lvarez \/ Proyecto Saltapatr\u00e1s Publicado el 12 de Septiembre del 2024 El foro \u00abPeriodismo sin miedo: herramientas para combatir el acoso y hostigamiento sexual en los medios\u00bb, organizado por la Unidad de Igualdad de G\u00e9nero y Cultura de la Paz de la Facultad de Ciencias Pol\u00edticas\u2026","rel":"","context":"En &quot;CINTILLO&quot;","block_context":{"text":"CINTILLO","link":"https:\/\/www.grieta.org.mx\/index.php\/category\/cintillo\/"},"img":{"alt_text":"","src":"https:\/\/i0.wp.com\/www.grieta.org.mx\/wp-content\/uploads\/2024\/09\/Periodistas-abordan-el-acoso-y-hostigamiento-sexual-en-medios.jpeg?resize=350%2C200&ssl=1","width":350,"height":200,"srcset":"https:\/\/i0.wp.com\/www.grieta.org.mx\/wp-content\/uploads\/2024\/09\/Periodistas-abordan-el-acoso-y-hostigamiento-sexual-en-medios.jpeg?resize=350%2C200&ssl=1 1x, https:\/\/i0.wp.com\/www.grieta.org.mx\/wp-content\/uploads\/2024\/09\/Periodistas-abordan-el-acoso-y-hostigamiento-sexual-en-medios.jpeg?resize=525%2C300&ssl=1 1.5x, https:\/\/i0.wp.com\/www.grieta.org.mx\/wp-content\/uploads\/2024\/09\/Periodistas-abordan-el-acoso-y-hostigamiento-sexual-en-medios.jpeg?resize=700%2C400&ssl=1 2x, https:\/\/i0.wp.com\/www.grieta.org.mx\/wp-content\/uploads\/2024\/09\/Periodistas-abordan-el-acoso-y-hostigamiento-sexual-en-medios.jpeg?resize=1050%2C600&ssl=1 3x, https:\/\/i0.wp.com\/www.grieta.org.mx\/wp-content\/uploads\/2024\/09\/Periodistas-abordan-el-acoso-y-hostigamiento-sexual-en-medios.jpeg?resize=1400%2C800&ssl=1 4x"},"classes":[]},{"id":33425,"url":"https:\/\/www.grieta.org.mx\/index.php\/2019\/05\/11\/madres-de-desaparecidos-en-queretaro-exigen-justicia\/","url_meta":{"origin":4943,"position":3},"title":"Madres de desaparecidos en Quer\u00e9taro exigen justicia","author":"grieta","date":"11 mayo, 2019","format":false,"excerpt":"En la entidad tienen 398 casos documentados de personas desaparecidas, de acuerdo con el colectivo Desaparecidos Justicia Roxana Romero \/ am de Quer\u00e9taro El 10 de mayo de 2014 fue el \u00faltimo en que Guadalupe Valenzuela Palazuelos pudo cargar en sus piernas a su hijo, Jes\u00fas Alfonso Arg\u00fcelles, y escucharlo\u2026","rel":"","context":"En &quot;CINTILLO&quot;","block_context":{"text":"CINTILLO","link":"https:\/\/www.grieta.org.mx\/index.php\/category\/cintillo\/"},"img":{"alt_text":"","src":"https:\/\/i0.wp.com\/www.grieta.org.mx\/wp-content\/uploads\/2019\/05\/DESAPARECIDO-1.jpg?resize=350%2C200&ssl=1","width":350,"height":200,"srcset":"https:\/\/i0.wp.com\/www.grieta.org.mx\/wp-content\/uploads\/2019\/05\/DESAPARECIDO-1.jpg?resize=350%2C200&ssl=1 1x, https:\/\/i0.wp.com\/www.grieta.org.mx\/wp-content\/uploads\/2019\/05\/DESAPARECIDO-1.jpg?resize=525%2C300&ssl=1 1.5x, https:\/\/i0.wp.com\/www.grieta.org.mx\/wp-content\/uploads\/2019\/05\/DESAPARECIDO-1.jpg?resize=700%2C400&ssl=1 2x"},"classes":[]},{"id":4949,"url":"https:\/\/www.grieta.org.mx\/index.php\/2015\/08\/25\/denuncian-agresion-por-homofobia-en-queretaro\/","url_meta":{"origin":4943,"position":4},"title":"Denuncian agresi\u00f3n por homofobia en Quer\u00e9taro","author":"grieta","date":"25 agosto, 2015","format":false,"excerpt":"Viviana Estrella\/La Silla Rota Activistas denunciaron que el joven fue brutalmente golpeado por homofobia, por lo que exigi\u00f3 que el hecho sea investigado QUER\u00c9TARO (La Silla Rota).- Un hombre fue agredido, lastim\u00e1ndole los genitales y dejando un mensaje en su cuerpo, denunci\u00f3 el presidente de SOS Discriminaci\u00f3n Internacional Quer\u00e9taro, Manuel\u2026","rel":"","context":"En &quot;CINTILLO&quot;","block_context":{"text":"CINTILLO","link":"https:\/\/www.grieta.org.mx\/index.php\/category\/cintillo\/"},"img":{"alt_text":"","src":"https:\/\/i0.wp.com\/www.grieta.org.mx\/wp-content\/uploads\/2018\/03\/14524434_1106112876131411_958039263622046936_o.jpg?resize=350%2C200&ssl=1","width":350,"height":200,"srcset":"https:\/\/i0.wp.com\/www.grieta.org.mx\/wp-content\/uploads\/2018\/03\/14524434_1106112876131411_958039263622046936_o.jpg?resize=350%2C200&ssl=1 1x, https:\/\/i0.wp.com\/www.grieta.org.mx\/wp-content\/uploads\/2018\/03\/14524434_1106112876131411_958039263622046936_o.jpg?resize=525%2C300&ssl=1 1.5x, https:\/\/i0.wp.com\/www.grieta.org.mx\/wp-content\/uploads\/2018\/03\/14524434_1106112876131411_958039263622046936_o.jpg?resize=700%2C400&ssl=1 2x"},"classes":[]},{"id":71839,"url":"https:\/\/www.grieta.org.mx\/index.php\/2025\/06\/24\/colectivos-exigen-foros-ciudadanos-y-parlamento-abierto-sobre-el-batan-queretaro\/","url_meta":{"origin":4943,"position":5},"title":"Colectivos exigen foros ciudadanos y parlamento abierto sobre El Bat\u00e1n (Quer\u00e9taro)","author":"grieta","date":"24 junio, 2025","format":false,"excerpt":"Fotograf\u00eda: David \u00c1lvarez Publicado el 24 de Junio del 2025. David \u00c1lvarez \/ Proyecto Saltapatr\u00e1s El proyecto Sistema El Bat\u00e1n se present\u00f3 en enero de 2024 como una apuesta de largo plazo para el abasto de agua en Quer\u00e9taro. Se habl\u00f3 de mezclar agua de lluvia y tratada en la\u2026","rel":"","context":"En &quot;CINTILLO&quot;","block_context":{"text":"CINTILLO","link":"https:\/\/www.grieta.org.mx\/index.php\/category\/cintillo\/"},"img":{"alt_text":"","src":"https:\/\/i0.wp.com\/www.grieta.org.mx\/wp-content\/uploads\/2025\/06\/Colectivos-exigen-foros-ciudadanos-y-parlamento-abierto-sobre-El-Batan.jpeg?resize=350%2C200&ssl=1","width":350,"height":200,"srcset":"https:\/\/i0.wp.com\/www.grieta.org.mx\/wp-content\/uploads\/2025\/06\/Colectivos-exigen-foros-ciudadanos-y-parlamento-abierto-sobre-El-Batan.jpeg?resize=350%2C200&ssl=1 1x, https:\/\/i0.wp.com\/www.grieta.org.mx\/wp-content\/uploads\/2025\/06\/Colectivos-exigen-foros-ciudadanos-y-parlamento-abierto-sobre-El-Batan.jpeg?resize=525%2C300&ssl=1 1.5x, https:\/\/i0.wp.com\/www.grieta.org.mx\/wp-content\/uploads\/2025\/06\/Colectivos-exigen-foros-ciudadanos-y-parlamento-abierto-sobre-El-Batan.jpeg?resize=700%2C400&ssl=1 2x, https:\/\/i0.wp.com\/www.grieta.org.mx\/wp-content\/uploads\/2025\/06\/Colectivos-exigen-foros-ciudadanos-y-parlamento-abierto-sobre-El-Batan.jpeg?resize=1050%2C600&ssl=1 3x"},"classes":[]}],"_links":{"self":[{"href":"https:\/\/www.grieta.org.mx\/index.php\/wp-json\/wp\/v2\/posts\/4943","targetHints":{"allow":["GET"]}}],"collection":[{"href":"https:\/\/www.grieta.org.mx\/index.php\/wp-json\/wp\/v2\/posts"}],"about":[{"href":"https:\/\/www.grieta.org.mx\/index.php\/wp-json\/wp\/v2\/types\/post"}],"author":[{"embeddable":true,"href":"https:\/\/www.grieta.org.mx\/index.php\/wp-json\/wp\/v2\/users\/2"}],"replies":[{"embeddable":true,"href":"https:\/\/www.grieta.org.mx\/index.php\/wp-json\/wp\/v2\/comments?post=4943"}],"version-history":[{"count":1,"href":"https:\/\/www.grieta.org.mx\/index.php\/wp-json\/wp\/v2\/posts\/4943\/revisions"}],"predecessor-version":[{"id":4951,"href":"https:\/\/www.grieta.org.mx\/index.php\/wp-json\/wp\/v2\/posts\/4943\/revisions\/4951"}],"wp:featuredmedia":[{"embeddable":true,"href":"https:\/\/www.grieta.org.mx\/index.php\/wp-json\/wp\/v2\/media\/21928"}],"wp:attachment":[{"href":"https:\/\/www.grieta.org.mx\/index.php\/wp-json\/wp\/v2\/media?parent=4943"}],"wp:term":[{"taxonomy":"category","embeddable":true,"href":"https:\/\/www.grieta.org.mx\/index.php\/wp-json\/wp\/v2\/categories?post=4943"},{"taxonomy":"post_tag","embeddable":true,"href":"https:\/\/www.grieta.org.mx\/index.php\/wp-json\/wp\/v2\/tags?post=4943"}],"curies":[{"name":"wp","href":"https:\/\/api.w.org\/{rel}","templated":true}]}}