{"id":49416,"date":"2020-05-16T20:41:18","date_gmt":"2020-05-17T01:41:18","guid":{"rendered":"http:\/\/www.grieta.org.mx\/?p=49416"},"modified":"2020-05-16T22:49:21","modified_gmt":"2020-05-17T03:49:21","slug":"viene-lo-peor-para-oaxaca-no-es-momento-de-bajar-la-guardia-advierte-medica-internista","status":"publish","type":"post","link":"https:\/\/www.grieta.org.mx\/index.php\/2020\/05\/16\/viene-lo-peor-para-oaxaca-no-es-momento-de-bajar-la-guardia-advierte-medica-internista\/","title":{"rendered":"&#8220;Viene lo peor para Oaxaca, no es momento de bajar la guardia&#8221;, advierte m\u00e9dica internista"},"content":{"rendered":"<p>Noticias \/ Ana Lilia.<\/p>\n<p><img loading=\"lazy\" decoding=\"async\" class=\"alignnone\" src=\"http:\/\/www.nvinoticias.com\/sites\/default\/files\/styles\/node\/public\/notas\/2020\/05\/16\/4_1.jpg?itok=9SmkAjhQ\" alt=\"\" width=\"1144\" height=\"645\" \/><\/p>\n<p>Paulina Hern\u00e1ndez, m\u00e9dica residente internista oaxaque\u00f1a, recomienda a sus paisanos no bajar la guardia, pues el estado a\u00fan no ha llegado a la punta de los contagios.<\/p>\n<p>La entidad fue de los \u00faltimos estados en presentar casos positivos de COVID-19.<\/p>\n<p>La m\u00e9dico egresada de la Universidad Aut\u00f3noma Benito Ju\u00e1rez de Oaxaca (UABJO) y quien actualmente se encuentra atendiendo casos de COVID-19 en el Hospital de Especialidades del Centro M\u00e9dico Nacional Siglo 21 en la Ciudad de M\u00e9xico, comparti\u00f3 con NOTICIAS Voz e Imagen su experiencia durante la pandemia.<\/p>\n<p>La residente de medicina interna detall\u00f3 que al comienzo de la pandemia se destin\u00f3 un edificio para pacientes COVID-19 en el hospital, cuyo primer piso ten\u00edan 30 camas, pero actualmente ya son 3 pisos llenos de pacientes de los cuales al menos 6 est\u00e1n graves.<\/p>\n<p>La doctora se\u00f1al\u00f3 que junto con ella hay 20 compa\u00f1eros a puntos de terminar su cuarto a\u00f1o de residencia y quienes al comenzar la contingencia cubr\u00edan 12 horas de trabajo, pero al aumentar los casos tuvieron que organizarse por equipos en los que integraron a otros especialistas.<\/p>\n<p>\u201cEst\u00e1n trabajando tambi\u00e9n residentes de tercer y segundo a\u00f1o, adem\u00e1s de especialidades como cirug\u00eda, reumatolog\u00eda y dermatolog\u00eda; esto quiere decir que nos est\u00e1n apoyando m\u00e9dicos que no est\u00e1n acostumbrados a ver este tipo de pacientes\u201d, manifest\u00f3.<\/p>\n<p>Agreg\u00f3 que el 90 por ciento de la atenci\u00f3n la realizan los residentes, ya que los m\u00e9dicos adscritos tiene un horario espec\u00edfico, pero al menos en ese hospital se han quedado por las tardes y fines de semanas.<\/p>\n<p>Gracias al apoyo de los m\u00e9dicos adscritos y residentes han reducidos los turnos a 8 horas \u201cpara minimizar la exposici\u00f3n\u201d, por lo que hacen un turno, descansan dos d\u00edas y vuelven a entrar.<\/p>\n<p><img loading=\"lazy\" decoding=\"async\" class=\"alignnone size-full\" src=\"http:\/\/www.nvinoticias.com\/sites\/default\/files\/media\/7_25.jpg\" width=\"1024\" height=\"576\" \/><\/p>\n<p>Ocho de cada 10 fallece<\/p>\n<p>Paulina lament\u00f3 que el 80 por ciento de las personas que est\u00e1n en el \u00e1rea de terapia intensiva (intubados) fallecen.<\/p>\n<p>Agreg\u00f3 que al Hospital Siglo 21 han llegado pacientes j\u00f3venes cuyo \u00fanico factor de riesgo es la obesidad o sobrepeso, \u201csin ning\u00fan factor agregado y fallecen; por eso hay que tener en cuenta que no por ser joven y no tener enfermedades, no est\u00e1n en riesgo\u201d.<\/p>\n<p>Al cuestionar a Paulina c\u00f3mo ha sido sido esta experiencia, ella admiti\u00f3 que ha sido complicado, desde el trato con las personas y los h\u00e1bitos de cuidado que ha tenido que adoptar.<\/p>\n<p>La m\u00e9dica relat\u00f3 que en la casa donde renta vive una se\u00f1ora de 80 a\u00f1os que se ausent\u00f3 varios d\u00edas para su seguridad ya que la mayor\u00eda de las personas que viven ah\u00ed son m\u00e9dicos.<\/p>\n<p>Adem\u00e1s, mencion\u00f3 que tambi\u00e9n vive en la misma casa con una persona mayor de 60 a\u00f1os con antecedente de c\u00e1ncer; sin embargo, la han apoyado mucho.<\/p>\n<p>\u201cAl llegar, me cambio de zapatos y los echo en una bolsa, me lavo las manos y me cambio de cubrebocas al entrar y salir\u201d, detall\u00f3.<\/p>\n<p>Ha optado por pedir taxi a trav\u00e9s de una aplicaci\u00f3n, quien est\u00e1 regalando viajes y cupones de comida a los m\u00e9dicos como ella, por lo que no ha usado transporte p\u00fablico y no ha sido v\u00edctima de agresiones.<\/p>\n<p>\u201cTengo compa\u00f1eros que los han bajado del transporte p\u00fablico o no los dejan subir a los taxis; agresiones f\u00edsicas no he visto\u201d, admiti\u00f3.<\/p>\n<p>Asimismo comparti\u00f3 que le es dif\u00edcil conciliar el sue\u00f1o desde hace dos meses, adem\u00e1s de que en ocasiones presenta ansiedad, tristeza y desesperaci\u00f3n de ver personas en las calles que no se cuidan o no creen en la existencia de la enfermedad.<\/p>\n<p>Tambi\u00e9n mencion\u00f3 que es complicado entrar con los pacientes, que est\u00e1n aislados de sus familiares, pero que siempre est\u00e1n al pendiente del informe cl\u00ednico.<\/p>\n<p>\u201cHay familiares comprensivos y otros agresivos que no aceptan la condici\u00f3n del familiar\u201d, lament\u00f3.<\/p>\n<p>Paulina destac\u00f3 que a los pacientes les comparten que es una enfermedad que no conocen y no saben c\u00f3mo se comporta, adem\u00e1s de que no tienen un medicamento que lo ataque directamente, \u201ctodo es investigaci\u00f3n, todo es nuevo para nosotros y el desenlace no est\u00e1 dicho\u201d.<\/p>\n<p><img loading=\"lazy\" decoding=\"async\" class=\"alignnone\" src=\"http:\/\/www.nvinoticias.com\/sites\/default\/files\/media\/5_1_2.jpg\" alt=\"\" width=\"1024\" height=\"576\" \/><\/p>\n<p>Carencia de equipos<\/p>\n<p>La residente detall\u00f3 que todos los d\u00edas debe portar un equipo de protecci\u00f3n que consta de lentes protectores, cubreboca N95, pijama quir\u00fargica, bata, doble par de guantes y gorro, pero siempre tienen problemas porque se empa\u00f1an los lentes y lastima el cubreboca porque tienen un sello herm\u00e9tico, \u201ces pesado tener el equipo varias horas\u201d.<\/p>\n<p>Admiti\u00f3 que el principal problema que tienen es con los cubrebocas, ya que son los que m\u00e1s han escaseado y aunque han recibido donaciones, en ocasiones estos no cumplen con las recomendaciones de la Organizaci\u00f3n Mundial de la Salud (OMS), por lo que no cubren al cien por ciento, dejan fugas y es un riesgo.<\/p>\n<p>Resalt\u00f3 que mucho de sus compa\u00f1eros de trabajo optan por comprar su material, cuya inversi\u00f3n es de hasta 3 mil pesos; no obstante, no todos cuentan con las condiciones econ\u00f3micas para equiparse.<\/p>\n<p>\u201cTenemos esas carencias a\u00fan estando en uno de los hospitales m\u00e1s grandes del pa\u00eds, pero en los chicos de zona est\u00e1n en peores condiciones, pues no les dan equipo de protecci\u00f3n\u201d, lament\u00f3.<\/p>\n<p>Por ello, la m\u00e9dico recomend\u00f3 a la poblaci\u00f3n oaxaque\u00f1a a continuar con las medidas sanitarias, pues a pesar de que se ten\u00edan destinado cuatro hospitales grandes para atenci\u00f3n del COVID-19, estos ya han sido sobrepasados.<\/p>\n<p>\u201cNo dejen de lavarse las manos constantemente o usar gel antibacterial porque esto no va a acabar pronto ya que en Oaxaca apenas van en aumento y as\u00ed ser\u00e1n las muertes\u201d, advirti\u00f3.<\/p>\n<p>Enfatiz\u00f3 en que las medidas de seguridad sanitaria en el estado deben ser m\u00e1s fuertes en los pr\u00f3ximos d\u00edas, por lo que si los ciudadanos pueden permanecer en casa, principalmente las personas con factores de riesgo como obesidad, hipertensi\u00f3n o dif\u00edcil control de presi\u00f3n.<\/p>\n<p><a href=\"http:\/\/www.nvinoticias.com\/nota\/146199\/viene-lo-peor-para-oaxaca-no-es-momento-de-bajar-la-guardia-advierte-medica-internista\" target=\"_blank\" rel=\"noopener noreferrer\">http:\/\/www.nvinoticias.com\/nota\/146199\/viene-lo-peor-para-oaxaca-no-es-momento-de-bajar-la-guardia-advierte-medica-internista<\/a><\/p>\n","protected":false},"excerpt":{"rendered":"<p>Noticias \/ Ana Lilia. Paulina Hern\u00e1ndez, m\u00e9dica residente internista oaxaque\u00f1a, recomienda a sus paisanos no bajar la guardia, pues el estado a\u00fan no ha llegado a la punta de los &hellip; <a href=\"https:\/\/www.grieta.org.mx\/index.php\/2020\/05\/16\/viene-lo-peor-para-oaxaca-no-es-momento-de-bajar-la-guardia-advierte-medica-internista\/\" class=\"more-link\">Leer m\u00e1s<\/a><\/p>\n","protected":false},"author":2,"featured_media":21928,"comment_status":"closed","ping_status":"closed","sticky":false,"template":"","format":"standard","meta":{"ngg_post_thumbnail":0,"_jetpack_newsletter_access":"","_jetpack_dont_email_post_to_subs":false,"_jetpack_newsletter_tier_id":0,"_jetpack_memberships_contains_paywalled_content":false,"_jetpack_memberships_contains_paid_content":false,"footnotes":""},"categories":[80,3262,1728,2,25],"tags":[],"class_list":["post-49416","post","type-post","status-publish","format-standard","has-post-thumbnail","hentry","category-cintillo","category-crisis-covid-19-en-oaxaca","category-crisis-del-sector-salud-en-oaxaca","category-noticias-nacionales","category-oaxaca","entry"],"jetpack_featured_media_url":"https:\/\/www.grieta.org.mx\/wp-content\/uploads\/2018\/03\/14524434_1106112876131411_958039263622046936_o.jpg","jetpack_sharing_enabled":true,"jetpack_shortlink":"https:\/\/wp.me\/p7ZJR4-cR2","jetpack_likes_enabled":false,"jetpack-related-posts":[{"id":52499,"url":"https:\/\/www.grieta.org.mx\/index.php\/2020\/07\/24\/con-20-decesos-y-1690-contagios-personal-de-salud-de-oaxaca-expone-problematicas\/","url_meta":{"origin":49416,"position":0},"title":"Con 20 decesos y 1,690 contagios, personal de salud de Oaxaca expone problem\u00e1ticas","author":"grieta","date":"24 julio, 2020","format":false,"excerpt":"Proceso \/ Pedro Mat\u00edas. Hospital Presidente Ju\u00e1rez del ISSSTE en Oaxaca. Foto: Google Maps OAXACA, Oax., (apro).- A mil 690 casos asciende el n\u00famero de contagios por covid-19 entre el personal m\u00e9dico, de los cuales 20 han muerto por coronavirus, confirmaron los Servicios de Salud. Los casos m\u00e1s recientes son\u2026","rel":"","context":"En &quot;CINTILLO&quot;","block_context":{"text":"CINTILLO","link":"https:\/\/www.grieta.org.mx\/index.php\/category\/cintillo\/"},"img":{"alt_text":"","src":"https:\/\/i0.wp.com\/www.grieta.org.mx\/wp-content\/uploads\/2020\/08\/t.jpeg?resize=350%2C200&ssl=1","width":350,"height":200,"srcset":"https:\/\/i0.wp.com\/www.grieta.org.mx\/wp-content\/uploads\/2020\/08\/t.jpeg?resize=350%2C200&ssl=1 1x, https:\/\/i0.wp.com\/www.grieta.org.mx\/wp-content\/uploads\/2020\/08\/t.jpeg?resize=525%2C300&ssl=1 1.5x, https:\/\/i0.wp.com\/www.grieta.org.mx\/wp-content\/uploads\/2020\/08\/t.jpeg?resize=700%2C400&ssl=1 2x"},"classes":[]},{"id":47599,"url":"https:\/\/www.grieta.org.mx\/index.php\/2020\/04\/08\/sin-equipo-y-en-condiciones-insalubres-el-imss-oaxaca-ante-covid-19-personal-oaxaca\/","url_meta":{"origin":49416,"position":1},"title":"Sin equipo y en condiciones insalubres, el IMSS-Oaxaca ante COVID-19: Personal","author":"grieta","date":"8 abril, 2020","format":false,"excerpt":"Armando Guerra \/ P\u00e1gina 3. A falta de insumos, denunciaron que el personal m\u00e9dico y de enfermer\u00eda solo se pone bolsas de pl\u00e1stico encima. Personal del Hospital de Zona 01 \u201cDemetrio Mayoral Pardo\u201d del Instituto Mexicano del Seguro Social (IMSS), en Oaxaca, denunci\u00f3 condiciones insalubres, y falta de insumos y\u2026","rel":"","context":"En &quot;CINTILLO&quot;","block_context":{"text":"CINTILLO","link":"https:\/\/www.grieta.org.mx\/index.php\/category\/cintillo\/"},"img":{"alt_text":"","src":"https:\/\/i0.wp.com\/www.grieta.org.mx\/wp-content\/uploads\/2020\/04\/Sin-equipo-y-en-condiciones-insalubres-el-IMSS-Oaxaca-696x360.jpeg?resize=350%2C200&ssl=1","width":350,"height":200,"srcset":"https:\/\/i0.wp.com\/www.grieta.org.mx\/wp-content\/uploads\/2020\/04\/Sin-equipo-y-en-condiciones-insalubres-el-IMSS-Oaxaca-696x360.jpeg?resize=350%2C200&ssl=1 1x, https:\/\/i0.wp.com\/www.grieta.org.mx\/wp-content\/uploads\/2020\/04\/Sin-equipo-y-en-condiciones-insalubres-el-IMSS-Oaxaca-696x360.jpeg?resize=525%2C300&ssl=1 1.5x"},"classes":[]},{"id":51947,"url":"https:\/\/www.grieta.org.mx\/index.php\/2020\/07\/15\/juchitan-ahora-40-policias-se-encuentran-aislados-al-contagiarse-de-covid-19-oaxaca\/","url_meta":{"origin":49416,"position":2},"title":"Juchit\u00e1n: ahora 40 polic\u00edas se encuentran aislados al contagiarse de covid-19 (Oaxaca)","author":"grieta","date":"15 julio, 2020","format":false,"excerpt":"P\u00e1gina 3 \/ Diana Manzo y Pedro Mat\u00edas \u00a0 *Ya fueron cerrados los mercados p\u00fablicos y el Hospital *Juchit\u00e1n podr\u00eda convertirse en el epicentro de la pandemia Ante el incremento desbordado de casos por covid-19 y el aumento de muertes en los \u00faltimos 15 d\u00edas, fueron cerrados al p\u00fablico los\u2026","rel":"","context":"En &quot;CINTILLO&quot;","block_context":{"text":"CINTILLO","link":"https:\/\/www.grieta.org.mx\/index.php\/category\/cintillo\/"},"img":{"alt_text":"","src":"https:\/\/i0.wp.com\/www.grieta.org.mx\/wp-content\/uploads\/2020\/07\/1-1.jpeg?resize=350%2C200&ssl=1","width":350,"height":200,"srcset":"https:\/\/i0.wp.com\/www.grieta.org.mx\/wp-content\/uploads\/2020\/07\/1-1.jpeg?resize=350%2C200&ssl=1 1x, https:\/\/i0.wp.com\/www.grieta.org.mx\/wp-content\/uploads\/2020\/07\/1-1.jpeg?resize=525%2C300&ssl=1 1.5x"},"classes":[]},{"id":49868,"url":"https:\/\/www.grieta.org.mx\/index.php\/2020\/05\/22\/en-plena-pandemia-se-queda-sin-consultas-medicas-comunidad-indigena-en-la-cuenca-del-papaloapan-oaxaca\/","url_meta":{"origin":49416,"position":3},"title":"En plena pandemia, se queda sin consultas m\u00e9dicas comunidad ind\u00edgena en la Cuenca del Papaloapan  (Oaxaca)","author":"grieta","date":"22 mayo, 2020","format":false,"excerpt":"P\u00e1gina 3 \/ Corresponsal\u00eda. Tuxtepec, Oax.- La Unidad M\u00e9dica de del Instituto Mexicano del Seguro Social (IMSS) de la comunidad Cerro Concha, perteneciente al municipio de Santa Mar\u00eda Jacatepec, en la Cuenca del Papaloapan, se qued\u00f3 sin consultas m\u00e9dicas porque el personal encargado fue mandado a cuarentena. Lo anterior, como\u2026","rel":"","context":"En &quot;CINTILLO&quot;","block_context":{"text":"CINTILLO","link":"https:\/\/www.grieta.org.mx\/index.php\/category\/cintillo\/"},"img":{"alt_text":"","src":"https:\/\/i0.wp.com\/www.grieta.org.mx\/wp-content\/uploads\/2018\/03\/14524434_1106112876131411_958039263622046936_o.jpg?resize=350%2C200&ssl=1","width":350,"height":200,"srcset":"https:\/\/i0.wp.com\/www.grieta.org.mx\/wp-content\/uploads\/2018\/03\/14524434_1106112876131411_958039263622046936_o.jpg?resize=350%2C200&ssl=1 1x, https:\/\/i0.wp.com\/www.grieta.org.mx\/wp-content\/uploads\/2018\/03\/14524434_1106112876131411_958039263622046936_o.jpg?resize=525%2C300&ssl=1 1.5x, https:\/\/i0.wp.com\/www.grieta.org.mx\/wp-content\/uploads\/2018\/03\/14524434_1106112876131411_958039263622046936_o.jpg?resize=700%2C400&ssl=1 2x"},"classes":[]},{"id":51715,"url":"https:\/\/www.grieta.org.mx\/index.php\/2020\/07\/04\/por-falta-de-equipo-medico-trabajadores-del-hospital-regional-de-tuxtepec-paran-labores-oaxaca\/","url_meta":{"origin":49416,"position":4},"title":"Por falta de equipo m\u00e9dico, trabajadores del Hospital Regional de Tuxtepec paran labores (Oaxaca)","author":"grieta","date":"4 julio, 2020","format":false,"excerpt":"Proceso \/ Pedro Mat\u00edas. El Hospital Regional de Tuxtepec. Foto: Twitter @amorenos60 OAXACA, Oax. (apro).- Trabajadores del Hospital Regional de Tuxtepec iniciaron hoy un paro de labores para protestar por la falta de equipo m\u00e9dico, cuando esa regi\u00f3n ocupa el segundo lugar en incidencia por casos de covid-19 y defunciones\u2026","rel":"","context":"En &quot;CINTILLO&quot;","block_context":{"text":"CINTILLO","link":"https:\/\/www.grieta.org.mx\/index.php\/category\/cintillo\/"},"img":{"alt_text":"","src":"https:\/\/i0.wp.com\/www.grieta.org.mx\/wp-content\/uploads\/2020\/07\/Hospital-Tuxtepec-850x522.jpg?resize=350%2C200&ssl=1","width":350,"height":200,"srcset":"https:\/\/i0.wp.com\/www.grieta.org.mx\/wp-content\/uploads\/2020\/07\/Hospital-Tuxtepec-850x522.jpg?resize=350%2C200&ssl=1 1x, https:\/\/i0.wp.com\/www.grieta.org.mx\/wp-content\/uploads\/2020\/07\/Hospital-Tuxtepec-850x522.jpg?resize=525%2C300&ssl=1 1.5x, https:\/\/i0.wp.com\/www.grieta.org.mx\/wp-content\/uploads\/2020\/07\/Hospital-Tuxtepec-850x522.jpg?resize=700%2C400&ssl=1 2x"},"classes":[]},{"id":52621,"url":"https:\/\/www.grieta.org.mx\/index.php\/2020\/08\/11\/brote-de-covid-19-en-hospital-civil-9-recien-nacidos-contagiados-sso-oaxaca\/","url_meta":{"origin":49416,"position":5},"title":"Brote de Covid-19 en Hospital Civil; 9 reci\u00e9n nacidos contagiados: SSO (Oaxaca)","author":"grieta","date":"11 agosto, 2020","format":false,"excerpt":"P\u00e1gina 3 \/ Pedro Mat\u00edas OAXACA, Oax.- Los Servicios de Salud de Oaxaca activaron el protocolo de bioseguridad en el \u00e1rea de Pediatr\u00eda del Hospital Civil \u201cAurelio Valdivieso\u201d al confirmar que nueve menores de edad dieron positivo a la prueba de covid-19. El encargado del hospital, Manuel S\u00e1nchez S\u00e1nchez, detall\u00f3\u2026","rel":"","context":"En &quot;CINTILLO&quot;","block_context":{"text":"CINTILLO","link":"https:\/\/www.grieta.org.mx\/index.php\/category\/cintillo\/"},"img":{"alt_text":"","src":"https:\/\/i0.wp.com\/www.grieta.org.mx\/wp-content\/uploads\/2020\/08\/1-2.jpg?resize=350%2C200&ssl=1","width":350,"height":200,"srcset":"https:\/\/i0.wp.com\/www.grieta.org.mx\/wp-content\/uploads\/2020\/08\/1-2.jpg?resize=350%2C200&ssl=1 1x, https:\/\/i0.wp.com\/www.grieta.org.mx\/wp-content\/uploads\/2020\/08\/1-2.jpg?resize=525%2C300&ssl=1 1.5x, https:\/\/i0.wp.com\/www.grieta.org.mx\/wp-content\/uploads\/2020\/08\/1-2.jpg?resize=700%2C400&ssl=1 2x, https:\/\/i0.wp.com\/www.grieta.org.mx\/wp-content\/uploads\/2020\/08\/1-2.jpg?resize=1050%2C600&ssl=1 3x"},"classes":[]}],"_links":{"self":[{"href":"https:\/\/www.grieta.org.mx\/index.php\/wp-json\/wp\/v2\/posts\/49416","targetHints":{"allow":["GET"]}}],"collection":[{"href":"https:\/\/www.grieta.org.mx\/index.php\/wp-json\/wp\/v2\/posts"}],"about":[{"href":"https:\/\/www.grieta.org.mx\/index.php\/wp-json\/wp\/v2\/types\/post"}],"author":[{"embeddable":true,"href":"https:\/\/www.grieta.org.mx\/index.php\/wp-json\/wp\/v2\/users\/2"}],"replies":[{"embeddable":true,"href":"https:\/\/www.grieta.org.mx\/index.php\/wp-json\/wp\/v2\/comments?post=49416"}],"version-history":[{"count":1,"href":"https:\/\/www.grieta.org.mx\/index.php\/wp-json\/wp\/v2\/posts\/49416\/revisions"}],"predecessor-version":[{"id":49417,"href":"https:\/\/www.grieta.org.mx\/index.php\/wp-json\/wp\/v2\/posts\/49416\/revisions\/49417"}],"wp:featuredmedia":[{"embeddable":true,"href":"https:\/\/www.grieta.org.mx\/index.php\/wp-json\/wp\/v2\/media\/21928"}],"wp:attachment":[{"href":"https:\/\/www.grieta.org.mx\/index.php\/wp-json\/wp\/v2\/media?parent=49416"}],"wp:term":[{"taxonomy":"category","embeddable":true,"href":"https:\/\/www.grieta.org.mx\/index.php\/wp-json\/wp\/v2\/categories?post=49416"},{"taxonomy":"post_tag","embeddable":true,"href":"https:\/\/www.grieta.org.mx\/index.php\/wp-json\/wp\/v2\/tags?post=49416"}],"curies":[{"name":"wp","href":"https:\/\/api.w.org\/{rel}","templated":true}]}}