{"id":49415,"date":"2020-04-29T09:33:37","date_gmt":"2020-04-29T14:33:37","guid":{"rendered":"http:\/\/www.grieta.org.mx\/?p=49415"},"modified":"2020-05-17T09:40:08","modified_gmt":"2020-05-17T14:40:08","slug":"autobuseros-de-pasaje-y-turismo-sin-trabajo-desde-enero-san-luis-potosi","status":"publish","type":"post","link":"https:\/\/www.grieta.org.mx\/index.php\/2020\/04\/29\/autobuseros-de-pasaje-y-turismo-sin-trabajo-desde-enero-san-luis-potosi\/","title":{"rendered":"Autobuseros de pasaje y turismo sin trabajo desde enero (San Luis Potos\u00ed)"},"content":{"rendered":"<p>Norma Rivera\/El Sol de San Luis<br \/>\n29 abril 2020<\/p>\n<blockquote><p>Piden al Gobierno Federal que los tome en cuenta, pues ya han despedido a m\u00e1s de 180 operadores de autobuses porque no hay trabajo<\/p><\/blockquote>\n<p><img loading=\"lazy\" decoding=\"async\" data-attachment-id=\"49432\" data-permalink=\"https:\/\/www.grieta.org.mx\/index.php\/2020\/04\/29\/autobuseros-de-pasaje-y-turismo-sin-trabajo-desde-enero-san-luis-potosi\/amotac-autobuseros-de-pasaje-y-turismo-sin-trabajo-desde-enero-1\/\" data-orig-file=\"https:\/\/www.grieta.org.mx\/wp-content\/uploads\/2020\/05\/AMOTAC-Autobuseros-de-pasaje-y-turismo-sin-trabajo-desde-enero-1.jpg\" data-orig-size=\"768,479\" data-comments-opened=\"0\" data-image-meta=\"{&quot;aperture&quot;:&quot;0&quot;,&quot;credit&quot;:&quot;&quot;,&quot;camera&quot;:&quot;&quot;,&quot;caption&quot;:&quot;&quot;,&quot;created_timestamp&quot;:&quot;0&quot;,&quot;copyright&quot;:&quot;&quot;,&quot;focal_length&quot;:&quot;0&quot;,&quot;iso&quot;:&quot;0&quot;,&quot;shutter_speed&quot;:&quot;0&quot;,&quot;title&quot;:&quot;&quot;,&quot;orientation&quot;:&quot;0&quot;}\" data-image-title=\"AMOTAC Autobuseros de pasaje y turismo sin trabajo desde enero (1)\" data-image-description=\"\" data-image-caption=\"\" data-medium-file=\"https:\/\/www.grieta.org.mx\/wp-content\/uploads\/2020\/05\/AMOTAC-Autobuseros-de-pasaje-y-turismo-sin-trabajo-desde-enero-1-300x187.jpg\" data-large-file=\"https:\/\/www.grieta.org.mx\/wp-content\/uploads\/2020\/05\/AMOTAC-Autobuseros-de-pasaje-y-turismo-sin-trabajo-desde-enero-1.jpg\" src=\"http:\/\/www.grieta.org.mx\/wp-content\/uploads\/2020\/05\/AMOTAC-Autobuseros-de-pasaje-y-turismo-sin-trabajo-desde-enero-1.jpg\" alt=\"\" width=\"768\" height=\"479\" class=\"aligncenter size-full wp-image-49432\" srcset=\"https:\/\/www.grieta.org.mx\/wp-content\/uploads\/2020\/05\/AMOTAC-Autobuseros-de-pasaje-y-turismo-sin-trabajo-desde-enero-1.jpg 768w, https:\/\/www.grieta.org.mx\/wp-content\/uploads\/2020\/05\/AMOTAC-Autobuseros-de-pasaje-y-turismo-sin-trabajo-desde-enero-1-300x187.jpg 300w\" sizes=\"auto, (max-width: 768px) 100vw, 768px\" \/><br \/>\nNorma Rivera\/El Sol de San Luis<\/p>\n<p>M\u00e1s de mil 200 familias que dependen del gremio de autobuses de pasaje y turismo en San Luis Potos\u00ed est\u00e1n siendo afectadas por la falta de trabajo para los empresarios y operadores de este sector, quienes ya acumulan cuatro meses sin poder operar al cien por ciento, a principios de a\u00f1o por la temporada baja y posteriormente por el brote del Covid-19 en el estado.<\/p>\n<p>Al respecto el consejero nacional de la Alianza Mexicana de Organizaci\u00f3n Transportista A.C. (AMOTAC), Ra\u00fal Torres Mendoza, se\u00f1al\u00f3 que a la fecha han sido despedidos a m\u00e1s de 180 operadores de autobuses y a los que siguen trabajando les est\u00e1n pagando el 60 por ciento de su salario, sin embargo de manera general la situaci\u00f3n que est\u00e1n viviendo quienes se dedican a esta actividad es muy cr\u00edtica porque no est\u00e1n recibiendo apoyo ni por parte del Gobierno Federal ni del Estatal.<\/p>\n<p>Ante ello, aproximadamente una veintena de operadores se manifestaron con sus autobuses por las calles de la capital potosina y se dirigieron a las oficinas de la Secretar\u00eda del Bienestar para buscar reunirse con el superdelegado Gabino Morales, a fin de hacerle saber las necesidades que tiene el sector, como la falta de seguridad en las carreteras, y tambi\u00e9n pedir que se ampl\u00ede la oferta de cr\u00e9ditos y que sean m\u00e1s accesibles, para que ellos como operadores y transportistas puedan hacerle frente a la pandemia por el Covid-19.<\/p>\n<p>&#8220;Lamentablemente los cr\u00e9ditos de 25 mil pesos que est\u00e1 ofreciendo el Gobierno Federal es para los que est\u00e1n registrados en el programa de Bienestar, no para nuestros compa\u00f1eros; adem\u00e1s nosotros no necesitamos un cr\u00e9dito de 25 mil pesos, pues a un solo autob\u00fas en una semana se le va ese dinero en el puro combustible. Eso a nosotros no nos sirve, nos sirve m\u00e1s que de alguna manera vayamos de la mano con el Gobierno Federal y ver apoyos en un momento dado que nos vengan a fortalecer para que podamos salir adelante en los pr\u00f3ximos 24 meses&#8221;, expres\u00f3.<\/p>\n<p><a href=\"https:\/\/www.elsoldesanluis.com.mx\/local\/autobuseros-de-pasaje-y-turismo-sin-trabajo-desde-enero-5166235.html\" rel=\"noopener noreferrer\" target=\"_blank\">https:\/\/www.elsoldesanluis.com.mx\/local\/autobuseros-de-pasaje-y-turismo-sin-trabajo-desde-enero-5166235.html<\/a><\/p>\n","protected":false},"excerpt":{"rendered":"<p>Norma Rivera\/El Sol de San Luis 29 abril 2020 Piden al Gobierno Federal que los tome en cuenta, pues ya han despedido a m\u00e1s de 180 operadores de autobuses porque &hellip; <a href=\"https:\/\/www.grieta.org.mx\/index.php\/2020\/04\/29\/autobuseros-de-pasaje-y-turismo-sin-trabajo-desde-enero-san-luis-potosi\/\" class=\"more-link\">Leer m\u00e1s<\/a><\/p>\n","protected":false},"author":2,"featured_media":49432,"comment_status":"closed","ping_status":"closed","sticky":false,"template":"","format":"standard","meta":{"ngg_post_thumbnail":0,"_jetpack_newsletter_access":"","_jetpack_dont_email_post_to_subs":false,"_jetpack_newsletter_tier_id":0,"_jetpack_memberships_contains_paywalled_content":false,"_jetpack_memberships_contains_paid_content":false,"footnotes":""},"categories":[80,3305,2,29],"tags":[3241,163,3304,639],"class_list":["post-49415","post","type-post","status-publish","format-standard","has-post-thumbnail","hentry","category-cintillo","category-covid-19-en-san-luis-potosi","category-noticias-nacionales","category-san-luis-potosi","tag-covid-19","tag-despidos","tag-reduccion-salarios","tag-transportistas","entry"],"jetpack_featured_media_url":"https:\/\/www.grieta.org.mx\/wp-content\/uploads\/2020\/05\/AMOTAC-Autobuseros-de-pasaje-y-turismo-sin-trabajo-desde-enero-1.jpg","jetpack_sharing_enabled":true,"jetpack_shortlink":"https:\/\/wp.me\/p7ZJR4-cR1","jetpack_likes_enabled":false,"jetpack-related-posts":[{"id":57544,"url":"https:\/\/www.grieta.org.mx\/index.php\/2021\/03\/09\/con-una-marcha-colectivos-exigen-justicia-en-san-luis-potosi\/","url_meta":{"origin":49415,"position":0},"title":"Con una marcha colectivos exigen justicia en San Luis Potos\u00ed","author":"grieta","date":"9 marzo, 2021","format":false,"excerpt":"Recorrieron calles para hacer alto frente a la Fiscal\u00eda y despu\u00e9s a las Plazas del Carmen y de Armas Norma Rivera\/El Sol de San Luis 9 marzo 2021 Alrededor de 200 feministas independientes y de algunos colectivos, marcharon pac\u00edficamente este lunes exigiendo justicia y seguridad para las mujeres v\u00edctimas de\u2026","rel":"","context":"En &quot;CINTILLO&quot;","block_context":{"text":"CINTILLO","link":"https:\/\/www.grieta.org.mx\/index.php\/category\/cintillo\/"},"img":{"alt_text":"","src":"https:\/\/i0.wp.com\/www.grieta.org.mx\/wp-content\/uploads\/2021\/03\/a-todo-pulmon-marcha-feminista-feministas-colectivo-colectivos.jpg?resize=350%2C200&ssl=1","width":350,"height":200,"srcset":"https:\/\/i0.wp.com\/www.grieta.org.mx\/wp-content\/uploads\/2021\/03\/a-todo-pulmon-marcha-feminista-feministas-colectivo-colectivos.jpg?resize=350%2C200&ssl=1 1x, https:\/\/i0.wp.com\/www.grieta.org.mx\/wp-content\/uploads\/2021\/03\/a-todo-pulmon-marcha-feminista-feministas-colectivo-colectivos.jpg?resize=525%2C300&ssl=1 1.5x, https:\/\/i0.wp.com\/www.grieta.org.mx\/wp-content\/uploads\/2021\/03\/a-todo-pulmon-marcha-feminista-feministas-colectivo-colectivos.jpg?resize=700%2C400&ssl=1 2x"},"classes":[]},{"id":48523,"url":"https:\/\/www.grieta.org.mx\/index.php\/2020\/04\/15\/asume-guardia-nacional-seguridad-en-clinicas-1-y-2-del-imss-san-luis-potosi\/","url_meta":{"origin":49415,"position":1},"title":"Asume Guardia Nacional seguridad en cl\u00ednicas 1 y 2 del IMSS (San Luis Potos\u00ed)","author":"grieta","date":"15 abril, 2020","format":false,"excerpt":"Bertha Escalante\/El Sol de San Luis 15 abril 2020 Buscan garantizar que m\u00e9dicos y enfermeras no sean agredidos por la propia poblaci\u00f3n como ha sucedido en otras regiones del pa\u00eds Foto: Bertha Escalante\/El Sol de San Luis Personal de la Guardia Nacional en San Luis Potos\u00ed asumi\u00f3 desde este mi\u00e9rcoles,\u2026","rel":"","context":"En &quot;CINTILLO&quot;","block_context":{"text":"CINTILLO","link":"https:\/\/www.grieta.org.mx\/index.php\/category\/cintillo\/"},"img":{"alt_text":"","src":"https:\/\/i0.wp.com\/www.grieta.org.mx\/wp-content\/uploads\/2020\/05\/Guardia-Nacional-cuidando-el-IMSS.jpg?resize=350%2C200&ssl=1","width":350,"height":200,"srcset":"https:\/\/i0.wp.com\/www.grieta.org.mx\/wp-content\/uploads\/2020\/05\/Guardia-Nacional-cuidando-el-IMSS.jpg?resize=350%2C200&ssl=1 1x, https:\/\/i0.wp.com\/www.grieta.org.mx\/wp-content\/uploads\/2020\/05\/Guardia-Nacional-cuidando-el-IMSS.jpg?resize=525%2C300&ssl=1 1.5x, https:\/\/i0.wp.com\/www.grieta.org.mx\/wp-content\/uploads\/2020\/05\/Guardia-Nacional-cuidando-el-IMSS.jpg?resize=700%2C400&ssl=1 2x"},"classes":[]},{"id":15060,"url":"https:\/\/www.grieta.org.mx\/index.php\/2016\/08\/09\/movilizaciones-contra-la-reforma-educativa-en-san-luis-potosi\/","url_meta":{"origin":49415,"position":2},"title":"Movilizaciones contra la reforma educativa en San Luis Potos\u00ed","author":"grieta","date":"9 agosto, 2016","format":false,"excerpt":"04\/08\/16. Se agrupan maestros de SNTE y CNTE contra reforma educativa en SLPLa Jornada San Luis 22\/07\/16. Maestros se vuelven a manifestar en SLPEl Sol de San Luis 21\/07\/16. CNTE en SLP entrega pliego petitorio en Congreso local de SLPQuadratin 13\/07\/16. Marchan maestros en San Luis Potos\u00ed contra la reforma\u2026","rel":"","context":"En &quot;San Luis Potos\u00ed&quot;","block_context":{"text":"San Luis Potos\u00ed","link":"https:\/\/www.grieta.org.mx\/index.php\/category\/noticias-nacionales\/san-luis-potosi\/"},"img":{"alt_text":"","src":"https:\/\/i0.wp.com\/www.grieta.org.mx\/wp-content\/uploads\/2018\/03\/14524434_1106112876131411_958039263622046936_o.jpg?resize=350%2C200&ssl=1","width":350,"height":200,"srcset":"https:\/\/i0.wp.com\/www.grieta.org.mx\/wp-content\/uploads\/2018\/03\/14524434_1106112876131411_958039263622046936_o.jpg?resize=350%2C200&ssl=1 1x, https:\/\/i0.wp.com\/www.grieta.org.mx\/wp-content\/uploads\/2018\/03\/14524434_1106112876131411_958039263622046936_o.jpg?resize=525%2C300&ssl=1 1.5x, https:\/\/i0.wp.com\/www.grieta.org.mx\/wp-content\/uploads\/2018\/03\/14524434_1106112876131411_958039263622046936_o.jpg?resize=700%2C400&ssl=1 2x"},"classes":[]},{"id":51402,"url":"https:\/\/www.grieta.org.mx\/index.php\/2020\/06\/26\/van-450-demandas-laborales-en-san-luis-potosi-durante-junio-la-mayoria-por-despidos-injustificados\/","url_meta":{"origin":49415,"position":3},"title":"Van 450 demandas laborales en San Luis Potos\u00ed durante junio, la mayor\u00eda por despidos injustificados","author":"grieta","date":"26 junio, 2020","format":false,"excerpt":"Nancy Lizet Hern\u00e1ndez\/El Universal SLP 26 junio 2020 Foto: Archivo El Universal Desde el 1 de junio hasta el d\u00eda 24 de este mismo mes, la Secretar\u00eda del Trabajo y Previsi\u00f3n Social ha acumulado 450 demandas laborales en relaci\u00f3n con los sectores de competencia estatal, inform\u00f3 en entrevista el titular\u2026","rel":"","context":"En &quot;CINTILLO&quot;","block_context":{"text":"CINTILLO","link":"https:\/\/www.grieta.org.mx\/index.php\/category\/cintillo\/"},"img":{"alt_text":"","src":"https:\/\/i0.wp.com\/www.grieta.org.mx\/wp-content\/uploads\/2020\/06\/demandas.png?resize=350%2C200&ssl=1","width":350,"height":200,"srcset":"https:\/\/i0.wp.com\/www.grieta.org.mx\/wp-content\/uploads\/2020\/06\/demandas.png?resize=350%2C200&ssl=1 1x, https:\/\/i0.wp.com\/www.grieta.org.mx\/wp-content\/uploads\/2020\/06\/demandas.png?resize=525%2C300&ssl=1 1.5x"},"classes":[]},{"id":43023,"url":"https:\/\/www.grieta.org.mx\/index.php\/2020\/01\/10\/imss-en-san-luis-potosi-se-habria-quedado-sin-medicamento\/","url_meta":{"origin":49415,"position":4},"title":"IMSS en San Luis Potos\u00ed se habr\u00eda quedado sin medicamento","author":"grieta","date":"10 enero, 2020","format":false,"excerpt":"Derechohabientes muestran recetas con leyenda de \u201cmedicina pendiente\u201d. Tampoco hay dermat\u00f3logos Felipe C\u00e1rdenas\/El Sol de San Luis 10 enero 2020 Desde diciembre pasado centenares de pacientes del Instituto Mexicano del Seguro Social (IMSS) en San Luis Potos\u00ed no han recibido su medicamento para el control de sus enfermedades cr\u00f3nico degenerativas.\u2026","rel":"","context":"En &quot;CINTILLO&quot;","block_context":{"text":"CINTILLO","link":"https:\/\/www.grieta.org.mx\/index.php\/category\/cintillo\/"},"img":{"alt_text":"","src":"https:\/\/i0.wp.com\/www.grieta.org.mx\/wp-content\/uploads\/2020\/01\/5d8f7199-4367-4896-810b-c30f3322bc06.jpg?resize=350%2C200&ssl=1","width":350,"height":200,"srcset":"https:\/\/i0.wp.com\/www.grieta.org.mx\/wp-content\/uploads\/2020\/01\/5d8f7199-4367-4896-810b-c30f3322bc06.jpg?resize=350%2C200&ssl=1 1x, https:\/\/i0.wp.com\/www.grieta.org.mx\/wp-content\/uploads\/2020\/01\/5d8f7199-4367-4896-810b-c30f3322bc06.jpg?resize=525%2C300&ssl=1 1.5x, https:\/\/i0.wp.com\/www.grieta.org.mx\/wp-content\/uploads\/2020\/01\/5d8f7199-4367-4896-810b-c30f3322bc06.jpg?resize=700%2C400&ssl=1 2x"},"classes":[]},{"id":14254,"url":"https:\/\/www.grieta.org.mx\/index.php\/2016\/08\/20\/jornaleros-en-san-luis-potosi\/","url_meta":{"origin":49415,"position":5},"title":"Jornaleros en San Luis Potos\u00ed","author":"grieta","date":"20 agosto, 2016","format":false,"excerpt":"20\/08\/16. Bloquean supercarretera Trabajadores de invernadero de Villa Ju\u00e1rez exigen pago de su salario, SLPEl Mexicano 29\/05\/16. Invernaderos del Altiplano atraen miles de jornaleros de los pueblos m\u00e1s pobres del pa\u00edsEl Sol de San Luis","rel":"","context":"En &quot;San Luis Potos\u00ed&quot;","block_context":{"text":"San Luis Potos\u00ed","link":"https:\/\/www.grieta.org.mx\/index.php\/category\/noticias-nacionales\/san-luis-potosi\/"},"img":{"alt_text":"","src":"https:\/\/i0.wp.com\/www.grieta.org.mx\/wp-content\/uploads\/2018\/03\/14524434_1106112876131411_958039263622046936_o.jpg?resize=350%2C200&ssl=1","width":350,"height":200,"srcset":"https:\/\/i0.wp.com\/www.grieta.org.mx\/wp-content\/uploads\/2018\/03\/14524434_1106112876131411_958039263622046936_o.jpg?resize=350%2C200&ssl=1 1x, https:\/\/i0.wp.com\/www.grieta.org.mx\/wp-content\/uploads\/2018\/03\/14524434_1106112876131411_958039263622046936_o.jpg?resize=525%2C300&ssl=1 1.5x, https:\/\/i0.wp.com\/www.grieta.org.mx\/wp-content\/uploads\/2018\/03\/14524434_1106112876131411_958039263622046936_o.jpg?resize=700%2C400&ssl=1 2x"},"classes":[]}],"_links":{"self":[{"href":"https:\/\/www.grieta.org.mx\/index.php\/wp-json\/wp\/v2\/posts\/49415","targetHints":{"allow":["GET"]}}],"collection":[{"href":"https:\/\/www.grieta.org.mx\/index.php\/wp-json\/wp\/v2\/posts"}],"about":[{"href":"https:\/\/www.grieta.org.mx\/index.php\/wp-json\/wp\/v2\/types\/post"}],"author":[{"embeddable":true,"href":"https:\/\/www.grieta.org.mx\/index.php\/wp-json\/wp\/v2\/users\/2"}],"replies":[{"embeddable":true,"href":"https:\/\/www.grieta.org.mx\/index.php\/wp-json\/wp\/v2\/comments?post=49415"}],"version-history":[{"count":1,"href":"https:\/\/www.grieta.org.mx\/index.php\/wp-json\/wp\/v2\/posts\/49415\/revisions"}],"predecessor-version":[{"id":49433,"href":"https:\/\/www.grieta.org.mx\/index.php\/wp-json\/wp\/v2\/posts\/49415\/revisions\/49433"}],"wp:featuredmedia":[{"embeddable":true,"href":"https:\/\/www.grieta.org.mx\/index.php\/wp-json\/wp\/v2\/media\/49432"}],"wp:attachment":[{"href":"https:\/\/www.grieta.org.mx\/index.php\/wp-json\/wp\/v2\/media?parent=49415"}],"wp:term":[{"taxonomy":"category","embeddable":true,"href":"https:\/\/www.grieta.org.mx\/index.php\/wp-json\/wp\/v2\/categories?post=49415"},{"taxonomy":"post_tag","embeddable":true,"href":"https:\/\/www.grieta.org.mx\/index.php\/wp-json\/wp\/v2\/tags?post=49415"}],"curies":[{"name":"wp","href":"https:\/\/api.w.org\/{rel}","templated":true}]}}