{"id":49410,"date":"2020-04-29T19:54:01","date_gmt":"2020-04-30T00:54:01","guid":{"rendered":"http:\/\/www.grieta.org.mx\/?p=49410"},"modified":"2020-05-16T20:01:54","modified_gmt":"2020-05-17T01:01:54","slug":"golpean-y-roban-a-dos-enfermeras-en-san-luis-potosi","status":"publish","type":"post","link":"https:\/\/www.grieta.org.mx\/index.php\/2020\/04\/29\/golpean-y-roban-a-dos-enfermeras-en-san-luis-potosi\/","title":{"rendered":"Golpean y roban a dos enfermeras en San Luis Potos\u00ed"},"content":{"rendered":"<p>Ver\u00f3nica Espinosa\/Proceso<br \/>\n29 abril 2020<\/p>\n<p><img loading=\"lazy\" decoding=\"async\" data-attachment-id=\"49411\" data-permalink=\"https:\/\/www.grieta.org.mx\/index.php\/2020\/04\/29\/golpean-y-roban-a-dos-enfermeras-en-san-luis-potosi\/slp-870x515\/\" data-orig-file=\"https:\/\/www.grieta.org.mx\/wp-content\/uploads\/2020\/05\/slp-870x515.jpg\" data-orig-size=\"870,515\" data-comments-opened=\"0\" data-image-meta=\"{&quot;aperture&quot;:&quot;0&quot;,&quot;credit&quot;:&quot;&quot;,&quot;camera&quot;:&quot;&quot;,&quot;caption&quot;:&quot;&quot;,&quot;created_timestamp&quot;:&quot;0&quot;,&quot;copyright&quot;:&quot;&quot;,&quot;focal_length&quot;:&quot;0&quot;,&quot;iso&quot;:&quot;0&quot;,&quot;shutter_speed&quot;:&quot;0&quot;,&quot;title&quot;:&quot;&quot;,&quot;orientation&quot;:&quot;0&quot;}\" data-image-title=\"slp-870&amp;#215;515\" data-image-description=\"\" data-image-caption=\"\" data-medium-file=\"https:\/\/www.grieta.org.mx\/wp-content\/uploads\/2020\/05\/slp-870x515-300x178.jpg\" data-large-file=\"https:\/\/www.grieta.org.mx\/wp-content\/uploads\/2020\/05\/slp-870x515.jpg\" class=\"aligncenter wp-image-49411\" src=\"http:\/\/www.grieta.org.mx\/wp-content\/uploads\/2020\/05\/slp-870x515.jpg\" alt=\"\" width=\"800\" height=\"474\" srcset=\"https:\/\/www.grieta.org.mx\/wp-content\/uploads\/2020\/05\/slp-870x515.jpg 870w, https:\/\/www.grieta.org.mx\/wp-content\/uploads\/2020\/05\/slp-870x515-300x178.jpg 300w, https:\/\/www.grieta.org.mx\/wp-content\/uploads\/2020\/05\/slp-870x515-768x455.jpg 768w, https:\/\/www.grieta.org.mx\/wp-content\/uploads\/2020\/05\/slp-870x515-845x500.jpg 845w\" sizes=\"auto, (max-width: 800px) 100vw, 800px\" \/><\/p>\n<blockquote><p>SAN LUIS POTOS\u00cd, S.L.P., (apro).- La Fiscal\u00eda General de Justicia del estado investiga dos agresiones cometidas en contra de enfermeras en la capital del estado y en Soledad de Graciano S\u00e1nchez, en las que ambas fueron golpeadas y amenazadas \u201cporque ten\u00edan covid\u201d, pero adem\u00e1s, durante los ataques les robaron algunas de sus pertenencias.<\/p><\/blockquote>\n<p>Una de las agresiones ocurri\u00f3 el 17 de abril, cuando la enfermera caminaba hacia la parada de transporte p\u00fablico en la colonia Las Mercedes, en la capital del estado.<\/p>\n<p>Dos hombres se acercaron y le arrebataron sus pertenencias, pero inmediatamente despu\u00e9s, al darse cuenta de que es enfermera, la golpearon varias veces, la insultaron y la se\u00f1alaron como un peligro de contagio de covid-19.<\/p>\n<p>El 24 de abril, en un incidente ocurrido en Soledad de Graciano S\u00e1nchez -municipio conurbado con la capital- otra trabajadora de la salud, tambi\u00e9n enfermera, acudi\u00f3 a hacer compras a una tienda en la colonia San Francisco, cuando varias personas que se encontraban por el lugar comenzaron a gritarle que le arrojar\u00edan cloro \u201cpor si ten\u00eda covid\u201d, y tambi\u00e9n la golpearon.<\/p>\n<p>Cuando la enfermera se pudo recuperar y se retir\u00f3 del establecimiento, se dio cuenta de que le hab\u00edan robado el dinero que llevaba.<\/p>\n<p>El fiscal general Federico Garza Herrera dijo en entrevista que ambos incidentes se investigan en dos v\u00edas: si el objetivo preponderante fue el robo o la agresi\u00f3n por tratarse de trabajadoras de la salud.<\/p>\n<p>\u201cSon dos casos que est\u00e1n en an\u00e1lisis para conocer si el objetivo preponderante era el robo, asalto o la agresi\u00f3n; dentro de las denuncias que han presentado, s\u00ed se\u00f1alan alguna manifestaci\u00f3n en relaci\u00f3n a su calidad de enfermeras, pero dentro de la misma circunstancia est\u00e1 el hecho de que les quitaron algunas pertenencias que llevaban\u201d, dijo el fiscal.<\/p>\n<p>Tambi\u00e9n hizo un llamado a respetar al personal m\u00e9dico y m\u00e1s bien, reconocer su trabajo diario por salvar vidas, lo mismo de m\u00e9dicos que socorristas y personal de instancias como la Cruz Roja.<\/p>\n<p>Otra agresi\u00f3n en Michoac\u00e1n<\/p>\n<p>La Fiscal\u00eda General del Estado de Michoac\u00e1n (FGE) inici\u00f3 una carpeta de investigaci\u00f3n por la agresi\u00f3n cometida en contra de una trabajadora de la salud.<\/p>\n<p>Los hechos ocurrieron en el municipio de Yur\u00e9cuaro, mientras la profesionista, de 32 a\u00f1os, viajaba en su motocicleta sobre las calles Guerrero y Carpio en la colonia Centro.<\/p>\n<p>En un determinado momento, un sujeto desconocido le arroj\u00f3 una piedra, asegurando que, por culpa del sector salud, los ciudadanos se estaban enfermando.<\/p>\n<p>Ante esto, la mujer present\u00f3 la denuncia correspondiente ante la Fiscal\u00eda Regional, que tom\u00f3 conocimiento del caso, para sancionar al responsable, del cual no se proporcion\u00f3 su identidad.<\/p>\n<p><a href=\"https:\/\/www.proceso.com.mx\/627947\/golpean-y-roban-a-dos-enfermeras-en-san-luis-potosi\" target=\"_blank\" rel=\"noopener noreferrer\">https:\/\/www.proceso.com.mx\/627947\/golpean-y-roban-a-dos-enfermeras-en-san-luis-potosi<\/a><\/p>\n","protected":false},"excerpt":{"rendered":"<p>Ver\u00f3nica Espinosa\/Proceso 29 abril 2020 SAN LUIS POTOS\u00cd, S.L.P., (apro).- La Fiscal\u00eda General de Justicia del estado investiga dos agresiones cometidas en contra de enfermeras en la capital del estado &hellip; <a href=\"https:\/\/www.grieta.org.mx\/index.php\/2020\/04\/29\/golpean-y-roban-a-dos-enfermeras-en-san-luis-potosi\/\" class=\"more-link\">Leer m\u00e1s<\/a><\/p>\n","protected":false},"author":2,"featured_media":49411,"comment_status":"closed","ping_status":"closed","sticky":false,"template":"","format":"standard","meta":{"ngg_post_thumbnail":0,"_jetpack_newsletter_access":"","_jetpack_dont_email_post_to_subs":false,"_jetpack_newsletter_tier_id":0,"_jetpack_memberships_contains_paywalled_content":false,"_jetpack_memberships_contains_paid_content":false,"footnotes":""},"categories":[80,3305,2,29],"tags":[3254,3241],"class_list":["post-49410","post","type-post","status-publish","format-standard","has-post-thumbnail","hentry","category-cintillo","category-covid-19-en-san-luis-potosi","category-noticias-nacionales","category-san-luis-potosi","tag-agresiones-contra-personal-medico","tag-covid-19","entry"],"jetpack_featured_media_url":"https:\/\/www.grieta.org.mx\/wp-content\/uploads\/2020\/05\/slp-870x515.jpg","jetpack_sharing_enabled":true,"jetpack_shortlink":"https:\/\/wp.me\/p7ZJR4-cQW","jetpack_likes_enabled":false,"jetpack-related-posts":[{"id":47773,"url":"https:\/\/www.grieta.org.mx\/index.php\/2020\/04\/10\/maldita-infectada-el-insulto-a-otra-enfermera-de-san-luis-potosi\/","url_meta":{"origin":49410,"position":0},"title":"Maldita infectada, el insulto a otra enfermera de San Luis Potos\u00ed","author":"grieta","date":"10 abril, 2020","format":false,"excerpt":"Redacci\u00f3n\/Quadrat\u00edn SLP 10 abril 2020 RIOVERDE, SLP., 10 de abril de 2020.- En medio de la contingencia por Covid 19, se registra una agresi\u00f3n m\u00e1s a trabajadores de la salud, esta vez en un Centro de Salud de la comunidad El Jabal\u00ed de este municipio donde un grupo de j\u00f3venes\u2026","rel":"","context":"En &quot;CINTILLO&quot;","block_context":{"text":"CINTILLO","link":"https:\/\/www.grieta.org.mx\/index.php\/category\/cintillo\/"},"img":{"alt_text":"","src":"https:\/\/i0.wp.com\/www.grieta.org.mx\/wp-content\/uploads\/2020\/04\/Enfermera-Atenci%C3%B3n-M%C3%A9dica-doctora-IMSS-atenci%C3%B3n-doctoras-mujeres-en-la-medicina-5.jpg?resize=350%2C200&ssl=1","width":350,"height":200,"srcset":"https:\/\/i0.wp.com\/www.grieta.org.mx\/wp-content\/uploads\/2020\/04\/Enfermera-Atenci%C3%B3n-M%C3%A9dica-doctora-IMSS-atenci%C3%B3n-doctoras-mujeres-en-la-medicina-5.jpg?resize=350%2C200&ssl=1 1x, https:\/\/i0.wp.com\/www.grieta.org.mx\/wp-content\/uploads\/2020\/04\/Enfermera-Atenci%C3%B3n-M%C3%A9dica-doctora-IMSS-atenci%C3%B3n-doctoras-mujeres-en-la-medicina-5.jpg?resize=525%2C300&ssl=1 1.5x, https:\/\/i0.wp.com\/www.grieta.org.mx\/wp-content\/uploads\/2020\/04\/Enfermera-Atenci%C3%B3n-M%C3%A9dica-doctora-IMSS-atenci%C3%B3n-doctoras-mujeres-en-la-medicina-5.jpg?resize=700%2C400&ssl=1 2x, https:\/\/i0.wp.com\/www.grieta.org.mx\/wp-content\/uploads\/2020\/04\/Enfermera-Atenci%C3%B3n-M%C3%A9dica-doctora-IMSS-atenci%C3%B3n-doctoras-mujeres-en-la-medicina-5.jpg?resize=1050%2C600&ssl=1 3x"},"classes":[]},{"id":47252,"url":"https:\/\/www.grieta.org.mx\/index.php\/2020\/04\/05\/golpearon-a-una-enfermera-en-san-luis-potosi-por-su-labor-contra-el-covid-19\/","url_meta":{"origin":49410,"position":1},"title":"Golpearon a una enfermera en San Luis Potos\u00ed por su labor contra el COVID-19","author":"grieta","date":"5 abril, 2020","format":false,"excerpt":"Infobae\/Radacci\u00f3n 5 abril 2020 Dos supuestos menores de edad iniciaron los insultos, mientras que su madre se lanz\u00f3 a los golpes contra la trabajadora del sector salud La lucha de los trabajadores en el sector salud va m\u00e1s all\u00e1 del coronavirus y sus largas jornadas dentro de los hospitales, ahora\u2026","rel":"","context":"En &quot;CINTILLO&quot;","block_context":{"text":"CINTILLO","link":"https:\/\/www.grieta.org.mx\/index.php\/category\/cintillo\/"},"img":{"alt_text":"","src":"https:\/\/i0.wp.com\/www.grieta.org.mx\/wp-content\/uploads\/2020\/04\/enfermera.png?resize=350%2C200&ssl=1","width":350,"height":200,"srcset":"https:\/\/i0.wp.com\/www.grieta.org.mx\/wp-content\/uploads\/2020\/04\/enfermera.png?resize=350%2C200&ssl=1 1x, https:\/\/i0.wp.com\/www.grieta.org.mx\/wp-content\/uploads\/2020\/04\/enfermera.png?resize=525%2C300&ssl=1 1.5x"},"classes":[]},{"id":51163,"url":"https:\/\/www.grieta.org.mx\/index.php\/2020\/06\/12\/personal-medico-realiza-paro-de-labores-en-el-issste-san-luis-potosi\/","url_meta":{"origin":49410,"position":2},"title":"Personal m\u00e9dico realiza paro de labores en el ISSSTE  (San Luis Potos\u00ed)","author":"grieta","date":"12 junio, 2020","format":false,"excerpt":"Fernando L\u00f3ipez\/Quadrat\u00edn SLP 12 junio 2020 SAN LUIS POTOSI, SLP, 12 junio 2020.- El d\u00eda de ayer se despidi\u00f3 a la enfermera Olivia Soto que falleci\u00f3 con s\u00edntomas de Covid 19 en el Hospital General del Instituto de Seguridad y Servicios Sociales de los Trabajadores del Estado (ISSSTE), ubicado en\u2026","rel":"","context":"En &quot;CINTILLO&quot;","block_context":{"text":"CINTILLO","link":"https:\/\/www.grieta.org.mx\/index.php\/category\/cintillo\/"},"img":{"alt_text":"","src":"https:\/\/i0.wp.com\/www.grieta.org.mx\/wp-content\/uploads\/2020\/06\/WhatsApp-Image-2020-06-12-at-12.59.45-PM.jpeg?resize=350%2C200&ssl=1","width":350,"height":200,"srcset":"https:\/\/i0.wp.com\/www.grieta.org.mx\/wp-content\/uploads\/2020\/06\/WhatsApp-Image-2020-06-12-at-12.59.45-PM.jpeg?resize=350%2C200&ssl=1 1x, https:\/\/i0.wp.com\/www.grieta.org.mx\/wp-content\/uploads\/2020\/06\/WhatsApp-Image-2020-06-12-at-12.59.45-PM.jpeg?resize=525%2C300&ssl=1 1.5x, https:\/\/i0.wp.com\/www.grieta.org.mx\/wp-content\/uploads\/2020\/06\/WhatsApp-Image-2020-06-12-at-12.59.45-PM.jpeg?resize=700%2C400&ssl=1 2x"},"classes":[]},{"id":48523,"url":"https:\/\/www.grieta.org.mx\/index.php\/2020\/04\/15\/asume-guardia-nacional-seguridad-en-clinicas-1-y-2-del-imss-san-luis-potosi\/","url_meta":{"origin":49410,"position":3},"title":"Asume Guardia Nacional seguridad en cl\u00ednicas 1 y 2 del IMSS (San Luis Potos\u00ed)","author":"grieta","date":"15 abril, 2020","format":false,"excerpt":"Bertha Escalante\/El Sol de San Luis 15 abril 2020 Buscan garantizar que m\u00e9dicos y enfermeras no sean agredidos por la propia poblaci\u00f3n como ha sucedido en otras regiones del pa\u00eds Foto: Bertha Escalante\/El Sol de San Luis Personal de la Guardia Nacional en San Luis Potos\u00ed asumi\u00f3 desde este mi\u00e9rcoles,\u2026","rel":"","context":"En &quot;CINTILLO&quot;","block_context":{"text":"CINTILLO","link":"https:\/\/www.grieta.org.mx\/index.php\/category\/cintillo\/"},"img":{"alt_text":"","src":"https:\/\/i0.wp.com\/www.grieta.org.mx\/wp-content\/uploads\/2020\/05\/Guardia-Nacional-cuidando-el-IMSS.jpg?resize=350%2C200&ssl=1","width":350,"height":200,"srcset":"https:\/\/i0.wp.com\/www.grieta.org.mx\/wp-content\/uploads\/2020\/05\/Guardia-Nacional-cuidando-el-IMSS.jpg?resize=350%2C200&ssl=1 1x, https:\/\/i0.wp.com\/www.grieta.org.mx\/wp-content\/uploads\/2020\/05\/Guardia-Nacional-cuidando-el-IMSS.jpg?resize=525%2C300&ssl=1 1.5x, https:\/\/i0.wp.com\/www.grieta.org.mx\/wp-content\/uploads\/2020\/05\/Guardia-Nacional-cuidando-el-IMSS.jpg?resize=700%2C400&ssl=1 2x"},"classes":[]},{"id":49198,"url":"https:\/\/www.grieta.org.mx\/index.php\/2020\/04\/18\/discriminan-en-tienda-de-san-luis-potosi-a-personal-de-enfermeria\/","url_meta":{"origin":49410,"position":4},"title":"Discriminan en tienda de San Luis Potos\u00ed a personal de enfermer\u00eda","author":"grieta","date":"18 abril, 2020","format":false,"excerpt":"Gilberto Salas\/Quadrat\u00edn SLP 18 abril 2020 RIOVERDE, SLP., 18 de abril de 2020.- Un pasante de enfermer\u00eda que labora en la cl\u00ednica-hospital del ISSSTE en esta ciudad, denunci\u00f3 que en compa\u00f1\u00eda de otra compa\u00f1era, fueron v\u00edctimas de discriminaci\u00f3n por parte del propietario de una tienda, al no permitirles ingresar al\u2026","rel":"","context":"En &quot;CINTILLO&quot;","block_context":{"text":"CINTILLO","link":"https:\/\/www.grieta.org.mx\/index.php\/category\/cintillo\/"},"img":{"alt_text":"","src":"https:\/\/i0.wp.com\/www.grieta.org.mx\/wp-content\/uploads\/2020\/05\/Enfermer%C3%ACa-SLP-1160x700.jpg?resize=350%2C200&ssl=1","width":350,"height":200,"srcset":"https:\/\/i0.wp.com\/www.grieta.org.mx\/wp-content\/uploads\/2020\/05\/Enfermer%C3%ACa-SLP-1160x700.jpg?resize=350%2C200&ssl=1 1x, https:\/\/i0.wp.com\/www.grieta.org.mx\/wp-content\/uploads\/2020\/05\/Enfermer%C3%ACa-SLP-1160x700.jpg?resize=525%2C300&ssl=1 1.5x, https:\/\/i0.wp.com\/www.grieta.org.mx\/wp-content\/uploads\/2020\/05\/Enfermer%C3%ACa-SLP-1160x700.jpg?resize=700%2C400&ssl=1 2x, https:\/\/i0.wp.com\/www.grieta.org.mx\/wp-content\/uploads\/2020\/05\/Enfermer%C3%ACa-SLP-1160x700.jpg?resize=1050%2C600&ssl=1 3x"},"classes":[]},{"id":51740,"url":"https:\/\/www.grieta.org.mx\/index.php\/2020\/07\/06\/san-luis-potosi-quinto-lugar-en-tasa-de-feminicidios\/","url_meta":{"origin":49410,"position":5},"title":"San Luis Potos\u00ed, quinto lugar en tasa de feminicidios","author":"grieta","date":"6 julio, 2020","format":false,"excerpt":"Jorge Torres\/Plano Informativo 6 julio 2020 Violencia Familiar sube en un mes m\u00e1s de 600 casos. San Luis Potos\u00ed, SLP.- El Secretariado Ejecutivo del Sistema Nacional de Seguridad P\u00fablica emiti\u00f3 el informe sobre violencia contra las mujeres, con corte al 31 de mayo de 2020, que incluye los primeros cinco\u2026","rel":"","context":"En &quot;CINTILLO&quot;","block_context":{"text":"CINTILLO","link":"https:\/\/www.grieta.org.mx\/index.php\/category\/cintillo\/"},"img":{"alt_text":"","src":"https:\/\/i0.wp.com\/www.grieta.org.mx\/wp-content\/uploads\/2020\/07\/feminicidas.jpg?resize=350%2C200&ssl=1","width":350,"height":200,"srcset":"https:\/\/i0.wp.com\/www.grieta.org.mx\/wp-content\/uploads\/2020\/07\/feminicidas.jpg?resize=350%2C200&ssl=1 1x, https:\/\/i0.wp.com\/www.grieta.org.mx\/wp-content\/uploads\/2020\/07\/feminicidas.jpg?resize=525%2C300&ssl=1 1.5x, https:\/\/i0.wp.com\/www.grieta.org.mx\/wp-content\/uploads\/2020\/07\/feminicidas.jpg?resize=700%2C400&ssl=1 2x"},"classes":[]}],"_links":{"self":[{"href":"https:\/\/www.grieta.org.mx\/index.php\/wp-json\/wp\/v2\/posts\/49410","targetHints":{"allow":["GET"]}}],"collection":[{"href":"https:\/\/www.grieta.org.mx\/index.php\/wp-json\/wp\/v2\/posts"}],"about":[{"href":"https:\/\/www.grieta.org.mx\/index.php\/wp-json\/wp\/v2\/types\/post"}],"author":[{"embeddable":true,"href":"https:\/\/www.grieta.org.mx\/index.php\/wp-json\/wp\/v2\/users\/2"}],"replies":[{"embeddable":true,"href":"https:\/\/www.grieta.org.mx\/index.php\/wp-json\/wp\/v2\/comments?post=49410"}],"version-history":[{"count":1,"href":"https:\/\/www.grieta.org.mx\/index.php\/wp-json\/wp\/v2\/posts\/49410\/revisions"}],"predecessor-version":[{"id":49414,"href":"https:\/\/www.grieta.org.mx\/index.php\/wp-json\/wp\/v2\/posts\/49410\/revisions\/49414"}],"wp:featuredmedia":[{"embeddable":true,"href":"https:\/\/www.grieta.org.mx\/index.php\/wp-json\/wp\/v2\/media\/49411"}],"wp:attachment":[{"href":"https:\/\/www.grieta.org.mx\/index.php\/wp-json\/wp\/v2\/media?parent=49410"}],"wp:term":[{"taxonomy":"category","embeddable":true,"href":"https:\/\/www.grieta.org.mx\/index.php\/wp-json\/wp\/v2\/categories?post=49410"},{"taxonomy":"post_tag","embeddable":true,"href":"https:\/\/www.grieta.org.mx\/index.php\/wp-json\/wp\/v2\/tags?post=49410"}],"curies":[{"name":"wp","href":"https:\/\/api.w.org\/{rel}","templated":true}]}}