{"id":49407,"date":"2020-04-29T19:00:07","date_gmt":"2020-04-30T00:00:07","guid":{"rendered":"http:\/\/www.grieta.org.mx\/?p=49407"},"modified":"2020-05-16T19:51:30","modified_gmt":"2020-05-17T00:51:30","slug":"piden-familias-de-aguascalientes-apoyos-en-despensa-para-poder-aislarse-ante-pandemia-por-covid-19","status":"publish","type":"post","link":"https:\/\/www.grieta.org.mx\/index.php\/2020\/04\/29\/piden-familias-de-aguascalientes-apoyos-en-despensa-para-poder-aislarse-ante-pandemia-por-covid-19\/","title":{"rendered":"PIDEN FAMILIAS DE AGUASCALIENTES APOYOS EN DESPENSA PARA PODER AISLARSE ANTE PANDEMIA POR COVID-19"},"content":{"rendered":"<p>Gabriel Soriano\/La Jornada Aguascalientes<br \/>\n29 abril 2020<\/p>\n<p><img loading=\"lazy\" decoding=\"async\" data-attachment-id=\"49408\" data-permalink=\"https:\/\/www.grieta.org.mx\/index.php\/2020\/04\/29\/piden-familias-de-aguascalientes-apoyos-en-despensa-para-poder-aislarse-ante-pandemia-por-covid-19\/49827400928_b292679833_c\/\" data-orig-file=\"https:\/\/www.grieta.org.mx\/wp-content\/uploads\/2020\/05\/49827400928_b292679833_c.jpg\" data-orig-size=\"750,500\" data-comments-opened=\"0\" data-image-meta=\"{&quot;aperture&quot;:&quot;0&quot;,&quot;credit&quot;:&quot;&quot;,&quot;camera&quot;:&quot;&quot;,&quot;caption&quot;:&quot;&quot;,&quot;created_timestamp&quot;:&quot;0&quot;,&quot;copyright&quot;:&quot;&quot;,&quot;focal_length&quot;:&quot;0&quot;,&quot;iso&quot;:&quot;0&quot;,&quot;shutter_speed&quot;:&quot;0&quot;,&quot;title&quot;:&quot;&quot;,&quot;orientation&quot;:&quot;0&quot;}\" data-image-title=\"49827400928_b292679833_c\" data-image-description=\"\" data-image-caption=\"\" data-medium-file=\"https:\/\/www.grieta.org.mx\/wp-content\/uploads\/2020\/05\/49827400928_b292679833_c-300x200.jpg\" data-large-file=\"https:\/\/www.grieta.org.mx\/wp-content\/uploads\/2020\/05\/49827400928_b292679833_c.jpg\" src=\"http:\/\/www.grieta.org.mx\/wp-content\/uploads\/2020\/05\/49827400928_b292679833_c.jpg\" alt=\"\" width=\"750\" height=\"500\" class=\"aligncenter size-full wp-image-49408\" srcset=\"https:\/\/www.grieta.org.mx\/wp-content\/uploads\/2020\/05\/49827400928_b292679833_c.jpg 750w, https:\/\/www.grieta.org.mx\/wp-content\/uploads\/2020\/05\/49827400928_b292679833_c-300x200.jpg 300w\" sizes=\"auto, (max-width: 750px) 100vw, 750px\" \/><\/p>\n<blockquote><p>Al no tener alg\u00fan ingreso, se les ha complicado la compra de despensa, pago de recibos e incluso la compra de medicamentos<br \/>\nNo hay fecha establecida para hacerles llegar el apoyo<\/p><\/blockquote>\n<p>Esta semana, la organizaci\u00f3n civil C\u00e1ritas tambi\u00e9n se sum\u00f3 a los esfuerzos para apoyar a las familias que no han podido aislarse y que se quedaron sin ingresos haciendo entrega de despensas para que puedan alimentarse durante el aislamiento. Sin embargo, una gran cantidad de personas se quedaron sin recibir apoyo alguno.<\/p>\n<p>Ante esta situaci\u00f3n, ciudadanos se vuelven a manifestar frente al Palacio de Gobierno pidiendo apoyo en despensa para poder acatar las recomendaciones relacionadas a la contingencia por el Covid-19 esto debido a que el principal sost\u00e9n de las familias era el comercio informal. Externaron ha sido austera la ayuda que han recibido.<\/p>\n<p>Ayer, posterior a la entrega de despensa de C\u00e1ritas, aquellas personas que no recibieron ayuda o les fue insuficiente lo entregado acudieron frente a Palacio de Gobierno para solicitar apoyo tanto a Gobierno del Estado como al Gobierno Municipal.<\/p>\n<p>Pasado tiempo, se le inform\u00f3 a los manifestantes que actualmente no se ten\u00eda apoyo en alguno de los \u00f3rdenes de gobierno, pero se les pidi\u00f3 que se anotaran en una lista prometi\u00e9ndole la entrega a la brevedad de alguna despensa y medicamento para quien lo necesite.<\/p>\n<p>Seg\u00fan una de las manifestantes, quien dijo que ya hab\u00eda recibido un apoyo, dijo que le fue insuficiente para poder vivir pues le dur\u00f3 poco m\u00e1s de una semana debido a que son varios los integrantes en la familia: \u201cNo tenemos respuesta, porque nos dan tel\u00e9fonos que no sirven, ya marcamos delante de ellos y nadie responde\u201d. <\/p>\n<p>Muchos de ellos manifestaron la necesidad de comprar medicamento controlado para atender enfermedades cr\u00f3nicas como hipertensi\u00f3n y diabetes.<\/p>\n<p>No se estableci\u00f3 una fecha de entrega del apoyo prometido, por lo que a pesar de que los asistentes se anotaron en una lista, quedaron en incertidumbre acerca de cu\u00e1ndo recibir\u00e1n apoyos.<\/p>\n<p><a href=\"https:\/\/www.lja.mx\/2020\/04\/piden-familias-de-aguascalientes-apoyos-en-despensa-para-poder-aislarse-ante-pandemia-por-covid-19\/\" rel=\"noopener noreferrer\" target=\"_blank\">https:\/\/www.lja.mx\/2020\/04\/piden-familias-de-aguascalientes-apoyos-en-despensa-para-poder-aislarse-ante-pandemia-por-covid-19\/<\/a><\/p>\n","protected":false},"excerpt":{"rendered":"<p>Gabriel Soriano\/La Jornada Aguascalientes 29 abril 2020 Al no tener alg\u00fan ingreso, se les ha complicado la compra de despensa, pago de recibos e incluso la compra de medicamentos No &hellip; <a href=\"https:\/\/www.grieta.org.mx\/index.php\/2020\/04\/29\/piden-familias-de-aguascalientes-apoyos-en-despensa-para-poder-aislarse-ante-pandemia-por-covid-19\/\" class=\"more-link\">Leer m\u00e1s<\/a><\/p>\n","protected":false},"author":2,"featured_media":49408,"comment_status":"closed","ping_status":"closed","sticky":false,"template":"","format":"standard","meta":{"ngg_post_thumbnail":0,"_jetpack_newsletter_access":"","_jetpack_dont_email_post_to_subs":false,"_jetpack_newsletter_tier_id":0,"_jetpack_memberships_contains_paywalled_content":false,"_jetpack_memberships_contains_paid_content":false,"footnotes":""},"categories":[4,80,3290,2],"tags":[657,3241,766,3376],"class_list":["post-49407","post","type-post","status-publish","format-standard","has-post-thumbnail","hentry","category-aguascalientes","category-cintillo","category-covid-19-en-aguascalientes","category-noticias-nacionales","tag-comerciantes","tag-covid-19","tag-manifestaciones","tag-trabajo-informal","entry"],"jetpack_featured_media_url":"https:\/\/www.grieta.org.mx\/wp-content\/uploads\/2020\/05\/49827400928_b292679833_c.jpg","jetpack_sharing_enabled":true,"jetpack_shortlink":"https:\/\/wp.me\/p7ZJR4-cQT","jetpack_likes_enabled":false,"jetpack-related-posts":[{"id":49256,"url":"https:\/\/www.grieta.org.mx\/index.php\/2020\/04\/22\/edecanes-de-la-feria-de-san-marcos-piden-apoyo-ante-el-covid-19-aguascalientes\/","url_meta":{"origin":49407,"position":0},"title":"Edecanes de la Feria de San Marcos piden apoyo ante el Covid-19 (Aguascalientes)","author":"grieta","date":"22 abril, 2020","format":false,"excerpt":"Mariana Orozco\/Debate 22 abril 2020 Edecanes y modelos que laboraban en la Feria Nacional de San Marcos, en Aguascalientes, protestan por un apoyo ante la contingencia por la pandemia Aguascalientes. - Edecanes y modelos que trabajan en la Feria Nacional de San Marcos, en el estado de Aguascalientes, se manifestaron\u2026","rel":"","context":"En &quot;Aguascalientes&quot;","block_context":{"text":"Aguascalientes","link":"https:\/\/www.grieta.org.mx\/index.php\/category\/noticias-nacionales\/aguascalientes\/"},"img":{"alt_text":"","src":"https:\/\/i0.wp.com\/www.grieta.org.mx\/wp-content\/uploads\/2020\/05\/edecanes.png?resize=350%2C200&ssl=1","width":350,"height":200,"srcset":"https:\/\/i0.wp.com\/www.grieta.org.mx\/wp-content\/uploads\/2020\/05\/edecanes.png?resize=350%2C200&ssl=1 1x, https:\/\/i0.wp.com\/www.grieta.org.mx\/wp-content\/uploads\/2020\/05\/edecanes.png?resize=525%2C300&ssl=1 1.5x, https:\/\/i0.wp.com\/www.grieta.org.mx\/wp-content\/uploads\/2020\/05\/edecanes.png?resize=700%2C400&ssl=1 2x"},"classes":[]},{"id":49250,"url":"https:\/\/www.grieta.org.mx\/index.php\/2020\/04\/21\/en-aguascalientes-meseros-piden-ser-incluidos-en-apoyos-economicos\/","url_meta":{"origin":49407,"position":1},"title":"En Aguascalientes, meseros piden ser incluidos en apoyos econ\u00f3micos","author":"grieta","date":"21 abril, 2020","format":false,"excerpt":"Gabriel Soriano\/La Jornada Aguascalientes 21 abril 2020 Sin ingresos quedaron los meseros al prohibir la realizaci\u00f3n de eventos Gobierno del Estado prometi\u00f3 hacerle entrega a la brevedad de apoyos econ\u00f3micos Meseros que son contratados por eventos se manifiestan afuera del Palacio de Gobierno, pues ante la baja actividad en el\u2026","rel":"","context":"En &quot;Aguascalientes&quot;","block_context":{"text":"Aguascalientes","link":"https:\/\/www.grieta.org.mx\/index.php\/category\/noticias-nacionales\/aguascalientes\/"},"img":{"alt_text":"","src":"https:\/\/i0.wp.com\/www.grieta.org.mx\/wp-content\/uploads\/2020\/05\/48791281107_90b9f4861e_c.jpg?resize=350%2C200&ssl=1","width":350,"height":200,"srcset":"https:\/\/i0.wp.com\/www.grieta.org.mx\/wp-content\/uploads\/2020\/05\/48791281107_90b9f4861e_c.jpg?resize=350%2C200&ssl=1 1x, https:\/\/i0.wp.com\/www.grieta.org.mx\/wp-content\/uploads\/2020\/05\/48791281107_90b9f4861e_c.jpg?resize=525%2C300&ssl=1 1.5x, https:\/\/i0.wp.com\/www.grieta.org.mx\/wp-content\/uploads\/2020\/05\/48791281107_90b9f4861e_c.jpg?resize=700%2C400&ssl=1 2x"},"classes":[]},{"id":51773,"url":"https:\/\/www.grieta.org.mx\/index.php\/2020\/07\/08\/denuncian-mujeres-trans-agresiones-de-la-policia-municipal-capitalina-de-aguascalientes\/","url_meta":{"origin":49407,"position":2},"title":"Denuncian mujeres trans agresiones de la polic\u00eda municipal capitalina de Aguascalientes","author":"grieta","date":"8 julio, 2020","format":false,"excerpt":"Gabriel Soriano\/La Jornada Aguascalientes 8 julio 2020 Trabajadoras sexuales trans presentan denuncia ante la Fiscal\u00eda General del Estado por robo, acoso sexual, extorsi\u00f3n y discriminaci\u00f3n contra elementos municipales Fueron discriminadas por parte del IMMA cuando intentaron buscar su apoyo en esta situaci\u00f3n Mujeres trans trabajadoras sexuales presentan denuncia ante la\u2026","rel":"","context":"En &quot;Abuso policiaco y tortura en Aguascalientes&quot;","block_context":{"text":"Abuso policiaco y tortura en Aguascalientes","link":"https:\/\/www.grieta.org.mx\/index.php\/category\/noticias-nacionales\/aguascalientes\/tortura-en-aguascalientes\/"},"img":{"alt_text":"","src":"https:\/\/i0.wp.com\/www.grieta.org.mx\/wp-content\/uploads\/2020\/07\/45095311824_88748f1670_b-1.jpg?resize=350%2C200&ssl=1","width":350,"height":200,"srcset":"https:\/\/i0.wp.com\/www.grieta.org.mx\/wp-content\/uploads\/2020\/07\/45095311824_88748f1670_b-1.jpg?resize=350%2C200&ssl=1 1x, https:\/\/i0.wp.com\/www.grieta.org.mx\/wp-content\/uploads\/2020\/07\/45095311824_88748f1670_b-1.jpg?resize=525%2C300&ssl=1 1.5x, https:\/\/i0.wp.com\/www.grieta.org.mx\/wp-content\/uploads\/2020\/07\/45095311824_88748f1670_b-1.jpg?resize=700%2C400&ssl=1 2x"},"classes":[]},{"id":49266,"url":"https:\/\/www.grieta.org.mx\/index.php\/2020\/04\/25\/otro-lado-de-la-pandemia-covid-19-musicos-de-aguascalientes-piden-ser-escuchados\/","url_meta":{"origin":49407,"position":3},"title":"OTRO LADO DE LA PANDEMIA COVID-19: M\u00daSICOS DE AGUASCALIENTES PIDEN SER ESCUCHADOS","author":"grieta","date":"25 abril, 2020","format":false,"excerpt":"Adri\u00e1n Javier Flores Nieves\/La Jornada Aguascalientes 25 abril 2020 Foto tomada de La Jornada Aguascalientes Cientos de m\u00fasicos exigen que se les tome en cuenta por parte de los gobiernos ya que llevan m\u00e1s de un mes sin trabajo Adem\u00e1s de las presentaciones en vivo, los m\u00fasicos tambi\u00e9n impart\u00edan clases\u2026","rel":"","context":"En &quot;Aguascalientes&quot;","block_context":{"text":"Aguascalientes","link":"https:\/\/www.grieta.org.mx\/index.php\/category\/noticias-nacionales\/aguascalientes\/"},"img":{"alt_text":"","src":"https:\/\/i0.wp.com\/www.grieta.org.mx\/wp-content\/uploads\/2020\/05\/49744594166_78044bf6aa_c.jpg?resize=350%2C200&ssl=1","width":350,"height":200,"srcset":"https:\/\/i0.wp.com\/www.grieta.org.mx\/wp-content\/uploads\/2020\/05\/49744594166_78044bf6aa_c.jpg?resize=350%2C200&ssl=1 1x, https:\/\/i0.wp.com\/www.grieta.org.mx\/wp-content\/uploads\/2020\/05\/49744594166_78044bf6aa_c.jpg?resize=525%2C300&ssl=1 1.5x, https:\/\/i0.wp.com\/www.grieta.org.mx\/wp-content\/uploads\/2020\/05\/49744594166_78044bf6aa_c.jpg?resize=700%2C400&ssl=1 2x"},"classes":[]},{"id":49263,"url":"https:\/\/www.grieta.org.mx\/index.php\/2020\/04\/25\/lo-que-exigen-trabajadoras-de-las-violetas-al-municipio-de-aguascalientes-durante-el-paro-del-covid-19\/","url_meta":{"origin":49407,"position":4},"title":"LO QUE EXIGEN TRABAJADORAS DE LAS VIOLETAS AL MUNICIPIO DE AGUASCALIENTES DURANTE EL PARO DEL COVID-19","author":"grieta","date":"25 abril, 2020","format":false,"excerpt":"Claudia Rodr\u00edguez Loera\/La Jornada Aguascalientes 25 abril 2020 Foto tomada de La Jornada Aguascalientes Logran recursos econ\u00f3micos, despensas y pago de recibos de agua Estimular\u00e1n a quienes estudian o quieren capacitarse La ma\u00f1ana de este viernes un grupo de trabajadoras de bares y antros de la zona de tolerancia de\u2026","rel":"","context":"En &quot;Aguascalientes&quot;","block_context":{"text":"Aguascalientes","link":"https:\/\/www.grieta.org.mx\/index.php\/category\/noticias-nacionales\/aguascalientes\/"},"img":{"alt_text":"","src":"https:\/\/i0.wp.com\/www.grieta.org.mx\/wp-content\/uploads\/2020\/05\/photo_2020-04-24_22-20-51.jpg?resize=350%2C200&ssl=1","width":350,"height":200,"srcset":"https:\/\/i0.wp.com\/www.grieta.org.mx\/wp-content\/uploads\/2020\/05\/photo_2020-04-24_22-20-51.jpg?resize=350%2C200&ssl=1 1x, https:\/\/i0.wp.com\/www.grieta.org.mx\/wp-content\/uploads\/2020\/05\/photo_2020-04-24_22-20-51.jpg?resize=525%2C300&ssl=1 1.5x, https:\/\/i0.wp.com\/www.grieta.org.mx\/wp-content\/uploads\/2020\/05\/photo_2020-04-24_22-20-51.jpg?resize=700%2C400&ssl=1 2x"},"classes":[]},{"id":49231,"url":"https:\/\/www.grieta.org.mx\/index.php\/2020\/04\/20\/en-aguascalientes-guardia-nacional-regulara-entradas-en-edificios-del-issea-e-imss-durante-pandemia-por-covid-19\/","url_meta":{"origin":49407,"position":5},"title":"EN AGUASCALIENTES, GUARDIA NACIONAL REGULAR\u00c1 ENTRADAS EN EDIFICIOS DEL ISSEA E IMSS DURANTE PANDEMIA POR COVID-19","author":"grieta","date":"20 abril, 2020","format":false,"excerpt":"Gabriel Soriano\/La Jornada Aguascalientes 20 abril 2020 Mil 600 elementos de la Guardia Nacional participar\u00e1n en este operativo en todo el pa\u00eds El objetivo es evitar las conglomeraciones de personas en espacios cerrados A partir de hoy, 20 de abril, en hospitales y unidades del Instituto de Servicios de Salud\u2026","rel":"","context":"En &quot;Aguascalientes&quot;","block_context":{"text":"Aguascalientes","link":"https:\/\/www.grieta.org.mx\/index.php\/category\/noticias-nacionales\/aguascalientes\/"},"img":{"alt_text":"","src":"https:\/\/i0.wp.com\/www.grieta.org.mx\/wp-content\/uploads\/2020\/05\/49559390197_3f077ed1d9_c.jpg?resize=350%2C200&ssl=1","width":350,"height":200,"srcset":"https:\/\/i0.wp.com\/www.grieta.org.mx\/wp-content\/uploads\/2020\/05\/49559390197_3f077ed1d9_c.jpg?resize=350%2C200&ssl=1 1x, https:\/\/i0.wp.com\/www.grieta.org.mx\/wp-content\/uploads\/2020\/05\/49559390197_3f077ed1d9_c.jpg?resize=525%2C300&ssl=1 1.5x, https:\/\/i0.wp.com\/www.grieta.org.mx\/wp-content\/uploads\/2020\/05\/49559390197_3f077ed1d9_c.jpg?resize=700%2C400&ssl=1 2x"},"classes":[]}],"_links":{"self":[{"href":"https:\/\/www.grieta.org.mx\/index.php\/wp-json\/wp\/v2\/posts\/49407","targetHints":{"allow":["GET"]}}],"collection":[{"href":"https:\/\/www.grieta.org.mx\/index.php\/wp-json\/wp\/v2\/posts"}],"about":[{"href":"https:\/\/www.grieta.org.mx\/index.php\/wp-json\/wp\/v2\/types\/post"}],"author":[{"embeddable":true,"href":"https:\/\/www.grieta.org.mx\/index.php\/wp-json\/wp\/v2\/users\/2"}],"replies":[{"embeddable":true,"href":"https:\/\/www.grieta.org.mx\/index.php\/wp-json\/wp\/v2\/comments?post=49407"}],"version-history":[{"count":1,"href":"https:\/\/www.grieta.org.mx\/index.php\/wp-json\/wp\/v2\/posts\/49407\/revisions"}],"predecessor-version":[{"id":49409,"href":"https:\/\/www.grieta.org.mx\/index.php\/wp-json\/wp\/v2\/posts\/49407\/revisions\/49409"}],"wp:featuredmedia":[{"embeddable":true,"href":"https:\/\/www.grieta.org.mx\/index.php\/wp-json\/wp\/v2\/media\/49408"}],"wp:attachment":[{"href":"https:\/\/www.grieta.org.mx\/index.php\/wp-json\/wp\/v2\/media?parent=49407"}],"wp:term":[{"taxonomy":"category","embeddable":true,"href":"https:\/\/www.grieta.org.mx\/index.php\/wp-json\/wp\/v2\/categories?post=49407"},{"taxonomy":"post_tag","embeddable":true,"href":"https:\/\/www.grieta.org.mx\/index.php\/wp-json\/wp\/v2\/tags?post=49407"}],"curies":[{"name":"wp","href":"https:\/\/api.w.org\/{rel}","templated":true}]}}