{"id":49393,"date":"2020-05-15T18:20:18","date_gmt":"2020-05-15T23:20:18","guid":{"rendered":"http:\/\/www.grieta.org.mx\/?p=49393"},"modified":"2020-05-16T23:35:01","modified_gmt":"2020-05-17T04:35:01","slug":"jornaleros-del-norte-de-sinaloa-informalidad-y-abandono-en-tiempos-de-covid-19","status":"publish","type":"post","link":"https:\/\/www.grieta.org.mx\/index.php\/2020\/05\/15\/jornaleros-del-norte-de-sinaloa-informalidad-y-abandono-en-tiempos-de-covid-19\/","title":{"rendered":"Jornaleros del norte de Sinaloa, informalidad y abandono en tiempos de Covid-19"},"content":{"rendered":"<p>Izquierda Diario\/Norberto Soto S\u00e1nchez<\/p>\n<p><img loading=\"lazy\" decoding=\"async\" data-attachment-id=\"49394\" data-permalink=\"https:\/\/www.grieta.org.mx\/index.php\/2020\/05\/15\/jornaleros-del-norte-de-sinaloa-informalidad-y-abandono-en-tiempos-de-covid-19\/arton159409-f7053\/\" data-orig-file=\"https:\/\/www.grieta.org.mx\/wp-content\/uploads\/2020\/05\/arton159409-f7053.jpg\" data-orig-size=\"701,395\" data-comments-opened=\"0\" data-image-meta=\"{&quot;aperture&quot;:&quot;0&quot;,&quot;credit&quot;:&quot;&quot;,&quot;camera&quot;:&quot;&quot;,&quot;caption&quot;:&quot;&quot;,&quot;created_timestamp&quot;:&quot;0&quot;,&quot;copyright&quot;:&quot;&quot;,&quot;focal_length&quot;:&quot;0&quot;,&quot;iso&quot;:&quot;0&quot;,&quot;shutter_speed&quot;:&quot;0&quot;,&quot;title&quot;:&quot;&quot;,&quot;orientation&quot;:&quot;0&quot;}\" data-image-title=\"arton159409-f7053\" data-image-description=\"\" data-image-caption=\"\" data-medium-file=\"https:\/\/www.grieta.org.mx\/wp-content\/uploads\/2020\/05\/arton159409-f7053-300x169.jpg\" data-large-file=\"https:\/\/www.grieta.org.mx\/wp-content\/uploads\/2020\/05\/arton159409-f7053.jpg\" class=\"aligncenter  wp-image-49394\" src=\"http:\/\/www.grieta.org.mx\/wp-content\/uploads\/2020\/05\/arton159409-f7053.jpg\" alt=\"\" width=\"797\" height=\"450\" srcset=\"https:\/\/www.grieta.org.mx\/wp-content\/uploads\/2020\/05\/arton159409-f7053.jpg 701w, https:\/\/www.grieta.org.mx\/wp-content\/uploads\/2020\/05\/arton159409-f7053-300x169.jpg 300w\" sizes=\"auto, (max-width: 797px) 100vw, 797px\" \/><\/p>\n<p>Agr\u00edcola de Fuerte Fe S. de R.L. de C. V es una empresa que desde el a\u00f1o 2011 se dedica a la producci\u00f3n de ar\u00e1ndanos. Se ubica en una franja de poco m\u00e1s de 1000 hect\u00e1reas de tierra de riego de primera, muy cercana a la cabecera municipal de El Fuerte. Dicha empresa pertenece a las transnacionales \u201cFamily Tree Farms\u201d y \u201cTretos &amp; Sons Corp\u201d, la primera con sede en Reedley y la segunda en Los \u00c1ngeles, California, Estados Unidos.<\/p>\n<p>Agr\u00edcola de Fuerte Fe cuenta con una base de m\u00e1s de 13,000 trabajadores originarios, principalmente, de comunidades pertenecientes a los municipios del El Fuerte y Choix, al norte de Sinaloa, en la frontera con los Estados de Sonora y Chihuahua.<\/p>\n<p>Los jornaleros agr\u00edcolas, mujeres y hombres, que en ella laboran, se encuentran en situaci\u00f3n de vulnerabilidad absoluta, lo anterior como consecuencia de las condiciones de vida y de trabajo en las \u00e1reas de cultivo de la empresa, donde la explotaci\u00f3n de mano de obra se caracteriza por la sobrecarga de trabajo extrema y por jornadas excesivas, as\u00ed como por la falta de acceso a servicios b\u00e1sicos, sumado a ello la discriminaci\u00f3n y malos tratos de los que son objeto los jornaleros por parte de la empresa.<\/p>\n<h3 class=\"spip\">Superexplotaci\u00f3n e inestabilidad laboral son la regla<\/h3>\n<p>En los campos de cultivo los trabajadores coinciden en un periodo de tiempo que va de enero a mayo, lo que dificulta la creaci\u00f3n de redes sociales y que, en combinaci\u00f3n con la situaci\u00f3n de exclusi\u00f3n pol\u00edtica, condiciones de pobreza y marginaci\u00f3n, han dado como resultado una carencia de organizaci\u00f3n que posibilite la creaci\u00f3n de un sindicato. En adici\u00f3n a ello, el desconocimiento de sus derechos, la falta de regulaci\u00f3n y la insuficiente inspecci\u00f3n laboral de parte de la Secretar\u00eda del Trabajo y Previsi\u00f3n Social conduce frecuentemente a la violaci\u00f3n de los derechos laborales y humanos de los trabajadores de la Agr\u00edcola de Fuerte Fe.<\/p>\n<p>Como muestra de esta situaci\u00f3n basta aludir a la din\u00e1mica de contrataci\u00f3n de los trabajadores. En estas regiones alte\u00f1as de Sinaloa, fustigados por la pobreza extrema, con escasa demanda de mano de obra, los jornaleros esperan a los contratistas, que en muchos de los casos son los due\u00f1os de los camiones de transporte (generalmente pertenecen a alguna asociaci\u00f3n campesina como la Confederaci\u00f3n Nacional Campesina, la Confederaci\u00f3n Nacional de Organizaciones Populares o la Confederaci\u00f3n de Trabajadores de M\u00e9xico), en las plazas p\u00fablicas, en las confluencias de caminos o en los canales de riego para negociar por d\u00eda de trabajo.<\/p>\n<p>Los intermediarios suelen ser habitantes de la regi\u00f3n que gozan de prestigio o liderazgo social en la comunidad; s\u00f3lo se garantiza la promoci\u00f3n y traslado diario de mano de obra que ser\u00e1 puesta al servicio de la empresa extranjera, es decir, la din\u00e1mica queda totalmente al margen de la mediaci\u00f3n de cualquier contemplaci\u00f3n de las autoridades de la Secretar\u00eda del Trabajo, quienes se supone deber\u00edan estar al tanto de las condiciones laborales de los jornaleros (el salario, la carga de trabajo, los horarios, los riesgos de trabajo, accidentes etc.).<\/p>\n<p>La particularidad es que dicha intermediaci\u00f3n genera un vac\u00edo de respaldo para los trabajadores, ya que la empresa principal o \u201ccontratante\u201d (muy entre comillas) no se hace cargo de los aportes de seguridad social, cotizaciones de IMSS, vejez, seguro de desempleo, vacaciones, aguinaldo, prima de riesgo de trabajo, entre otros. Beneficios que por derecho les conciernen a los trabajadores y que al no ser considerados en el salario son valores que pasan directamente a enriquecer los bolsillos de los extranjeros. Estos trabajadores desempe\u00f1an actividades de siembra, cosecha, recolecci\u00f3n y preparaci\u00f3n de productos (empaque).<\/p>\n<p>Los mediadores reciben el recurso de la empresa y les pagan a los trabajadores que reclutan semanalmente en sus cuadrillas, qued\u00e1ndose, obviamente, con un porcentaje. La situaci\u00f3n de indefensi\u00f3n que se configura a partir de este esquema es tal que, apenas la semana pasada, es decir, en medio de la pandemia del coronavirus, poco m\u00e1s de cien trabajadores, entre jornaleros, choferes y cuadrilleros se quedaron esperando \u2018la raya\u2019 (el pago) de una semana: uno de estos mediadores, encargado de cinco camiones de trabajadores, se fug\u00f3 con la paga de todos ellos. Estiman que el dinero supera los 150 mil pesos. No hay que confundirse: esta situaci\u00f3n solo se puede dar gracias al esquema de explotaci\u00f3n laboral que maneja Agr\u00edcola de Fuerte Fe.<\/p>\n<p>Se trata de una situaci\u00f3n raqu\u00edtica, de total informalidad donde ni siquiera hay contrato y en la cual los males se acent\u00faan gracias a la ausencia de salario digno y prestaciones, aunado a ello jornadas de trabajo irregulares, inseguridad e inestabilidad laboral.<\/p>\n<p>Como dato extra: en el 2018 se dio un brote de tifoidea entre los trabajadores de esta empresa debido a las condiciones insalubres en que tienen que laborar, situaci\u00f3n en la cual, obviamente, no hubo voluntad alguna de la patronal para atender la problem\u00e1tica.<\/p>\n<p>En este a\u00f1o, Sinaloa de los estados con m\u00e1s contagio de COVID 19 y cada d\u00eda son trasladados sin las medidas sanitarias suficientes m\u00e1s de 13000 jornaleros que laboran en Agr\u00edcola de Fuerte Fe, los cuales pertenecen a distintas comunidades del norte del Estado muchas de ellas sumamente pobres y aisladas\u2026 de ser contagiados de coronavirus, estos trabajadores tendr\u00e1n que pasar el padecimiento en el m\u00e1s absoluto de los abandonos.<\/p>\n<p><a href=\"http:\/\/www.laizquierdadiario.mx\/Jornaleros-del-norte-de-Sinaloa-informalidad-y-abandono-en-tiempos-de-Covid-19\">http:\/\/www.laizquierdadiario.mx\/Jornaleros-del-norte-de-Sinaloa-informalidad-y-abandono-en-tiempos-de-Covid-19<\/a><\/p>\n","protected":false},"excerpt":{"rendered":"<p>Izquierda Diario\/Norberto Soto S\u00e1nchez Agr\u00edcola de Fuerte Fe S. de R.L. de C. V es una empresa que desde el a\u00f1o 2011 se dedica a la producci\u00f3n de ar\u00e1ndanos. Se &hellip; <a href=\"https:\/\/www.grieta.org.mx\/index.php\/2020\/05\/15\/jornaleros-del-norte-de-sinaloa-informalidad-y-abandono-en-tiempos-de-covid-19\/\" class=\"more-link\">Leer m\u00e1s<\/a><\/p>\n","protected":false},"author":2,"featured_media":49394,"comment_status":"closed","ping_status":"closed","sticky":false,"template":"","format":"standard","meta":{"ngg_post_thumbnail":0,"_jetpack_newsletter_access":"","_jetpack_dont_email_post_to_subs":false,"_jetpack_newsletter_tier_id":0,"_jetpack_memberships_contains_paywalled_content":false,"_jetpack_memberships_contains_paid_content":false,"footnotes":""},"categories":[80,3253,85,2490,30,83],"tags":[3241,204],"class_list":["post-49393","post","type-post","status-publish","format-standard","has-post-thumbnail","hentry","category-cintillo","category-covid-19-en-sinaloa","category-jornaleros","category-jornaleros-en-sinaloa","category-sinaloa","category-temas-nacionales","tag-covid-19","tag-jornaleros","entry"],"jetpack_featured_media_url":"https:\/\/www.grieta.org.mx\/wp-content\/uploads\/2020\/05\/arton159409-f7053.jpg","jetpack_sharing_enabled":true,"jetpack_shortlink":"https:\/\/wp.me\/p7ZJR4-cQF","jetpack_likes_enabled":false,"jetpack-related-posts":[{"id":45369,"url":"https:\/\/www.grieta.org.mx\/index.php\/2020\/02\/20\/acusan-jornaleros-explotacion-laboral-en-campo-de-sinaloa\/","url_meta":{"origin":49393,"position":0},"title":"Acusan jornaleros explotaci\u00f3n laboral en campo de Sinaloa","author":"grieta","date":"20 febrero, 2020","format":false,"excerpt":"Linea Directa\/Verona Hernandez Culiac\u00e1n, Sin.- Cansados del bajo salario que perciben y presuntos maltratos por parte de sus contratistas, jornaleros de Veracruz y Oaxaca de conocida empresa del valle de Culiac\u00e1n se manifestaron con un paro de labores en su campamento. Jos\u00e9 de Aquino, jornalero de dicho campo agr\u00edcola, critic\u00f3\u2026","rel":"","context":"En &quot;CINTILLO&quot;","block_context":{"text":"CINTILLO","link":"https:\/\/www.grieta.org.mx\/index.php\/category\/cintillo\/"},"img":{"alt_text":"","src":"https:\/\/i0.wp.com\/www.grieta.org.mx\/wp-content\/uploads\/2020\/02\/WhatsApp-Image-2020-02-13-at-9.10.49-AM-2-1280x700.jpeg?resize=350%2C200&ssl=1","width":350,"height":200,"srcset":"https:\/\/i0.wp.com\/www.grieta.org.mx\/wp-content\/uploads\/2020\/02\/WhatsApp-Image-2020-02-13-at-9.10.49-AM-2-1280x700.jpeg?resize=350%2C200&ssl=1 1x, https:\/\/i0.wp.com\/www.grieta.org.mx\/wp-content\/uploads\/2020\/02\/WhatsApp-Image-2020-02-13-at-9.10.49-AM-2-1280x700.jpeg?resize=525%2C300&ssl=1 1.5x, https:\/\/i0.wp.com\/www.grieta.org.mx\/wp-content\/uploads\/2020\/02\/WhatsApp-Image-2020-02-13-at-9.10.49-AM-2-1280x700.jpeg?resize=700%2C400&ssl=1 2x, https:\/\/i0.wp.com\/www.grieta.org.mx\/wp-content\/uploads\/2020\/02\/WhatsApp-Image-2020-02-13-at-9.10.49-AM-2-1280x700.jpeg?resize=1050%2C600&ssl=1 3x"},"classes":[]},{"id":42249,"url":"https:\/\/www.grieta.org.mx\/index.php\/2019\/12\/16\/ultrajan-y-matan-a-golpes-a-jornalera-agricola-en-sinaloa\/","url_meta":{"origin":49393,"position":1},"title":"Ultrajan y matan a golpes a jornalera agr\u00edcola en Sinaloa","author":"grieta","date":"16 diciembre, 2019","format":false,"excerpt":"Irene S\u00e1nchez\/La Jornada Mazatl\u00e1n, Sinaloa, 16 de diciembre .-- Gloria Esthela N, de 25 a\u00f1os, jornalera originaria del estado de Guerrero, fue hallada muerta a golpes y con aparentes huellas de abuso sexual dentro de su domicilio, en un campo agr\u00edcola perteneciente a la sindicatura de Costa Rica, a unos\u2026","rel":"","context":"En &quot;CINTILLO&quot;","block_context":{"text":"CINTILLO","link":"https:\/\/www.grieta.org.mx\/index.php\/category\/cintillo\/"},"img":{"alt_text":"","src":"https:\/\/i0.wp.com\/www.grieta.org.mx\/wp-content\/uploads\/2019\/12\/e261d82e-5c2a-46dd-9b31-9d687ace3c17.jpeg?resize=350%2C200&ssl=1","width":350,"height":200},"classes":[]},{"id":55684,"url":"https:\/\/www.grieta.org.mx\/index.php\/2020\/12\/04\/protesta-fiob-por-cierre-de-comedores-para-hijos-de-jornaleros-en-sinaloa\/","url_meta":{"origin":49393,"position":2},"title":"Protesta FIOB por cierre de comedores para hijos de jornaleros en Sinaloa","author":"grieta","date":"4 diciembre, 2020","format":false,"excerpt":"Diario Marca \u00a0 Huajuapan de Le\u00f3n, Oax.-\u00a0El coordinador general del Frente Ind\u00edgena de Organizaciones Binacionales (FIOB), Ezequiel Rosales Carre\u00f1o, inform\u00f3 que el cierre de 27 comedores para hijos de jornaleros en Sinaloa, fue un duro golpe a este sector migrante por parte de la Secretar\u00eda del Bienestar (SEBIEN) a nivel\u2026","rel":"","context":"En &quot;Conflictos laborales en Sinaloa&quot;","block_context":{"text":"Conflictos laborales en Sinaloa","link":"https:\/\/www.grieta.org.mx\/index.php\/category\/noticias-nacionales\/sinaloa\/conflictos-laborales-en-sinaloa\/"},"img":{"alt_text":"","src":"https:\/\/i0.wp.com\/www.grieta.org.mx\/wp-content\/uploads\/2020\/12\/60886382-8B8B-41BC-B6A3-639617418705.jpeg?resize=350%2C200&ssl=1","width":350,"height":200},"classes":[]},{"id":41875,"url":"https:\/\/www.grieta.org.mx\/index.php\/2019\/12\/03\/ninos-jornaleros-en-sinaloa-en-riesgo-de-muerte-hasta-12-fallecen-cada-temporada\/","url_meta":{"origin":49393,"position":3},"title":"Ni\u00f1os jornaleros en Sinaloa, en riesgo de muerte: hasta 12 fallecen cada temporada","author":"grieta","date":"3 diciembre, 2019","format":false,"excerpt":"Idra Cirigo\/Contral\u00ednea Cada temporada agr\u00edcola entre\u00a0siete\u00a0y\u00a0doce\u00a0ni\u00f1os\u00a0pierden la vida por causas prevenibles. Los hijos de jornaleros que trabajan en los campos de\u00a0Sinaloa\u00a0mueren\u00a0por infecciones gastrointestinales,\u00a0anemia,\u00a0desnutrici\u00f3n\u00a0o accidentes durante la temporada de recolecci\u00f3n de cosechas, advirti\u00f3 la organizaci\u00f3n internacional Save the Children. Agreg\u00f3 que de los 200 mil jornaleros que llegan al estado, casi\u2026","rel":"","context":"En &quot;CINTILLO&quot;","block_context":{"text":"CINTILLO","link":"https:\/\/www.grieta.org.mx\/index.php\/category\/cintillo\/"},"img":{"alt_text":"","src":"https:\/\/i0.wp.com\/www.grieta.org.mx\/wp-content\/uploads\/2019\/12\/Guerrero_cosecha_mai769z-1.jpg?resize=350%2C200&ssl=1","width":350,"height":200,"srcset":"https:\/\/i0.wp.com\/www.grieta.org.mx\/wp-content\/uploads\/2019\/12\/Guerrero_cosecha_mai769z-1.jpg?resize=350%2C200&ssl=1 1x, https:\/\/i0.wp.com\/www.grieta.org.mx\/wp-content\/uploads\/2019\/12\/Guerrero_cosecha_mai769z-1.jpg?resize=525%2C300&ssl=1 1.5x"},"classes":[]},{"id":47221,"url":"https:\/\/www.grieta.org.mx\/index.php\/2020\/04\/04\/el-dilema-los-jornaleros-ante-la-pandemia\/","url_meta":{"origin":49393,"position":4},"title":"El dilema los jornaleros ante la pandemia","author":"grieta","date":"4 abril, 2020","format":false,"excerpt":"Pi\u00e9 de P\u00e1gina \/ Texto: Kau Sirenio; fotos: Pablo Mendoza. Los jornaleros en el norte de M\u00e9xico temen que los contagios del COVID-19 inunden los campos agr\u00edcolas y ya no puedan trabajar. El otro riesgo es volver a sus pueblos en Oaxaca, Chiapas y Guerrero sin ahorros para sobrevivir la\u2026","rel":"","context":"En &quot;Baja California&quot;","block_context":{"text":"Baja California","link":"https:\/\/www.grieta.org.mx\/index.php\/category\/noticias-nacionales\/baja-california\/"},"img":{"alt_text":"","src":"https:\/\/i0.wp.com\/www.grieta.org.mx\/wp-content\/uploads\/2020\/04\/1.jpg?resize=350%2C200&ssl=1","width":350,"height":200,"srcset":"https:\/\/i0.wp.com\/www.grieta.org.mx\/wp-content\/uploads\/2020\/04\/1.jpg?resize=350%2C200&ssl=1 1x, https:\/\/i0.wp.com\/www.grieta.org.mx\/wp-content\/uploads\/2020\/04\/1.jpg?resize=525%2C300&ssl=1 1.5x, https:\/\/i0.wp.com\/www.grieta.org.mx\/wp-content\/uploads\/2020\/04\/1.jpg?resize=700%2C400&ssl=1 2x"},"classes":[]},{"id":64721,"url":"https:\/\/www.grieta.org.mx\/index.php\/2022\/08\/01\/en-camiones-chatarra-se-trasladan-jornaleros-a-campos-en-sinaloa\/","url_meta":{"origin":49393,"position":5},"title":"En camiones chatarra se trasladan jornaleros a campos en Sinaloa","author":"grieta","date":"1 agosto, 2022","format":false,"excerpt":"Debate\/Mar\u00eda Bustillos Sinaloa.-\u00a0Con las llantas lisas, ventanas selladas, l\u00e1minas oxidadas y siendo verdaderas chatarras circulan una gran cantidad de camiones que transportan a personas que trabajan en los empaques y campos agr\u00edcolas de Sinaloa. Percance El accidente en el que resultaron lesionados alrededor de 15 jornaleros, ocurrido el pasado jueves\u2026","rel":"","context":"En &quot;Jornaleros&quot;","block_context":{"text":"Jornaleros","link":"https:\/\/www.grieta.org.mx\/index.php\/category\/temas-nacionales\/jornaleros\/"},"img":{"alt_text":"","src":"https:\/\/i0.wp.com\/www.grieta.org.mx\/wp-content\/uploads\/2022\/08\/camion-jornaleros.jpg_172596871.webp?resize=350%2C200&ssl=1","width":350,"height":200,"srcset":"https:\/\/i0.wp.com\/www.grieta.org.mx\/wp-content\/uploads\/2022\/08\/camion-jornaleros.jpg_172596871.webp?resize=350%2C200&ssl=1 1x, https:\/\/i0.wp.com\/www.grieta.org.mx\/wp-content\/uploads\/2022\/08\/camion-jornaleros.jpg_172596871.webp?resize=525%2C300&ssl=1 1.5x, https:\/\/i0.wp.com\/www.grieta.org.mx\/wp-content\/uploads\/2022\/08\/camion-jornaleros.jpg_172596871.webp?resize=700%2C400&ssl=1 2x, https:\/\/i0.wp.com\/www.grieta.org.mx\/wp-content\/uploads\/2022\/08\/camion-jornaleros.jpg_172596871.webp?resize=1050%2C600&ssl=1 3x"},"classes":[]}],"_links":{"self":[{"href":"https:\/\/www.grieta.org.mx\/index.php\/wp-json\/wp\/v2\/posts\/49393","targetHints":{"allow":["GET"]}}],"collection":[{"href":"https:\/\/www.grieta.org.mx\/index.php\/wp-json\/wp\/v2\/posts"}],"about":[{"href":"https:\/\/www.grieta.org.mx\/index.php\/wp-json\/wp\/v2\/types\/post"}],"author":[{"embeddable":true,"href":"https:\/\/www.grieta.org.mx\/index.php\/wp-json\/wp\/v2\/users\/2"}],"replies":[{"embeddable":true,"href":"https:\/\/www.grieta.org.mx\/index.php\/wp-json\/wp\/v2\/comments?post=49393"}],"version-history":[{"count":1,"href":"https:\/\/www.grieta.org.mx\/index.php\/wp-json\/wp\/v2\/posts\/49393\/revisions"}],"predecessor-version":[{"id":49395,"href":"https:\/\/www.grieta.org.mx\/index.php\/wp-json\/wp\/v2\/posts\/49393\/revisions\/49395"}],"wp:featuredmedia":[{"embeddable":true,"href":"https:\/\/www.grieta.org.mx\/index.php\/wp-json\/wp\/v2\/media\/49394"}],"wp:attachment":[{"href":"https:\/\/www.grieta.org.mx\/index.php\/wp-json\/wp\/v2\/media?parent=49393"}],"wp:term":[{"taxonomy":"category","embeddable":true,"href":"https:\/\/www.grieta.org.mx\/index.php\/wp-json\/wp\/v2\/categories?post=49393"},{"taxonomy":"post_tag","embeddable":true,"href":"https:\/\/www.grieta.org.mx\/index.php\/wp-json\/wp\/v2\/tags?post=49393"}],"curies":[{"name":"wp","href":"https:\/\/api.w.org\/{rel}","templated":true}]}}