{"id":49372,"date":"2020-04-30T16:03:50","date_gmt":"2020-04-30T21:03:50","guid":{"rendered":"http:\/\/www.grieta.org.mx\/?p=49372"},"modified":"2020-05-16T16:13:58","modified_gmt":"2020-05-16T21:13:58","slug":"slim-se-queda-con-el-segundo-tramo-del-tren-maya","status":"publish","type":"post","link":"https:\/\/www.grieta.org.mx\/index.php\/2020\/04\/30\/slim-se-queda-con-el-segundo-tramo-del-tren-maya\/","title":{"rendered":"Slim se queda con el segundo tramo del Tren Maya"},"content":{"rendered":"<p><img loading=\"lazy\" decoding=\"async\" data-attachment-id=\"49373\" data-permalink=\"https:\/\/www.grieta.org.mx\/index.php\/2020\/04\/30\/slim-se-queda-con-el-segundo-tramo-del-tren-maya\/slim-se-queda-con-el-segundo-tramo-del-tren-maya\/\" data-orig-file=\"https:\/\/www.grieta.org.mx\/wp-content\/uploads\/2020\/05\/slim-se-queda-con-el-segundo-tramo-del-tren-maya-e1589663422836.jpg\" data-orig-size=\"800,480\" data-comments-opened=\"0\" data-image-meta=\"{&quot;aperture&quot;:&quot;0&quot;,&quot;credit&quot;:&quot;&quot;,&quot;camera&quot;:&quot;&quot;,&quot;caption&quot;:&quot;&quot;,&quot;created_timestamp&quot;:&quot;0&quot;,&quot;copyright&quot;:&quot;&quot;,&quot;focal_length&quot;:&quot;0&quot;,&quot;iso&quot;:&quot;0&quot;,&quot;shutter_speed&quot;:&quot;0&quot;,&quot;title&quot;:&quot;&quot;,&quot;orientation&quot;:&quot;0&quot;}\" data-image-title=\"slim-se-queda-con-el-segundo-tramo-del-tren-maya\" data-image-description=\"\" data-image-caption=\"\" data-medium-file=\"https:\/\/www.grieta.org.mx\/wp-content\/uploads\/2020\/05\/slim-se-queda-con-el-segundo-tramo-del-tren-maya-300x180.jpg\" data-large-file=\"https:\/\/www.grieta.org.mx\/wp-content\/uploads\/2020\/05\/slim-se-queda-con-el-segundo-tramo-del-tren-maya-1024x614.jpg\" src=\"http:\/\/www.grieta.org.mx\/wp-content\/uploads\/2020\/05\/slim-se-queda-con-el-segundo-tramo-del-tren-maya-e1589663422836.jpg\" alt=\"\" width=\"800\" height=\"480\" class=\"aligncenter size-full wp-image-49373\" \/><\/p>\n<p>Liz Cervantes \/ Sup News<\/p>\n<p>El consorcio conformado por las empresas constructoras de Carlos Slim CICSA y FCC resultaron las ganadoras de la licitaci\u00f3n del segundo tramo del Tren Maya, con una propuesta econ\u00f3mica de 18,553.7 millones de pesos.<\/p>\n<p>La licitaci\u00f3n adjudicar\u00e1 la elaboraci\u00f3n del proyecto ejecutivo del tramo de 235 kil\u00f3metros que va de Esc\u00e1rcega a Calkin\u00ed en el estado de Campeche. La licitaci\u00f3n incluye la elaboraci\u00f3n del proyecto ejecutivo, construcci\u00f3n de plataforma y v\u00edas f\u00e9rreas, suministro de materiales, vialidades, sistemas de drenaje, entre otros trabajos.<\/p>\n<p>La propuesta de Slim result\u00f3 ganadora de entre 15 consorcios tras obtener 94.06 de 100 puntos. La firma del contrato se realizar\u00e1 el 12 mayo tras lo cual recibir\u00e1 un anticipo del 20% del contrato equivalente a 1,661.5 millones de pesos<\/p>\n<p>Las empresas de grupo Carso han mostrado inter\u00e9s de estar en el proyecto desde el primer momento, pues han enviado propuestas econ\u00f3micas y t\u00e9cnicas para la construcci\u00f3n de los tres tramos que han iniciado proceso de adjudicaci\u00f3n.<\/p>\n<p>La propuesta no era la de menor costo, sin embargo, de acuerdo con el titular del Fondo Nacional de Fomento al Turismo (Fonatur), Rogelio Pons, el costo no es el \u00fanico que se eval\u00faa.<\/p>\n<p>\u201cEn la licitaci\u00f3n 1 hab\u00eda precios m\u00e1s bajos que la opci\u00f3n ganadora pero no demostraron tener capacidad t\u00e9cnica y tenemos que tener la certidumbre de que la propuesta no solo sea razonable econ\u00f3micamente sino que tenga capacidad t\u00e9cnica e institucional\u201d dijo Rogelio Jim\u00e9nez Pons en entrevista con EL CEO.<br \/>\nSigue avanzando<\/p>\n<p>Entre las cr\u00edticas que ha recibido el proyecto es que no ha detenido el proceso durante la contingencia por COVID-19. La recepci\u00f3n de documentos, y las lecturas de fallo como otros eventos se han realizado de manera presencial aunque con restricci\u00f3n de visitantes y a los funcionarios y representantes empresariales se les ve usando guantes y cubrebocas durante los eventos, pero el proyecto no se detiene.<\/p>\n<p>Durante mayo comenzar\u00e1 el proceso de construcci\u00f3n de los dos primeros tramos y ya se ha avanzado en la instalaci\u00f3n de \u201cfrentes\u201d en la zona, es decir campamentos para los trabajadores.<\/p>\n<p>\u201cSi est\u00e1s en cualquier ciudad grande los trabajadores llegan por medio del transporte p\u00fablico pero aqu\u00ed es distinto. Hemos tenido que hacer cada 10 kil\u00f3metros un frente que son los campamentos. Aqu\u00ed va empezar poca gente y ya como vaya avanzando se va incrementando poco a poco la actividad para que agarremos de bajada la pandemia y nosotros podamos para llegar oportunamente a la generaci\u00f3n de empleo necesario en toda la regi\u00f3n\u201d dijo Rogelio Jim\u00e9nez Pons en entrevista con EL CEO.<\/p>\n<p>Adem\u00e1s de eso se han tenido que detener otros procesos de compra como de las v\u00edas pues est\u00e1n esperando una recuperaci\u00f3n del precio del peso frente al d\u00f3lar para poder mantener en el rango de lo planeado el presupuesto.<\/p>\n<p><a href=\"https:\/\/sup.news\/es\/slim-se-queda-con-el-segundo-tramo-del-tren-maya\/\" rel=\"noopener noreferrer\" target=\"_blank\">https:\/\/sup.news\/es\/slim-se-queda-con-el-segundo-tramo-del-tren-maya\/<\/a><\/p>\n","protected":false},"excerpt":{"rendered":"<p>Liz Cervantes \/ Sup News El consorcio conformado por las empresas constructoras de Carlos Slim CICSA y FCC resultaron las ganadoras de la licitaci\u00f3n del segundo tramo del Tren Maya, &hellip; <a href=\"https:\/\/www.grieta.org.mx\/index.php\/2020\/04\/30\/slim-se-queda-con-el-segundo-tramo-del-tren-maya\/\" class=\"more-link\">Leer m\u00e1s<\/a><\/p>\n","protected":false},"author":2,"featured_media":49373,"comment_status":"closed","ping_status":"closed","sticky":false,"template":"","format":"standard","meta":{"ngg_post_thumbnail":0,"_jetpack_newsletter_access":"","_jetpack_dont_email_post_to_subs":false,"_jetpack_newsletter_tier_id":0,"_jetpack_memberships_contains_paywalled_content":false,"_jetpack_memberships_contains_paid_content":false,"footnotes":""},"categories":[11,80,3,922,926,944,952,2,28,1877,1875,1876,2026,36],"tags":[1878],"class_list":["post-49372","post","type-post","status-publish","format-standard","has-post-thumbnail","hentry","category-campeche","category-cintillo","category-megaproyectos","category-megaproyectos-estados","category-mp-campeche","category-mp-quintana-roo","category-mp-yucatan","category-noticias-nacionales","category-quintana-roo","category-resistencia-al-tren-maya-en-la-peninsula-de-yucatan-campeche","category-resistencia-al-tren-maya-en-la-peninsula-de-yucatan","category-resistencia-al-tren-maya-en-la-peninsula-de-yucatan-quintana-roo","category-tren-maya","category-yucatan","tag-tren-maya","entry"],"jetpack_featured_media_url":"https:\/\/www.grieta.org.mx\/wp-content\/uploads\/2020\/05\/slim-se-queda-con-el-segundo-tramo-del-tren-maya-e1589663422836.jpg","jetpack_sharing_enabled":true,"jetpack_shortlink":"https:\/\/wp.me\/p7ZJR4-cQk","jetpack_likes_enabled":false,"jetpack-related-posts":[{"id":47874,"url":"https:\/\/www.grieta.org.mx\/index.php\/2020\/04\/13\/las-vias-torcidas-del-tren-maya-video\/","url_meta":{"origin":49372,"position":0},"title":"Las v\u00edas torcidas del tren maya (Video)","author":"grieta","date":"13 abril, 2020","format":false,"excerpt":"https:\/\/www.youtube.com\/watch?v=k8FRX9eT0YY","rel":"","context":"En &quot;16. Pueblo Maya&quot;","block_context":{"text":"16. Pueblo Maya","link":"https:\/\/www.grieta.org.mx\/index.php\/category\/espejos-de-la-resistencia\/16-pueblo-maya\/"},"img":{"alt_text":"","src":"https:\/\/i0.wp.com\/www.grieta.org.mx\/wp-content\/uploads\/2020\/04\/ViasTorcidasTrenMaya.png?resize=350%2C200&ssl=1","width":350,"height":200,"srcset":"https:\/\/i0.wp.com\/www.grieta.org.mx\/wp-content\/uploads\/2020\/04\/ViasTorcidasTrenMaya.png?resize=350%2C200&ssl=1 1x, https:\/\/i0.wp.com\/www.grieta.org.mx\/wp-content\/uploads\/2020\/04\/ViasTorcidasTrenMaya.png?resize=525%2C300&ssl=1 1.5x, https:\/\/i0.wp.com\/www.grieta.org.mx\/wp-content\/uploads\/2020\/04\/ViasTorcidasTrenMaya.png?resize=700%2C400&ssl=1 2x"},"classes":[]},{"id":35945,"url":"https:\/\/www.grieta.org.mx\/index.php\/2019\/07\/05\/expansion-de-megaproyectos-en-la-peninsula-de-yucatan-video\/","url_meta":{"origin":49372,"position":1},"title":"Expansi\u00f3n de Megaproyectos en la Pen\u00ednsula de Yucat\u00e1n (Video)","author":"grieta","date":"5 julio, 2019","format":false,"excerpt":"https:\/\/youtu.be\/qLBARIAaBsI","rel":"","context":"En &quot;Campeche&quot;","block_context":{"text":"Campeche","link":"https:\/\/www.grieta.org.mx\/index.php\/category\/noticias-nacionales\/campeche\/"},"img":{"alt_text":"","src":"https:\/\/i0.wp.com\/img.youtube.com\/vi\/qLBARIAaBsI\/0.jpg?resize=350%2C200","width":350,"height":200},"classes":[]},{"id":66094,"url":"https:\/\/www.grieta.org.mx\/index.php\/2023\/01\/18\/tribunal-otorga-nueva-suspension-contra-las-obras-del-tramo-5-del-tren-maya\/","url_meta":{"origin":49372,"position":2},"title":"Tribunal otorga nueva suspensi\u00f3n contra las obras del Tramo 5 del Tren Maya","author":"grieta","date":"18 enero, 2023","format":false,"excerpt":"Octavio Mart\u00ednez \/ Revista Proceso Un Tribunal Colegiado otorg\u00f3 una suspensi\u00f3n provisional de amparo contra las obras del Tramo 5 del Tren Maya, con lo que deber\u00e1n detenerse los trabajos de desmonte en la ruta de Canc\u00fan a Tulum. CIUDAD DE M\u00c9XICO (apro).\u2013 Una suspensi\u00f3n provisional de amparo fue otorgada\u2026","rel":"","context":"En &quot;Campeche&quot;","block_context":{"text":"Campeche","link":"https:\/\/www.grieta.org.mx\/index.php\/category\/noticias-nacionales\/campeche\/"},"img":{"alt_text":"","src":"https:\/\/i0.wp.com\/www.grieta.org.mx\/wp-content\/uploads\/2023\/01\/TrenMayaAmparo-e1674338538762.jpg?resize=350%2C200&ssl=1","width":350,"height":200,"srcset":"https:\/\/i0.wp.com\/www.grieta.org.mx\/wp-content\/uploads\/2023\/01\/TrenMayaAmparo-e1674338538762.jpg?resize=350%2C200&ssl=1 1x, https:\/\/i0.wp.com\/www.grieta.org.mx\/wp-content\/uploads\/2023\/01\/TrenMayaAmparo-e1674338538762.jpg?resize=525%2C300&ssl=1 1.5x, https:\/\/i0.wp.com\/www.grieta.org.mx\/wp-content\/uploads\/2023\/01\/TrenMayaAmparo-e1674338538762.jpg?resize=700%2C400&ssl=1 2x"},"classes":[]},{"id":66827,"url":"https:\/\/www.grieta.org.mx\/index.php\/2023\/04\/17\/urge-atender-amparos-contra-el-tramo-5-del-tren-maya\/","url_meta":{"origin":49372,"position":3},"title":"Urge atender amparos contra el tramo 5 del Tren Maya","author":"grieta","date":"17 abril, 2023","format":false,"excerpt":"Itzel Chan \/ Haz Ruido Habitantes de Quintana Roo protestaron afuera de los juzgados federales en M\u00e9rida, pues aseguran que este megaproyecto pone en riesgo del recurso h\u00eddrico de la Pen\u00ednsula. M\u00e9rida, Yucat\u00e1n, 17 de abril de 2023.-Habitantes de Quintana Roo protestaron en las instalaciones del Poder Judicial de la\u2026","rel":"","context":"En &quot;Campeche&quot;","block_context":{"text":"Campeche","link":"https:\/\/www.grieta.org.mx\/index.php\/category\/noticias-nacionales\/campeche\/"},"img":{"alt_text":"","src":"https:\/\/i0.wp.com\/www.grieta.org.mx\/wp-content\/uploads\/2023\/04\/Amparos-e1681848902541.jpg?resize=350%2C200&ssl=1","width":350,"height":200,"srcset":"https:\/\/i0.wp.com\/www.grieta.org.mx\/wp-content\/uploads\/2023\/04\/Amparos-e1681848902541.jpg?resize=350%2C200&ssl=1 1x, https:\/\/i0.wp.com\/www.grieta.org.mx\/wp-content\/uploads\/2023\/04\/Amparos-e1681848902541.jpg?resize=525%2C300&ssl=1 1.5x, https:\/\/i0.wp.com\/www.grieta.org.mx\/wp-content\/uploads\/2023\/04\/Amparos-e1681848902541.jpg?resize=700%2C400&ssl=1 2x"},"classes":[]},{"id":67351,"url":"https:\/\/www.grieta.org.mx\/index.php\/2023\/08\/05\/paraliza-obras-de-tren-maya-quema-de-maquinaria-en-tramo-6-quintana-roo\/","url_meta":{"origin":49372,"position":4},"title":"Paraliza obras de Tren Maya quema de maquinaria en tramo 6 (Quintana Roo)","author":"grieta","date":"5 agosto, 2023","format":false,"excerpt":"antonio.hernandez.press \/ Quadrat\u00edn Quintana Roo OTH\u00d3N P. BLANCO, QRoo, 5 de agosto de 2023.- Cinco maquinarias pesadas fueron incendiadas en las obras del Tren Maya, en el frente seis del Tramo 6, muy cerca de la comunidad de Buenavista, supuestamente por parte de trabajadores inconformes por falta de pago. De\u2026","rel":"","context":"En &quot;CINTILLO&quot;","block_context":{"text":"CINTILLO","link":"https:\/\/www.grieta.org.mx\/index.php\/category\/cintillo\/"},"img":{"alt_text":"","src":"https:\/\/i0.wp.com\/www.grieta.org.mx\/wp-content\/uploads\/2023\/08\/Quema-e1691331646543.jpg?resize=350%2C200&ssl=1","width":350,"height":200,"srcset":"https:\/\/i0.wp.com\/www.grieta.org.mx\/wp-content\/uploads\/2023\/08\/Quema-e1691331646543.jpg?resize=350%2C200&ssl=1 1x, https:\/\/i0.wp.com\/www.grieta.org.mx\/wp-content\/uploads\/2023\/08\/Quema-e1691331646543.jpg?resize=525%2C300&ssl=1 1.5x, https:\/\/i0.wp.com\/www.grieta.org.mx\/wp-content\/uploads\/2023\/08\/Quema-e1691331646543.jpg?resize=700%2C400&ssl=1 2x"},"classes":[]},{"id":64433,"url":"https:\/\/www.grieta.org.mx\/index.php\/2022\/06\/09\/con-omisiones-e-imprecisiones-la-manifestacion-de-impacto-ambiental-para-el-tren-maya-ong\/","url_meta":{"origin":49372,"position":5},"title":"Con omisiones e imprecisiones, la Manifestaci\u00f3n de Impacto Ambiental para el Tren Maya: ONG","author":"grieta","date":"9 junio, 2022","format":false,"excerpt":"Proceso CIUDAD DE M\u00c9XICO (apro).\u2013 La Manifestaci\u00f3n de Impacto Ambiental (MIA) que el Fondo Nacional de Fomento al Turismo (Fonatur) elabor\u00f3 para reiniciar las obras del Tramo 5 Sur del Tren Maya tiene \u201cuna gran cantidad de omisiones e imprecisiones\u201d en informaci\u00f3n \u201cesencial\u201d para determinar los impactos ambientales del megaproyecto\u2026","rel":"","context":"En &quot;Campeche&quot;","block_context":{"text":"Campeche","link":"https:\/\/www.grieta.org.mx\/index.php\/category\/noticias-nacionales\/campeche\/"},"img":{"alt_text":"","src":"https:\/\/i0.wp.com\/www.grieta.org.mx\/wp-content\/uploads\/2022\/06\/MIATren-e1655851330619.png?resize=350%2C200&ssl=1","width":350,"height":200,"srcset":"https:\/\/i0.wp.com\/www.grieta.org.mx\/wp-content\/uploads\/2022\/06\/MIATren-e1655851330619.png?resize=350%2C200&ssl=1 1x, https:\/\/i0.wp.com\/www.grieta.org.mx\/wp-content\/uploads\/2022\/06\/MIATren-e1655851330619.png?resize=525%2C300&ssl=1 1.5x, https:\/\/i0.wp.com\/www.grieta.org.mx\/wp-content\/uploads\/2022\/06\/MIATren-e1655851330619.png?resize=700%2C400&ssl=1 2x"},"classes":[]}],"_links":{"self":[{"href":"https:\/\/www.grieta.org.mx\/index.php\/wp-json\/wp\/v2\/posts\/49372","targetHints":{"allow":["GET"]}}],"collection":[{"href":"https:\/\/www.grieta.org.mx\/index.php\/wp-json\/wp\/v2\/posts"}],"about":[{"href":"https:\/\/www.grieta.org.mx\/index.php\/wp-json\/wp\/v2\/types\/post"}],"author":[{"embeddable":true,"href":"https:\/\/www.grieta.org.mx\/index.php\/wp-json\/wp\/v2\/users\/2"}],"replies":[{"embeddable":true,"href":"https:\/\/www.grieta.org.mx\/index.php\/wp-json\/wp\/v2\/comments?post=49372"}],"version-history":[{"count":1,"href":"https:\/\/www.grieta.org.mx\/index.php\/wp-json\/wp\/v2\/posts\/49372\/revisions"}],"predecessor-version":[{"id":49374,"href":"https:\/\/www.grieta.org.mx\/index.php\/wp-json\/wp\/v2\/posts\/49372\/revisions\/49374"}],"wp:featuredmedia":[{"embeddable":true,"href":"https:\/\/www.grieta.org.mx\/index.php\/wp-json\/wp\/v2\/media\/49373"}],"wp:attachment":[{"href":"https:\/\/www.grieta.org.mx\/index.php\/wp-json\/wp\/v2\/media?parent=49372"}],"wp:term":[{"taxonomy":"category","embeddable":true,"href":"https:\/\/www.grieta.org.mx\/index.php\/wp-json\/wp\/v2\/categories?post=49372"},{"taxonomy":"post_tag","embeddable":true,"href":"https:\/\/www.grieta.org.mx\/index.php\/wp-json\/wp\/v2\/tags?post=49372"}],"curies":[{"name":"wp","href":"https:\/\/api.w.org\/{rel}","templated":true}]}}